{"id":112335,"date":"2018-05-10T12:06:19","date_gmt":"2018-05-10T19:06:19","guid":{"rendered":"http:\/\/www.cetys.mx\/noticias\/?p=112335"},"modified":"2018-05-15T17:37:57","modified_gmt":"2018-05-16T00:37:57","slug":"festejan-a-las-mamas-con-noche-romantica","status":"publish","type":"post","link":"https:\/\/www.cetys.mx\/noticias\/festejan-a-las-mamas-con-noche-romantica\/","title":{"rendered":"Festejan a las Mam\u00e1s con noche rom\u00e1ntica"},"content":{"rendered":"<p style=\"text-align: justify;\">Uno de los d\u00edas m\u00e1s importantes en nuestro calendario es sin duda el 10 de mayo, fecha en la que festejamos a las <strong>Mam\u00e1s<\/strong> que son un pilar de la familia y a quienes por supuesto, queremos y necesitamos con nosotros todos los d\u00edas.<\/p>\n<p style=\"text-align: justify;\">La <strong>Familia CETYS Universidad<\/strong> no dej\u00f3 pasar por alto esta celebraci\u00f3n y con un emotivo concierto de rondallas deleit\u00f3 a decenas de Mam\u00e1s con canciones rom\u00e1nticas interpretadas por la rondallas de CETYS Universidad e Instituto Villafontana.<\/p>\n<p style=\"text-align: justify;\">La <a href=\"https:\/\/www.cetys.mx\/noticias\/cetys-mi-maximo-lourdes-tabanico\/\"><strong>Sra. Lourdes Tabanico<\/strong><\/a>, auxiliar administrativo del departamento de Rector\u00eda en CETYS, fue una de las asistentes al concierto al que calific\u00f3 como un detalle muy bonito y un reconocimiento a todas las madres en la instituci\u00f3n.<\/p>\n<blockquote>\n<p style=\"text-align: justify;\"><img loading=\"lazy\" decoding=\"async\" class=\"alignnone size-full wp-image-112336\" src=\"https:\/\/www.cetys.mx\/noticias\/wp-content\/uploads\/2018\/05\/lulu.jpg\" alt=\"Mam\u00e1s\" width=\"1977\" height=\"1314\" srcset=\"https:\/\/www.cetys.mx\/noticias\/wp-content\/uploads\/2018\/05\/lulu.jpg 1977w, https:\/\/www.cetys.mx\/noticias\/wp-content\/uploads\/2018\/05\/lulu-768x510.jpg 768w\" sizes=\"auto, (max-width: 1977px) 100vw, 1977px\" \/>&#8220;Es un evento especial para nosotras, adem\u00e1s de que las rondallas son conformadas por los mismos alumnos de la instituci\u00f3n y algunas de las presentes son mam\u00e1s de los integrantes.\u00a0Los familiares de las rondallas, est\u00e1n motivados de ver a sus hijos, nietos o sobrinos en este d\u00eda tan especial para nosotros&#8221;, explic\u00f3.<\/p>\n<\/blockquote>\n<p style=\"text-align: justify;\">Lul\u00fa Tabanico tiene 40 a\u00f1os de antig\u00fcedad en CETYS y cuenta que fue a los 18 a\u00f1os que entr\u00f3 a trabajar en el Campus Mexicali; 12 a\u00f1os despu\u00e9s se volvi\u00f3 madre de Joel Villavicencio Tabanico quien ahora es egresado de <a href=\"https:\/\/www.cetys.mx\/noticias\/category\/preparatoria\/\">Preparatoria<\/a>; <a href=\"https:\/\/www.cetys.mx\/noticias\/category\/profesional\/\">Licenciatura en Administraci\u00f3n de Empresas<\/a>; <a href=\"https:\/\/www.cetys.mx\/noticias\/category\/posgrado\/\">Maestr\u00eda en Administraci\u00f3n (MBA)<\/a>; y del Diplomado en Ingl\u00e9s. &#8220;Me siento muy orgullosa de \u00e9l&#8221;, dijo Lul\u00fa.<\/p>\n","protected":false},"excerpt":{"rendered":"<p>Uno de los d\u00edas m\u00e1s importantes en nuestro calendario es sin duda el 10 de mayo, fecha en la que festejamos a&#8230;<\/p>\n","protected":false},"author":20,"featured_media":112337,"comment_status":"open","ping_status":"closed","sticky":false,"template":"","format":"standard","meta":{"footnotes":""},"categories":[133,323,125,240,313],"tags":[2386],"class_list":["post-112335","post","type-post","status-publish","format-standard","has-post-thumbnail","hentry","category-campus-mexicali","category-difusion-cultural","category-portada","category-recursos-humanos","category-vocetys-2","tag-vocetys-2018-05-16"],"yoast_head":"<!-- This site is optimized with the Yoast SEO plugin v27.4 - https:\/\/yoast.com\/product\/yoast-seo-wordpress\/ -->\n<title>Festejan a las Mam\u00e1s con noche rom\u00e1ntica - CETYS<\/title>\n<meta name=\"description\" content=\"Articulo sobre Festejan a las Mam\u00e1s con noche rom\u00e1ntica\" \/>\n<meta name=\"robots\" content=\"index, follow, max-snippet:-1, max-image-preview:large, max-video-preview:-1\" \/>\n<link rel=\"canonical\" href=\"https:\/\/www.cetys.mx\/noticias\/festejan-a-las-mamas-con-noche-romantica\/\" \/>\n<meta property=\"og:locale\" content=\"es_MX\" \/>\n<meta property=\"og:type\" content=\"article\" \/>\n<meta property=\"og:title\" content=\"Festejan a las Mam\u00e1s con noche rom\u00e1ntica - CETYS\" \/>\n<meta property=\"og:description\" content=\"Articulo sobre Festejan a las Mam\u00e1s con noche rom\u00e1ntica\" \/>\n<meta property=\"og:url\" content=\"https:\/\/www.cetys.mx\/noticias\/festejan-a-las-mamas-con-noche-romantica\/\" \/>\n<meta property=\"og:site_name\" content=\"CETYS\" \/>\n<meta property=\"article:publisher\" content=\"https:\/\/www.facebook.com\/cetysuniversidadmxl\/\" \/>\n<meta property=\"article:published_time\" content=\"2018-05-10T19:06:19+00:00\" \/>\n<meta property=\"article:modified_time\" content=\"2018-05-16T00:37:57+00:00\" \/>\n<meta property=\"og:image\" content=\"https:\/\/www.cetys.mx\/noticias\/wp-content\/uploads\/2018\/05\/portada-2.jpg\" \/>\n\t<meta property=\"og:image:width\" content=\"958\" \/>\n\t<meta property=\"og:image:height\" content=\"637\" \/>\n\t<meta property=\"og:image:type\" content=\"image\/jpeg\" \/>\n<meta name=\"author\" content=\"Campus Mexicali\" \/>\n<meta name=\"twitter:card\" content=\"summary_large_image\" \/>\n<meta name=\"twitter:creator\" content=\"@cetysuni\" \/>\n<meta name=\"twitter:site\" content=\"@cetysuni\" \/>\n<meta name=\"twitter:label1\" content=\"Escrito por\" \/>\n\t<meta name=\"twitter:data1\" content=\"Campus Mexicali\" \/>\n\t<meta name=\"twitter:label2\" content=\"Tiempo de lectura\" \/>\n\t<meta name=\"twitter:data2\" content=\"1 minuto\" \/>\n<script type=\"application\/ld+json\" class=\"yoast-schema-graph\">{\"@context\":\"https:\\\/\\\/schema.org\",\"@graph\":[{\"@type\":\"Article\",\"@id\":\"https:\\\/\\\/www.cetys.mx\\\/noticias\\\/festejan-a-las-mamas-con-noche-romantica\\\/#article\",\"isPartOf\":{\"@id\":\"https:\\\/\\\/www.cetys.mx\\\/noticias\\\/festejan-a-las-mamas-con-noche-romantica\\\/\"},\"author\":{\"name\":\"Campus Mexicali\",\"@id\":\"https:\\\/\\\/www.cetys.mx\\\/noticias\\\/#\\\/schema\\\/person\\\/79a95c4ac185f3705cf1b9c9340a5f70\"},\"headline\":\"Festejan a las Mam\u00e1s con noche rom\u00e1ntica\",\"datePublished\":\"2018-05-10T19:06:19+00:00\",\"dateModified\":\"2018-05-16T00:37:57+00:00\",\"mainEntityOfPage\":{\"@id\":\"https:\\\/\\\/www.cetys.mx\\\/noticias\\\/festejan-a-las-mamas-con-noche-romantica\\\/\"},\"wordCount\":261,\"commentCount\":0,\"image\":{\"@id\":\"https:\\\/\\\/www.cetys.mx\\\/noticias\\\/festejan-a-las-mamas-con-noche-romantica\\\/#primaryimage\"},\"thumbnailUrl\":\"https:\\\/\\\/www.cetys.mx\\\/noticias\\\/wp-content\\\/uploads\\\/2018\\\/05\\\/portada-2.jpg\",\"keywords\":[\"vocetys-2018-05-16\"],\"articleSection\":[\"Campus Mexicali\",\"Difusion cultural\",\"Portada\",\"Recursos Humanos\",\"VoCETYS\"],\"inLanguage\":\"es\",\"potentialAction\":[{\"@type\":\"CommentAction\",\"name\":\"Comment\",\"target\":[\"https:\\\/\\\/www.cetys.mx\\\/noticias\\\/festejan-a-las-mamas-con-noche-romantica\\\/#respond\"]}]},{\"@type\":\"WebPage\",\"@id\":\"https:\\\/\\\/www.cetys.mx\\\/noticias\\\/festejan-a-las-mamas-con-noche-romantica\\\/\",\"url\":\"https:\\\/\\\/www.cetys.mx\\\/noticias\\\/festejan-a-las-mamas-con-noche-romantica\\\/\",\"name\":\"Festejan a las Mam\u00e1s con noche rom\u00e1ntica - CETYS\",\"isPartOf\":{\"@id\":\"https:\\\/\\\/www.cetys.mx\\\/noticias\\\/#website\"},\"primaryImageOfPage\":{\"@id\":\"https:\\\/\\\/www.cetys.mx\\\/noticias\\\/festejan-a-las-mamas-con-noche-romantica\\\/#primaryimage\"},\"image\":{\"@id\":\"https:\\\/\\\/www.cetys.mx\\\/noticias\\\/festejan-a-las-mamas-con-noche-romantica\\\/#primaryimage\"},\"thumbnailUrl\":\"https:\\\/\\\/www.cetys.mx\\\/noticias\\\/wp-content\\\/uploads\\\/2018\\\/05\\\/portada-2.jpg\",\"datePublished\":\"2018-05-10T19:06:19+00:00\",\"dateModified\":\"2018-05-16T00:37:57+00:00\",\"author\":{\"@id\":\"https:\\\/\\\/www.cetys.mx\\\/noticias\\\/#\\\/schema\\\/person\\\/79a95c4ac185f3705cf1b9c9340a5f70\"},\"description\":\"Articulo sobre Festejan a las Mam\u00e1s con noche rom\u00e1ntica\",\"breadcrumb\":{\"@id\":\"https:\\\/\\\/www.cetys.mx\\\/noticias\\\/festejan-a-las-mamas-con-noche-romantica\\\/#breadcrumb\"},\"inLanguage\":\"es\",\"potentialAction\":[{\"@type\":\"ReadAction\",\"target\":[\"https:\\\/\\\/www.cetys.mx\\\/noticias\\\/festejan-a-las-mamas-con-noche-romantica\\\/\"]}]},{\"@type\":\"ImageObject\",\"inLanguage\":\"es\",\"@id\":\"https:\\\/\\\/www.cetys.mx\\\/noticias\\\/festejan-a-las-mamas-con-noche-romantica\\\/#primaryimage\",\"url\":\"https:\\\/\\\/www.cetys.mx\\\/noticias\\\/wp-content\\\/uploads\\\/2018\\\/05\\\/portada-2.jpg\",\"contentUrl\":\"https:\\\/\\\/www.cetys.mx\\\/noticias\\\/wp-content\\\/uploads\\\/2018\\\/05\\\/portada-2.jpg\",\"width\":958,\"height\":637,\"caption\":\"mam\u00e1s\"},{\"@type\":\"BreadcrumbList\",\"@id\":\"https:\\\/\\\/www.cetys.mx\\\/noticias\\\/festejan-a-las-mamas-con-noche-romantica\\\/#breadcrumb\",\"itemListElement\":[{\"@type\":\"ListItem\",\"position\":1,\"name\":\"Inicio\",\"item\":\"https:\\\/\\\/www.cetys.mx\\\/noticias\\\/\"},{\"@type\":\"ListItem\",\"position\":2,\"name\":\"Festejan a las Mam\u00e1s con noche rom\u00e1ntica\"}]},{\"@type\":\"WebSite\",\"@id\":\"https:\\\/\\\/www.cetys.mx\\\/noticias\\\/#website\",\"url\":\"https:\\\/\\\/www.cetys.mx\\\/noticias\\\/\",\"name\":\"CETYS\",\"description\":\"\",\"potentialAction\":[{\"@type\":\"SearchAction\",\"target\":{\"@type\":\"EntryPoint\",\"urlTemplate\":\"https:\\\/\\\/www.cetys.mx\\\/noticias\\\/?s={search_term_string}\"},\"query-input\":{\"@type\":\"PropertyValueSpecification\",\"valueRequired\":true,\"valueName\":\"search_term_string\"}}],\"inLanguage\":\"es\"},{\"@type\":\"Person\",\"@id\":\"https:\\\/\\\/www.cetys.mx\\\/noticias\\\/#\\\/schema\\\/person\\\/79a95c4ac185f3705cf1b9c9340a5f70\",\"name\":\"Campus Mexicali\",\"url\":\"https:\\\/\\\/www.cetys.mx\\\/noticias\\\/author\\\/campusmexicali\\\/\"}]}<\/script>\n<!-- \/ Yoast SEO plugin. -->","yoast_head_json":{"title":"Festejan a las Mam\u00e1s con noche rom\u00e1ntica - CETYS","description":"Articulo sobre Festejan a las Mam\u00e1s con noche rom\u00e1ntica","robots":{"index":"index","follow":"follow","max-snippet":"max-snippet:-1","max-image-preview":"max-image-preview:large","max-video-preview":"max-video-preview:-1"},"canonical":"https:\/\/www.cetys.mx\/noticias\/festejan-a-las-mamas-con-noche-romantica\/","og_locale":"es_MX","og_type":"article","og_title":"Festejan a las Mam\u00e1s con noche rom\u00e1ntica - CETYS","og_description":"Articulo sobre Festejan a las Mam\u00e1s con noche rom\u00e1ntica","og_url":"https:\/\/www.cetys.mx\/noticias\/festejan-a-las-mamas-con-noche-romantica\/","og_site_name":"CETYS","article_publisher":"https:\/\/www.facebook.com\/cetysuniversidadmxl\/","article_published_time":"2018-05-10T19:06:19+00:00","article_modified_time":"2018-05-16T00:37:57+00:00","og_image":[{"width":958,"height":637,"url":"https:\/\/www.cetys.mx\/noticias\/wp-content\/uploads\/2018\/05\/portada-2.jpg","type":"image\/jpeg"}],"author":"Campus Mexicali","twitter_card":"summary_large_image","twitter_creator":"@cetysuni","twitter_site":"@cetysuni","twitter_misc":{"Escrito por":"Campus Mexicali","Tiempo de lectura":"1 minuto"},"schema":{"@context":"https:\/\/schema.org","@graph":[{"@type":"Article","@id":"https:\/\/www.cetys.mx\/noticias\/festejan-a-las-mamas-con-noche-romantica\/#article","isPartOf":{"@id":"https:\/\/www.cetys.mx\/noticias\/festejan-a-las-mamas-con-noche-romantica\/"},"author":{"name":"Campus Mexicali","@id":"https:\/\/www.cetys.mx\/noticias\/#\/schema\/person\/79a95c4ac185f3705cf1b9c9340a5f70"},"headline":"Festejan a las Mam\u00e1s con noche rom\u00e1ntica","datePublished":"2018-05-10T19:06:19+00:00","dateModified":"2018-05-16T00:37:57+00:00","mainEntityOfPage":{"@id":"https:\/\/www.cetys.mx\/noticias\/festejan-a-las-mamas-con-noche-romantica\/"},"wordCount":261,"commentCount":0,"image":{"@id":"https:\/\/www.cetys.mx\/noticias\/festejan-a-las-mamas-con-noche-romantica\/#primaryimage"},"thumbnailUrl":"https:\/\/www.cetys.mx\/noticias\/wp-content\/uploads\/2018\/05\/portada-2.jpg","keywords":["vocetys-2018-05-16"],"articleSection":["Campus Mexicali","Difusion cultural","Portada","Recursos Humanos","VoCETYS"],"inLanguage":"es","potentialAction":[{"@type":"CommentAction","name":"Comment","target":["https:\/\/www.cetys.mx\/noticias\/festejan-a-las-mamas-con-noche-romantica\/#respond"]}]},{"@type":"WebPage","@id":"https:\/\/www.cetys.mx\/noticias\/festejan-a-las-mamas-con-noche-romantica\/","url":"https:\/\/www.cetys.mx\/noticias\/festejan-a-las-mamas-con-noche-romantica\/","name":"Festejan a las Mam\u00e1s con noche rom\u00e1ntica - CETYS","isPartOf":{"@id":"https:\/\/www.cetys.mx\/noticias\/#website"},"primaryImageOfPage":{"@id":"https:\/\/www.cetys.mx\/noticias\/festejan-a-las-mamas-con-noche-romantica\/#primaryimage"},"image":{"@id":"https:\/\/www.cetys.mx\/noticias\/festejan-a-las-mamas-con-noche-romantica\/#primaryimage"},"thumbnailUrl":"https:\/\/www.cetys.mx\/noticias\/wp-content\/uploads\/2018\/05\/portada-2.jpg","datePublished":"2018-05-10T19:06:19+00:00","dateModified":"2018-05-16T00:37:57+00:00","author":{"@id":"https:\/\/www.cetys.mx\/noticias\/#\/schema\/person\/79a95c4ac185f3705cf1b9c9340a5f70"},"description":"Articulo sobre Festejan a las Mam\u00e1s con noche rom\u00e1ntica","breadcrumb":{"@id":"https:\/\/www.cetys.mx\/noticias\/festejan-a-las-mamas-con-noche-romantica\/#breadcrumb"},"inLanguage":"es","potentialAction":[{"@type":"ReadAction","target":["https:\/\/www.cetys.mx\/noticias\/festejan-a-las-mamas-con-noche-romantica\/"]}]},{"@type":"ImageObject","inLanguage":"es","@id":"https:\/\/www.cetys.mx\/noticias\/festejan-a-las-mamas-con-noche-romantica\/#primaryimage","url":"https:\/\/www.cetys.mx\/noticias\/wp-content\/uploads\/2018\/05\/portada-2.jpg","contentUrl":"https:\/\/www.cetys.mx\/noticias\/wp-content\/uploads\/2018\/05\/portada-2.jpg","width":958,"height":637,"caption":"mam\u00e1s"},{"@type":"BreadcrumbList","@id":"https:\/\/www.cetys.mx\/noticias\/festejan-a-las-mamas-con-noche-romantica\/#breadcrumb","itemListElement":[{"@type":"ListItem","position":1,"name":"Inicio","item":"https:\/\/www.cetys.mx\/noticias\/"},{"@type":"ListItem","position":2,"name":"Festejan a las Mam\u00e1s con noche rom\u00e1ntica"}]},{"@type":"WebSite","@id":"https:\/\/www.cetys.mx\/noticias\/#website","url":"https:\/\/www.cetys.mx\/noticias\/","name":"CETYS","description":"","potentialAction":[{"@type":"SearchAction","target":{"@type":"EntryPoint","urlTemplate":"https:\/\/www.cetys.mx\/noticias\/?s={search_term_string}"},"query-input":{"@type":"PropertyValueSpecification","valueRequired":true,"valueName":"search_term_string"}}],"inLanguage":"es"},{"@type":"Person","@id":"https:\/\/www.cetys.mx\/noticias\/#\/schema\/person\/79a95c4ac185f3705cf1b9c9340a5f70","name":"Campus Mexicali","url":"https:\/\/www.cetys.mx\/noticias\/author\/campusmexicali\/"}]}},"_links":{"self":[{"href":"https:\/\/www.cetys.mx\/noticias\/wp-json\/wp\/v2\/posts\/112335","targetHints":{"allow":["GET"]}}],"collection":[{"href":"https:\/\/www.cetys.mx\/noticias\/wp-json\/wp\/v2\/posts"}],"about":[{"href":"https:\/\/www.cetys.mx\/noticias\/wp-json\/wp\/v2\/types\/post"}],"author":[{"embeddable":true,"href":"https:\/\/www.cetys.mx\/noticias\/wp-json\/wp\/v2\/users\/20"}],"replies":[{"embeddable":true,"href":"https:\/\/www.cetys.mx\/noticias\/wp-json\/wp\/v2\/comments?post=112335"}],"version-history":[{"count":0,"href":"https:\/\/www.cetys.mx\/noticias\/wp-json\/wp\/v2\/posts\/112335\/revisions"}],"wp:featuredmedia":[{"embeddable":true,"href":"https:\/\/www.cetys.mx\/noticias\/wp-json\/wp\/v2\/media\/112337"}],"wp:attachment":[{"href":"https:\/\/www.cetys.mx\/noticias\/wp-json\/wp\/v2\/media?parent=112335"}],"wp:term":[{"taxonomy":"category","embeddable":true,"href":"https:\/\/www.cetys.mx\/noticias\/wp-json\/wp\/v2\/categories?post=112335"},{"taxonomy":"post_tag","embeddable":true,"href":"https:\/\/www.cetys.mx\/noticias\/wp-json\/wp\/v2\/tags?post=112335"}],"curies":[{"name":"wp","href":"https:\/\/api.w.org\/{rel}","templated":true}]}}