{"id":112036,"date":"2018-05-07T17:04:49","date_gmt":"2018-05-08T00:04:49","guid":{"rendered":"http:\/\/www.cetys.mx\/noticias\/?p=112036"},"modified":"2018-05-07T17:29:11","modified_gmt":"2018-05-08T00:29:11","slug":"corroboran-relacion-entre-cerebro-y-musica","status":"publish","type":"post","link":"https:\/\/www.cetys.mx\/noticias\/corroboran-relacion-entre-cerebro-y-musica\/","title":{"rendered":"Corroboran relaci\u00f3n entre cerebro y m\u00fasica"},"content":{"rendered":"<p align=\"justify\">La <strong>Escuela de Psicolog\u00eda<\/strong> de <a href=\"https:\/\/www.cetys.mx\">CETYS Universidad Campus Tijuana<\/a> contin\u00faa trabajando a favor de la generaci\u00f3n y desarrollo del conocimiento en el \u00e1rea, principalmente en relaci\u00f3n al campo de la Neuropsicolog\u00eda, donde a t<a href=\"https:\/\/www.cetys.mx\/noticias\/expondran-relacion-cerebro-la-musica-y-cerebro\/\">rav\u00e9s de una serie de colaboraciones interdisciplinarias y experimentos han logrado corroborar lo marcado por la literatura cient\u00edfica<\/a>, uno de los m\u00e1s recientes sobre la relaci\u00f3n entre la m\u00fasica y el cerebro.<\/p>\n<div id=\"attachment_112045\" style=\"width: 968px\" class=\"wp-caption aligncenter\"><img loading=\"lazy\" decoding=\"async\" aria-describedby=\"caption-attachment-112045\" class=\"wp-image-112045 size-full\" src=\"https:\/\/www.cetys.mx\/noticias\/wp-content\/uploads\/2018\/05\/cetys_cerebromusica18-1.jpg\" alt=\"\" width=\"958\" height=\"637\" srcset=\"https:\/\/www.cetys.mx\/noticias\/wp-content\/uploads\/2018\/05\/cetys_cerebromusica18-1.jpg 958w, https:\/\/www.cetys.mx\/noticias\/wp-content\/uploads\/2018\/05\/cetys_cerebromusica18-1-768x511.jpg 768w\" sizes=\"auto, (max-width: 958px) 100vw, 958px\" \/><p id=\"caption-attachment-112045\" class=\"wp-caption-text\">La Dra. Marina Alvelais asegura que este tipo de esfuerzos tambi\u00e9n se centran en hacer conciencia sobre la importancia del estudio del cerebro.<\/p><\/div>\n<p align=\"justify\">De acuerdo con la<strong> Dra. Marina Alvelais Alarc\u00f3n<\/strong>, <em>Coordinadora a nivel Posgrado del \u00e1rea de Psicolog\u00eda<\/em>, la investigaci\u00f3n consisti\u00f3 en medir la actividad el\u00e9ctrica en el cerebro del <strong>Mtro. Andr\u00e9s Mart\u00edn<\/strong> (<em>Contrabajista de la Orquesta de Baja California<\/em>) con el apoyo de la <strong>Escuela de Ingenier\u00eda y el Centro de Artes Musicales (CAM)<\/strong>, en situaciones como: interpretando una obra con la orquesta, tocando como solista la misma pieza, escuchando m\u00fasica pregrabada y sonidos ambientales.<\/p>\n<blockquote>\n<p align=\"justify\">\u201cMientras que cualquiera de nuestros cerebros se activar\u00eda y tratar\u00eda de identificar las notas musicales, teniendo una activaci\u00f3n m\u00e1s prominente en otras regiones, para el cerebro de un experto en m\u00fasica esto significa una relajaci\u00f3n completa cuando empieza a interpretar su pieza\u201d, destac\u00f3 la acad\u00e9mica, logrando observar la activaci\u00f3n en la corteza temporal esperada a la escucha de la m\u00fasica.<\/p>\n<div id=\"attachment_112046\" style=\"width: 968px\" class=\"wp-caption aligncenter\"><img loading=\"lazy\" decoding=\"async\" aria-describedby=\"caption-attachment-112046\" class=\"wp-image-112046 size-full\" src=\"https:\/\/www.cetys.mx\/noticias\/wp-content\/uploads\/2018\/05\/cetys_cerebromusica18-2.jpg\" alt=\"\" width=\"958\" height=\"637\" srcset=\"https:\/\/www.cetys.mx\/noticias\/wp-content\/uploads\/2018\/05\/cetys_cerebromusica18-2.jpg 958w, https:\/\/www.cetys.mx\/noticias\/wp-content\/uploads\/2018\/05\/cetys_cerebromusica18-2-768x511.jpg 768w\" sizes=\"auto, (max-width: 958px) 100vw, 958px\" \/><p id=\"caption-attachment-112046\" class=\"wp-caption-text\">Con el apoyo de la Escuela de Ingenier\u00eda realizan investigaci\u00f3n interdisciplinaria con el objetivo de aportar al desarrollo cient\u00edfico en M\u00e9xico.<\/p><\/div><\/blockquote>\n<p align=\"justify\">Para la <strong>Dra. Alvelais Alarc\u00f3n<\/strong> e<em>ste tipo de esfuerzos tambi\u00e9n se centran en hacer conciencia sobre la importancia del estudio del cerebro, la experiencia musical y la relaci\u00f3n entre ambos<\/em>. As\u00ed como entender que el procesamiento cerebral de la m\u00fasica se conjuga, simult\u00e1neamente, comunicaci\u00f3n, cognici\u00f3n, emociones y movimiento, esto a su vez desencadena procesos biol\u00f3gicos que inciden a nivel an\u00edmico, estimulan recuerdos, brindan bienestar f\u00edsico, mental y emocional.<\/p>\n","protected":false},"excerpt":{"rendered":"<p>La Escuela de Psicolog\u00eda de CETYS Universidad Campus Tijuana contin\u00faa trabajando a favor de la generaci\u00f3n y desarrollo del conocimiento en el&#8230;<\/p>\n","protected":false},"author":24,"featured_media":112049,"comment_status":"open","ping_status":"closed","sticky":false,"template":"","format":"standard","meta":{"footnotes":""},"categories":[110,134,1766,125],"tags":[178,2368,629,179],"class_list":["post-112036","post","type-post","status-publish","format-standard","has-post-thumbnail","hentry","category-academia","category-campus-tijuana","category-innovacion","category-portada","tag-investigacion","tag-musica-y-cerebro","tag-neuropsicologia","tag-psicologia"],"yoast_head":"<!-- This site is optimized with the Yoast SEO plugin v27.4 - https:\/\/yoast.com\/product\/yoast-seo-wordpress\/ -->\n<title>Corroboran relaci\u00f3n entre cerebro y m\u00fasica - CETYS<\/title>\n<meta name=\"description\" content=\"A trav\u00e9s del Posgrado en Neuropsicolog\u00eda y la Escuela de Ingenier\u00eda, ambos de CETYS Tijuana, realizan investigaci\u00f3n interdisciplinaria con el objetivo de aportar al desarrollo cient\u00edfico en M\u00e9xico.\" \/>\n<meta name=\"robots\" content=\"index, follow, max-snippet:-1, max-image-preview:large, max-video-preview:-1\" \/>\n<link rel=\"canonical\" href=\"https:\/\/www.cetys.mx\/noticias\/corroboran-relacion-entre-cerebro-y-musica\/\" \/>\n<meta property=\"og:locale\" content=\"es_MX\" \/>\n<meta property=\"og:type\" content=\"article\" \/>\n<meta property=\"og:title\" content=\"Corroboran relaci\u00f3n entre cerebro y m\u00fasica - CETYS\" \/>\n<meta property=\"og:description\" content=\"A trav\u00e9s del Posgrado en Neuropsicolog\u00eda y la Escuela de Ingenier\u00eda, ambos de CETYS Tijuana, realizan investigaci\u00f3n interdisciplinaria con el objetivo de aportar al desarrollo cient\u00edfico en M\u00e9xico.\" \/>\n<meta property=\"og:url\" content=\"https:\/\/www.cetys.mx\/noticias\/corroboran-relacion-entre-cerebro-y-musica\/\" \/>\n<meta property=\"og:site_name\" content=\"CETYS\" \/>\n<meta property=\"article:publisher\" content=\"https:\/\/www.facebook.com\/cetysuniversidadmxl\/\" \/>\n<meta property=\"article:published_time\" content=\"2018-05-08T00:04:49+00:00\" \/>\n<meta property=\"article:modified_time\" content=\"2018-05-08T00:29:11+00:00\" \/>\n<meta property=\"og:image\" content=\"https:\/\/www.cetys.mx\/noticias\/wp-content\/uploads\/2018\/05\/cetys_ceremusica18-3.jpg\" \/>\n\t<meta property=\"og:image:width\" content=\"958\" \/>\n\t<meta property=\"og:image:height\" content=\"637\" \/>\n\t<meta property=\"og:image:type\" content=\"image\/jpeg\" \/>\n<meta name=\"author\" content=\"Campus Tijuana\" \/>\n<meta name=\"twitter:card\" content=\"summary_large_image\" \/>\n<meta name=\"twitter:creator\" content=\"@cetysuni\" \/>\n<meta name=\"twitter:site\" content=\"@cetysuni\" \/>\n<meta name=\"twitter:label1\" content=\"Escrito por\" \/>\n\t<meta name=\"twitter:data1\" content=\"Campus Tijuana\" \/>\n\t<meta name=\"twitter:label2\" content=\"Tiempo de lectura\" \/>\n\t<meta name=\"twitter:data2\" content=\"2 minutos\" \/>\n<script type=\"application\/ld+json\" class=\"yoast-schema-graph\">{\"@context\":\"https:\\\/\\\/schema.org\",\"@graph\":[{\"@type\":\"Article\",\"@id\":\"https:\\\/\\\/www.cetys.mx\\\/noticias\\\/corroboran-relacion-entre-cerebro-y-musica\\\/#article\",\"isPartOf\":{\"@id\":\"https:\\\/\\\/www.cetys.mx\\\/noticias\\\/corroboran-relacion-entre-cerebro-y-musica\\\/\"},\"author\":{\"name\":\"Campus Tijuana\",\"@id\":\"https:\\\/\\\/www.cetys.mx\\\/noticias\\\/#\\\/schema\\\/person\\\/e790051ce60e18ae47cfa87011c8653f\"},\"headline\":\"Corroboran relaci\u00f3n entre cerebro y m\u00fasica\",\"datePublished\":\"2018-05-08T00:04:49+00:00\",\"dateModified\":\"2018-05-08T00:29:11+00:00\",\"mainEntityOfPage\":{\"@id\":\"https:\\\/\\\/www.cetys.mx\\\/noticias\\\/corroboran-relacion-entre-cerebro-y-musica\\\/\"},\"wordCount\":375,\"commentCount\":0,\"image\":{\"@id\":\"https:\\\/\\\/www.cetys.mx\\\/noticias\\\/corroboran-relacion-entre-cerebro-y-musica\\\/#primaryimage\"},\"thumbnailUrl\":\"https:\\\/\\\/www.cetys.mx\\\/noticias\\\/wp-content\\\/uploads\\\/2018\\\/05\\\/cetys_ceremusica18-3.jpg\",\"keywords\":[\"investigaci\u00f3n\",\"M\u00fasica y cerebro\",\"Neuropsicolog\u00eda\",\"psicolog\u00eda\"],\"articleSection\":[\"Academia\",\"Campus Tijuana\",\"Innovaci\u00f3n\",\"Portada\"],\"inLanguage\":\"es\",\"potentialAction\":[{\"@type\":\"CommentAction\",\"name\":\"Comment\",\"target\":[\"https:\\\/\\\/www.cetys.mx\\\/noticias\\\/corroboran-relacion-entre-cerebro-y-musica\\\/#respond\"]}]},{\"@type\":\"WebPage\",\"@id\":\"https:\\\/\\\/www.cetys.mx\\\/noticias\\\/corroboran-relacion-entre-cerebro-y-musica\\\/\",\"url\":\"https:\\\/\\\/www.cetys.mx\\\/noticias\\\/corroboran-relacion-entre-cerebro-y-musica\\\/\",\"name\":\"Corroboran relaci\u00f3n entre cerebro y m\u00fasica - CETYS\",\"isPartOf\":{\"@id\":\"https:\\\/\\\/www.cetys.mx\\\/noticias\\\/#website\"},\"primaryImageOfPage\":{\"@id\":\"https:\\\/\\\/www.cetys.mx\\\/noticias\\\/corroboran-relacion-entre-cerebro-y-musica\\\/#primaryimage\"},\"image\":{\"@id\":\"https:\\\/\\\/www.cetys.mx\\\/noticias\\\/corroboran-relacion-entre-cerebro-y-musica\\\/#primaryimage\"},\"thumbnailUrl\":\"https:\\\/\\\/www.cetys.mx\\\/noticias\\\/wp-content\\\/uploads\\\/2018\\\/05\\\/cetys_ceremusica18-3.jpg\",\"datePublished\":\"2018-05-08T00:04:49+00:00\",\"dateModified\":\"2018-05-08T00:29:11+00:00\",\"author\":{\"@id\":\"https:\\\/\\\/www.cetys.mx\\\/noticias\\\/#\\\/schema\\\/person\\\/e790051ce60e18ae47cfa87011c8653f\"},\"description\":\"A trav\u00e9s del Posgrado en Neuropsicolog\u00eda y la Escuela de Ingenier\u00eda, ambos de CETYS Tijuana, realizan investigaci\u00f3n interdisciplinaria con el objetivo de aportar al desarrollo cient\u00edfico en M\u00e9xico.\",\"breadcrumb\":{\"@id\":\"https:\\\/\\\/www.cetys.mx\\\/noticias\\\/corroboran-relacion-entre-cerebro-y-musica\\\/#breadcrumb\"},\"inLanguage\":\"es\",\"potentialAction\":[{\"@type\":\"ReadAction\",\"target\":[\"https:\\\/\\\/www.cetys.mx\\\/noticias\\\/corroboran-relacion-entre-cerebro-y-musica\\\/\"]}]},{\"@type\":\"ImageObject\",\"inLanguage\":\"es\",\"@id\":\"https:\\\/\\\/www.cetys.mx\\\/noticias\\\/corroboran-relacion-entre-cerebro-y-musica\\\/#primaryimage\",\"url\":\"https:\\\/\\\/www.cetys.mx\\\/noticias\\\/wp-content\\\/uploads\\\/2018\\\/05\\\/cetys_ceremusica18-3.jpg\",\"contentUrl\":\"https:\\\/\\\/www.cetys.mx\\\/noticias\\\/wp-content\\\/uploads\\\/2018\\\/05\\\/cetys_ceremusica18-3.jpg\",\"width\":958,\"height\":637},{\"@type\":\"BreadcrumbList\",\"@id\":\"https:\\\/\\\/www.cetys.mx\\\/noticias\\\/corroboran-relacion-entre-cerebro-y-musica\\\/#breadcrumb\",\"itemListElement\":[{\"@type\":\"ListItem\",\"position\":1,\"name\":\"Inicio\",\"item\":\"https:\\\/\\\/www.cetys.mx\\\/noticias\\\/\"},{\"@type\":\"ListItem\",\"position\":2,\"name\":\"Corroboran relaci\u00f3n entre cerebro y m\u00fasica\"}]},{\"@type\":\"WebSite\",\"@id\":\"https:\\\/\\\/www.cetys.mx\\\/noticias\\\/#website\",\"url\":\"https:\\\/\\\/www.cetys.mx\\\/noticias\\\/\",\"name\":\"CETYS\",\"description\":\"\",\"potentialAction\":[{\"@type\":\"SearchAction\",\"target\":{\"@type\":\"EntryPoint\",\"urlTemplate\":\"https:\\\/\\\/www.cetys.mx\\\/noticias\\\/?s={search_term_string}\"},\"query-input\":{\"@type\":\"PropertyValueSpecification\",\"valueRequired\":true,\"valueName\":\"search_term_string\"}}],\"inLanguage\":\"es\"},{\"@type\":\"Person\",\"@id\":\"https:\\\/\\\/www.cetys.mx\\\/noticias\\\/#\\\/schema\\\/person\\\/e790051ce60e18ae47cfa87011c8653f\",\"name\":\"Campus Tijuana\",\"url\":\"https:\\\/\\\/www.cetys.mx\\\/noticias\\\/author\\\/campustijuana\\\/\"}]}<\/script>\n<!-- \/ Yoast SEO plugin. -->","yoast_head_json":{"title":"Corroboran relaci\u00f3n entre cerebro y m\u00fasica - CETYS","description":"A trav\u00e9s del Posgrado en Neuropsicolog\u00eda y la Escuela de Ingenier\u00eda, ambos de CETYS Tijuana, realizan investigaci\u00f3n interdisciplinaria con el objetivo de aportar al desarrollo cient\u00edfico en M\u00e9xico.","robots":{"index":"index","follow":"follow","max-snippet":"max-snippet:-1","max-image-preview":"max-image-preview:large","max-video-preview":"max-video-preview:-1"},"canonical":"https:\/\/www.cetys.mx\/noticias\/corroboran-relacion-entre-cerebro-y-musica\/","og_locale":"es_MX","og_type":"article","og_title":"Corroboran relaci\u00f3n entre cerebro y m\u00fasica - CETYS","og_description":"A trav\u00e9s del Posgrado en Neuropsicolog\u00eda y la Escuela de Ingenier\u00eda, ambos de CETYS Tijuana, realizan investigaci\u00f3n interdisciplinaria con el objetivo de aportar al desarrollo cient\u00edfico en M\u00e9xico.","og_url":"https:\/\/www.cetys.mx\/noticias\/corroboran-relacion-entre-cerebro-y-musica\/","og_site_name":"CETYS","article_publisher":"https:\/\/www.facebook.com\/cetysuniversidadmxl\/","article_published_time":"2018-05-08T00:04:49+00:00","article_modified_time":"2018-05-08T00:29:11+00:00","og_image":[{"width":958,"height":637,"url":"https:\/\/www.cetys.mx\/noticias\/wp-content\/uploads\/2018\/05\/cetys_ceremusica18-3.jpg","type":"image\/jpeg"}],"author":"Campus Tijuana","twitter_card":"summary_large_image","twitter_creator":"@cetysuni","twitter_site":"@cetysuni","twitter_misc":{"Escrito por":"Campus Tijuana","Tiempo de lectura":"2 minutos"},"schema":{"@context":"https:\/\/schema.org","@graph":[{"@type":"Article","@id":"https:\/\/www.cetys.mx\/noticias\/corroboran-relacion-entre-cerebro-y-musica\/#article","isPartOf":{"@id":"https:\/\/www.cetys.mx\/noticias\/corroboran-relacion-entre-cerebro-y-musica\/"},"author":{"name":"Campus Tijuana","@id":"https:\/\/www.cetys.mx\/noticias\/#\/schema\/person\/e790051ce60e18ae47cfa87011c8653f"},"headline":"Corroboran relaci\u00f3n entre cerebro y m\u00fasica","datePublished":"2018-05-08T00:04:49+00:00","dateModified":"2018-05-08T00:29:11+00:00","mainEntityOfPage":{"@id":"https:\/\/www.cetys.mx\/noticias\/corroboran-relacion-entre-cerebro-y-musica\/"},"wordCount":375,"commentCount":0,"image":{"@id":"https:\/\/www.cetys.mx\/noticias\/corroboran-relacion-entre-cerebro-y-musica\/#primaryimage"},"thumbnailUrl":"https:\/\/www.cetys.mx\/noticias\/wp-content\/uploads\/2018\/05\/cetys_ceremusica18-3.jpg","keywords":["investigaci\u00f3n","M\u00fasica y cerebro","Neuropsicolog\u00eda","psicolog\u00eda"],"articleSection":["Academia","Campus Tijuana","Innovaci\u00f3n","Portada"],"inLanguage":"es","potentialAction":[{"@type":"CommentAction","name":"Comment","target":["https:\/\/www.cetys.mx\/noticias\/corroboran-relacion-entre-cerebro-y-musica\/#respond"]}]},{"@type":"WebPage","@id":"https:\/\/www.cetys.mx\/noticias\/corroboran-relacion-entre-cerebro-y-musica\/","url":"https:\/\/www.cetys.mx\/noticias\/corroboran-relacion-entre-cerebro-y-musica\/","name":"Corroboran relaci\u00f3n entre cerebro y m\u00fasica - CETYS","isPartOf":{"@id":"https:\/\/www.cetys.mx\/noticias\/#website"},"primaryImageOfPage":{"@id":"https:\/\/www.cetys.mx\/noticias\/corroboran-relacion-entre-cerebro-y-musica\/#primaryimage"},"image":{"@id":"https:\/\/www.cetys.mx\/noticias\/corroboran-relacion-entre-cerebro-y-musica\/#primaryimage"},"thumbnailUrl":"https:\/\/www.cetys.mx\/noticias\/wp-content\/uploads\/2018\/05\/cetys_ceremusica18-3.jpg","datePublished":"2018-05-08T00:04:49+00:00","dateModified":"2018-05-08T00:29:11+00:00","author":{"@id":"https:\/\/www.cetys.mx\/noticias\/#\/schema\/person\/e790051ce60e18ae47cfa87011c8653f"},"description":"A trav\u00e9s del Posgrado en Neuropsicolog\u00eda y la Escuela de Ingenier\u00eda, ambos de CETYS Tijuana, realizan investigaci\u00f3n interdisciplinaria con el objetivo de aportar al desarrollo cient\u00edfico en M\u00e9xico.","breadcrumb":{"@id":"https:\/\/www.cetys.mx\/noticias\/corroboran-relacion-entre-cerebro-y-musica\/#breadcrumb"},"inLanguage":"es","potentialAction":[{"@type":"ReadAction","target":["https:\/\/www.cetys.mx\/noticias\/corroboran-relacion-entre-cerebro-y-musica\/"]}]},{"@type":"ImageObject","inLanguage":"es","@id":"https:\/\/www.cetys.mx\/noticias\/corroboran-relacion-entre-cerebro-y-musica\/#primaryimage","url":"https:\/\/www.cetys.mx\/noticias\/wp-content\/uploads\/2018\/05\/cetys_ceremusica18-3.jpg","contentUrl":"https:\/\/www.cetys.mx\/noticias\/wp-content\/uploads\/2018\/05\/cetys_ceremusica18-3.jpg","width":958,"height":637},{"@type":"BreadcrumbList","@id":"https:\/\/www.cetys.mx\/noticias\/corroboran-relacion-entre-cerebro-y-musica\/#breadcrumb","itemListElement":[{"@type":"ListItem","position":1,"name":"Inicio","item":"https:\/\/www.cetys.mx\/noticias\/"},{"@type":"ListItem","position":2,"name":"Corroboran relaci\u00f3n entre cerebro y m\u00fasica"}]},{"@type":"WebSite","@id":"https:\/\/www.cetys.mx\/noticias\/#website","url":"https:\/\/www.cetys.mx\/noticias\/","name":"CETYS","description":"","potentialAction":[{"@type":"SearchAction","target":{"@type":"EntryPoint","urlTemplate":"https:\/\/www.cetys.mx\/noticias\/?s={search_term_string}"},"query-input":{"@type":"PropertyValueSpecification","valueRequired":true,"valueName":"search_term_string"}}],"inLanguage":"es"},{"@type":"Person","@id":"https:\/\/www.cetys.mx\/noticias\/#\/schema\/person\/e790051ce60e18ae47cfa87011c8653f","name":"Campus Tijuana","url":"https:\/\/www.cetys.mx\/noticias\/author\/campustijuana\/"}]}},"_links":{"self":[{"href":"https:\/\/www.cetys.mx\/noticias\/wp-json\/wp\/v2\/posts\/112036","targetHints":{"allow":["GET"]}}],"collection":[{"href":"https:\/\/www.cetys.mx\/noticias\/wp-json\/wp\/v2\/posts"}],"about":[{"href":"https:\/\/www.cetys.mx\/noticias\/wp-json\/wp\/v2\/types\/post"}],"author":[{"embeddable":true,"href":"https:\/\/www.cetys.mx\/noticias\/wp-json\/wp\/v2\/users\/24"}],"replies":[{"embeddable":true,"href":"https:\/\/www.cetys.mx\/noticias\/wp-json\/wp\/v2\/comments?post=112036"}],"version-history":[{"count":0,"href":"https:\/\/www.cetys.mx\/noticias\/wp-json\/wp\/v2\/posts\/112036\/revisions"}],"wp:featuredmedia":[{"embeddable":true,"href":"https:\/\/www.cetys.mx\/noticias\/wp-json\/wp\/v2\/media\/112049"}],"wp:attachment":[{"href":"https:\/\/www.cetys.mx\/noticias\/wp-json\/wp\/v2\/media?parent=112036"}],"wp:term":[{"taxonomy":"category","embeddable":true,"href":"https:\/\/www.cetys.mx\/noticias\/wp-json\/wp\/v2\/categories?post=112036"},{"taxonomy":"post_tag","embeddable":true,"href":"https:\/\/www.cetys.mx\/noticias\/wp-json\/wp\/v2\/tags?post=112036"}],"curies":[{"name":"wp","href":"https:\/\/api.w.org\/{rel}","templated":true}]}}