{"id":112011,"date":"2018-04-30T09:23:28","date_gmt":"2018-04-30T16:23:28","guid":{"rendered":"http:\/\/www.cetys.mx\/noticias\/?p=112011"},"modified":"2018-05-08T10:10:39","modified_gmt":"2018-05-08T17:10:39","slug":"docente-participa-en-programa-de-intercambio-academico-internacional","status":"publish","type":"post","link":"https:\/\/www.cetys.mx\/noticias\/docente-participa-en-programa-de-intercambio-academico-internacional\/","title":{"rendered":"Participa en programa de intercambio acad\u00e9mico internacional"},"content":{"rendered":"<p>La Dra. Diana Woolfolk Ruiz, Directora de la Escuela de Administraci\u00f3n y Negocios de <a href=\"https:\/\/www.cetys.mx\">CETYS Universidad<\/a> Campus Internacional Ensenada, particip\u00f3 en un programa de intercambio acad\u00e9mico en la Eastern New Mexico University (ENMU), ubicada en el condado de Roosevelt, Nuevo M\u00e9xico, Estados Unidos.<\/p>\n<p>Con el objetivo de seguir impulsando la internacionalizaci\u00f3n y estrechar lazos de colaboraci\u00f3n entre CETYS y Eastern New Mexico University, este intercambio acad\u00e9mico busca identificar oportunidades de colaboraci\u00f3n con los diferentes colegios: Negocios, Artes, Ingenier\u00eda y Humanidades que brinden un alto nivel de competitividad, as\u00ed como una visi\u00f3n global y posicionamiento tanto a los alumnos como maestros del <a href=\"https:\/\/www.cetys.mx\">CETYS.<\/a><\/p>\n<blockquote>\n<div id=\"attachment_112012\" style=\"width: 392px\" class=\"wp-caption alignleft\"><img loading=\"lazy\" decoding=\"async\" aria-describedby=\"caption-attachment-112012\" class=\" wp-image-112012\" src=\"https:\/\/www.cetys.mx\/noticias\/wp-content\/uploads\/2018\/05\/IMG_8877.jpg\" alt=\"\" width=\"382\" height=\"286\" \/><p id=\"caption-attachment-112012\" class=\"wp-caption-text\">Dra. Diana Woolfolk en Eastern New Mexico University.<\/p><\/div><\/blockquote>\n<p>\u201cAdem\u00e1s de intensificar las actividades que se llevan a cabo a nivel internacional, gracias a esta visita, maestros de CETYS podr\u00e1n llevar a cabo actividades de investigaci\u00f3n conjuntas, compartir actividades entre las clases que imparten, y en el caso de nuestros alumnos, se abre la posibilidad de realizar pr\u00e1cticas profesionales (internships) en empresas de la localidad\u201d, comparti\u00f3 la Dra. Woolfolk.<\/p>\n<p>&nbsp;<\/p>\n<p>&nbsp;<\/p>\n<p>&nbsp;<\/p>\n<p>Dentro de las actividades programadas durante su visita en ENMU, la Dra. Diana\u00a0 imparti\u00f3 un par de conferencias: \u201cEntry into Mexico\u00b4s market\u201d y \u201cCultural differences among mexican and american workers\u201d; particip\u00f3 tambi\u00e9n como juez en una presentaci\u00f3n de proyectos de investigaci\u00f3n de estudiantes de licenciatura; tuvo reuniones con profesores de las diferentes \u00e1reas del conocimiento para explorar posibles colaboraciones a futuro; y promocion\u00f3 el \u201cInternational Summer Program 2018 entre alumnos y docentes, evento en el que han participado ya alumnos de ENMU.<\/p>\n<div id=\"attachment_112013\" style=\"width: 469px\" class=\"wp-caption aligncenter\"><img loading=\"lazy\" decoding=\"async\" aria-describedby=\"caption-attachment-112013\" class=\" wp-image-112013\" src=\"https:\/\/www.cetys.mx\/noticias\/wp-content\/uploads\/2018\/05\/IMG_8900.jpg\" alt=\"\" width=\"459\" height=\"343\" \/><p id=\"caption-attachment-112013\" class=\"wp-caption-text\">Dra. Diana Woolfoolk con miembros de Eastern New Mexico University.<\/p><\/div>\n<p>&nbsp;<\/p>\n","protected":false},"excerpt":{"rendered":"<p>La Dra. Diana Woolfolk Ruiz, Directora de la Escuela de Administraci\u00f3n y Negocios de CETYS Universidad Campus Internacional Ensenada, particip\u00f3 en un&#8230;<\/p>\n","protected":false},"author":23,"featured_media":112012,"comment_status":"open","ping_status":"closed","sticky":false,"template":"","format":"standard","meta":{"footnotes":""},"categories":[132,125,306,313],"tags":[2364,2369],"class_list":["post-112011","post","type-post","status-publish","format-standard","has-post-thumbnail","hentry","category-campus-ensenada","category-portada","category-profesional","category-vocetys-2","tag-eastern-new-mexico-university","tag-vocetys-2018-05-07"],"yoast_head":"<!-- This site is optimized with the Yoast SEO plugin v27.4 - https:\/\/yoast.com\/product\/yoast-seo-wordpress\/ -->\n<title>Participa en programa de intercambio acad\u00e9mico internacional - CETYS<\/title>\n<meta name=\"description\" content=\"Articulo sobre Participa en programa de intercambio acad\u00e9mico internacional\" \/>\n<meta name=\"robots\" content=\"index, follow, max-snippet:-1, max-image-preview:large, max-video-preview:-1\" \/>\n<link rel=\"canonical\" href=\"https:\/\/www.cetys.mx\/noticias\/docente-participa-en-programa-de-intercambio-academico-internacional\/\" \/>\n<meta property=\"og:locale\" content=\"es_MX\" \/>\n<meta property=\"og:type\" content=\"article\" \/>\n<meta property=\"og:title\" content=\"Participa en programa de intercambio acad\u00e9mico internacional - CETYS\" \/>\n<meta property=\"og:description\" content=\"Articulo sobre Participa en programa de intercambio acad\u00e9mico internacional\" \/>\n<meta property=\"og:url\" content=\"https:\/\/www.cetys.mx\/noticias\/docente-participa-en-programa-de-intercambio-academico-internacional\/\" \/>\n<meta property=\"og:site_name\" content=\"CETYS\" \/>\n<meta property=\"article:publisher\" content=\"https:\/\/www.facebook.com\/cetysuniversidadmxl\/\" \/>\n<meta property=\"article:published_time\" content=\"2018-04-30T16:23:28+00:00\" \/>\n<meta property=\"article:modified_time\" content=\"2018-05-08T17:10:39+00:00\" \/>\n<meta property=\"og:image\" content=\"https:\/\/www.cetys.mx\/noticias\/wp-content\/uploads\/2018\/05\/IMG_8877.jpg\" \/>\n\t<meta property=\"og:image:width\" content=\"392\" \/>\n\t<meta property=\"og:image:height\" content=\"294\" \/>\n\t<meta property=\"og:image:type\" content=\"image\/jpeg\" \/>\n<meta name=\"author\" content=\"Campus Ensenada\" \/>\n<meta name=\"twitter:card\" content=\"summary_large_image\" \/>\n<meta name=\"twitter:creator\" content=\"@cetysuni\" \/>\n<meta name=\"twitter:site\" content=\"@cetysuni\" \/>\n<meta name=\"twitter:label1\" content=\"Escrito por\" \/>\n\t<meta name=\"twitter:data1\" content=\"Campus Ensenada\" \/>\n\t<meta name=\"twitter:label2\" content=\"Tiempo de lectura\" \/>\n\t<meta name=\"twitter:data2\" content=\"1 minuto\" \/>\n<script type=\"application\/ld+json\" class=\"yoast-schema-graph\">{\"@context\":\"https:\\\/\\\/schema.org\",\"@graph\":[{\"@type\":\"Article\",\"@id\":\"https:\\\/\\\/www.cetys.mx\\\/noticias\\\/docente-participa-en-programa-de-intercambio-academico-internacional\\\/#article\",\"isPartOf\":{\"@id\":\"https:\\\/\\\/www.cetys.mx\\\/noticias\\\/docente-participa-en-programa-de-intercambio-academico-internacional\\\/\"},\"author\":{\"name\":\"Campus Ensenada\",\"@id\":\"https:\\\/\\\/www.cetys.mx\\\/noticias\\\/#\\\/schema\\\/person\\\/1a1a88c0b6586e66a2e9e88e07afc712\"},\"headline\":\"Participa en programa de intercambio acad\u00e9mico internacional\",\"datePublished\":\"2018-04-30T16:23:28+00:00\",\"dateModified\":\"2018-05-08T17:10:39+00:00\",\"mainEntityOfPage\":{\"@id\":\"https:\\\/\\\/www.cetys.mx\\\/noticias\\\/docente-participa-en-programa-de-intercambio-academico-internacional\\\/\"},\"wordCount\":304,\"commentCount\":0,\"image\":{\"@id\":\"https:\\\/\\\/www.cetys.mx\\\/noticias\\\/docente-participa-en-programa-de-intercambio-academico-internacional\\\/#primaryimage\"},\"thumbnailUrl\":\"https:\\\/\\\/www.cetys.mx\\\/noticias\\\/wp-content\\\/uploads\\\/2018\\\/05\\\/IMG_8877.jpg\",\"keywords\":[\"Eastern New M\u00e9xico University\",\"vocetys-2018-05-07\"],\"articleSection\":[\"Campus Ensenada\",\"Portada\",\"Profesional\",\"VoCETYS\"],\"inLanguage\":\"es\",\"potentialAction\":[{\"@type\":\"CommentAction\",\"name\":\"Comment\",\"target\":[\"https:\\\/\\\/www.cetys.mx\\\/noticias\\\/docente-participa-en-programa-de-intercambio-academico-internacional\\\/#respond\"]}]},{\"@type\":\"WebPage\",\"@id\":\"https:\\\/\\\/www.cetys.mx\\\/noticias\\\/docente-participa-en-programa-de-intercambio-academico-internacional\\\/\",\"url\":\"https:\\\/\\\/www.cetys.mx\\\/noticias\\\/docente-participa-en-programa-de-intercambio-academico-internacional\\\/\",\"name\":\"Participa en programa de intercambio acad\u00e9mico internacional - CETYS\",\"isPartOf\":{\"@id\":\"https:\\\/\\\/www.cetys.mx\\\/noticias\\\/#website\"},\"primaryImageOfPage\":{\"@id\":\"https:\\\/\\\/www.cetys.mx\\\/noticias\\\/docente-participa-en-programa-de-intercambio-academico-internacional\\\/#primaryimage\"},\"image\":{\"@id\":\"https:\\\/\\\/www.cetys.mx\\\/noticias\\\/docente-participa-en-programa-de-intercambio-academico-internacional\\\/#primaryimage\"},\"thumbnailUrl\":\"https:\\\/\\\/www.cetys.mx\\\/noticias\\\/wp-content\\\/uploads\\\/2018\\\/05\\\/IMG_8877.jpg\",\"datePublished\":\"2018-04-30T16:23:28+00:00\",\"dateModified\":\"2018-05-08T17:10:39+00:00\",\"author\":{\"@id\":\"https:\\\/\\\/www.cetys.mx\\\/noticias\\\/#\\\/schema\\\/person\\\/1a1a88c0b6586e66a2e9e88e07afc712\"},\"description\":\"Articulo sobre Participa en programa de intercambio acad\u00e9mico internacional\",\"breadcrumb\":{\"@id\":\"https:\\\/\\\/www.cetys.mx\\\/noticias\\\/docente-participa-en-programa-de-intercambio-academico-internacional\\\/#breadcrumb\"},\"inLanguage\":\"es\",\"potentialAction\":[{\"@type\":\"ReadAction\",\"target\":[\"https:\\\/\\\/www.cetys.mx\\\/noticias\\\/docente-participa-en-programa-de-intercambio-academico-internacional\\\/\"]}]},{\"@type\":\"ImageObject\",\"inLanguage\":\"es\",\"@id\":\"https:\\\/\\\/www.cetys.mx\\\/noticias\\\/docente-participa-en-programa-de-intercambio-academico-internacional\\\/#primaryimage\",\"url\":\"https:\\\/\\\/www.cetys.mx\\\/noticias\\\/wp-content\\\/uploads\\\/2018\\\/05\\\/IMG_8877.jpg\",\"contentUrl\":\"https:\\\/\\\/www.cetys.mx\\\/noticias\\\/wp-content\\\/uploads\\\/2018\\\/05\\\/IMG_8877.jpg\",\"width\":392,\"height\":294,\"caption\":\"Dra. Diana Woolfolk en Eastern New M\u00e9xico University.\"},{\"@type\":\"BreadcrumbList\",\"@id\":\"https:\\\/\\\/www.cetys.mx\\\/noticias\\\/docente-participa-en-programa-de-intercambio-academico-internacional\\\/#breadcrumb\",\"itemListElement\":[{\"@type\":\"ListItem\",\"position\":1,\"name\":\"Inicio\",\"item\":\"https:\\\/\\\/www.cetys.mx\\\/noticias\\\/\"},{\"@type\":\"ListItem\",\"position\":2,\"name\":\"Participa en programa de intercambio acad\u00e9mico internacional\"}]},{\"@type\":\"WebSite\",\"@id\":\"https:\\\/\\\/www.cetys.mx\\\/noticias\\\/#website\",\"url\":\"https:\\\/\\\/www.cetys.mx\\\/noticias\\\/\",\"name\":\"CETYS\",\"description\":\"\",\"potentialAction\":[{\"@type\":\"SearchAction\",\"target\":{\"@type\":\"EntryPoint\",\"urlTemplate\":\"https:\\\/\\\/www.cetys.mx\\\/noticias\\\/?s={search_term_string}\"},\"query-input\":{\"@type\":\"PropertyValueSpecification\",\"valueRequired\":true,\"valueName\":\"search_term_string\"}}],\"inLanguage\":\"es\"},{\"@type\":\"Person\",\"@id\":\"https:\\\/\\\/www.cetys.mx\\\/noticias\\\/#\\\/schema\\\/person\\\/1a1a88c0b6586e66a2e9e88e07afc712\",\"name\":\"Campus Ensenada\",\"url\":\"https:\\\/\\\/www.cetys.mx\\\/noticias\\\/author\\\/campusensenada\\\/\"}]}<\/script>\n<!-- \/ Yoast SEO plugin. -->","yoast_head_json":{"title":"Participa en programa de intercambio acad\u00e9mico internacional - CETYS","description":"Articulo sobre Participa en programa de intercambio acad\u00e9mico internacional","robots":{"index":"index","follow":"follow","max-snippet":"max-snippet:-1","max-image-preview":"max-image-preview:large","max-video-preview":"max-video-preview:-1"},"canonical":"https:\/\/www.cetys.mx\/noticias\/docente-participa-en-programa-de-intercambio-academico-internacional\/","og_locale":"es_MX","og_type":"article","og_title":"Participa en programa de intercambio acad\u00e9mico internacional - CETYS","og_description":"Articulo sobre Participa en programa de intercambio acad\u00e9mico internacional","og_url":"https:\/\/www.cetys.mx\/noticias\/docente-participa-en-programa-de-intercambio-academico-internacional\/","og_site_name":"CETYS","article_publisher":"https:\/\/www.facebook.com\/cetysuniversidadmxl\/","article_published_time":"2018-04-30T16:23:28+00:00","article_modified_time":"2018-05-08T17:10:39+00:00","og_image":[{"width":392,"height":294,"url":"https:\/\/www.cetys.mx\/noticias\/wp-content\/uploads\/2018\/05\/IMG_8877.jpg","type":"image\/jpeg"}],"author":"Campus Ensenada","twitter_card":"summary_large_image","twitter_creator":"@cetysuni","twitter_site":"@cetysuni","twitter_misc":{"Escrito por":"Campus Ensenada","Tiempo de lectura":"1 minuto"},"schema":{"@context":"https:\/\/schema.org","@graph":[{"@type":"Article","@id":"https:\/\/www.cetys.mx\/noticias\/docente-participa-en-programa-de-intercambio-academico-internacional\/#article","isPartOf":{"@id":"https:\/\/www.cetys.mx\/noticias\/docente-participa-en-programa-de-intercambio-academico-internacional\/"},"author":{"name":"Campus Ensenada","@id":"https:\/\/www.cetys.mx\/noticias\/#\/schema\/person\/1a1a88c0b6586e66a2e9e88e07afc712"},"headline":"Participa en programa de intercambio acad\u00e9mico internacional","datePublished":"2018-04-30T16:23:28+00:00","dateModified":"2018-05-08T17:10:39+00:00","mainEntityOfPage":{"@id":"https:\/\/www.cetys.mx\/noticias\/docente-participa-en-programa-de-intercambio-academico-internacional\/"},"wordCount":304,"commentCount":0,"image":{"@id":"https:\/\/www.cetys.mx\/noticias\/docente-participa-en-programa-de-intercambio-academico-internacional\/#primaryimage"},"thumbnailUrl":"https:\/\/www.cetys.mx\/noticias\/wp-content\/uploads\/2018\/05\/IMG_8877.jpg","keywords":["Eastern New M\u00e9xico University","vocetys-2018-05-07"],"articleSection":["Campus Ensenada","Portada","Profesional","VoCETYS"],"inLanguage":"es","potentialAction":[{"@type":"CommentAction","name":"Comment","target":["https:\/\/www.cetys.mx\/noticias\/docente-participa-en-programa-de-intercambio-academico-internacional\/#respond"]}]},{"@type":"WebPage","@id":"https:\/\/www.cetys.mx\/noticias\/docente-participa-en-programa-de-intercambio-academico-internacional\/","url":"https:\/\/www.cetys.mx\/noticias\/docente-participa-en-programa-de-intercambio-academico-internacional\/","name":"Participa en programa de intercambio acad\u00e9mico internacional - CETYS","isPartOf":{"@id":"https:\/\/www.cetys.mx\/noticias\/#website"},"primaryImageOfPage":{"@id":"https:\/\/www.cetys.mx\/noticias\/docente-participa-en-programa-de-intercambio-academico-internacional\/#primaryimage"},"image":{"@id":"https:\/\/www.cetys.mx\/noticias\/docente-participa-en-programa-de-intercambio-academico-internacional\/#primaryimage"},"thumbnailUrl":"https:\/\/www.cetys.mx\/noticias\/wp-content\/uploads\/2018\/05\/IMG_8877.jpg","datePublished":"2018-04-30T16:23:28+00:00","dateModified":"2018-05-08T17:10:39+00:00","author":{"@id":"https:\/\/www.cetys.mx\/noticias\/#\/schema\/person\/1a1a88c0b6586e66a2e9e88e07afc712"},"description":"Articulo sobre Participa en programa de intercambio acad\u00e9mico internacional","breadcrumb":{"@id":"https:\/\/www.cetys.mx\/noticias\/docente-participa-en-programa-de-intercambio-academico-internacional\/#breadcrumb"},"inLanguage":"es","potentialAction":[{"@type":"ReadAction","target":["https:\/\/www.cetys.mx\/noticias\/docente-participa-en-programa-de-intercambio-academico-internacional\/"]}]},{"@type":"ImageObject","inLanguage":"es","@id":"https:\/\/www.cetys.mx\/noticias\/docente-participa-en-programa-de-intercambio-academico-internacional\/#primaryimage","url":"https:\/\/www.cetys.mx\/noticias\/wp-content\/uploads\/2018\/05\/IMG_8877.jpg","contentUrl":"https:\/\/www.cetys.mx\/noticias\/wp-content\/uploads\/2018\/05\/IMG_8877.jpg","width":392,"height":294,"caption":"Dra. Diana Woolfolk en Eastern New M\u00e9xico University."},{"@type":"BreadcrumbList","@id":"https:\/\/www.cetys.mx\/noticias\/docente-participa-en-programa-de-intercambio-academico-internacional\/#breadcrumb","itemListElement":[{"@type":"ListItem","position":1,"name":"Inicio","item":"https:\/\/www.cetys.mx\/noticias\/"},{"@type":"ListItem","position":2,"name":"Participa en programa de intercambio acad\u00e9mico internacional"}]},{"@type":"WebSite","@id":"https:\/\/www.cetys.mx\/noticias\/#website","url":"https:\/\/www.cetys.mx\/noticias\/","name":"CETYS","description":"","potentialAction":[{"@type":"SearchAction","target":{"@type":"EntryPoint","urlTemplate":"https:\/\/www.cetys.mx\/noticias\/?s={search_term_string}"},"query-input":{"@type":"PropertyValueSpecification","valueRequired":true,"valueName":"search_term_string"}}],"inLanguage":"es"},{"@type":"Person","@id":"https:\/\/www.cetys.mx\/noticias\/#\/schema\/person\/1a1a88c0b6586e66a2e9e88e07afc712","name":"Campus Ensenada","url":"https:\/\/www.cetys.mx\/noticias\/author\/campusensenada\/"}]}},"_links":{"self":[{"href":"https:\/\/www.cetys.mx\/noticias\/wp-json\/wp\/v2\/posts\/112011","targetHints":{"allow":["GET"]}}],"collection":[{"href":"https:\/\/www.cetys.mx\/noticias\/wp-json\/wp\/v2\/posts"}],"about":[{"href":"https:\/\/www.cetys.mx\/noticias\/wp-json\/wp\/v2\/types\/post"}],"author":[{"embeddable":true,"href":"https:\/\/www.cetys.mx\/noticias\/wp-json\/wp\/v2\/users\/23"}],"replies":[{"embeddable":true,"href":"https:\/\/www.cetys.mx\/noticias\/wp-json\/wp\/v2\/comments?post=112011"}],"version-history":[{"count":0,"href":"https:\/\/www.cetys.mx\/noticias\/wp-json\/wp\/v2\/posts\/112011\/revisions"}],"wp:featuredmedia":[{"embeddable":true,"href":"https:\/\/www.cetys.mx\/noticias\/wp-json\/wp\/v2\/media\/112012"}],"wp:attachment":[{"href":"https:\/\/www.cetys.mx\/noticias\/wp-json\/wp\/v2\/media?parent=112011"}],"wp:term":[{"taxonomy":"category","embeddable":true,"href":"https:\/\/www.cetys.mx\/noticias\/wp-json\/wp\/v2\/categories?post=112011"},{"taxonomy":"post_tag","embeddable":true,"href":"https:\/\/www.cetys.mx\/noticias\/wp-json\/wp\/v2\/tags?post=112011"}],"curies":[{"name":"wp","href":"https:\/\/api.w.org\/{rel}","templated":true}]}}