{"id":110973,"date":"2018-04-10T20:01:54","date_gmt":"2018-04-11T03:01:54","guid":{"rendered":"http:\/\/www.cetys.mx\/noticias\/?p=110973"},"modified":"2018-04-10T20:01:54","modified_gmt":"2018-04-11T03:01:54","slug":"cetys-teccem-delantera-final4","status":"publish","type":"post","link":"https:\/\/www.cetys.mx\/noticias\/cetys-teccem-delantera-final4\/","title":{"rendered":"CETYS y Tec CEM toman delantera en el Final Four de Voleibol"},"content":{"rendered":"<p><strong>TIJUANA, B.C.-<\/strong> Ha comenzado el \u201c<strong>Final Four\u201d de la Conferencia Nacional de Voleibol Masculino CONADEIP<\/strong> y el equipo de <strong>CETYS Universidad<\/strong> consigui\u00f3 su primera victoria en el <strong>Gimnasio-Auditorio \u201cRodrigo Valle Hern\u00e1ndez\u201d<\/strong>.<\/p>\n<blockquote><p>Los <strong>Zorros<\/strong> derrotaron a Borregos del Tec Monterrey Campus Quer\u00e9taro por 3-1 (25-16, 25-15, 23-25, 25-21). Punto clave fue tomar control del partido en el primer par de sets, pues se sab\u00eda que la sexteta queretana reaccionar\u00eda con fuerza para tratar de revertir su situaci\u00f3n.<\/p><\/blockquote>\n<p><strong>Yasutaka Sanay<\/strong>, <strong>Mauro Isaac Fuentes<\/strong>, <strong>Franky Hern\u00e1ndez<\/strong> y <strong>Christian Ventura<\/strong> sobresalieron por la escuadra que dirige <strong>\u00d3scar Licea<\/strong>; por los visitantes que gu\u00eda Jos\u00e9 N\u00fa\u00f1ez se vale mencionar a Alejandro Moraila, Fernando Maga\u00f1a, Diego Morales y Luis Mario Ruiz.<\/p>\n<p>Antes de este partido se realiz\u00f3 la <strong>Ceremonia Inaugural<\/strong> donde desfilaron los cuatro equipos participantes, mientras eran observados por integrantes del presidium y aficionados en las tribunas.<\/p>\n<div id=\"attachment_110976\" style=\"width: 966px\" class=\"wp-caption alignnone\"><img loading=\"lazy\" decoding=\"async\" aria-describedby=\"caption-attachment-110976\" class=\"size-full wp-image-110976\" src=\"https:\/\/www.cetys.mx\/noticias\/wp-content\/uploads\/2018\/04\/30171053_1637426639708412_6618205323064791516_o-e1523415347642.jpg\" alt=\"\" width=\"956\" height=\"637\" \/><p id=\"caption-attachment-110976\" class=\"wp-caption-text\">Zorros se defendieron bien ante la escuadra queretana.<\/p><\/div>\n<p><strong>SORPRENDEN A UDLAP EN SU PRIMER PARTIDO<\/strong><\/p>\n<p>Contra el pron\u00f3stico, Borregos del Tec Campus Estado de M\u00e9xico derrotaron en cuatro sets (25-21, 20-25, 25-21, 25-20) a Aztecas de la UDLAP y se ponen en la pelea por el t\u00edtulo nacional, teniendo ahora la oportunidad de formar su rumbo si vencen ahora a <strong>CETYS Universidad<\/strong>.<\/p>\n<p>Gil S\u00e1nchez destac\u00f3 notablemente por la escuadra mexiquense y fue apoyado por las labores de Rolando Santib\u00e1\u00f1ez, Francisco Olvera y Javier Melo; por los de Puebla se vale mencionar a Yelko Garc\u00eda, Miguel Torio y Enrique Ugalde.<\/p>\n<div id=\"attachment_110975\" style=\"width: 966px\" class=\"wp-caption alignnone\"><img loading=\"lazy\" decoding=\"async\" aria-describedby=\"caption-attachment-110975\" class=\"size-full wp-image-110975\" src=\"https:\/\/www.cetys.mx\/noticias\/wp-content\/uploads\/2018\/04\/30167766_1637496176368125_4090691749195269949_o-e1523415230902.jpg\" alt=\"\" width=\"956\" height=\"637\" \/><p id=\"caption-attachment-110975\" class=\"wp-caption-text\">Buen encuentro entre UDLAP y Tec CEM.<\/p><\/div>\n<p><strong>M\u00c1S PARTIDOS PARA ESTE MI\u00c9RCOLES<\/strong><\/p>\n<p><strong>Zorros<\/strong> y Borregos CEM disputar\u00e1n el liderato del \u201c<strong>Final Four 2018<\/strong>\u201d este 11 de abril a las 9:30 horas, para luego dar paso al duelo por sobrevivir entre Aztecas y Borregos Quer\u00e9taro a las 11:30. La entrada al p\u00fablico es totalmente gratuita.<\/p>\n<p>Ambos compromisos ser\u00e1n transmitidos v\u00eda Internet: por Facebook en \u201c<a href=\"https:\/\/www.facebook.com\/DeportesCETYSTij\/\">Deportes CETYS Tijuana<\/a>&#8221; y en YouTube por Canal \u201c<a href=\"https:\/\/www.youtube.com\/user\/cetysuniversidad\">CETYS Universidad<\/a>\u201d.<\/p>\n<div id=\"attachment_110974\" style=\"width: 966px\" class=\"wp-caption alignnone\"><img loading=\"lazy\" decoding=\"async\" aria-describedby=\"caption-attachment-110974\" class=\"size-full wp-image-110974\" src=\"https:\/\/www.cetys.mx\/noticias\/wp-content\/uploads\/2018\/04\/30052230_1637332663051143_4298112576847539466_o-e1523415103618.jpg\" alt=\"\" width=\"956\" height=\"637\" \/><p id=\"caption-attachment-110974\" class=\"wp-caption-text\">Concurrida Ceremonia Inaugural en el Gimnasio-Auditorio &#8220;Rodrigo Valle Hern\u00e1ndez&#8221;.<\/p><\/div>\n","protected":false},"excerpt":{"rendered":"<p>TIJUANA, B.C.- Ha comenzado el \u201cFinal Four\u201d de la Conferencia Nacional de Voleibol Masculino CONADEIP y el equipo de CETYS Universidad consigui\u00f3&#8230;<\/p>\n","protected":false},"author":26,"featured_media":110977,"comment_status":"open","ping_status":"closed","sticky":false,"template":"","format":"standard","meta":{"footnotes":""},"categories":[312,131,209,105,313],"tags":[984,1020,233,2299,721,658],"class_list":["post-110973","post","type-post","status-publish","format-standard","has-post-thumbnail","hentry","category-deportes","category-eventos","category-institucional","category-vida-estudiantil","category-vocetys-2","tag-orgullocetys","tag-conadeip","tag-deportes","tag-final-four-2018","tag-vida-estudiantil","tag-voleibol","univesidades-cetys","univesidades-itesm-cem","univesidades-itesm-queretaro","univesidades-udlap"],"yoast_head":"<!-- This site is optimized with the Yoast SEO plugin v27.4 - https:\/\/yoast.com\/product\/yoast-seo-wordpress\/ -->\n<title>CETYS y Tec CEM toman delantera en el Final Four de Voleibol - CETYS<\/title>\n<meta name=\"description\" content=\"Articulo sobre CETYS y Tec CEM toman delantera en el Final Four de Voleibol\" \/>\n<meta name=\"robots\" content=\"index, follow, max-snippet:-1, max-image-preview:large, max-video-preview:-1\" \/>\n<link rel=\"canonical\" href=\"https:\/\/www.cetys.mx\/noticias\/cetys-teccem-delantera-final4\/\" \/>\n<meta property=\"og:locale\" content=\"es_MX\" \/>\n<meta property=\"og:type\" content=\"article\" \/>\n<meta property=\"og:title\" content=\"CETYS y Tec CEM toman delantera en el Final Four de Voleibol - CETYS\" \/>\n<meta property=\"og:description\" content=\"Articulo sobre CETYS y Tec CEM toman delantera en el Final Four de Voleibol\" \/>\n<meta property=\"og:url\" content=\"https:\/\/www.cetys.mx\/noticias\/cetys-teccem-delantera-final4\/\" \/>\n<meta property=\"og:site_name\" content=\"CETYS\" \/>\n<meta property=\"article:publisher\" content=\"https:\/\/www.facebook.com\/cetysuniversidadmxl\/\" \/>\n<meta property=\"article:published_time\" content=\"2018-04-11T03:01:54+00:00\" \/>\n<meta property=\"og:image\" content=\"https:\/\/www.cetys.mx\/noticias\/wp-content\/uploads\/2018\/04\/29983755_1637426903041719_2535988722380146394_o-e1523415641988.jpg\" \/>\n\t<meta property=\"og:image:width\" content=\"956\" \/>\n\t<meta property=\"og:image:height\" content=\"637\" \/>\n\t<meta property=\"og:image:type\" content=\"image\/jpeg\" \/>\n<meta name=\"author\" content=\"CETYS Institucional\" \/>\n<meta name=\"twitter:card\" content=\"summary_large_image\" \/>\n<meta name=\"twitter:creator\" content=\"@cetysuni\" \/>\n<meta name=\"twitter:site\" content=\"@cetysuni\" \/>\n<meta name=\"twitter:label1\" content=\"Escrito por\" \/>\n\t<meta name=\"twitter:data1\" content=\"CETYS Institucional\" \/>\n\t<meta name=\"twitter:label2\" content=\"Tiempo de lectura\" \/>\n\t<meta name=\"twitter:data2\" content=\"2 minutos\" \/>\n<script type=\"application\/ld+json\" class=\"yoast-schema-graph\">{\"@context\":\"https:\\\/\\\/schema.org\",\"@graph\":[{\"@type\":\"Article\",\"@id\":\"https:\\\/\\\/www.cetys.mx\\\/noticias\\\/cetys-teccem-delantera-final4\\\/#article\",\"isPartOf\":{\"@id\":\"https:\\\/\\\/www.cetys.mx\\\/noticias\\\/cetys-teccem-delantera-final4\\\/\"},\"author\":{\"name\":\"CETYS Institucional\",\"@id\":\"https:\\\/\\\/www.cetys.mx\\\/noticias\\\/#\\\/schema\\\/person\\\/e9d2b35265b64aa454df57a2828eb2ac\"},\"headline\":\"CETYS y Tec CEM toman delantera en el Final Four de Voleibol\",\"datePublished\":\"2018-04-11T03:01:54+00:00\",\"mainEntityOfPage\":{\"@id\":\"https:\\\/\\\/www.cetys.mx\\\/noticias\\\/cetys-teccem-delantera-final4\\\/\"},\"wordCount\":377,\"commentCount\":0,\"image\":{\"@id\":\"https:\\\/\\\/www.cetys.mx\\\/noticias\\\/cetys-teccem-delantera-final4\\\/#primaryimage\"},\"thumbnailUrl\":\"https:\\\/\\\/www.cetys.mx\\\/noticias\\\/wp-content\\\/uploads\\\/2018\\\/04\\\/29983755_1637426903041719_2535988722380146394_o-e1523415641988.jpg\",\"keywords\":[\"#orgulloCETYS\",\"CONADEIP\",\"Deportes\",\"Final Four 2018\",\"Vida Estudiantil\",\"voleibol\"],\"articleSection\":[\"Deportes\",\"Eventos\",\"Institucional\",\"Vida Estudiantil\",\"VoCETYS\"],\"inLanguage\":\"es\",\"potentialAction\":[{\"@type\":\"CommentAction\",\"name\":\"Comment\",\"target\":[\"https:\\\/\\\/www.cetys.mx\\\/noticias\\\/cetys-teccem-delantera-final4\\\/#respond\"]}]},{\"@type\":\"WebPage\",\"@id\":\"https:\\\/\\\/www.cetys.mx\\\/noticias\\\/cetys-teccem-delantera-final4\\\/\",\"url\":\"https:\\\/\\\/www.cetys.mx\\\/noticias\\\/cetys-teccem-delantera-final4\\\/\",\"name\":\"CETYS y Tec CEM toman delantera en el Final Four de Voleibol - CETYS\",\"isPartOf\":{\"@id\":\"https:\\\/\\\/www.cetys.mx\\\/noticias\\\/#website\"},\"primaryImageOfPage\":{\"@id\":\"https:\\\/\\\/www.cetys.mx\\\/noticias\\\/cetys-teccem-delantera-final4\\\/#primaryimage\"},\"image\":{\"@id\":\"https:\\\/\\\/www.cetys.mx\\\/noticias\\\/cetys-teccem-delantera-final4\\\/#primaryimage\"},\"thumbnailUrl\":\"https:\\\/\\\/www.cetys.mx\\\/noticias\\\/wp-content\\\/uploads\\\/2018\\\/04\\\/29983755_1637426903041719_2535988722380146394_o-e1523415641988.jpg\",\"datePublished\":\"2018-04-11T03:01:54+00:00\",\"author\":{\"@id\":\"https:\\\/\\\/www.cetys.mx\\\/noticias\\\/#\\\/schema\\\/person\\\/e9d2b35265b64aa454df57a2828eb2ac\"},\"description\":\"Articulo sobre CETYS y Tec CEM toman delantera en el Final Four de Voleibol\",\"breadcrumb\":{\"@id\":\"https:\\\/\\\/www.cetys.mx\\\/noticias\\\/cetys-teccem-delantera-final4\\\/#breadcrumb\"},\"inLanguage\":\"es\",\"potentialAction\":[{\"@type\":\"ReadAction\",\"target\":[\"https:\\\/\\\/www.cetys.mx\\\/noticias\\\/cetys-teccem-delantera-final4\\\/\"]}]},{\"@type\":\"ImageObject\",\"inLanguage\":\"es\",\"@id\":\"https:\\\/\\\/www.cetys.mx\\\/noticias\\\/cetys-teccem-delantera-final4\\\/#primaryimage\",\"url\":\"https:\\\/\\\/www.cetys.mx\\\/noticias\\\/wp-content\\\/uploads\\\/2018\\\/04\\\/29983755_1637426903041719_2535988722380146394_o-e1523415641988.jpg\",\"contentUrl\":\"https:\\\/\\\/www.cetys.mx\\\/noticias\\\/wp-content\\\/uploads\\\/2018\\\/04\\\/29983755_1637426903041719_2535988722380146394_o-e1523415641988.jpg\",\"width\":956,\"height\":637,\"caption\":\"Final Four 2018 - Voleibol\"},{\"@type\":\"BreadcrumbList\",\"@id\":\"https:\\\/\\\/www.cetys.mx\\\/noticias\\\/cetys-teccem-delantera-final4\\\/#breadcrumb\",\"itemListElement\":[{\"@type\":\"ListItem\",\"position\":1,\"name\":\"Inicio\",\"item\":\"https:\\\/\\\/www.cetys.mx\\\/noticias\\\/\"},{\"@type\":\"ListItem\",\"position\":2,\"name\":\"CETYS y Tec CEM toman delantera en el Final Four de Voleibol\"}]},{\"@type\":\"WebSite\",\"@id\":\"https:\\\/\\\/www.cetys.mx\\\/noticias\\\/#website\",\"url\":\"https:\\\/\\\/www.cetys.mx\\\/noticias\\\/\",\"name\":\"CETYS\",\"description\":\"\",\"potentialAction\":[{\"@type\":\"SearchAction\",\"target\":{\"@type\":\"EntryPoint\",\"urlTemplate\":\"https:\\\/\\\/www.cetys.mx\\\/noticias\\\/?s={search_term_string}\"},\"query-input\":{\"@type\":\"PropertyValueSpecification\",\"valueRequired\":true,\"valueName\":\"search_term_string\"}}],\"inLanguage\":\"es\"},{\"@type\":\"Person\",\"@id\":\"https:\\\/\\\/www.cetys.mx\\\/noticias\\\/#\\\/schema\\\/person\\\/e9d2b35265b64aa454df57a2828eb2ac\",\"name\":\"CETYS Institucional\",\"url\":\"https:\\\/\\\/www.cetys.mx\\\/noticias\\\/author\\\/cetysinstitucional\\\/\"}]}<\/script>\n<!-- \/ Yoast SEO plugin. -->","yoast_head_json":{"title":"CETYS y Tec CEM toman delantera en el Final Four de Voleibol - CETYS","description":"Articulo sobre CETYS y Tec CEM toman delantera en el Final Four de Voleibol","robots":{"index":"index","follow":"follow","max-snippet":"max-snippet:-1","max-image-preview":"max-image-preview:large","max-video-preview":"max-video-preview:-1"},"canonical":"https:\/\/www.cetys.mx\/noticias\/cetys-teccem-delantera-final4\/","og_locale":"es_MX","og_type":"article","og_title":"CETYS y Tec CEM toman delantera en el Final Four de Voleibol - CETYS","og_description":"Articulo sobre CETYS y Tec CEM toman delantera en el Final Four de Voleibol","og_url":"https:\/\/www.cetys.mx\/noticias\/cetys-teccem-delantera-final4\/","og_site_name":"CETYS","article_publisher":"https:\/\/www.facebook.com\/cetysuniversidadmxl\/","article_published_time":"2018-04-11T03:01:54+00:00","og_image":[{"width":956,"height":637,"url":"https:\/\/www.cetys.mx\/noticias\/wp-content\/uploads\/2018\/04\/29983755_1637426903041719_2535988722380146394_o-e1523415641988.jpg","type":"image\/jpeg"}],"author":"CETYS Institucional","twitter_card":"summary_large_image","twitter_creator":"@cetysuni","twitter_site":"@cetysuni","twitter_misc":{"Escrito por":"CETYS Institucional","Tiempo de lectura":"2 minutos"},"schema":{"@context":"https:\/\/schema.org","@graph":[{"@type":"Article","@id":"https:\/\/www.cetys.mx\/noticias\/cetys-teccem-delantera-final4\/#article","isPartOf":{"@id":"https:\/\/www.cetys.mx\/noticias\/cetys-teccem-delantera-final4\/"},"author":{"name":"CETYS Institucional","@id":"https:\/\/www.cetys.mx\/noticias\/#\/schema\/person\/e9d2b35265b64aa454df57a2828eb2ac"},"headline":"CETYS y Tec CEM toman delantera en el Final Four de Voleibol","datePublished":"2018-04-11T03:01:54+00:00","mainEntityOfPage":{"@id":"https:\/\/www.cetys.mx\/noticias\/cetys-teccem-delantera-final4\/"},"wordCount":377,"commentCount":0,"image":{"@id":"https:\/\/www.cetys.mx\/noticias\/cetys-teccem-delantera-final4\/#primaryimage"},"thumbnailUrl":"https:\/\/www.cetys.mx\/noticias\/wp-content\/uploads\/2018\/04\/29983755_1637426903041719_2535988722380146394_o-e1523415641988.jpg","keywords":["#orgulloCETYS","CONADEIP","Deportes","Final Four 2018","Vida Estudiantil","voleibol"],"articleSection":["Deportes","Eventos","Institucional","Vida Estudiantil","VoCETYS"],"inLanguage":"es","potentialAction":[{"@type":"CommentAction","name":"Comment","target":["https:\/\/www.cetys.mx\/noticias\/cetys-teccem-delantera-final4\/#respond"]}]},{"@type":"WebPage","@id":"https:\/\/www.cetys.mx\/noticias\/cetys-teccem-delantera-final4\/","url":"https:\/\/www.cetys.mx\/noticias\/cetys-teccem-delantera-final4\/","name":"CETYS y Tec CEM toman delantera en el Final Four de Voleibol - CETYS","isPartOf":{"@id":"https:\/\/www.cetys.mx\/noticias\/#website"},"primaryImageOfPage":{"@id":"https:\/\/www.cetys.mx\/noticias\/cetys-teccem-delantera-final4\/#primaryimage"},"image":{"@id":"https:\/\/www.cetys.mx\/noticias\/cetys-teccem-delantera-final4\/#primaryimage"},"thumbnailUrl":"https:\/\/www.cetys.mx\/noticias\/wp-content\/uploads\/2018\/04\/29983755_1637426903041719_2535988722380146394_o-e1523415641988.jpg","datePublished":"2018-04-11T03:01:54+00:00","author":{"@id":"https:\/\/www.cetys.mx\/noticias\/#\/schema\/person\/e9d2b35265b64aa454df57a2828eb2ac"},"description":"Articulo sobre CETYS y Tec CEM toman delantera en el Final Four de Voleibol","breadcrumb":{"@id":"https:\/\/www.cetys.mx\/noticias\/cetys-teccem-delantera-final4\/#breadcrumb"},"inLanguage":"es","potentialAction":[{"@type":"ReadAction","target":["https:\/\/www.cetys.mx\/noticias\/cetys-teccem-delantera-final4\/"]}]},{"@type":"ImageObject","inLanguage":"es","@id":"https:\/\/www.cetys.mx\/noticias\/cetys-teccem-delantera-final4\/#primaryimage","url":"https:\/\/www.cetys.mx\/noticias\/wp-content\/uploads\/2018\/04\/29983755_1637426903041719_2535988722380146394_o-e1523415641988.jpg","contentUrl":"https:\/\/www.cetys.mx\/noticias\/wp-content\/uploads\/2018\/04\/29983755_1637426903041719_2535988722380146394_o-e1523415641988.jpg","width":956,"height":637,"caption":"Final Four 2018 - Voleibol"},{"@type":"BreadcrumbList","@id":"https:\/\/www.cetys.mx\/noticias\/cetys-teccem-delantera-final4\/#breadcrumb","itemListElement":[{"@type":"ListItem","position":1,"name":"Inicio","item":"https:\/\/www.cetys.mx\/noticias\/"},{"@type":"ListItem","position":2,"name":"CETYS y Tec CEM toman delantera en el Final Four de Voleibol"}]},{"@type":"WebSite","@id":"https:\/\/www.cetys.mx\/noticias\/#website","url":"https:\/\/www.cetys.mx\/noticias\/","name":"CETYS","description":"","potentialAction":[{"@type":"SearchAction","target":{"@type":"EntryPoint","urlTemplate":"https:\/\/www.cetys.mx\/noticias\/?s={search_term_string}"},"query-input":{"@type":"PropertyValueSpecification","valueRequired":true,"valueName":"search_term_string"}}],"inLanguage":"es"},{"@type":"Person","@id":"https:\/\/www.cetys.mx\/noticias\/#\/schema\/person\/e9d2b35265b64aa454df57a2828eb2ac","name":"CETYS Institucional","url":"https:\/\/www.cetys.mx\/noticias\/author\/cetysinstitucional\/"}]}},"_links":{"self":[{"href":"https:\/\/www.cetys.mx\/noticias\/wp-json\/wp\/v2\/posts\/110973","targetHints":{"allow":["GET"]}}],"collection":[{"href":"https:\/\/www.cetys.mx\/noticias\/wp-json\/wp\/v2\/posts"}],"about":[{"href":"https:\/\/www.cetys.mx\/noticias\/wp-json\/wp\/v2\/types\/post"}],"author":[{"embeddable":true,"href":"https:\/\/www.cetys.mx\/noticias\/wp-json\/wp\/v2\/users\/26"}],"replies":[{"embeddable":true,"href":"https:\/\/www.cetys.mx\/noticias\/wp-json\/wp\/v2\/comments?post=110973"}],"version-history":[{"count":0,"href":"https:\/\/www.cetys.mx\/noticias\/wp-json\/wp\/v2\/posts\/110973\/revisions"}],"wp:featuredmedia":[{"embeddable":true,"href":"https:\/\/www.cetys.mx\/noticias\/wp-json\/wp\/v2\/media\/110977"}],"wp:attachment":[{"href":"https:\/\/www.cetys.mx\/noticias\/wp-json\/wp\/v2\/media?parent=110973"}],"wp:term":[{"taxonomy":"category","embeddable":true,"href":"https:\/\/www.cetys.mx\/noticias\/wp-json\/wp\/v2\/categories?post=110973"},{"taxonomy":"post_tag","embeddable":true,"href":"https:\/\/www.cetys.mx\/noticias\/wp-json\/wp\/v2\/tags?post=110973"}],"curies":[{"name":"wp","href":"https:\/\/api.w.org\/{rel}","templated":true}]}}