{"id":110922,"date":"2018-04-10T10:48:40","date_gmt":"2018-04-10T17:48:40","guid":{"rendered":"http:\/\/www.cetys.mx\/noticias\/?p=110922"},"modified":"2018-04-13T08:25:59","modified_gmt":"2018-04-13T15:25:59","slug":"cetys-tij-finalista-nal-flag18","status":"publish","type":"post","link":"https:\/\/www.cetys.mx\/noticias\/cetys-tij-finalista-nal-flag18\/","title":{"rendered":"CETYS Tijuana, digno finalista en Nacional de Futbol Bandera CONADEIP"},"content":{"rendered":"<p>Las jugadoras de f\u00fatbol bandera de <strong>CETYS Universidad Campus Tijuana<\/strong> tuvieron otro exitoso paso en el Campeonato Nacional Primera Fuerza CONADEIP, despu\u00e9s de ser nuevamente finalistas y obteniendo un trofeo de plata que entrar\u00e1 a la vitrina del <strong>Gimnasio-Auditorio \u201cRodrigo Valle Hern\u00e1ndez\u201d.\u00a0<\/strong><\/p>\n<p>Las instalaciones deportivas del ITESM Campus Aguascalientes fueron sede del torneo, donde <strong>Zorros Femenil<\/strong> cosech\u00f3 cinco victorias en seis compromisos. Balance muy positivo a pesar de no poder refrendar el t\u00edtulo que se gan\u00f3 en 2017.<\/p>\n<p>La quinteta que dirige <strong>Alan L\u00f3pez<\/strong> comenzaron derrotando a UVM Quer\u00e9taro por 20-19, luego a ITESM Santa Fe por 41-27, siguieron con Ibero Laguna por 44-13 y aseguraron liderato grupal tras apalear a UVM Sur por 46-0.<\/p>\n<p>Ya en semifinales eliminaron a ITESM Laguna por 53-22 y se reencontraron con Borregas Santa Fe en la Final, pero esta vez cayeron por 19-52 y se debieron conformar con el segundo sitio.<\/p>\n<p>El siguiente paso para <strong>Zorros Femenil<\/strong> ser\u00e1 debutar en la <strong>Universiada Nacional<\/strong>, donde se integrar\u00e1n jugadoras de los Campus Mexicali y Ensenada para competir en formato \u201c7&#215;7\u201d.<\/p>\n<div id=\"attachment_110923\" style=\"width: 968px\" class=\"wp-caption aligncenter\"><img loading=\"lazy\" decoding=\"async\" aria-describedby=\"caption-attachment-110923\" class=\"wp-image-110923\" src=\"https:\/\/www.cetys.mx\/noticias\/wp-content\/uploads\/2018\/04\/30051565_10155097132686152_5539688637373055821_o-e1523382088936.jpg\" alt=\"\" width=\"958\" height=\"539\" \/><p id=\"caption-attachment-110923\" class=\"wp-caption-text\">Cinco victorias en seis partidos por parte de las pupilas de Alan L\u00f3pez.<\/p><\/div>\n","protected":false},"excerpt":{"rendered":"<p>Las jugadoras de f\u00fatbol bandera de CETYS Universidad Campus Tijuana tuvieron otro exitoso paso en el Campeonato Nacional Primera Fuerza CONADEIP, despu\u00e9s&#8230;<\/p>\n","protected":false},"author":24,"featured_media":110925,"comment_status":"open","ping_status":"closed","sticky":false,"template":"","format":"standard","meta":{"footnotes":""},"categories":[134,312,105,313],"tags":[984,2293,1020,233,1649,721,2308],"class_list":["post-110922","post","type-post","status-publish","format-standard","has-post-thumbnail","hentry","category-campus-tijuana","category-deportes","category-vida-estudiantil","category-vocetys-2","tag-orgullocetys","tag-aguascalientes","tag-conadeip","tag-deportes","tag-futbol-bandera","tag-vida-estudiantil","tag-vocetys-2018-04-13","univesidades-cetys-campus-tijuana"],"yoast_head":"<!-- This site is optimized with the Yoast SEO plugin v27.4 - https:\/\/yoast.com\/product\/yoast-seo-wordpress\/ -->\n<title>CETYS Tijuana, digno finalista en Nacional de Futbol Bandera CONADEIP - CETYS<\/title>\n<meta name=\"description\" content=\"Articulo sobre CETYS Tijuana, digno finalista en Nacional de Futbol Bandera CONADEIP\" \/>\n<meta name=\"robots\" content=\"index, follow, max-snippet:-1, max-image-preview:large, max-video-preview:-1\" \/>\n<link rel=\"canonical\" href=\"https:\/\/www.cetys.mx\/noticias\/cetys-tij-finalista-nal-flag18\/\" \/>\n<meta property=\"og:locale\" content=\"es_MX\" \/>\n<meta property=\"og:type\" content=\"article\" \/>\n<meta property=\"og:title\" content=\"CETYS Tijuana, digno finalista en Nacional de Futbol Bandera CONADEIP - CETYS\" \/>\n<meta property=\"og:description\" content=\"Articulo sobre CETYS Tijuana, digno finalista en Nacional de Futbol Bandera CONADEIP\" \/>\n<meta property=\"og:url\" content=\"https:\/\/www.cetys.mx\/noticias\/cetys-tij-finalista-nal-flag18\/\" \/>\n<meta property=\"og:site_name\" content=\"CETYS\" \/>\n<meta property=\"article:publisher\" content=\"https:\/\/www.facebook.com\/cetysuniversidadmxl\/\" \/>\n<meta property=\"article:published_time\" content=\"2018-04-10T17:48:40+00:00\" \/>\n<meta property=\"article:modified_time\" content=\"2018-04-13T15:25:59+00:00\" \/>\n<meta property=\"og:image\" content=\"https:\/\/www.cetys.mx\/noticias\/wp-content\/uploads\/2018\/04\/29983182_10155097134611152_7953047824842667132_o-1-e1523382361863.jpg\" \/>\n\t<meta property=\"og:image:width\" content=\"956\" \/>\n\t<meta property=\"og:image:height\" content=\"637\" \/>\n\t<meta property=\"og:image:type\" content=\"image\/jpeg\" \/>\n<meta name=\"author\" content=\"Campus Tijuana\" \/>\n<meta name=\"twitter:card\" content=\"summary_large_image\" \/>\n<meta name=\"twitter:creator\" content=\"@cetysuni\" \/>\n<meta name=\"twitter:site\" content=\"@cetysuni\" \/>\n<meta name=\"twitter:label1\" content=\"Escrito por\" \/>\n\t<meta name=\"twitter:data1\" content=\"Campus Tijuana\" \/>\n\t<meta name=\"twitter:label2\" content=\"Tiempo de lectura\" \/>\n\t<meta name=\"twitter:data2\" content=\"1 minuto\" \/>\n<script type=\"application\/ld+json\" class=\"yoast-schema-graph\">{\"@context\":\"https:\\\/\\\/schema.org\",\"@graph\":[{\"@type\":\"Article\",\"@id\":\"https:\\\/\\\/www.cetys.mx\\\/noticias\\\/cetys-tij-finalista-nal-flag18\\\/#article\",\"isPartOf\":{\"@id\":\"https:\\\/\\\/www.cetys.mx\\\/noticias\\\/cetys-tij-finalista-nal-flag18\\\/\"},\"author\":{\"name\":\"Campus Tijuana\",\"@id\":\"https:\\\/\\\/www.cetys.mx\\\/noticias\\\/#\\\/schema\\\/person\\\/e790051ce60e18ae47cfa87011c8653f\"},\"headline\":\"CETYS Tijuana, digno finalista en Nacional de Futbol Bandera CONADEIP\",\"datePublished\":\"2018-04-10T17:48:40+00:00\",\"dateModified\":\"2018-04-13T15:25:59+00:00\",\"mainEntityOfPage\":{\"@id\":\"https:\\\/\\\/www.cetys.mx\\\/noticias\\\/cetys-tij-finalista-nal-flag18\\\/\"},\"wordCount\":212,\"commentCount\":0,\"image\":{\"@id\":\"https:\\\/\\\/www.cetys.mx\\\/noticias\\\/cetys-tij-finalista-nal-flag18\\\/#primaryimage\"},\"thumbnailUrl\":\"https:\\\/\\\/www.cetys.mx\\\/noticias\\\/wp-content\\\/uploads\\\/2018\\\/04\\\/29983182_10155097134611152_7953047824842667132_o-1-e1523382361863.jpg\",\"keywords\":[\"#orgulloCETYS\",\"Aguascalientes\",\"CONADEIP\",\"Deportes\",\"Futbol bandera\",\"Vida Estudiantil\",\"vocetys-2018-04-13\"],\"articleSection\":[\"Campus Tijuana\",\"Deportes\",\"Vida Estudiantil\",\"VoCETYS\"],\"inLanguage\":\"es\",\"potentialAction\":[{\"@type\":\"CommentAction\",\"name\":\"Comment\",\"target\":[\"https:\\\/\\\/www.cetys.mx\\\/noticias\\\/cetys-tij-finalista-nal-flag18\\\/#respond\"]}]},{\"@type\":\"WebPage\",\"@id\":\"https:\\\/\\\/www.cetys.mx\\\/noticias\\\/cetys-tij-finalista-nal-flag18\\\/\",\"url\":\"https:\\\/\\\/www.cetys.mx\\\/noticias\\\/cetys-tij-finalista-nal-flag18\\\/\",\"name\":\"CETYS Tijuana, digno finalista en Nacional de Futbol Bandera CONADEIP - CETYS\",\"isPartOf\":{\"@id\":\"https:\\\/\\\/www.cetys.mx\\\/noticias\\\/#website\"},\"primaryImageOfPage\":{\"@id\":\"https:\\\/\\\/www.cetys.mx\\\/noticias\\\/cetys-tij-finalista-nal-flag18\\\/#primaryimage\"},\"image\":{\"@id\":\"https:\\\/\\\/www.cetys.mx\\\/noticias\\\/cetys-tij-finalista-nal-flag18\\\/#primaryimage\"},\"thumbnailUrl\":\"https:\\\/\\\/www.cetys.mx\\\/noticias\\\/wp-content\\\/uploads\\\/2018\\\/04\\\/29983182_10155097134611152_7953047824842667132_o-1-e1523382361863.jpg\",\"datePublished\":\"2018-04-10T17:48:40+00:00\",\"dateModified\":\"2018-04-13T15:25:59+00:00\",\"author\":{\"@id\":\"https:\\\/\\\/www.cetys.mx\\\/noticias\\\/#\\\/schema\\\/person\\\/e790051ce60e18ae47cfa87011c8653f\"},\"description\":\"Articulo sobre CETYS Tijuana, digno finalista en Nacional de Futbol Bandera CONADEIP\",\"breadcrumb\":{\"@id\":\"https:\\\/\\\/www.cetys.mx\\\/noticias\\\/cetys-tij-finalista-nal-flag18\\\/#breadcrumb\"},\"inLanguage\":\"es\",\"potentialAction\":[{\"@type\":\"ReadAction\",\"target\":[\"https:\\\/\\\/www.cetys.mx\\\/noticias\\\/cetys-tij-finalista-nal-flag18\\\/\"]}]},{\"@type\":\"ImageObject\",\"inLanguage\":\"es\",\"@id\":\"https:\\\/\\\/www.cetys.mx\\\/noticias\\\/cetys-tij-finalista-nal-flag18\\\/#primaryimage\",\"url\":\"https:\\\/\\\/www.cetys.mx\\\/noticias\\\/wp-content\\\/uploads\\\/2018\\\/04\\\/29983182_10155097134611152_7953047824842667132_o-1-e1523382361863.jpg\",\"contentUrl\":\"https:\\\/\\\/www.cetys.mx\\\/noticias\\\/wp-content\\\/uploads\\\/2018\\\/04\\\/29983182_10155097134611152_7953047824842667132_o-1-e1523382361863.jpg\",\"width\":956,\"height\":637,\"caption\":\"CETYS Tijuana - Futbol bandera\"},{\"@type\":\"BreadcrumbList\",\"@id\":\"https:\\\/\\\/www.cetys.mx\\\/noticias\\\/cetys-tij-finalista-nal-flag18\\\/#breadcrumb\",\"itemListElement\":[{\"@type\":\"ListItem\",\"position\":1,\"name\":\"Inicio\",\"item\":\"https:\\\/\\\/www.cetys.mx\\\/noticias\\\/\"},{\"@type\":\"ListItem\",\"position\":2,\"name\":\"CETYS Tijuana, digno finalista en Nacional de Futbol Bandera CONADEIP\"}]},{\"@type\":\"WebSite\",\"@id\":\"https:\\\/\\\/www.cetys.mx\\\/noticias\\\/#website\",\"url\":\"https:\\\/\\\/www.cetys.mx\\\/noticias\\\/\",\"name\":\"CETYS\",\"description\":\"\",\"potentialAction\":[{\"@type\":\"SearchAction\",\"target\":{\"@type\":\"EntryPoint\",\"urlTemplate\":\"https:\\\/\\\/www.cetys.mx\\\/noticias\\\/?s={search_term_string}\"},\"query-input\":{\"@type\":\"PropertyValueSpecification\",\"valueRequired\":true,\"valueName\":\"search_term_string\"}}],\"inLanguage\":\"es\"},{\"@type\":\"Person\",\"@id\":\"https:\\\/\\\/www.cetys.mx\\\/noticias\\\/#\\\/schema\\\/person\\\/e790051ce60e18ae47cfa87011c8653f\",\"name\":\"Campus Tijuana\",\"url\":\"https:\\\/\\\/www.cetys.mx\\\/noticias\\\/author\\\/campustijuana\\\/\"}]}<\/script>\n<!-- \/ Yoast SEO plugin. -->","yoast_head_json":{"title":"CETYS Tijuana, digno finalista en Nacional de Futbol Bandera CONADEIP - CETYS","description":"Articulo sobre CETYS Tijuana, digno finalista en Nacional de Futbol Bandera CONADEIP","robots":{"index":"index","follow":"follow","max-snippet":"max-snippet:-1","max-image-preview":"max-image-preview:large","max-video-preview":"max-video-preview:-1"},"canonical":"https:\/\/www.cetys.mx\/noticias\/cetys-tij-finalista-nal-flag18\/","og_locale":"es_MX","og_type":"article","og_title":"CETYS Tijuana, digno finalista en Nacional de Futbol Bandera CONADEIP - CETYS","og_description":"Articulo sobre CETYS Tijuana, digno finalista en Nacional de Futbol Bandera CONADEIP","og_url":"https:\/\/www.cetys.mx\/noticias\/cetys-tij-finalista-nal-flag18\/","og_site_name":"CETYS","article_publisher":"https:\/\/www.facebook.com\/cetysuniversidadmxl\/","article_published_time":"2018-04-10T17:48:40+00:00","article_modified_time":"2018-04-13T15:25:59+00:00","og_image":[{"width":956,"height":637,"url":"https:\/\/www.cetys.mx\/noticias\/wp-content\/uploads\/2018\/04\/29983182_10155097134611152_7953047824842667132_o-1-e1523382361863.jpg","type":"image\/jpeg"}],"author":"Campus Tijuana","twitter_card":"summary_large_image","twitter_creator":"@cetysuni","twitter_site":"@cetysuni","twitter_misc":{"Escrito por":"Campus Tijuana","Tiempo de lectura":"1 minuto"},"schema":{"@context":"https:\/\/schema.org","@graph":[{"@type":"Article","@id":"https:\/\/www.cetys.mx\/noticias\/cetys-tij-finalista-nal-flag18\/#article","isPartOf":{"@id":"https:\/\/www.cetys.mx\/noticias\/cetys-tij-finalista-nal-flag18\/"},"author":{"name":"Campus Tijuana","@id":"https:\/\/www.cetys.mx\/noticias\/#\/schema\/person\/e790051ce60e18ae47cfa87011c8653f"},"headline":"CETYS Tijuana, digno finalista en Nacional de Futbol Bandera CONADEIP","datePublished":"2018-04-10T17:48:40+00:00","dateModified":"2018-04-13T15:25:59+00:00","mainEntityOfPage":{"@id":"https:\/\/www.cetys.mx\/noticias\/cetys-tij-finalista-nal-flag18\/"},"wordCount":212,"commentCount":0,"image":{"@id":"https:\/\/www.cetys.mx\/noticias\/cetys-tij-finalista-nal-flag18\/#primaryimage"},"thumbnailUrl":"https:\/\/www.cetys.mx\/noticias\/wp-content\/uploads\/2018\/04\/29983182_10155097134611152_7953047824842667132_o-1-e1523382361863.jpg","keywords":["#orgulloCETYS","Aguascalientes","CONADEIP","Deportes","Futbol bandera","Vida Estudiantil","vocetys-2018-04-13"],"articleSection":["Campus Tijuana","Deportes","Vida Estudiantil","VoCETYS"],"inLanguage":"es","potentialAction":[{"@type":"CommentAction","name":"Comment","target":["https:\/\/www.cetys.mx\/noticias\/cetys-tij-finalista-nal-flag18\/#respond"]}]},{"@type":"WebPage","@id":"https:\/\/www.cetys.mx\/noticias\/cetys-tij-finalista-nal-flag18\/","url":"https:\/\/www.cetys.mx\/noticias\/cetys-tij-finalista-nal-flag18\/","name":"CETYS Tijuana, digno finalista en Nacional de Futbol Bandera CONADEIP - CETYS","isPartOf":{"@id":"https:\/\/www.cetys.mx\/noticias\/#website"},"primaryImageOfPage":{"@id":"https:\/\/www.cetys.mx\/noticias\/cetys-tij-finalista-nal-flag18\/#primaryimage"},"image":{"@id":"https:\/\/www.cetys.mx\/noticias\/cetys-tij-finalista-nal-flag18\/#primaryimage"},"thumbnailUrl":"https:\/\/www.cetys.mx\/noticias\/wp-content\/uploads\/2018\/04\/29983182_10155097134611152_7953047824842667132_o-1-e1523382361863.jpg","datePublished":"2018-04-10T17:48:40+00:00","dateModified":"2018-04-13T15:25:59+00:00","author":{"@id":"https:\/\/www.cetys.mx\/noticias\/#\/schema\/person\/e790051ce60e18ae47cfa87011c8653f"},"description":"Articulo sobre CETYS Tijuana, digno finalista en Nacional de Futbol Bandera CONADEIP","breadcrumb":{"@id":"https:\/\/www.cetys.mx\/noticias\/cetys-tij-finalista-nal-flag18\/#breadcrumb"},"inLanguage":"es","potentialAction":[{"@type":"ReadAction","target":["https:\/\/www.cetys.mx\/noticias\/cetys-tij-finalista-nal-flag18\/"]}]},{"@type":"ImageObject","inLanguage":"es","@id":"https:\/\/www.cetys.mx\/noticias\/cetys-tij-finalista-nal-flag18\/#primaryimage","url":"https:\/\/www.cetys.mx\/noticias\/wp-content\/uploads\/2018\/04\/29983182_10155097134611152_7953047824842667132_o-1-e1523382361863.jpg","contentUrl":"https:\/\/www.cetys.mx\/noticias\/wp-content\/uploads\/2018\/04\/29983182_10155097134611152_7953047824842667132_o-1-e1523382361863.jpg","width":956,"height":637,"caption":"CETYS Tijuana - Futbol bandera"},{"@type":"BreadcrumbList","@id":"https:\/\/www.cetys.mx\/noticias\/cetys-tij-finalista-nal-flag18\/#breadcrumb","itemListElement":[{"@type":"ListItem","position":1,"name":"Inicio","item":"https:\/\/www.cetys.mx\/noticias\/"},{"@type":"ListItem","position":2,"name":"CETYS Tijuana, digno finalista en Nacional de Futbol Bandera CONADEIP"}]},{"@type":"WebSite","@id":"https:\/\/www.cetys.mx\/noticias\/#website","url":"https:\/\/www.cetys.mx\/noticias\/","name":"CETYS","description":"","potentialAction":[{"@type":"SearchAction","target":{"@type":"EntryPoint","urlTemplate":"https:\/\/www.cetys.mx\/noticias\/?s={search_term_string}"},"query-input":{"@type":"PropertyValueSpecification","valueRequired":true,"valueName":"search_term_string"}}],"inLanguage":"es"},{"@type":"Person","@id":"https:\/\/www.cetys.mx\/noticias\/#\/schema\/person\/e790051ce60e18ae47cfa87011c8653f","name":"Campus Tijuana","url":"https:\/\/www.cetys.mx\/noticias\/author\/campustijuana\/"}]}},"_links":{"self":[{"href":"https:\/\/www.cetys.mx\/noticias\/wp-json\/wp\/v2\/posts\/110922","targetHints":{"allow":["GET"]}}],"collection":[{"href":"https:\/\/www.cetys.mx\/noticias\/wp-json\/wp\/v2\/posts"}],"about":[{"href":"https:\/\/www.cetys.mx\/noticias\/wp-json\/wp\/v2\/types\/post"}],"author":[{"embeddable":true,"href":"https:\/\/www.cetys.mx\/noticias\/wp-json\/wp\/v2\/users\/24"}],"replies":[{"embeddable":true,"href":"https:\/\/www.cetys.mx\/noticias\/wp-json\/wp\/v2\/comments?post=110922"}],"version-history":[{"count":0,"href":"https:\/\/www.cetys.mx\/noticias\/wp-json\/wp\/v2\/posts\/110922\/revisions"}],"wp:featuredmedia":[{"embeddable":true,"href":"https:\/\/www.cetys.mx\/noticias\/wp-json\/wp\/v2\/media\/110925"}],"wp:attachment":[{"href":"https:\/\/www.cetys.mx\/noticias\/wp-json\/wp\/v2\/media?parent=110922"}],"wp:term":[{"taxonomy":"category","embeddable":true,"href":"https:\/\/www.cetys.mx\/noticias\/wp-json\/wp\/v2\/categories?post=110922"},{"taxonomy":"post_tag","embeddable":true,"href":"https:\/\/www.cetys.mx\/noticias\/wp-json\/wp\/v2\/tags?post=110922"}],"curies":[{"name":"wp","href":"https:\/\/api.w.org\/{rel}","templated":true}]}}