{"id":110743,"date":"2018-04-04T14:00:41","date_gmt":"2018-04-04T21:00:41","guid":{"rendered":"http:\/\/www.cetys.mx\/noticias\/?p=110743"},"modified":"2018-04-13T09:01:51","modified_gmt":"2018-04-13T16:01:51","slug":"cetys-destino-un2018","status":"publish","type":"post","link":"https:\/\/www.cetys.mx\/noticias\/cetys-destino-un2018\/","title":{"rendered":"CETYS con destino a Universiada Nacional 2018"},"content":{"rendered":"<p>Decenas de\u00a0estudiantes representar\u00e1n a <strong>CETYS Universidad<\/strong> en la pr\u00f3xima edici\u00f3n de <strong><a href=\"https:\/\/condde.org.mx\/documentos\/2018\/universiada2018\/cronogramaUN2018.pdf\">Universiada Nacional 2018<\/a><\/strong>, evento avalado por el <strong><a href=\"https:\/\/www.condde.org.mx\/web\/\">CONDDE<\/a><\/strong> (<em>Consejo Nacional del Deporte de la Educaci\u00f3n<\/em>), siendo sede la UAEM (Universidad Aut\u00f3noma del Estado de M\u00e9xico).<\/p>\n<blockquote><p>Los <strong>Zorros<\/strong> competir\u00e1n en un total de nueve disciplinas, donde habr\u00e1 oportunidad de obtener hasta 19 medallas de oro. 2 mil 667 metros de altitud mexiquense esperan a la delegaci\u00f3n bajacaliforniana.<\/p><\/blockquote>\n<div id=\"attachment_110745\" style=\"width: 966px\" class=\"wp-caption aligncenter\"><a href=\"https:\/\/www.cetys.mx\/noticias\/wp-content\/uploads\/2018\/04\/dia1obregon-78-e1522874627904.jpg\"><img loading=\"lazy\" decoding=\"async\" aria-describedby=\"caption-attachment-110745\" class=\"size-full wp-image-110745\" src=\"https:\/\/www.cetys.mx\/noticias\/wp-content\/uploads\/2018\/04\/dia1obregon-78-e1522874627904.jpg\" alt=\"Zorros Femenil debutar\u00e1n en futbol bandera.\" width=\"956\" height=\"637\" \/><\/a><p id=\"caption-attachment-110745\" class=\"wp-caption-text\">Zorros Femenil debutar\u00e1n en futbol bandera.<\/p><\/div>\n<p>Por equipos, <strong>CETYS<\/strong> ser\u00e1 representado en <strong>basquetbol<\/strong> (ambas ramas), <strong>voleibol<\/strong> (Sala Varonil) y <strong>futbol bandera<\/strong> (7&#215;7 Femenil). En \u201c<strong><a href=\"https:\/\/www.cetys.mx\/noticias\/destacan-zorros-en-universiada-nacional-2017\/\">UANL 2017<\/a><\/strong>\u201d, hubo una presea de bronce en balonvolea masculino al vencer a La Salle Baj\u00edo-Salamanca en tres sets, igual que en baloncesto femenil tras derrotar a ITESM Toluca por 71-51.<\/p>\n<p>Cinco atletas competir\u00e1n en pista y campo: <strong>Juli\u00e1n Higuera<\/strong> en dos pruebas de Lanzamiento (Disco y Bala), <strong>Renee V\u00e1zquez<\/strong> en Martillo, <strong>Lili\u00e1n Borja<\/strong> en Heptatl\u00f3n, <strong>Alma Pollorena<\/strong> en Disco y <strong>Maritza Carre\u00f3n<\/strong> en 100 Metros con Vallas. Hace un a\u00f1o se cosecharon tres metales (dos de oro).<\/p>\n<div id=\"attachment_110532\" style=\"width: 966px\" class=\"wp-caption aligncenter\"><a href=\"https:\/\/www.cetys.mx\/noticias\/wp-content\/uploads\/2018\/03\/28828915_10155053949976152_9178486500622831790_o-e1521688716235.jpg\"><img loading=\"lazy\" decoding=\"async\" aria-describedby=\"caption-attachment-110532\" class=\"size-full wp-image-110532\" src=\"https:\/\/www.cetys.mx\/noticias\/wp-content\/uploads\/2018\/03\/28828915_10155053949976152_9178486500622831790_o-e1521688716235.jpg\" alt=\"Humberto Arellano (a la derecha) participar\u00e1 en su primera Universiada Nacional. \" width=\"956\" height=\"637\" \/><\/a><p id=\"caption-attachment-110532\" class=\"wp-caption-text\">Humberto Arellano (a la derecha) participar\u00e1 en su primera Universiada Nacional.<\/p><\/div>\n<p><strong>Rebeca M\u00e1rquez<\/strong>, <strong>Humberto A. Papachoris<\/strong> y <strong>Gabriel Orihuela<\/strong> preparan flechas para medirse con otros competidores en tiro con arco, deporte que gener\u00f3 dos oros y una plata en 2017. Tambi\u00e9n viajar\u00e1n los tenistas <strong>Emiliano Santana<\/strong> y <strong>Sergio de la Garza<\/strong>, donde participar\u00e1n en modalidades de sencillos y dobles.<\/p>\n<p>Valle de Bravo recibir\u00e1 a dos estudiantes <strong>Zorros<\/strong>: los triatletas <strong>Rogelio Aguilar<\/strong> y <strong>Dacia Ur\u00edas<\/strong>. El peso mediano <strong>Alfonso M\u00e1rquez<\/strong> entrar\u00e1 al tatami del<strong> taekwondo<\/strong>. Finalmente, el sablista <strong>Kevin Madrid<\/strong> buscar\u00e1 la gloria deportiva en <strong>esgrima<\/strong>.<\/p>\n<p>La <strong>Universiada Nacional \u201cUAEM 2018\u201d<\/strong> tendr\u00e1 a <strong>CETYS<\/strong> en la mira del 24 de abril al 8 de mayo.<\/p>\n<div id=\"attachment_110530\" style=\"width: 1009px\" class=\"wp-caption aligncenter\"><a href=\"https:\/\/www.cetys.mx\/noticias\/wp-content\/uploads\/2018\/03\/KEVIN_MADRID-e1521688322639.jpg\"><img loading=\"lazy\" decoding=\"async\" aria-describedby=\"caption-attachment-110530\" class=\"size-full wp-image-110530\" src=\"https:\/\/www.cetys.mx\/noticias\/wp-content\/uploads\/2018\/03\/KEVIN_MADRID-e1521688322639.jpg\" alt=\"Kevin Madrid (a la derecha) est\u00e1 listo con el sable.\" width=\"999\" height=\"637\" \/><\/a><p id=\"caption-attachment-110530\" class=\"wp-caption-text\">Kevin Madrid (a la derecha) est\u00e1 listo con el sable.<\/p><\/div>\n<p>&nbsp;<\/p>\n<p><strong><u>CETYS en la Universiada Nacional<\/u><\/strong><\/p>\n<p>&nbsp;<\/p>\n<p><strong>B\u00e1squetbol (del 24 al 29 de abril en Toluca)<\/strong><\/p>\n<p>-Equipo Femenil<\/p>\n<p>-Equipo Varonil<\/p>\n<p>&nbsp;<\/p>\n<p><strong>Tiro con arco (del 6 al 8 de mayo en Toluca)<\/strong><\/p>\n<p>-Humberto Arellano Papachoris (Recurvo Varonil)<\/p>\n<p>-Gabriel Orihuela (Compuesto Varonil)<\/p>\n<p>-Rebeca M\u00e1rquez (Recurvo Femenil)<\/p>\n<p>&nbsp;<\/p>\n<p><strong>Taekwondo (24 y 25 de abril en Toluca)<\/strong><\/p>\n<p>-Alfonso M\u00e1rquez (Peso Mediano\/Varonil)<\/p>\n<p>&nbsp;<\/p>\n<p><strong>Esgrima (del 6 al 8 de mayo en Toluca)<\/strong><\/p>\n<p>-Kevin Madrid (Sable Varonil)<\/p>\n<p>&nbsp;<\/p>\n<p><strong>Tenis (del 24 al 27 de abril en Toluca)<\/strong><\/p>\n<p>-Emiliano Santana (varonil)<\/p>\n<p>-Sergio de la Garza (varonil)<\/p>\n<p>-Dobles Varonil<\/p>\n<div id=\"attachment_110744\" style=\"width: 966px\" class=\"wp-caption aligncenter\"><a href=\"https:\/\/www.cetys.mx\/noticias\/wp-content\/uploads\/2018\/04\/dia1obregon-34-e1522874297522.jpg\"><img loading=\"lazy\" decoding=\"async\" aria-describedby=\"caption-attachment-110744\" class=\"size-full wp-image-110744\" src=\"https:\/\/www.cetys.mx\/noticias\/wp-content\/uploads\/2018\/04\/dia1obregon-34-e1522874297522.jpg\" alt=\"Juli\u00e1n Higuera intentar\u00e1 ganar dos mesallas de oro. \" width=\"956\" height=\"637\" \/><\/a><p id=\"caption-attachment-110744\" class=\"wp-caption-text\">Juli\u00e1n Higuera intentar\u00e1 ganar dos mesallas de oro.<\/p><\/div>\n<p><strong>Atletismo (del 24 al 26 de abril en Toluca)<\/strong><\/p>\n<p>-Juli\u00e1n Higuera (lanzamiento de disco, lanzamiento de bala)<\/p>\n<p>-Renee V\u00e1zquez (lanzamiento de martillo)<\/p>\n<p>-Lili\u00e1n Borja (heptatl\u00f3n)<\/p>\n<p>-Alma Pollorena (lanzamiento de disco)<\/p>\n<p>-Maritza Carre\u00f3n (100 metros con vallas)<\/p>\n<p>&nbsp;<\/p>\n<p><strong>Triatl\u00f3n (28 de abril en Valle de Bravo)<\/strong><\/p>\n<p>-Rogelio Aguilar<\/p>\n<p>-Dacia Ur\u00edas<\/p>\n<p>&nbsp;<\/p>\n<p><strong>F\u00fatbol bandera (del 28 de abril al 2 de mayo en Toluca)<\/strong><\/p>\n<p>-Equipo Femenil<\/p>\n<p>&nbsp;<\/p>\n<p><strong>Voleibol (del 3 al 8 de mayo en Toluca)<\/strong><\/p>\n<p>-Equipo Varonil<\/p>\n<div id=\"attachment_110192\" style=\"width: 966px\" class=\"wp-caption aligncenter\"><a href=\"https:\/\/www.cetys.mx\/noticias\/wp-content\/uploads\/2018\/03\/regional_previa_cetys-3-e1521230769879.jpg\"><img loading=\"lazy\" decoding=\"async\" aria-describedby=\"caption-attachment-110192\" class=\"size-full wp-image-110192\" src=\"https:\/\/www.cetys.mx\/noticias\/wp-content\/uploads\/2018\/03\/regional_previa_cetys-3-e1521230769879.jpg\" alt=\"Voleibolistas van por la cima del podio en Toluca. \" width=\"956\" height=\"637\" \/><\/a><p id=\"caption-attachment-110192\" class=\"wp-caption-text\">Voleibolistas van por la cima del podio en Toluca.<\/p><\/div>\n","protected":false},"excerpt":{"rendered":"<p>Decenas de\u00a0estudiantes representar\u00e1n a CETYS Universidad en la pr\u00f3xima edici\u00f3n de Universiada Nacional 2018, evento avalado por el CONDDE (Consejo Nacional del&#8230;<\/p>\n","protected":false},"author":26,"featured_media":110746,"comment_status":"open","ping_status":"closed","sticky":false,"template":"","format":"standard","meta":{"footnotes":""},"categories":[312,209,105,313],"tags":[566,438,233,1309,1649,616,2228,567,1426,730,2308,658],"class_list":["post-110743","post","type-post","status-publish","format-standard","has-post-thumbnail","hentry","category-deportes","category-institucional","category-vida-estudiantil","category-vocetys-2","tag-atletismo","tag-basquetbol","tag-deportes","tag-esgrima","tag-futbol-bandera","tag-taekwondo","tag-tenis","tag-tiro-con-arco","tag-triatlon","tag-universiada-nacional","tag-vocetys-2018-04-13","tag-voleibol","univesidades-cetys"],"yoast_head":"<!-- This site is optimized with the Yoast SEO plugin v27.4 - https:\/\/yoast.com\/product\/yoast-seo-wordpress\/ -->\n<title>CETYS con destino a Universiada Nacional 2018 - CETYS<\/title>\n<meta name=\"description\" content=\"Articulo sobre CETYS con destino a Universiada Nacional 2018\" \/>\n<meta name=\"robots\" content=\"index, follow, max-snippet:-1, max-image-preview:large, max-video-preview:-1\" \/>\n<link rel=\"canonical\" href=\"https:\/\/www.cetys.mx\/noticias\/cetys-destino-un2018\/\" \/>\n<meta property=\"og:locale\" content=\"es_MX\" \/>\n<meta property=\"og:type\" content=\"article\" \/>\n<meta property=\"og:title\" content=\"CETYS con destino a Universiada Nacional 2018 - CETYS\" \/>\n<meta property=\"og:description\" content=\"Articulo sobre CETYS con destino a Universiada Nacional 2018\" \/>\n<meta property=\"og:url\" content=\"https:\/\/www.cetys.mx\/noticias\/cetys-destino-un2018\/\" \/>\n<meta property=\"og:site_name\" content=\"CETYS\" \/>\n<meta property=\"article:publisher\" content=\"https:\/\/www.facebook.com\/cetysuniversidadmxl\/\" \/>\n<meta property=\"article:published_time\" content=\"2018-04-04T21:00:41+00:00\" \/>\n<meta property=\"article:modified_time\" content=\"2018-04-13T16:01:51+00:00\" \/>\n<meta property=\"og:image\" content=\"https:\/\/www.cetys.mx\/noticias\/wp-content\/uploads\/2018\/04\/dia1obregon-92-e1522875402860.jpg\" \/>\n\t<meta property=\"og:image:width\" content=\"953\" \/>\n\t<meta property=\"og:image:height\" content=\"637\" \/>\n\t<meta property=\"og:image:type\" content=\"image\/jpeg\" \/>\n<meta name=\"author\" content=\"CETYS Institucional\" \/>\n<meta name=\"twitter:card\" content=\"summary_large_image\" \/>\n<meta name=\"twitter:creator\" content=\"@cetysuni\" \/>\n<meta name=\"twitter:site\" content=\"@cetysuni\" \/>\n<meta name=\"twitter:label1\" content=\"Escrito por\" \/>\n\t<meta name=\"twitter:data1\" content=\"CETYS Institucional\" \/>\n\t<meta name=\"twitter:label2\" content=\"Tiempo de lectura\" \/>\n\t<meta name=\"twitter:data2\" content=\"3 minutos\" \/>\n<script type=\"application\/ld+json\" class=\"yoast-schema-graph\">{\"@context\":\"https:\\\/\\\/schema.org\",\"@graph\":[{\"@type\":\"Article\",\"@id\":\"https:\\\/\\\/www.cetys.mx\\\/noticias\\\/cetys-destino-un2018\\\/#article\",\"isPartOf\":{\"@id\":\"https:\\\/\\\/www.cetys.mx\\\/noticias\\\/cetys-destino-un2018\\\/\"},\"author\":{\"name\":\"CETYS Institucional\",\"@id\":\"https:\\\/\\\/www.cetys.mx\\\/noticias\\\/#\\\/schema\\\/person\\\/e9d2b35265b64aa454df57a2828eb2ac\"},\"headline\":\"CETYS con destino a Universiada Nacional 2018\",\"datePublished\":\"2018-04-04T21:00:41+00:00\",\"dateModified\":\"2018-04-13T16:01:51+00:00\",\"mainEntityOfPage\":{\"@id\":\"https:\\\/\\\/www.cetys.mx\\\/noticias\\\/cetys-destino-un2018\\\/\"},\"wordCount\":528,\"commentCount\":0,\"image\":{\"@id\":\"https:\\\/\\\/www.cetys.mx\\\/noticias\\\/cetys-destino-un2018\\\/#primaryimage\"},\"thumbnailUrl\":\"https:\\\/\\\/www.cetys.mx\\\/noticias\\\/wp-content\\\/uploads\\\/2018\\\/04\\\/dia1obregon-92-e1522875402860.jpg\",\"keywords\":[\"Atletismo\",\"Basquetbol\",\"Deportes\",\"Esgrima\",\"Futbol bandera\",\"taekwondo\",\"tenis\",\"Tiro Con Arco\",\"Triatl\u00f3n\",\"Universiada Nacional\",\"vocetys-2018-04-13\",\"voleibol\"],\"articleSection\":[\"Deportes\",\"Institucional\",\"Vida Estudiantil\",\"VoCETYS\"],\"inLanguage\":\"es\",\"potentialAction\":[{\"@type\":\"CommentAction\",\"name\":\"Comment\",\"target\":[\"https:\\\/\\\/www.cetys.mx\\\/noticias\\\/cetys-destino-un2018\\\/#respond\"]}]},{\"@type\":\"WebPage\",\"@id\":\"https:\\\/\\\/www.cetys.mx\\\/noticias\\\/cetys-destino-un2018\\\/\",\"url\":\"https:\\\/\\\/www.cetys.mx\\\/noticias\\\/cetys-destino-un2018\\\/\",\"name\":\"CETYS con destino a Universiada Nacional 2018 - CETYS\",\"isPartOf\":{\"@id\":\"https:\\\/\\\/www.cetys.mx\\\/noticias\\\/#website\"},\"primaryImageOfPage\":{\"@id\":\"https:\\\/\\\/www.cetys.mx\\\/noticias\\\/cetys-destino-un2018\\\/#primaryimage\"},\"image\":{\"@id\":\"https:\\\/\\\/www.cetys.mx\\\/noticias\\\/cetys-destino-un2018\\\/#primaryimage\"},\"thumbnailUrl\":\"https:\\\/\\\/www.cetys.mx\\\/noticias\\\/wp-content\\\/uploads\\\/2018\\\/04\\\/dia1obregon-92-e1522875402860.jpg\",\"datePublished\":\"2018-04-04T21:00:41+00:00\",\"dateModified\":\"2018-04-13T16:01:51+00:00\",\"author\":{\"@id\":\"https:\\\/\\\/www.cetys.mx\\\/noticias\\\/#\\\/schema\\\/person\\\/e9d2b35265b64aa454df57a2828eb2ac\"},\"description\":\"Articulo sobre CETYS con destino a Universiada Nacional 2018\",\"breadcrumb\":{\"@id\":\"https:\\\/\\\/www.cetys.mx\\\/noticias\\\/cetys-destino-un2018\\\/#breadcrumb\"},\"inLanguage\":\"es\",\"potentialAction\":[{\"@type\":\"ReadAction\",\"target\":[\"https:\\\/\\\/www.cetys.mx\\\/noticias\\\/cetys-destino-un2018\\\/\"]}]},{\"@type\":\"ImageObject\",\"inLanguage\":\"es\",\"@id\":\"https:\\\/\\\/www.cetys.mx\\\/noticias\\\/cetys-destino-un2018\\\/#primaryimage\",\"url\":\"https:\\\/\\\/www.cetys.mx\\\/noticias\\\/wp-content\\\/uploads\\\/2018\\\/04\\\/dia1obregon-92-e1522875402860.jpg\",\"contentUrl\":\"https:\\\/\\\/www.cetys.mx\\\/noticias\\\/wp-content\\\/uploads\\\/2018\\\/04\\\/dia1obregon-92-e1522875402860.jpg\",\"width\":953,\"height\":637,\"caption\":\"Universiada Nacional 2018\"},{\"@type\":\"BreadcrumbList\",\"@id\":\"https:\\\/\\\/www.cetys.mx\\\/noticias\\\/cetys-destino-un2018\\\/#breadcrumb\",\"itemListElement\":[{\"@type\":\"ListItem\",\"position\":1,\"name\":\"Inicio\",\"item\":\"https:\\\/\\\/www.cetys.mx\\\/noticias\\\/\"},{\"@type\":\"ListItem\",\"position\":2,\"name\":\"CETYS con destino a Universiada Nacional 2018\"}]},{\"@type\":\"WebSite\",\"@id\":\"https:\\\/\\\/www.cetys.mx\\\/noticias\\\/#website\",\"url\":\"https:\\\/\\\/www.cetys.mx\\\/noticias\\\/\",\"name\":\"CETYS\",\"description\":\"\",\"potentialAction\":[{\"@type\":\"SearchAction\",\"target\":{\"@type\":\"EntryPoint\",\"urlTemplate\":\"https:\\\/\\\/www.cetys.mx\\\/noticias\\\/?s={search_term_string}\"},\"query-input\":{\"@type\":\"PropertyValueSpecification\",\"valueRequired\":true,\"valueName\":\"search_term_string\"}}],\"inLanguage\":\"es\"},{\"@type\":\"Person\",\"@id\":\"https:\\\/\\\/www.cetys.mx\\\/noticias\\\/#\\\/schema\\\/person\\\/e9d2b35265b64aa454df57a2828eb2ac\",\"name\":\"CETYS Institucional\",\"url\":\"https:\\\/\\\/www.cetys.mx\\\/noticias\\\/author\\\/cetysinstitucional\\\/\"}]}<\/script>\n<!-- \/ Yoast SEO plugin. -->","yoast_head_json":{"title":"CETYS con destino a Universiada Nacional 2018 - CETYS","description":"Articulo sobre CETYS con destino a Universiada Nacional 2018","robots":{"index":"index","follow":"follow","max-snippet":"max-snippet:-1","max-image-preview":"max-image-preview:large","max-video-preview":"max-video-preview:-1"},"canonical":"https:\/\/www.cetys.mx\/noticias\/cetys-destino-un2018\/","og_locale":"es_MX","og_type":"article","og_title":"CETYS con destino a Universiada Nacional 2018 - CETYS","og_description":"Articulo sobre CETYS con destino a Universiada Nacional 2018","og_url":"https:\/\/www.cetys.mx\/noticias\/cetys-destino-un2018\/","og_site_name":"CETYS","article_publisher":"https:\/\/www.facebook.com\/cetysuniversidadmxl\/","article_published_time":"2018-04-04T21:00:41+00:00","article_modified_time":"2018-04-13T16:01:51+00:00","og_image":[{"width":953,"height":637,"url":"https:\/\/www.cetys.mx\/noticias\/wp-content\/uploads\/2018\/04\/dia1obregon-92-e1522875402860.jpg","type":"image\/jpeg"}],"author":"CETYS Institucional","twitter_card":"summary_large_image","twitter_creator":"@cetysuni","twitter_site":"@cetysuni","twitter_misc":{"Escrito por":"CETYS Institucional","Tiempo de lectura":"3 minutos"},"schema":{"@context":"https:\/\/schema.org","@graph":[{"@type":"Article","@id":"https:\/\/www.cetys.mx\/noticias\/cetys-destino-un2018\/#article","isPartOf":{"@id":"https:\/\/www.cetys.mx\/noticias\/cetys-destino-un2018\/"},"author":{"name":"CETYS Institucional","@id":"https:\/\/www.cetys.mx\/noticias\/#\/schema\/person\/e9d2b35265b64aa454df57a2828eb2ac"},"headline":"CETYS con destino a Universiada Nacional 2018","datePublished":"2018-04-04T21:00:41+00:00","dateModified":"2018-04-13T16:01:51+00:00","mainEntityOfPage":{"@id":"https:\/\/www.cetys.mx\/noticias\/cetys-destino-un2018\/"},"wordCount":528,"commentCount":0,"image":{"@id":"https:\/\/www.cetys.mx\/noticias\/cetys-destino-un2018\/#primaryimage"},"thumbnailUrl":"https:\/\/www.cetys.mx\/noticias\/wp-content\/uploads\/2018\/04\/dia1obregon-92-e1522875402860.jpg","keywords":["Atletismo","Basquetbol","Deportes","Esgrima","Futbol bandera","taekwondo","tenis","Tiro Con Arco","Triatl\u00f3n","Universiada Nacional","vocetys-2018-04-13","voleibol"],"articleSection":["Deportes","Institucional","Vida Estudiantil","VoCETYS"],"inLanguage":"es","potentialAction":[{"@type":"CommentAction","name":"Comment","target":["https:\/\/www.cetys.mx\/noticias\/cetys-destino-un2018\/#respond"]}]},{"@type":"WebPage","@id":"https:\/\/www.cetys.mx\/noticias\/cetys-destino-un2018\/","url":"https:\/\/www.cetys.mx\/noticias\/cetys-destino-un2018\/","name":"CETYS con destino a Universiada Nacional 2018 - CETYS","isPartOf":{"@id":"https:\/\/www.cetys.mx\/noticias\/#website"},"primaryImageOfPage":{"@id":"https:\/\/www.cetys.mx\/noticias\/cetys-destino-un2018\/#primaryimage"},"image":{"@id":"https:\/\/www.cetys.mx\/noticias\/cetys-destino-un2018\/#primaryimage"},"thumbnailUrl":"https:\/\/www.cetys.mx\/noticias\/wp-content\/uploads\/2018\/04\/dia1obregon-92-e1522875402860.jpg","datePublished":"2018-04-04T21:00:41+00:00","dateModified":"2018-04-13T16:01:51+00:00","author":{"@id":"https:\/\/www.cetys.mx\/noticias\/#\/schema\/person\/e9d2b35265b64aa454df57a2828eb2ac"},"description":"Articulo sobre CETYS con destino a Universiada Nacional 2018","breadcrumb":{"@id":"https:\/\/www.cetys.mx\/noticias\/cetys-destino-un2018\/#breadcrumb"},"inLanguage":"es","potentialAction":[{"@type":"ReadAction","target":["https:\/\/www.cetys.mx\/noticias\/cetys-destino-un2018\/"]}]},{"@type":"ImageObject","inLanguage":"es","@id":"https:\/\/www.cetys.mx\/noticias\/cetys-destino-un2018\/#primaryimage","url":"https:\/\/www.cetys.mx\/noticias\/wp-content\/uploads\/2018\/04\/dia1obregon-92-e1522875402860.jpg","contentUrl":"https:\/\/www.cetys.mx\/noticias\/wp-content\/uploads\/2018\/04\/dia1obregon-92-e1522875402860.jpg","width":953,"height":637,"caption":"Universiada Nacional 2018"},{"@type":"BreadcrumbList","@id":"https:\/\/www.cetys.mx\/noticias\/cetys-destino-un2018\/#breadcrumb","itemListElement":[{"@type":"ListItem","position":1,"name":"Inicio","item":"https:\/\/www.cetys.mx\/noticias\/"},{"@type":"ListItem","position":2,"name":"CETYS con destino a Universiada Nacional 2018"}]},{"@type":"WebSite","@id":"https:\/\/www.cetys.mx\/noticias\/#website","url":"https:\/\/www.cetys.mx\/noticias\/","name":"CETYS","description":"","potentialAction":[{"@type":"SearchAction","target":{"@type":"EntryPoint","urlTemplate":"https:\/\/www.cetys.mx\/noticias\/?s={search_term_string}"},"query-input":{"@type":"PropertyValueSpecification","valueRequired":true,"valueName":"search_term_string"}}],"inLanguage":"es"},{"@type":"Person","@id":"https:\/\/www.cetys.mx\/noticias\/#\/schema\/person\/e9d2b35265b64aa454df57a2828eb2ac","name":"CETYS Institucional","url":"https:\/\/www.cetys.mx\/noticias\/author\/cetysinstitucional\/"}]}},"_links":{"self":[{"href":"https:\/\/www.cetys.mx\/noticias\/wp-json\/wp\/v2\/posts\/110743","targetHints":{"allow":["GET"]}}],"collection":[{"href":"https:\/\/www.cetys.mx\/noticias\/wp-json\/wp\/v2\/posts"}],"about":[{"href":"https:\/\/www.cetys.mx\/noticias\/wp-json\/wp\/v2\/types\/post"}],"author":[{"embeddable":true,"href":"https:\/\/www.cetys.mx\/noticias\/wp-json\/wp\/v2\/users\/26"}],"replies":[{"embeddable":true,"href":"https:\/\/www.cetys.mx\/noticias\/wp-json\/wp\/v2\/comments?post=110743"}],"version-history":[{"count":0,"href":"https:\/\/www.cetys.mx\/noticias\/wp-json\/wp\/v2\/posts\/110743\/revisions"}],"wp:featuredmedia":[{"embeddable":true,"href":"https:\/\/www.cetys.mx\/noticias\/wp-json\/wp\/v2\/media\/110746"}],"wp:attachment":[{"href":"https:\/\/www.cetys.mx\/noticias\/wp-json\/wp\/v2\/media?parent=110743"}],"wp:term":[{"taxonomy":"category","embeddable":true,"href":"https:\/\/www.cetys.mx\/noticias\/wp-json\/wp\/v2\/categories?post=110743"},{"taxonomy":"post_tag","embeddable":true,"href":"https:\/\/www.cetys.mx\/noticias\/wp-json\/wp\/v2\/tags?post=110743"}],"curies":[{"name":"wp","href":"https:\/\/api.w.org\/{rel}","templated":true}]}}