{"id":110613,"date":"2018-03-28T11:27:02","date_gmt":"2018-03-28T18:27:02","guid":{"rendered":"http:\/\/www.cetys.mx\/noticias\/?p=110613"},"modified":"2018-04-11T17:37:14","modified_gmt":"2018-04-12T00:37:14","slug":"fideicomiso-ensenada-realiza-donativo-a-cetys","status":"publish","type":"post","link":"https:\/\/www.cetys.mx\/noticias\/fideicomiso-ensenada-realiza-donativo-a-cetys\/","title":{"rendered":"Fideicomiso de Ensenada realiza donativo a CETYS"},"content":{"rendered":"<p>El Fideicomiso de Ensenada (FIDEN), creado por Energ\u00eda Costa Azul (ECA), aprob\u00f3 la donaci\u00f3n de $2.4 millones de pesos para apoyar la construcci\u00f3n del nuevo gimnasio auditorio de CETYS Ensenada para uso en eventos acad\u00e9micos, deportivos, culturales y art\u00edsticos de la comunidad.<\/p>\n<div id=\"attachment_110615\" style=\"width: 810px\" class=\"wp-caption aligncenter\"><a href=\"https:\/\/www.cetys.mx\/noticias\/wp-content\/uploads\/2018\/03\/IMG_6408.jpg\"><img loading=\"lazy\" decoding=\"async\" aria-describedby=\"caption-attachment-110615\" class=\"size-full wp-image-110615\" src=\"https:\/\/www.cetys.mx\/noticias\/wp-content\/uploads\/2018\/03\/IMG_6408.jpg\" alt=\"Donativo FIDEN\" width=\"800\" height=\"533\" \/><\/a><p id=\"caption-attachment-110615\" class=\"wp-caption-text\">Donativo FIDEN.<\/p><\/div>\n<p>La maestra Jessica Ibarra, directora de CETYS Universidad Zona Costa, inform\u00f3 que desde la inauguraci\u00f3n del gimnasio auditorio han tenido 64 eventos deportivos con 7, 923 asistentes y 46 eventos acad\u00e9micos albergado a 11,350 personas.<\/p>\n<p>\u00c1lvaro Mu\u00f1oz, Gerente Senior de Energ\u00eda Costa Azul, se\u00f1al\u00f3 que la empresa cre\u00f3 el FIDEN precisamente para apoyar proyectos de mediano y largo plazo que tengan un beneficio directo para Ensenada.<\/p>\n<div id=\"attachment_110616\" style=\"width: 810px\" class=\"wp-caption aligncenter\"><a href=\"https:\/\/www.cetys.mx\/noticias\/wp-content\/uploads\/2018\/03\/IMG_6421.jpg\"><img loading=\"lazy\" decoding=\"async\" aria-describedby=\"caption-attachment-110616\" class=\"size-full wp-image-110616\" src=\"https:\/\/www.cetys.mx\/noticias\/wp-content\/uploads\/2018\/03\/IMG_6421.jpg\" alt=\"Directivos de IEnova, CETYS y el alcalde de Ensenada\" width=\"800\" height=\"533\" \/><\/a><p id=\"caption-attachment-110616\" class=\"wp-caption-text\">Directivos de IEnova, CETYS y el alcalde de Ensenada.<\/p><\/div>\n<p>Mario C. L\u00f3pez, gerente de asuntos externos de Energ\u00eda Costa Azul, mencion\u00f3 que a diez a\u00f1os de formado el Fideicomiso, se han otorgado donativos a 24 proyectos por cerca de $5 millones de d\u00f3lares. Record\u00f3 que Energ\u00eda Costa Azul est\u00e1 por cumplir 10 a\u00f1os y representa \u00a0una inversi\u00f3n de m\u00e1s de mil millones de d\u00f3lares, la m\u00e1s cuantiosa en la historia de Ensenada.<\/p>\n<p>Marco Antonio Novelo, Alcalde de Ensenada y Presidente del Comit\u00e9 T\u00e9cnico del FIDEN, record\u00f3 sus inicios educativos y los de su familia en CETYS Universidad, plantel que dijo, hace un gran esfuerzo para fortalecer las actividades deportivas, fundamentales en la formaci\u00f3n humana.<\/p>\n<p>&nbsp;<\/p>\n<p>&nbsp;<\/p>\n","protected":false},"excerpt":{"rendered":"<p>El Fideicomiso de Ensenada (FIDEN), creado por Energ\u00eda Costa Azul (ECA), aprob\u00f3 la donaci\u00f3n de $2.4 millones de pesos para apoyar la&#8230;<\/p>\n","protected":false},"author":23,"featured_media":110617,"comment_status":"open","ping_status":"closed","sticky":false,"template":"","format":"standard","meta":{"footnotes":""},"categories":[132,109,313],"tags":[2303],"class_list":["post-110613","post","type-post","status-publish","format-standard","has-post-thumbnail","hentry","category-campus-ensenada","category-vinculacion","category-vocetys-2","tag-vocetys-top-2018-04-12"],"yoast_head":"<!-- This site is optimized with the Yoast SEO plugin v27.4 - https:\/\/yoast.com\/product\/yoast-seo-wordpress\/ -->\n<title>Fideicomiso de Ensenada realiza donativo a CETYS - CETYS<\/title>\n<meta name=\"description\" content=\"Articulo sobre Fideicomiso de Ensenada realiza donativo a CETYS\" \/>\n<meta name=\"robots\" content=\"index, follow, max-snippet:-1, max-image-preview:large, max-video-preview:-1\" \/>\n<link rel=\"canonical\" href=\"https:\/\/www.cetys.mx\/noticias\/fideicomiso-ensenada-realiza-donativo-a-cetys\/\" \/>\n<meta property=\"og:locale\" content=\"es_MX\" \/>\n<meta property=\"og:type\" content=\"article\" \/>\n<meta property=\"og:title\" content=\"Fideicomiso de Ensenada realiza donativo a CETYS - CETYS\" \/>\n<meta property=\"og:description\" content=\"Articulo sobre Fideicomiso de Ensenada realiza donativo a CETYS\" \/>\n<meta property=\"og:url\" content=\"https:\/\/www.cetys.mx\/noticias\/fideicomiso-ensenada-realiza-donativo-a-cetys\/\" \/>\n<meta property=\"og:site_name\" content=\"CETYS\" \/>\n<meta property=\"article:publisher\" content=\"https:\/\/www.facebook.com\/cetysuniversidadmxl\/\" \/>\n<meta property=\"article:published_time\" content=\"2018-03-28T18:27:02+00:00\" \/>\n<meta property=\"article:modified_time\" content=\"2018-04-12T00:37:14+00:00\" \/>\n<meta property=\"og:image\" content=\"https:\/\/www.cetys.mx\/noticias\/wp-content\/uploads\/2018\/03\/IMG_6433.jpg\" \/>\n\t<meta property=\"og:image:width\" content=\"800\" \/>\n\t<meta property=\"og:image:height\" content=\"512\" \/>\n\t<meta property=\"og:image:type\" content=\"image\/jpeg\" \/>\n<meta name=\"author\" content=\"Campus Ensenada\" \/>\n<meta name=\"twitter:card\" content=\"summary_large_image\" \/>\n<meta name=\"twitter:creator\" content=\"@cetysuni\" \/>\n<meta name=\"twitter:site\" content=\"@cetysuni\" \/>\n<meta name=\"twitter:label1\" content=\"Escrito por\" \/>\n\t<meta name=\"twitter:data1\" content=\"Campus Ensenada\" \/>\n\t<meta name=\"twitter:label2\" content=\"Tiempo de lectura\" \/>\n\t<meta name=\"twitter:data2\" content=\"1 minuto\" \/>\n<script type=\"application\/ld+json\" class=\"yoast-schema-graph\">{\"@context\":\"https:\\\/\\\/schema.org\",\"@graph\":[{\"@type\":\"Article\",\"@id\":\"https:\\\/\\\/www.cetys.mx\\\/noticias\\\/fideicomiso-ensenada-realiza-donativo-a-cetys\\\/#article\",\"isPartOf\":{\"@id\":\"https:\\\/\\\/www.cetys.mx\\\/noticias\\\/fideicomiso-ensenada-realiza-donativo-a-cetys\\\/\"},\"author\":{\"name\":\"Campus Ensenada\",\"@id\":\"https:\\\/\\\/www.cetys.mx\\\/noticias\\\/#\\\/schema\\\/person\\\/1a1a88c0b6586e66a2e9e88e07afc712\"},\"headline\":\"Fideicomiso de Ensenada realiza donativo a CETYS\",\"datePublished\":\"2018-03-28T18:27:02+00:00\",\"dateModified\":\"2018-04-12T00:37:14+00:00\",\"mainEntityOfPage\":{\"@id\":\"https:\\\/\\\/www.cetys.mx\\\/noticias\\\/fideicomiso-ensenada-realiza-donativo-a-cetys\\\/\"},\"wordCount\":260,\"commentCount\":0,\"image\":{\"@id\":\"https:\\\/\\\/www.cetys.mx\\\/noticias\\\/fideicomiso-ensenada-realiza-donativo-a-cetys\\\/#primaryimage\"},\"thumbnailUrl\":\"https:\\\/\\\/www.cetys.mx\\\/noticias\\\/wp-content\\\/uploads\\\/2018\\\/03\\\/IMG_6433.jpg\",\"keywords\":[\"vocetys-top-2018-04-12\"],\"articleSection\":[\"Campus Ensenada\",\"Vinculaci\u00f3n\",\"VoCETYS\"],\"inLanguage\":\"es\",\"potentialAction\":[{\"@type\":\"CommentAction\",\"name\":\"Comment\",\"target\":[\"https:\\\/\\\/www.cetys.mx\\\/noticias\\\/fideicomiso-ensenada-realiza-donativo-a-cetys\\\/#respond\"]}]},{\"@type\":\"WebPage\",\"@id\":\"https:\\\/\\\/www.cetys.mx\\\/noticias\\\/fideicomiso-ensenada-realiza-donativo-a-cetys\\\/\",\"url\":\"https:\\\/\\\/www.cetys.mx\\\/noticias\\\/fideicomiso-ensenada-realiza-donativo-a-cetys\\\/\",\"name\":\"Fideicomiso de Ensenada realiza donativo a CETYS - CETYS\",\"isPartOf\":{\"@id\":\"https:\\\/\\\/www.cetys.mx\\\/noticias\\\/#website\"},\"primaryImageOfPage\":{\"@id\":\"https:\\\/\\\/www.cetys.mx\\\/noticias\\\/fideicomiso-ensenada-realiza-donativo-a-cetys\\\/#primaryimage\"},\"image\":{\"@id\":\"https:\\\/\\\/www.cetys.mx\\\/noticias\\\/fideicomiso-ensenada-realiza-donativo-a-cetys\\\/#primaryimage\"},\"thumbnailUrl\":\"https:\\\/\\\/www.cetys.mx\\\/noticias\\\/wp-content\\\/uploads\\\/2018\\\/03\\\/IMG_6433.jpg\",\"datePublished\":\"2018-03-28T18:27:02+00:00\",\"dateModified\":\"2018-04-12T00:37:14+00:00\",\"author\":{\"@id\":\"https:\\\/\\\/www.cetys.mx\\\/noticias\\\/#\\\/schema\\\/person\\\/1a1a88c0b6586e66a2e9e88e07afc712\"},\"description\":\"Articulo sobre Fideicomiso de Ensenada realiza donativo a CETYS\",\"breadcrumb\":{\"@id\":\"https:\\\/\\\/www.cetys.mx\\\/noticias\\\/fideicomiso-ensenada-realiza-donativo-a-cetys\\\/#breadcrumb\"},\"inLanguage\":\"es\",\"potentialAction\":[{\"@type\":\"ReadAction\",\"target\":[\"https:\\\/\\\/www.cetys.mx\\\/noticias\\\/fideicomiso-ensenada-realiza-donativo-a-cetys\\\/\"]}]},{\"@type\":\"ImageObject\",\"inLanguage\":\"es\",\"@id\":\"https:\\\/\\\/www.cetys.mx\\\/noticias\\\/fideicomiso-ensenada-realiza-donativo-a-cetys\\\/#primaryimage\",\"url\":\"https:\\\/\\\/www.cetys.mx\\\/noticias\\\/wp-content\\\/uploads\\\/2018\\\/03\\\/IMG_6433.jpg\",\"contentUrl\":\"https:\\\/\\\/www.cetys.mx\\\/noticias\\\/wp-content\\\/uploads\\\/2018\\\/03\\\/IMG_6433.jpg\",\"width\":800,\"height\":512,\"caption\":\"Directivos de IEnova, CETYS, alcalde de Ensenada y alumnos.\"},{\"@type\":\"BreadcrumbList\",\"@id\":\"https:\\\/\\\/www.cetys.mx\\\/noticias\\\/fideicomiso-ensenada-realiza-donativo-a-cetys\\\/#breadcrumb\",\"itemListElement\":[{\"@type\":\"ListItem\",\"position\":1,\"name\":\"Inicio\",\"item\":\"https:\\\/\\\/www.cetys.mx\\\/noticias\\\/\"},{\"@type\":\"ListItem\",\"position\":2,\"name\":\"Fideicomiso de Ensenada realiza donativo a CETYS\"}]},{\"@type\":\"WebSite\",\"@id\":\"https:\\\/\\\/www.cetys.mx\\\/noticias\\\/#website\",\"url\":\"https:\\\/\\\/www.cetys.mx\\\/noticias\\\/\",\"name\":\"CETYS\",\"description\":\"\",\"potentialAction\":[{\"@type\":\"SearchAction\",\"target\":{\"@type\":\"EntryPoint\",\"urlTemplate\":\"https:\\\/\\\/www.cetys.mx\\\/noticias\\\/?s={search_term_string}\"},\"query-input\":{\"@type\":\"PropertyValueSpecification\",\"valueRequired\":true,\"valueName\":\"search_term_string\"}}],\"inLanguage\":\"es\"},{\"@type\":\"Person\",\"@id\":\"https:\\\/\\\/www.cetys.mx\\\/noticias\\\/#\\\/schema\\\/person\\\/1a1a88c0b6586e66a2e9e88e07afc712\",\"name\":\"Campus Ensenada\",\"url\":\"https:\\\/\\\/www.cetys.mx\\\/noticias\\\/author\\\/campusensenada\\\/\"}]}<\/script>\n<!-- \/ Yoast SEO plugin. -->","yoast_head_json":{"title":"Fideicomiso de Ensenada realiza donativo a CETYS - CETYS","description":"Articulo sobre Fideicomiso de Ensenada realiza donativo a CETYS","robots":{"index":"index","follow":"follow","max-snippet":"max-snippet:-1","max-image-preview":"max-image-preview:large","max-video-preview":"max-video-preview:-1"},"canonical":"https:\/\/www.cetys.mx\/noticias\/fideicomiso-ensenada-realiza-donativo-a-cetys\/","og_locale":"es_MX","og_type":"article","og_title":"Fideicomiso de Ensenada realiza donativo a CETYS - CETYS","og_description":"Articulo sobre Fideicomiso de Ensenada realiza donativo a CETYS","og_url":"https:\/\/www.cetys.mx\/noticias\/fideicomiso-ensenada-realiza-donativo-a-cetys\/","og_site_name":"CETYS","article_publisher":"https:\/\/www.facebook.com\/cetysuniversidadmxl\/","article_published_time":"2018-03-28T18:27:02+00:00","article_modified_time":"2018-04-12T00:37:14+00:00","og_image":[{"width":800,"height":512,"url":"https:\/\/www.cetys.mx\/noticias\/wp-content\/uploads\/2018\/03\/IMG_6433.jpg","type":"image\/jpeg"}],"author":"Campus Ensenada","twitter_card":"summary_large_image","twitter_creator":"@cetysuni","twitter_site":"@cetysuni","twitter_misc":{"Escrito por":"Campus Ensenada","Tiempo de lectura":"1 minuto"},"schema":{"@context":"https:\/\/schema.org","@graph":[{"@type":"Article","@id":"https:\/\/www.cetys.mx\/noticias\/fideicomiso-ensenada-realiza-donativo-a-cetys\/#article","isPartOf":{"@id":"https:\/\/www.cetys.mx\/noticias\/fideicomiso-ensenada-realiza-donativo-a-cetys\/"},"author":{"name":"Campus Ensenada","@id":"https:\/\/www.cetys.mx\/noticias\/#\/schema\/person\/1a1a88c0b6586e66a2e9e88e07afc712"},"headline":"Fideicomiso de Ensenada realiza donativo a CETYS","datePublished":"2018-03-28T18:27:02+00:00","dateModified":"2018-04-12T00:37:14+00:00","mainEntityOfPage":{"@id":"https:\/\/www.cetys.mx\/noticias\/fideicomiso-ensenada-realiza-donativo-a-cetys\/"},"wordCount":260,"commentCount":0,"image":{"@id":"https:\/\/www.cetys.mx\/noticias\/fideicomiso-ensenada-realiza-donativo-a-cetys\/#primaryimage"},"thumbnailUrl":"https:\/\/www.cetys.mx\/noticias\/wp-content\/uploads\/2018\/03\/IMG_6433.jpg","keywords":["vocetys-top-2018-04-12"],"articleSection":["Campus Ensenada","Vinculaci\u00f3n","VoCETYS"],"inLanguage":"es","potentialAction":[{"@type":"CommentAction","name":"Comment","target":["https:\/\/www.cetys.mx\/noticias\/fideicomiso-ensenada-realiza-donativo-a-cetys\/#respond"]}]},{"@type":"WebPage","@id":"https:\/\/www.cetys.mx\/noticias\/fideicomiso-ensenada-realiza-donativo-a-cetys\/","url":"https:\/\/www.cetys.mx\/noticias\/fideicomiso-ensenada-realiza-donativo-a-cetys\/","name":"Fideicomiso de Ensenada realiza donativo a CETYS - CETYS","isPartOf":{"@id":"https:\/\/www.cetys.mx\/noticias\/#website"},"primaryImageOfPage":{"@id":"https:\/\/www.cetys.mx\/noticias\/fideicomiso-ensenada-realiza-donativo-a-cetys\/#primaryimage"},"image":{"@id":"https:\/\/www.cetys.mx\/noticias\/fideicomiso-ensenada-realiza-donativo-a-cetys\/#primaryimage"},"thumbnailUrl":"https:\/\/www.cetys.mx\/noticias\/wp-content\/uploads\/2018\/03\/IMG_6433.jpg","datePublished":"2018-03-28T18:27:02+00:00","dateModified":"2018-04-12T00:37:14+00:00","author":{"@id":"https:\/\/www.cetys.mx\/noticias\/#\/schema\/person\/1a1a88c0b6586e66a2e9e88e07afc712"},"description":"Articulo sobre Fideicomiso de Ensenada realiza donativo a CETYS","breadcrumb":{"@id":"https:\/\/www.cetys.mx\/noticias\/fideicomiso-ensenada-realiza-donativo-a-cetys\/#breadcrumb"},"inLanguage":"es","potentialAction":[{"@type":"ReadAction","target":["https:\/\/www.cetys.mx\/noticias\/fideicomiso-ensenada-realiza-donativo-a-cetys\/"]}]},{"@type":"ImageObject","inLanguage":"es","@id":"https:\/\/www.cetys.mx\/noticias\/fideicomiso-ensenada-realiza-donativo-a-cetys\/#primaryimage","url":"https:\/\/www.cetys.mx\/noticias\/wp-content\/uploads\/2018\/03\/IMG_6433.jpg","contentUrl":"https:\/\/www.cetys.mx\/noticias\/wp-content\/uploads\/2018\/03\/IMG_6433.jpg","width":800,"height":512,"caption":"Directivos de IEnova, CETYS, alcalde de Ensenada y alumnos."},{"@type":"BreadcrumbList","@id":"https:\/\/www.cetys.mx\/noticias\/fideicomiso-ensenada-realiza-donativo-a-cetys\/#breadcrumb","itemListElement":[{"@type":"ListItem","position":1,"name":"Inicio","item":"https:\/\/www.cetys.mx\/noticias\/"},{"@type":"ListItem","position":2,"name":"Fideicomiso de Ensenada realiza donativo a CETYS"}]},{"@type":"WebSite","@id":"https:\/\/www.cetys.mx\/noticias\/#website","url":"https:\/\/www.cetys.mx\/noticias\/","name":"CETYS","description":"","potentialAction":[{"@type":"SearchAction","target":{"@type":"EntryPoint","urlTemplate":"https:\/\/www.cetys.mx\/noticias\/?s={search_term_string}"},"query-input":{"@type":"PropertyValueSpecification","valueRequired":true,"valueName":"search_term_string"}}],"inLanguage":"es"},{"@type":"Person","@id":"https:\/\/www.cetys.mx\/noticias\/#\/schema\/person\/1a1a88c0b6586e66a2e9e88e07afc712","name":"Campus Ensenada","url":"https:\/\/www.cetys.mx\/noticias\/author\/campusensenada\/"}]}},"_links":{"self":[{"href":"https:\/\/www.cetys.mx\/noticias\/wp-json\/wp\/v2\/posts\/110613","targetHints":{"allow":["GET"]}}],"collection":[{"href":"https:\/\/www.cetys.mx\/noticias\/wp-json\/wp\/v2\/posts"}],"about":[{"href":"https:\/\/www.cetys.mx\/noticias\/wp-json\/wp\/v2\/types\/post"}],"author":[{"embeddable":true,"href":"https:\/\/www.cetys.mx\/noticias\/wp-json\/wp\/v2\/users\/23"}],"replies":[{"embeddable":true,"href":"https:\/\/www.cetys.mx\/noticias\/wp-json\/wp\/v2\/comments?post=110613"}],"version-history":[{"count":0,"href":"https:\/\/www.cetys.mx\/noticias\/wp-json\/wp\/v2\/posts\/110613\/revisions"}],"wp:featuredmedia":[{"embeddable":true,"href":"https:\/\/www.cetys.mx\/noticias\/wp-json\/wp\/v2\/media\/110617"}],"wp:attachment":[{"href":"https:\/\/www.cetys.mx\/noticias\/wp-json\/wp\/v2\/media?parent=110613"}],"wp:term":[{"taxonomy":"category","embeddable":true,"href":"https:\/\/www.cetys.mx\/noticias\/wp-json\/wp\/v2\/categories?post=110613"},{"taxonomy":"post_tag","embeddable":true,"href":"https:\/\/www.cetys.mx\/noticias\/wp-json\/wp\/v2\/tags?post=110613"}],"curies":[{"name":"wp","href":"https:\/\/api.w.org\/{rel}","templated":true}]}}