{"id":110580,"date":"2018-03-24T23:39:59","date_gmt":"2018-03-25T06:39:59","guid":{"rendered":"http:\/\/www.cetys.mx\/noticias\/?p=110580"},"modified":"2018-03-24T23:39:59","modified_gmt":"2018-03-25T06:39:59","slug":"aumenta-lista-zorros-un2018","status":"publish","type":"post","link":"https:\/\/www.cetys.mx\/noticias\/aumenta-lista-zorros-un2018\/","title":{"rendered":"Aumenta lista de Zorros clasificados a Universiada Nacional"},"content":{"rendered":"<p align=\"justify\"><strong>Cd. Obreg\u00f3n, Sonora.-<\/strong>\u00a0Siete oportunidades m\u00e1s tendr\u00e1 <strong>CETYS Universidad<\/strong> para subir al podio de <strong>Universiada Nacional CONDDE 2018<\/strong>, luego de finalizar la pen\u00faltima jornada de eliminatorias en tierras sonorenses; hasta el momento, una veintena de estudiantes-deportistas har\u00e1 el viaje al magno evento.<\/p>\n<p align=\"justify\">En atletismo, <strong>Lili\u00e1n Borja<\/strong> fue ampliamente dominante en la prueba de heptatl\u00f3n con una suma impresionante de 5 mil 510 puntos (marca nacional universitaria). <strong>Alma Pollorena<\/strong> no se qued\u00f3 atr\u00e1s y consigui\u00f3 su boleto tras proclamarse campeona regional; 51.48 metros que no dej\u00f3 dudas de su preparaci\u00f3n.<\/p>\n<div id=\"attachment_110582\" style=\"width: 647px\" class=\"wp-caption alignnone\"><a href=\"https:\/\/www.cetys.mx\/noticias\/wp-content\/uploads\/2018\/03\/28947056_10155060659081152_7245261923083854981_o-e1521959449216.jpg\"><img loading=\"lazy\" decoding=\"async\" aria-describedby=\"caption-attachment-110582\" class=\"size-full wp-image-110582\" src=\"https:\/\/www.cetys.mx\/noticias\/wp-content\/uploads\/2018\/03\/28947056_10155060659081152_7245261923083854981_o-e1521959449216.jpg\" alt=\"Alma Pollorena domina el lanzamiento de disco. \" width=\"637\" height=\"956\" \/><\/a><p id=\"caption-attachment-110582\" class=\"wp-caption-text\">Alma Pollorena domina el lanzamiento de disco.<\/p><\/div>\n<p align=\"justify\"><em>&#8220;Ser\u00e1 mi primera Universiada Nacional, estoy contenta y orgullosa de representar a CETYS en este evento. Vine para mejorar mi marca personal y no lo consegu\u00ed, pero quedamos en primer sitio y habr\u00e1 tiempo para seguirnos superando. Quiero tambi\u00e9n que (esta fase que viene) sea mi preparaci\u00f3n hacia Juegos Centroamericanos y del Caribe&#8221;<\/em>, asegur\u00f3 <strong>Pollorena<\/strong>.<\/p>\n<p align=\"justify\"><strong>Maritza Carre\u00f3n<\/strong> se uni\u00f3 al grupo que sale feliz de Cd. Obreg\u00f3n en la prueba de 100 metros con vallas, donde clasific\u00f3 con tiempo de 14.43 segundos. <strong>Juli\u00e1n Higuera<\/strong>, quien ya hab\u00eda avanzado en lanzamiento de disco, lo hizo tambi\u00e9n en bala con 15.27 y se coloc\u00f3 en el segundo sitio de la lista selecta.<\/p>\n<p align=\"justify\"><em>&#8220;Fue una carrera segura (sin fallas), por lo que me siento contenta por lograr el objetivo<\/em> -agreg\u00f3 <strong>Carre\u00f3n<\/strong>-. <em>Este es resultado de un a\u00f1o completo de entrenamiento y seguimos en la mira de una medalla de oro en la siguiente etapa. Hay que ser positivos, pero sin dejar de prepararse&#8221;.<\/em><\/p>\n<div id=\"attachment_110583\" style=\"width: 647px\" class=\"wp-caption alignnone\"><a href=\"https:\/\/www.cetys.mx\/noticias\/wp-content\/uploads\/2018\/03\/28946994_10155060684316152_5024999863762898420_o-e1521959615367.jpg\"><img loading=\"lazy\" decoding=\"async\" aria-describedby=\"caption-attachment-110583\" class=\"size-full wp-image-110583\" src=\"https:\/\/www.cetys.mx\/noticias\/wp-content\/uploads\/2018\/03\/28946994_10155060684316152_5024999863762898420_o-e1521959615367.jpg\" alt=\"Juli\u00e1n Higuera ira a la Etapa Nacional en dos pruebas.\" width=\"637\" height=\"956\" \/><\/a><p id=\"caption-attachment-110583\" class=\"wp-caption-text\">Juli\u00e1n Higuera ira a la Etapa Nacional en dos pruebas.<\/p><\/div>\n<p align=\"justify\"><strong>HAY CONTINUIDAD EN TRIATL\u00d3N Y TOCHITO<\/strong><\/p>\n<p align=\"justify\">Los triatletas <strong>Rogelio Aguilar<\/strong> y <strong>Dacia Ur\u00edas<\/strong> tuvieron un buen amanecer en las instalaciones deportivas del ITSON (Instituto Tecnol\u00f3gico de Sonora), pues se instalaron entre los convocados a la gran justa nacional; ambos ya tuvieron una experiencia similar en 2017.<\/p>\n<p align=\"justify\"><em>&#8220;Me sent\u00ed muy bien en nataci\u00f3n, que es mi fuerte; era momento de aprovechar eso para cerrar suficientemente bien con ciclismo y carrera. Ya conocemos lo que es el Nacional y estoy seguro que llegaremos mejor que antes&#8221;<\/em>, abund\u00f3 <strong>Aguilar<\/strong>.<\/p>\n<p align=\"justify\">Para terminar, el equipo de f\u00fatbol bandera (tochito o flag football) gan\u00f3 sus tres partidos con contundencia: 25-7 a Unison, 59-0 a UAS y 27-13 a ITSON. Con estos resultados, las pupilas de <strong>Alan L\u00f3pez Valenzuela<\/strong> avanzaron como campeonas de <strong>Universiada Regional.<\/strong><\/p>\n<div id=\"attachment_110581\" style=\"width: 966px\" class=\"wp-caption alignnone\"><a href=\"https:\/\/www.cetys.mx\/noticias\/wp-content\/uploads\/2018\/03\/28947581_10155060665741152_6557720044253611211_o-e1521959191953.jpg\"><img loading=\"lazy\" decoding=\"async\" aria-describedby=\"caption-attachment-110581\" class=\"size-full wp-image-110581\" src=\"https:\/\/www.cetys.mx\/noticias\/wp-content\/uploads\/2018\/03\/28947581_10155060665741152_6557720044253611211_o-e1521959191953.jpg\" alt=\"Las jugadoras de futbol bandera se van invictas de tierras sonorenses. \" width=\"956\" height=\"637\" \/><\/a><p id=\"caption-attachment-110581\" class=\"wp-caption-text\">Las jugadoras de futbol bandera se van invictas de tierras sonorenses.<\/p><\/div>\n","protected":false},"excerpt":{"rendered":"<p>Cd. Obreg\u00f3n, Sonora.-\u00a0Siete oportunidades m\u00e1s tendr\u00e1 CETYS Universidad para subir al podio de Universiada Nacional CONDDE 2018, luego de finalizar la pen\u00faltima&#8230;<\/p>\n","protected":false},"author":26,"featured_media":110584,"comment_status":"open","ping_status":"closed","sticky":false,"template":"","format":"standard","meta":{"footnotes":""},"categories":[312,131,209,105,313],"tags":[566,233,1649,1426,730,1425],"class_list":["post-110580","post","type-post","status-publish","format-standard","has-post-thumbnail","hentry","category-deportes","category-eventos","category-institucional","category-vida-estudiantil","category-vocetys-2","tag-atletismo","tag-deportes","tag-futbol-bandera","tag-triatlon","tag-universiada-nacional","tag-universiada-regional","univesidades-cetys"],"yoast_head":"<!-- This site is optimized with the Yoast SEO plugin v27.4 - https:\/\/yoast.com\/product\/yoast-seo-wordpress\/ -->\n<title>Aumenta lista de Zorros clasificados a Universiada Nacional - CETYS<\/title>\n<meta name=\"description\" content=\"Articulo sobre Aumenta lista de Zorros clasificados a Universiada Nacional\" \/>\n<meta name=\"robots\" content=\"index, follow, max-snippet:-1, max-image-preview:large, max-video-preview:-1\" \/>\n<link rel=\"canonical\" href=\"https:\/\/www.cetys.mx\/noticias\/aumenta-lista-zorros-un2018\/\" \/>\n<meta property=\"og:locale\" content=\"es_MX\" \/>\n<meta property=\"og:type\" content=\"article\" \/>\n<meta property=\"og:title\" content=\"Aumenta lista de Zorros clasificados a Universiada Nacional - CETYS\" \/>\n<meta property=\"og:description\" content=\"Articulo sobre Aumenta lista de Zorros clasificados a Universiada Nacional\" \/>\n<meta property=\"og:url\" content=\"https:\/\/www.cetys.mx\/noticias\/aumenta-lista-zorros-un2018\/\" \/>\n<meta property=\"og:site_name\" content=\"CETYS\" \/>\n<meta property=\"article:publisher\" content=\"https:\/\/www.facebook.com\/cetysuniversidadmxl\/\" \/>\n<meta property=\"article:published_time\" content=\"2018-03-25T06:39:59+00:00\" \/>\n<meta property=\"og:image\" content=\"https:\/\/www.cetys.mx\/noticias\/wp-content\/uploads\/2018\/03\/28947423_10155060661501152_875915298565713822_o-e1521959895680.jpg\" \/>\n\t<meta property=\"og:image:width\" content=\"956\" \/>\n\t<meta property=\"og:image:height\" content=\"637\" \/>\n\t<meta property=\"og:image:type\" content=\"image\/jpeg\" \/>\n<meta name=\"author\" content=\"CETYS Institucional\" \/>\n<meta name=\"twitter:card\" content=\"summary_large_image\" \/>\n<meta name=\"twitter:creator\" content=\"@cetysuni\" \/>\n<meta name=\"twitter:site\" content=\"@cetysuni\" \/>\n<meta name=\"twitter:label1\" content=\"Escrito por\" \/>\n\t<meta name=\"twitter:data1\" content=\"CETYS Institucional\" \/>\n\t<meta name=\"twitter:label2\" content=\"Tiempo de lectura\" \/>\n\t<meta name=\"twitter:data2\" content=\"2 minutos\" \/>\n<script type=\"application\/ld+json\" class=\"yoast-schema-graph\">{\"@context\":\"https:\\\/\\\/schema.org\",\"@graph\":[{\"@type\":\"Article\",\"@id\":\"https:\\\/\\\/www.cetys.mx\\\/noticias\\\/aumenta-lista-zorros-un2018\\\/#article\",\"isPartOf\":{\"@id\":\"https:\\\/\\\/www.cetys.mx\\\/noticias\\\/aumenta-lista-zorros-un2018\\\/\"},\"author\":{\"name\":\"CETYS Institucional\",\"@id\":\"https:\\\/\\\/www.cetys.mx\\\/noticias\\\/#\\\/schema\\\/person\\\/e9d2b35265b64aa454df57a2828eb2ac\"},\"headline\":\"Aumenta lista de Zorros clasificados a Universiada Nacional\",\"datePublished\":\"2018-03-25T06:39:59+00:00\",\"mainEntityOfPage\":{\"@id\":\"https:\\\/\\\/www.cetys.mx\\\/noticias\\\/aumenta-lista-zorros-un2018\\\/\"},\"wordCount\":450,\"commentCount\":0,\"image\":{\"@id\":\"https:\\\/\\\/www.cetys.mx\\\/noticias\\\/aumenta-lista-zorros-un2018\\\/#primaryimage\"},\"thumbnailUrl\":\"https:\\\/\\\/www.cetys.mx\\\/noticias\\\/wp-content\\\/uploads\\\/2018\\\/03\\\/28947423_10155060661501152_875915298565713822_o-e1521959895680.jpg\",\"keywords\":[\"Atletismo\",\"Deportes\",\"Futbol bandera\",\"Triatl\u00f3n\",\"Universiada Nacional\",\"Universiada Regional\"],\"articleSection\":[\"Deportes\",\"Eventos\",\"Institucional\",\"Vida Estudiantil\",\"VoCETYS\"],\"inLanguage\":\"es\",\"potentialAction\":[{\"@type\":\"CommentAction\",\"name\":\"Comment\",\"target\":[\"https:\\\/\\\/www.cetys.mx\\\/noticias\\\/aumenta-lista-zorros-un2018\\\/#respond\"]}]},{\"@type\":\"WebPage\",\"@id\":\"https:\\\/\\\/www.cetys.mx\\\/noticias\\\/aumenta-lista-zorros-un2018\\\/\",\"url\":\"https:\\\/\\\/www.cetys.mx\\\/noticias\\\/aumenta-lista-zorros-un2018\\\/\",\"name\":\"Aumenta lista de Zorros clasificados a Universiada Nacional - CETYS\",\"isPartOf\":{\"@id\":\"https:\\\/\\\/www.cetys.mx\\\/noticias\\\/#website\"},\"primaryImageOfPage\":{\"@id\":\"https:\\\/\\\/www.cetys.mx\\\/noticias\\\/aumenta-lista-zorros-un2018\\\/#primaryimage\"},\"image\":{\"@id\":\"https:\\\/\\\/www.cetys.mx\\\/noticias\\\/aumenta-lista-zorros-un2018\\\/#primaryimage\"},\"thumbnailUrl\":\"https:\\\/\\\/www.cetys.mx\\\/noticias\\\/wp-content\\\/uploads\\\/2018\\\/03\\\/28947423_10155060661501152_875915298565713822_o-e1521959895680.jpg\",\"datePublished\":\"2018-03-25T06:39:59+00:00\",\"author\":{\"@id\":\"https:\\\/\\\/www.cetys.mx\\\/noticias\\\/#\\\/schema\\\/person\\\/e9d2b35265b64aa454df57a2828eb2ac\"},\"description\":\"Articulo sobre Aumenta lista de Zorros clasificados a Universiada Nacional\",\"breadcrumb\":{\"@id\":\"https:\\\/\\\/www.cetys.mx\\\/noticias\\\/aumenta-lista-zorros-un2018\\\/#breadcrumb\"},\"inLanguage\":\"es\",\"potentialAction\":[{\"@type\":\"ReadAction\",\"target\":[\"https:\\\/\\\/www.cetys.mx\\\/noticias\\\/aumenta-lista-zorros-un2018\\\/\"]}]},{\"@type\":\"ImageObject\",\"inLanguage\":\"es\",\"@id\":\"https:\\\/\\\/www.cetys.mx\\\/noticias\\\/aumenta-lista-zorros-un2018\\\/#primaryimage\",\"url\":\"https:\\\/\\\/www.cetys.mx\\\/noticias\\\/wp-content\\\/uploads\\\/2018\\\/03\\\/28947423_10155060661501152_875915298565713822_o-e1521959895680.jpg\",\"contentUrl\":\"https:\\\/\\\/www.cetys.mx\\\/noticias\\\/wp-content\\\/uploads\\\/2018\\\/03\\\/28947423_10155060661501152_875915298565713822_o-e1521959895680.jpg\",\"width\":956,\"height\":637,\"caption\":\"Universiada Regional 2018\"},{\"@type\":\"BreadcrumbList\",\"@id\":\"https:\\\/\\\/www.cetys.mx\\\/noticias\\\/aumenta-lista-zorros-un2018\\\/#breadcrumb\",\"itemListElement\":[{\"@type\":\"ListItem\",\"position\":1,\"name\":\"Inicio\",\"item\":\"https:\\\/\\\/www.cetys.mx\\\/noticias\\\/\"},{\"@type\":\"ListItem\",\"position\":2,\"name\":\"Aumenta lista de Zorros clasificados a Universiada Nacional\"}]},{\"@type\":\"WebSite\",\"@id\":\"https:\\\/\\\/www.cetys.mx\\\/noticias\\\/#website\",\"url\":\"https:\\\/\\\/www.cetys.mx\\\/noticias\\\/\",\"name\":\"CETYS\",\"description\":\"\",\"potentialAction\":[{\"@type\":\"SearchAction\",\"target\":{\"@type\":\"EntryPoint\",\"urlTemplate\":\"https:\\\/\\\/www.cetys.mx\\\/noticias\\\/?s={search_term_string}\"},\"query-input\":{\"@type\":\"PropertyValueSpecification\",\"valueRequired\":true,\"valueName\":\"search_term_string\"}}],\"inLanguage\":\"es\"},{\"@type\":\"Person\",\"@id\":\"https:\\\/\\\/www.cetys.mx\\\/noticias\\\/#\\\/schema\\\/person\\\/e9d2b35265b64aa454df57a2828eb2ac\",\"name\":\"CETYS Institucional\",\"url\":\"https:\\\/\\\/www.cetys.mx\\\/noticias\\\/author\\\/cetysinstitucional\\\/\"}]}<\/script>\n<!-- \/ Yoast SEO plugin. -->","yoast_head_json":{"title":"Aumenta lista de Zorros clasificados a Universiada Nacional - CETYS","description":"Articulo sobre Aumenta lista de Zorros clasificados a Universiada Nacional","robots":{"index":"index","follow":"follow","max-snippet":"max-snippet:-1","max-image-preview":"max-image-preview:large","max-video-preview":"max-video-preview:-1"},"canonical":"https:\/\/www.cetys.mx\/noticias\/aumenta-lista-zorros-un2018\/","og_locale":"es_MX","og_type":"article","og_title":"Aumenta lista de Zorros clasificados a Universiada Nacional - CETYS","og_description":"Articulo sobre Aumenta lista de Zorros clasificados a Universiada Nacional","og_url":"https:\/\/www.cetys.mx\/noticias\/aumenta-lista-zorros-un2018\/","og_site_name":"CETYS","article_publisher":"https:\/\/www.facebook.com\/cetysuniversidadmxl\/","article_published_time":"2018-03-25T06:39:59+00:00","og_image":[{"width":956,"height":637,"url":"https:\/\/www.cetys.mx\/noticias\/wp-content\/uploads\/2018\/03\/28947423_10155060661501152_875915298565713822_o-e1521959895680.jpg","type":"image\/jpeg"}],"author":"CETYS Institucional","twitter_card":"summary_large_image","twitter_creator":"@cetysuni","twitter_site":"@cetysuni","twitter_misc":{"Escrito por":"CETYS Institucional","Tiempo de lectura":"2 minutos"},"schema":{"@context":"https:\/\/schema.org","@graph":[{"@type":"Article","@id":"https:\/\/www.cetys.mx\/noticias\/aumenta-lista-zorros-un2018\/#article","isPartOf":{"@id":"https:\/\/www.cetys.mx\/noticias\/aumenta-lista-zorros-un2018\/"},"author":{"name":"CETYS Institucional","@id":"https:\/\/www.cetys.mx\/noticias\/#\/schema\/person\/e9d2b35265b64aa454df57a2828eb2ac"},"headline":"Aumenta lista de Zorros clasificados a Universiada Nacional","datePublished":"2018-03-25T06:39:59+00:00","mainEntityOfPage":{"@id":"https:\/\/www.cetys.mx\/noticias\/aumenta-lista-zorros-un2018\/"},"wordCount":450,"commentCount":0,"image":{"@id":"https:\/\/www.cetys.mx\/noticias\/aumenta-lista-zorros-un2018\/#primaryimage"},"thumbnailUrl":"https:\/\/www.cetys.mx\/noticias\/wp-content\/uploads\/2018\/03\/28947423_10155060661501152_875915298565713822_o-e1521959895680.jpg","keywords":["Atletismo","Deportes","Futbol bandera","Triatl\u00f3n","Universiada Nacional","Universiada Regional"],"articleSection":["Deportes","Eventos","Institucional","Vida Estudiantil","VoCETYS"],"inLanguage":"es","potentialAction":[{"@type":"CommentAction","name":"Comment","target":["https:\/\/www.cetys.mx\/noticias\/aumenta-lista-zorros-un2018\/#respond"]}]},{"@type":"WebPage","@id":"https:\/\/www.cetys.mx\/noticias\/aumenta-lista-zorros-un2018\/","url":"https:\/\/www.cetys.mx\/noticias\/aumenta-lista-zorros-un2018\/","name":"Aumenta lista de Zorros clasificados a Universiada Nacional - CETYS","isPartOf":{"@id":"https:\/\/www.cetys.mx\/noticias\/#website"},"primaryImageOfPage":{"@id":"https:\/\/www.cetys.mx\/noticias\/aumenta-lista-zorros-un2018\/#primaryimage"},"image":{"@id":"https:\/\/www.cetys.mx\/noticias\/aumenta-lista-zorros-un2018\/#primaryimage"},"thumbnailUrl":"https:\/\/www.cetys.mx\/noticias\/wp-content\/uploads\/2018\/03\/28947423_10155060661501152_875915298565713822_o-e1521959895680.jpg","datePublished":"2018-03-25T06:39:59+00:00","author":{"@id":"https:\/\/www.cetys.mx\/noticias\/#\/schema\/person\/e9d2b35265b64aa454df57a2828eb2ac"},"description":"Articulo sobre Aumenta lista de Zorros clasificados a Universiada Nacional","breadcrumb":{"@id":"https:\/\/www.cetys.mx\/noticias\/aumenta-lista-zorros-un2018\/#breadcrumb"},"inLanguage":"es","potentialAction":[{"@type":"ReadAction","target":["https:\/\/www.cetys.mx\/noticias\/aumenta-lista-zorros-un2018\/"]}]},{"@type":"ImageObject","inLanguage":"es","@id":"https:\/\/www.cetys.mx\/noticias\/aumenta-lista-zorros-un2018\/#primaryimage","url":"https:\/\/www.cetys.mx\/noticias\/wp-content\/uploads\/2018\/03\/28947423_10155060661501152_875915298565713822_o-e1521959895680.jpg","contentUrl":"https:\/\/www.cetys.mx\/noticias\/wp-content\/uploads\/2018\/03\/28947423_10155060661501152_875915298565713822_o-e1521959895680.jpg","width":956,"height":637,"caption":"Universiada Regional 2018"},{"@type":"BreadcrumbList","@id":"https:\/\/www.cetys.mx\/noticias\/aumenta-lista-zorros-un2018\/#breadcrumb","itemListElement":[{"@type":"ListItem","position":1,"name":"Inicio","item":"https:\/\/www.cetys.mx\/noticias\/"},{"@type":"ListItem","position":2,"name":"Aumenta lista de Zorros clasificados a Universiada Nacional"}]},{"@type":"WebSite","@id":"https:\/\/www.cetys.mx\/noticias\/#website","url":"https:\/\/www.cetys.mx\/noticias\/","name":"CETYS","description":"","potentialAction":[{"@type":"SearchAction","target":{"@type":"EntryPoint","urlTemplate":"https:\/\/www.cetys.mx\/noticias\/?s={search_term_string}"},"query-input":{"@type":"PropertyValueSpecification","valueRequired":true,"valueName":"search_term_string"}}],"inLanguage":"es"},{"@type":"Person","@id":"https:\/\/www.cetys.mx\/noticias\/#\/schema\/person\/e9d2b35265b64aa454df57a2828eb2ac","name":"CETYS Institucional","url":"https:\/\/www.cetys.mx\/noticias\/author\/cetysinstitucional\/"}]}},"_links":{"self":[{"href":"https:\/\/www.cetys.mx\/noticias\/wp-json\/wp\/v2\/posts\/110580","targetHints":{"allow":["GET"]}}],"collection":[{"href":"https:\/\/www.cetys.mx\/noticias\/wp-json\/wp\/v2\/posts"}],"about":[{"href":"https:\/\/www.cetys.mx\/noticias\/wp-json\/wp\/v2\/types\/post"}],"author":[{"embeddable":true,"href":"https:\/\/www.cetys.mx\/noticias\/wp-json\/wp\/v2\/users\/26"}],"replies":[{"embeddable":true,"href":"https:\/\/www.cetys.mx\/noticias\/wp-json\/wp\/v2\/comments?post=110580"}],"version-history":[{"count":0,"href":"https:\/\/www.cetys.mx\/noticias\/wp-json\/wp\/v2\/posts\/110580\/revisions"}],"wp:featuredmedia":[{"embeddable":true,"href":"https:\/\/www.cetys.mx\/noticias\/wp-json\/wp\/v2\/media\/110584"}],"wp:attachment":[{"href":"https:\/\/www.cetys.mx\/noticias\/wp-json\/wp\/v2\/media?parent=110580"}],"wp:term":[{"taxonomy":"category","embeddable":true,"href":"https:\/\/www.cetys.mx\/noticias\/wp-json\/wp\/v2\/categories?post=110580"},{"taxonomy":"post_tag","embeddable":true,"href":"https:\/\/www.cetys.mx\/noticias\/wp-json\/wp\/v2\/tags?post=110580"}],"curies":[{"name":"wp","href":"https:\/\/api.w.org\/{rel}","templated":true}]}}