{"id":110517,"date":"2018-03-21T18:55:20","date_gmt":"2018-03-22T01:55:20","guid":{"rendered":"http:\/\/www.cetys.mx\/noticias\/?p=110517"},"modified":"2018-04-03T17:20:54","modified_gmt":"2018-04-04T00:20:54","slug":"la-felicidad-se-mide-en-ahora","status":"publish","type":"post","link":"https:\/\/www.cetys.mx\/noticias\/la-felicidad-se-mide-en-ahora\/","title":{"rendered":"La felicidad se mide en el ahora."},"content":{"rendered":"<p style=\"text-align: justify;\">El concepto de\u00a0felicidad\u00a0no es universal, pues depende de la historia de vida de cada individuo para definirla, sin embargo, es importante para el desarrollo de las sociedades y los gobiernos, mientras m\u00e1s\u00a0feliz\u00a0sea una poblaci\u00f3n mejor es el gobierno en esa naci\u00f3n, explic\u00f3 el Dr. Celestino Fern\u00e1ndez, C\u00e1tedra Distinguida PIMSA Educaci\u00f3n y Valores de\u00a0<a href=\"https:\/\/www.cetys.mx\/\">CETYS Universidad<\/a>.<\/p>\n<p style=\"text-align: justify;\">De acuerdo con Fern\u00e1ndez, el que una persona exprese que es\u00a0feliz, depende de muchas variables, siendo las m\u00e1s comunes: el resumen de sus experiencias, c\u00f3mo se relaciona con los dem\u00e1s, la cultura en la que se desenvuelve y la educaci\u00f3n familiar y escolar que recibi\u00f3.<\/p>\n<p style=\"text-align: justify;\">Para el<strong> Dr. Celestino<\/strong>, hay diferentes mitos en torno a la felicidad, entre ellos destacan: \u201cla\u00a0felicidad\u00a0se vive en el ahora\u201d y \u201cmientras m\u00e1s educaci\u00f3n,\u00a0\u00bfm\u00e1s\u00a0hay\u00a0probabilidad de ser\u00a0feliz?\u201d<\/p>\n<h3 style=\"text-align: justify;\"><em><strong>La\u00a0felicidad\u00a0se vive en el ahora<\/strong><\/em><\/h3>\n<p style=\"text-align: justify;\">La rapidez de la vida de un profesionista, le impide el dejar de pensar en qu\u00e9 actividad realizar\u00e1 una vez que finalic\u00e9 lo que est\u00e1 haciendo o bien se preocupe por lo que ocurri\u00f3 momentos antes de comenzar lo que est\u00e1 llevando acabo,\u00a0\u201cpero no, nos damos cuenta que lo \u00fanico que tenemos seguro, es el momento, es vivir en el ahora, por lo que intentar controlar todo lo que viene a nuestro alrededor, solo nos agota y menos\u00a0felices\u00a0nos hace\u201d\u00a0dijo.<\/p>\n<p style=\"text-align: justify;\">Asimismo, el <strong>Dr. Fern\u00e1ndez<\/strong>, dijo que los estudios entorno a la\u00a0felicidad\u00a0han encontrado que las personas menores de 21 a\u00f1os y las mayores de 70, son el grupo de personas m\u00e1s\u00a0felices, esto debido a que, durante la edad productiva de los humanos en promedio entre las edades de 22 a 60, aspectos como la rutina y la din\u00e1mica de la vida misma los agobia.<\/p>\n<h3 style=\"text-align: justify;\"><strong>Mientras m\u00e1s educaci\u00f3n, m\u00e1s probabilidad de ser\u00a0feliz.<\/strong><\/h3>\n<p style=\"text-align: justify;\">Otro de los mitos en torno a la\u00a0felicidad, tiene que ver con la educaci\u00f3n, el Dr. Celestino Fern\u00e1ndez, expres\u00f3 que la relaci\u00f3n entre el nivel de educaci\u00f3n y lo\u00a0feliz\u00a0que es una persona, no es proporcional entre s\u00ed.<\/p>\n<blockquote>\n<div id=\"attachment_110493\" style=\"width: 1210px\" class=\"wp-caption alignnone\"><a href=\"https:\/\/www.cetys.mx\/noticias\/wp-content\/uploads\/2018\/03\/felicidad2.jpg\"><img loading=\"lazy\" decoding=\"async\" aria-describedby=\"caption-attachment-110493\" class=\"wp-image-110493 size-full\" src=\"https:\/\/www.cetys.mx\/noticias\/wp-content\/uploads\/2018\/03\/felicidad2.jpg\" alt=\"El Dr. Celestino explic\u00f3 lo importante de balancear tu vida.\" width=\"1200\" height=\"900\" \/><\/a><p id=\"caption-attachment-110493\" class=\"wp-caption-text\">El Dr. Celestino explic\u00f3 lo importante de balancear tu vida.<\/p><\/div>\n<p>\u201cNo podemos afirmar que una persona con poco acceso a la educaci\u00f3n no tiene una vida\u00a0feliz, ni tampoco podemos asegurar que quien goza de educaci\u00f3n de calidad es la persona m\u00e1s\u00a0feliz\u00a0del mundo, la percepci\u00f3n individual de sus vidas es lo que define a su propia\u00a0felicidad\u201d cerr\u00f3 el experto de sociolog\u00eda.<\/p><\/blockquote>\n<p style=\"text-align: justify;\">Cabe mencionar, que el Dr. Celestino Fern\u00e1ndez, particip\u00f3 en el programa de C\u00e1tedra Distinguida PIMSA de CETYS Universidad, en el marco del D\u00eda Internacional de la\u00a0Felicidad, celebrado el 20 de marzo; donde tuvo la oportunidad de interactuar con alumnos de las diferentes licenciaturas e ingenier\u00edas que se ofrecen en el Campus Mexicali, de la Instituci\u00f3n.<\/p>\n","protected":false},"excerpt":{"rendered":"<p>El concepto de\u00a0felicidad\u00a0no es universal, pues depende de la historia de vida de cada individuo para definirla, sin embargo, es importante para&#8230;<\/p>\n","protected":false},"author":20,"featured_media":110492,"comment_status":"open","ping_status":"closed","sticky":false,"template":"","format":"standard","meta":{"footnotes":""},"categories":[133,125,313],"tags":[570,2278,831,2284],"class_list":["post-110517","post","type-post","status-publish","format-standard","has-post-thumbnail","hentry","category-campus-mexicali","category-portada","category-vocetys-2","tag-catedra-distinguida","tag-colegio-de-ciencias-sociales-y-humanidades","tag-felicidad","tag-vocetys-2018-04-04"],"yoast_head":"<!-- This site is optimized with the Yoast SEO plugin v27.4 - https:\/\/yoast.com\/product\/yoast-seo-wordpress\/ -->\n<title>La felicidad se mide en el ahora. - CETYS<\/title>\n<meta name=\"description\" content=\"Articulo sobre La felicidad se mide en el ahora.\" \/>\n<meta name=\"robots\" content=\"index, follow, max-snippet:-1, max-image-preview:large, max-video-preview:-1\" \/>\n<link rel=\"canonical\" href=\"https:\/\/www.cetys.mx\/noticias\/la-felicidad-se-mide-en-ahora\/\" \/>\n<meta property=\"og:locale\" content=\"es_MX\" \/>\n<meta property=\"og:type\" content=\"article\" \/>\n<meta property=\"og:title\" content=\"La felicidad se mide en el ahora. - CETYS\" \/>\n<meta property=\"og:description\" content=\"Articulo sobre La felicidad se mide en el ahora.\" \/>\n<meta property=\"og:url\" content=\"https:\/\/www.cetys.mx\/noticias\/la-felicidad-se-mide-en-ahora\/\" \/>\n<meta property=\"og:site_name\" content=\"CETYS\" \/>\n<meta property=\"article:publisher\" content=\"https:\/\/www.facebook.com\/cetysuniversidadmxl\/\" \/>\n<meta property=\"article:published_time\" content=\"2018-03-22T01:55:20+00:00\" \/>\n<meta property=\"article:modified_time\" content=\"2018-04-04T00:20:54+00:00\" \/>\n<meta property=\"og:image\" content=\"https:\/\/www.cetys.mx\/noticias\/wp-content\/uploads\/2018\/03\/felicidad1.jpg\" \/>\n\t<meta property=\"og:image:width\" content=\"958\" \/>\n\t<meta property=\"og:image:height\" content=\"637\" \/>\n\t<meta property=\"og:image:type\" content=\"image\/jpeg\" \/>\n<meta name=\"author\" content=\"Campus Mexicali\" \/>\n<meta name=\"twitter:card\" content=\"summary_large_image\" \/>\n<meta name=\"twitter:creator\" content=\"@cetysuni\" \/>\n<meta name=\"twitter:site\" content=\"@cetysuni\" \/>\n<meta name=\"twitter:label1\" content=\"Escrito por\" \/>\n\t<meta name=\"twitter:data1\" content=\"Campus Mexicali\" \/>\n\t<meta name=\"twitter:label2\" content=\"Tiempo de lectura\" \/>\n\t<meta name=\"twitter:data2\" content=\"2 minutos\" \/>\n<script type=\"application\/ld+json\" class=\"yoast-schema-graph\">{\"@context\":\"https:\\\/\\\/schema.org\",\"@graph\":[{\"@type\":\"Article\",\"@id\":\"https:\\\/\\\/www.cetys.mx\\\/noticias\\\/la-felicidad-se-mide-en-ahora\\\/#article\",\"isPartOf\":{\"@id\":\"https:\\\/\\\/www.cetys.mx\\\/noticias\\\/la-felicidad-se-mide-en-ahora\\\/\"},\"author\":{\"name\":\"Campus Mexicali\",\"@id\":\"https:\\\/\\\/www.cetys.mx\\\/noticias\\\/#\\\/schema\\\/person\\\/79a95c4ac185f3705cf1b9c9340a5f70\"},\"headline\":\"La felicidad se mide en el ahora.\",\"datePublished\":\"2018-03-22T01:55:20+00:00\",\"dateModified\":\"2018-04-04T00:20:54+00:00\",\"mainEntityOfPage\":{\"@id\":\"https:\\\/\\\/www.cetys.mx\\\/noticias\\\/la-felicidad-se-mide-en-ahora\\\/\"},\"wordCount\":505,\"commentCount\":0,\"image\":{\"@id\":\"https:\\\/\\\/www.cetys.mx\\\/noticias\\\/la-felicidad-se-mide-en-ahora\\\/#primaryimage\"},\"thumbnailUrl\":\"https:\\\/\\\/www.cetys.mx\\\/noticias\\\/wp-content\\\/uploads\\\/2018\\\/03\\\/felicidad1.jpg\",\"keywords\":[\"C\u00e1tedra Distinguida\",\"Colegio de Ciencias Sociales y Humanidades\",\"Felicidad\",\"vocetys-2018-04-04\"],\"articleSection\":[\"Campus Mexicali\",\"Portada\",\"VoCETYS\"],\"inLanguage\":\"es\",\"potentialAction\":[{\"@type\":\"CommentAction\",\"name\":\"Comment\",\"target\":[\"https:\\\/\\\/www.cetys.mx\\\/noticias\\\/la-felicidad-se-mide-en-ahora\\\/#respond\"]}]},{\"@type\":\"WebPage\",\"@id\":\"https:\\\/\\\/www.cetys.mx\\\/noticias\\\/la-felicidad-se-mide-en-ahora\\\/\",\"url\":\"https:\\\/\\\/www.cetys.mx\\\/noticias\\\/la-felicidad-se-mide-en-ahora\\\/\",\"name\":\"La felicidad se mide en el ahora. - CETYS\",\"isPartOf\":{\"@id\":\"https:\\\/\\\/www.cetys.mx\\\/noticias\\\/#website\"},\"primaryImageOfPage\":{\"@id\":\"https:\\\/\\\/www.cetys.mx\\\/noticias\\\/la-felicidad-se-mide-en-ahora\\\/#primaryimage\"},\"image\":{\"@id\":\"https:\\\/\\\/www.cetys.mx\\\/noticias\\\/la-felicidad-se-mide-en-ahora\\\/#primaryimage\"},\"thumbnailUrl\":\"https:\\\/\\\/www.cetys.mx\\\/noticias\\\/wp-content\\\/uploads\\\/2018\\\/03\\\/felicidad1.jpg\",\"datePublished\":\"2018-03-22T01:55:20+00:00\",\"dateModified\":\"2018-04-04T00:20:54+00:00\",\"author\":{\"@id\":\"https:\\\/\\\/www.cetys.mx\\\/noticias\\\/#\\\/schema\\\/person\\\/79a95c4ac185f3705cf1b9c9340a5f70\"},\"description\":\"Articulo sobre La felicidad se mide en el ahora.\",\"breadcrumb\":{\"@id\":\"https:\\\/\\\/www.cetys.mx\\\/noticias\\\/la-felicidad-se-mide-en-ahora\\\/#breadcrumb\"},\"inLanguage\":\"es\",\"potentialAction\":[{\"@type\":\"ReadAction\",\"target\":[\"https:\\\/\\\/www.cetys.mx\\\/noticias\\\/la-felicidad-se-mide-en-ahora\\\/\"]}]},{\"@type\":\"ImageObject\",\"inLanguage\":\"es\",\"@id\":\"https:\\\/\\\/www.cetys.mx\\\/noticias\\\/la-felicidad-se-mide-en-ahora\\\/#primaryimage\",\"url\":\"https:\\\/\\\/www.cetys.mx\\\/noticias\\\/wp-content\\\/uploads\\\/2018\\\/03\\\/felicidad1.jpg\",\"contentUrl\":\"https:\\\/\\\/www.cetys.mx\\\/noticias\\\/wp-content\\\/uploads\\\/2018\\\/03\\\/felicidad1.jpg\",\"width\":958,\"height\":637},{\"@type\":\"BreadcrumbList\",\"@id\":\"https:\\\/\\\/www.cetys.mx\\\/noticias\\\/la-felicidad-se-mide-en-ahora\\\/#breadcrumb\",\"itemListElement\":[{\"@type\":\"ListItem\",\"position\":1,\"name\":\"Inicio\",\"item\":\"https:\\\/\\\/www.cetys.mx\\\/noticias\\\/\"},{\"@type\":\"ListItem\",\"position\":2,\"name\":\"La felicidad se mide en el ahora.\"}]},{\"@type\":\"WebSite\",\"@id\":\"https:\\\/\\\/www.cetys.mx\\\/noticias\\\/#website\",\"url\":\"https:\\\/\\\/www.cetys.mx\\\/noticias\\\/\",\"name\":\"CETYS\",\"description\":\"\",\"potentialAction\":[{\"@type\":\"SearchAction\",\"target\":{\"@type\":\"EntryPoint\",\"urlTemplate\":\"https:\\\/\\\/www.cetys.mx\\\/noticias\\\/?s={search_term_string}\"},\"query-input\":{\"@type\":\"PropertyValueSpecification\",\"valueRequired\":true,\"valueName\":\"search_term_string\"}}],\"inLanguage\":\"es\"},{\"@type\":\"Person\",\"@id\":\"https:\\\/\\\/www.cetys.mx\\\/noticias\\\/#\\\/schema\\\/person\\\/79a95c4ac185f3705cf1b9c9340a5f70\",\"name\":\"Campus Mexicali\",\"url\":\"https:\\\/\\\/www.cetys.mx\\\/noticias\\\/author\\\/campusmexicali\\\/\"}]}<\/script>\n<!-- \/ Yoast SEO plugin. -->","yoast_head_json":{"title":"La felicidad se mide en el ahora. - CETYS","description":"Articulo sobre La felicidad se mide en el ahora.","robots":{"index":"index","follow":"follow","max-snippet":"max-snippet:-1","max-image-preview":"max-image-preview:large","max-video-preview":"max-video-preview:-1"},"canonical":"https:\/\/www.cetys.mx\/noticias\/la-felicidad-se-mide-en-ahora\/","og_locale":"es_MX","og_type":"article","og_title":"La felicidad se mide en el ahora. - CETYS","og_description":"Articulo sobre La felicidad se mide en el ahora.","og_url":"https:\/\/www.cetys.mx\/noticias\/la-felicidad-se-mide-en-ahora\/","og_site_name":"CETYS","article_publisher":"https:\/\/www.facebook.com\/cetysuniversidadmxl\/","article_published_time":"2018-03-22T01:55:20+00:00","article_modified_time":"2018-04-04T00:20:54+00:00","og_image":[{"width":958,"height":637,"url":"https:\/\/www.cetys.mx\/noticias\/wp-content\/uploads\/2018\/03\/felicidad1.jpg","type":"image\/jpeg"}],"author":"Campus Mexicali","twitter_card":"summary_large_image","twitter_creator":"@cetysuni","twitter_site":"@cetysuni","twitter_misc":{"Escrito por":"Campus Mexicali","Tiempo de lectura":"2 minutos"},"schema":{"@context":"https:\/\/schema.org","@graph":[{"@type":"Article","@id":"https:\/\/www.cetys.mx\/noticias\/la-felicidad-se-mide-en-ahora\/#article","isPartOf":{"@id":"https:\/\/www.cetys.mx\/noticias\/la-felicidad-se-mide-en-ahora\/"},"author":{"name":"Campus Mexicali","@id":"https:\/\/www.cetys.mx\/noticias\/#\/schema\/person\/79a95c4ac185f3705cf1b9c9340a5f70"},"headline":"La felicidad se mide en el ahora.","datePublished":"2018-03-22T01:55:20+00:00","dateModified":"2018-04-04T00:20:54+00:00","mainEntityOfPage":{"@id":"https:\/\/www.cetys.mx\/noticias\/la-felicidad-se-mide-en-ahora\/"},"wordCount":505,"commentCount":0,"image":{"@id":"https:\/\/www.cetys.mx\/noticias\/la-felicidad-se-mide-en-ahora\/#primaryimage"},"thumbnailUrl":"https:\/\/www.cetys.mx\/noticias\/wp-content\/uploads\/2018\/03\/felicidad1.jpg","keywords":["C\u00e1tedra Distinguida","Colegio de Ciencias Sociales y Humanidades","Felicidad","vocetys-2018-04-04"],"articleSection":["Campus Mexicali","Portada","VoCETYS"],"inLanguage":"es","potentialAction":[{"@type":"CommentAction","name":"Comment","target":["https:\/\/www.cetys.mx\/noticias\/la-felicidad-se-mide-en-ahora\/#respond"]}]},{"@type":"WebPage","@id":"https:\/\/www.cetys.mx\/noticias\/la-felicidad-se-mide-en-ahora\/","url":"https:\/\/www.cetys.mx\/noticias\/la-felicidad-se-mide-en-ahora\/","name":"La felicidad se mide en el ahora. - CETYS","isPartOf":{"@id":"https:\/\/www.cetys.mx\/noticias\/#website"},"primaryImageOfPage":{"@id":"https:\/\/www.cetys.mx\/noticias\/la-felicidad-se-mide-en-ahora\/#primaryimage"},"image":{"@id":"https:\/\/www.cetys.mx\/noticias\/la-felicidad-se-mide-en-ahora\/#primaryimage"},"thumbnailUrl":"https:\/\/www.cetys.mx\/noticias\/wp-content\/uploads\/2018\/03\/felicidad1.jpg","datePublished":"2018-03-22T01:55:20+00:00","dateModified":"2018-04-04T00:20:54+00:00","author":{"@id":"https:\/\/www.cetys.mx\/noticias\/#\/schema\/person\/79a95c4ac185f3705cf1b9c9340a5f70"},"description":"Articulo sobre La felicidad se mide en el ahora.","breadcrumb":{"@id":"https:\/\/www.cetys.mx\/noticias\/la-felicidad-se-mide-en-ahora\/#breadcrumb"},"inLanguage":"es","potentialAction":[{"@type":"ReadAction","target":["https:\/\/www.cetys.mx\/noticias\/la-felicidad-se-mide-en-ahora\/"]}]},{"@type":"ImageObject","inLanguage":"es","@id":"https:\/\/www.cetys.mx\/noticias\/la-felicidad-se-mide-en-ahora\/#primaryimage","url":"https:\/\/www.cetys.mx\/noticias\/wp-content\/uploads\/2018\/03\/felicidad1.jpg","contentUrl":"https:\/\/www.cetys.mx\/noticias\/wp-content\/uploads\/2018\/03\/felicidad1.jpg","width":958,"height":637},{"@type":"BreadcrumbList","@id":"https:\/\/www.cetys.mx\/noticias\/la-felicidad-se-mide-en-ahora\/#breadcrumb","itemListElement":[{"@type":"ListItem","position":1,"name":"Inicio","item":"https:\/\/www.cetys.mx\/noticias\/"},{"@type":"ListItem","position":2,"name":"La felicidad se mide en el ahora."}]},{"@type":"WebSite","@id":"https:\/\/www.cetys.mx\/noticias\/#website","url":"https:\/\/www.cetys.mx\/noticias\/","name":"CETYS","description":"","potentialAction":[{"@type":"SearchAction","target":{"@type":"EntryPoint","urlTemplate":"https:\/\/www.cetys.mx\/noticias\/?s={search_term_string}"},"query-input":{"@type":"PropertyValueSpecification","valueRequired":true,"valueName":"search_term_string"}}],"inLanguage":"es"},{"@type":"Person","@id":"https:\/\/www.cetys.mx\/noticias\/#\/schema\/person\/79a95c4ac185f3705cf1b9c9340a5f70","name":"Campus Mexicali","url":"https:\/\/www.cetys.mx\/noticias\/author\/campusmexicali\/"}]}},"_links":{"self":[{"href":"https:\/\/www.cetys.mx\/noticias\/wp-json\/wp\/v2\/posts\/110517","targetHints":{"allow":["GET"]}}],"collection":[{"href":"https:\/\/www.cetys.mx\/noticias\/wp-json\/wp\/v2\/posts"}],"about":[{"href":"https:\/\/www.cetys.mx\/noticias\/wp-json\/wp\/v2\/types\/post"}],"author":[{"embeddable":true,"href":"https:\/\/www.cetys.mx\/noticias\/wp-json\/wp\/v2\/users\/20"}],"replies":[{"embeddable":true,"href":"https:\/\/www.cetys.mx\/noticias\/wp-json\/wp\/v2\/comments?post=110517"}],"version-history":[{"count":0,"href":"https:\/\/www.cetys.mx\/noticias\/wp-json\/wp\/v2\/posts\/110517\/revisions"}],"wp:featuredmedia":[{"embeddable":true,"href":"https:\/\/www.cetys.mx\/noticias\/wp-json\/wp\/v2\/media\/110492"}],"wp:attachment":[{"href":"https:\/\/www.cetys.mx\/noticias\/wp-json\/wp\/v2\/media?parent=110517"}],"wp:term":[{"taxonomy":"category","embeddable":true,"href":"https:\/\/www.cetys.mx\/noticias\/wp-json\/wp\/v2\/categories?post=110517"},{"taxonomy":"post_tag","embeddable":true,"href":"https:\/\/www.cetys.mx\/noticias\/wp-json\/wp\/v2\/tags?post=110517"}],"curies":[{"name":"wp","href":"https:\/\/api.w.org\/{rel}","templated":true}]}}