{"id":110479,"date":"2018-03-21T11:29:47","date_gmt":"2018-03-21T18:29:47","guid":{"rendered":"http:\/\/www.cetys.mx\/noticias\/?p=110479"},"modified":"2018-03-21T11:37:30","modified_gmt":"2018-03-21T18:37:30","slug":"cetys-logra-clasificacion-un2018","status":"publish","type":"post","link":"https:\/\/www.cetys.mx\/noticias\/cetys-logra-clasificacion-un2018\/","title":{"rendered":"CETYS logra clasificaci\u00f3n a Universiada Nacional en baloncesto femenil"},"content":{"rendered":"<p align=\"justify\"><strong>HERMOSILLO, SON.-<\/strong> El equipo representativo de B\u00e1squetbol Femenil de <strong>Zorros de CETYS UNIVERSIDAD<\/strong> logr\u00f3 su pase a la <strong>Fase Nacional<\/strong> al quedar en primer lugar, participando en la <strong>Universiada Regional<\/strong> del <strong>Consejo Nacional del Deporte de la Educaci\u00f3n A. C. (CONDDE)<\/strong>, con sede en Hermosillo, Sonora.<\/p>\n<p align=\"justify\">En un nuevo d\u00eda de trabajo, la quinteta dirigida por <strong>C\u00e9sar Valencia<\/strong> hab\u00eda logrado ya colocarse en lo m\u00e1s alto de la tabla; llegaba a su cuarto encuentro con tres ganados y sin conocer la derrota.<\/p>\n<p align=\"justify\">En el primer d\u00eda de competencias, el equipo bajacaliforniano venci\u00f3 a las Linces de UVM Campus Hermosillo con marcador de 90-38, para luego enfrentarse a las representantes de la Universidad Aut\u00f3noma de Sonora (UAS) a quienes derrotaron por 85-45.<\/p>\n<div id=\"attachment_110483\" style=\"width: 966px\" class=\"wp-caption alignnone\"><a href=\"https:\/\/www.cetys.mx\/noticias\/wp-content\/uploads\/2018\/03\/28827300_10155052889956152_8130370428852018973_o-e1521657413330.jpg\"><img loading=\"lazy\" decoding=\"async\" aria-describedby=\"caption-attachment-110483\" class=\"size-full wp-image-110483\" src=\"https:\/\/www.cetys.mx\/noticias\/wp-content\/uploads\/2018\/03\/28827300_10155052889956152_8130370428852018973_o-e1521657413330.jpg\" alt=\"Han disputado 7 partidos (incluyendo Liga ABE) en menos de seis d\u00edas, todos con victorias. \" width=\"956\" height=\"637\" \/><\/a><p id=\"caption-attachment-110483\" class=\"wp-caption-text\">Han disputado 7 partidos (incluyendo Liga ABE) en menos de seis d\u00edas, todos con victorias.<\/p><\/div>\n<p align=\"justify\">Para el segundo d\u00eda, <strong>Zorros Femenil<\/strong> vencieron al Instituto Tecnol\u00f3gico de Sonora (ITSON) por 40 puntos de diferencia, quedando la pizarra 79-49, con lo que obtuvieron el pase autom\u00e1tico a la <strong>Universiada Nacional<\/strong>.<\/p>\n<p align=\"justify\">Aun as\u00ed, las j\u00f3venes deportistas no bajaron la guardia y, en su \u00faltimo encuentro pactado con las anfitrionas de UNISON, el marcador qued\u00f3 a favor del equipo bajacaliforniano para un total de 68 unidades por 24 a cambio.<\/p>\n<p align=\"justify\">El equipo femenil de b\u00e1squetbol de <strong>CETYS Universidad<\/strong> est\u00e1 conformado por <strong>Jessica Garc\u00eda<\/strong> (1), <strong>Gardenia L\u00f3pez<\/strong> (2), <strong>Estefan\u00eda Flores<\/strong> (3), <strong>Damaris Temores<\/strong> (5), <strong>Paola Beltr\u00e1n<\/strong> (6), <strong>Stephania Liz\u00e1rraga<\/strong> (9), <strong>Ang\u00e9lica Ochoa<\/strong> (10), <strong>Lizeth Fitch<\/strong> (11), <strong>Mar\u00eda Fernanda Gil<\/strong> (12), <strong>Myriam Lara<\/strong> (13), <strong>Arantza Barajas<\/strong> (21) y <strong>Andrea Rosales<\/strong> (24); el entrenador <strong>Valencia<\/strong> es asistido por <strong>Francisco Terrazas.<\/strong><\/p>\n<div id=\"attachment_110480\" style=\"width: 965px\" class=\"wp-caption alignnone\"><a href=\"https:\/\/www.cetys.mx\/noticias\/wp-content\/uploads\/2018\/03\/013-e1521656525542.jpg\"><img loading=\"lazy\" decoding=\"async\" aria-describedby=\"caption-attachment-110480\" class=\"size-full wp-image-110480\" src=\"https:\/\/www.cetys.mx\/noticias\/wp-content\/uploads\/2018\/03\/013-e1521656525542.jpg\" alt=\"Jessica Garc\u00eda (1) en acci\u00f3n.\" width=\"955\" height=\"637\" \/><\/a><p id=\"caption-attachment-110480\" class=\"wp-caption-text\">Jessica Garc\u00eda (1) en acci\u00f3n.<\/p><\/div>\n<blockquote>\n<p style=\"text-align: center;\" align=\"justify\"><strong>EN CORTO<\/strong><\/p>\n<p style=\"text-align: center;\" align=\"justify\">Resultados totales del equipo en Universiada Regional:<\/p>\n<p style=\"text-align: center;\" align=\"justify\">CETYS 90-38 UVM<\/p>\n<p style=\"text-align: center;\" align=\"justify\">CETYS 85-45 UAS<\/p>\n<p style=\"text-align: center;\" align=\"justify\">CETYS 79-49 ITSON<\/p>\n<p style=\"text-align: center;\" align=\"justify\">CETYS 68-24 UNISON<\/p>\n<\/blockquote>\n","protected":false},"excerpt":{"rendered":"<p>HERMOSILLO, SON.- El equipo representativo de B\u00e1squetbol Femenil de Zorros de CETYS UNIVERSIDAD logr\u00f3 su pase a la Fase Nacional al quedar&#8230;<\/p>\n","protected":false},"author":26,"featured_media":110481,"comment_status":"open","ping_status":"closed","sticky":false,"template":"","format":"standard","meta":{"footnotes":""},"categories":[312,131,209,125,313],"tags":[984,438,327,1425],"class_list":["post-110479","post","type-post","status-publish","format-standard","has-post-thumbnail","hentry","category-deportes","category-eventos","category-institucional","category-portada","category-vocetys-2","tag-orgullocetys","tag-basquetbol","tag-condde","tag-universiada-regional","univesidades-cetys","univesidades-itson","univesidades-uas","univesidades-unison","univesidades-uvm-hermosillo"],"yoast_head":"<!-- This site is optimized with the Yoast SEO plugin v27.4 - https:\/\/yoast.com\/product\/yoast-seo-wordpress\/ -->\n<title>CETYS logra clasificaci\u00f3n a Universiada Nacional en baloncesto femenil - CETYS<\/title>\n<meta name=\"description\" content=\"Articulo sobre CETYS logra clasificaci\u00f3n a Universiada Nacional en baloncesto femenil\" \/>\n<meta name=\"robots\" content=\"index, follow, max-snippet:-1, max-image-preview:large, max-video-preview:-1\" \/>\n<link rel=\"canonical\" href=\"https:\/\/www.cetys.mx\/noticias\/cetys-logra-clasificacion-un2018\/\" \/>\n<meta property=\"og:locale\" content=\"es_MX\" \/>\n<meta property=\"og:type\" content=\"article\" \/>\n<meta property=\"og:title\" content=\"CETYS logra clasificaci\u00f3n a Universiada Nacional en baloncesto femenil - CETYS\" \/>\n<meta property=\"og:description\" content=\"Articulo sobre CETYS logra clasificaci\u00f3n a Universiada Nacional en baloncesto femenil\" \/>\n<meta property=\"og:url\" content=\"https:\/\/www.cetys.mx\/noticias\/cetys-logra-clasificacion-un2018\/\" \/>\n<meta property=\"og:site_name\" content=\"CETYS\" \/>\n<meta property=\"article:publisher\" content=\"https:\/\/www.facebook.com\/cetysuniversidadmxl\/\" \/>\n<meta property=\"article:published_time\" content=\"2018-03-21T18:29:47+00:00\" \/>\n<meta property=\"article:modified_time\" content=\"2018-03-21T18:37:30+00:00\" \/>\n<meta property=\"og:image\" content=\"https:\/\/www.cetys.mx\/noticias\/wp-content\/uploads\/2018\/03\/28953797_10155052825711152_2990338112276983819_o-e1521656857180.jpg\" \/>\n\t<meta property=\"og:image:width\" content=\"956\" \/>\n\t<meta property=\"og:image:height\" content=\"637\" \/>\n\t<meta property=\"og:image:type\" content=\"image\/jpeg\" \/>\n<meta name=\"author\" content=\"CETYS Institucional\" \/>\n<meta name=\"twitter:card\" content=\"summary_large_image\" \/>\n<meta name=\"twitter:creator\" content=\"@cetysuni\" \/>\n<meta name=\"twitter:site\" content=\"@cetysuni\" \/>\n<meta name=\"twitter:label1\" content=\"Escrito por\" \/>\n\t<meta name=\"twitter:data1\" content=\"CETYS Institucional\" \/>\n\t<meta name=\"twitter:label2\" content=\"Tiempo de lectura\" \/>\n\t<meta name=\"twitter:data2\" content=\"2 minutos\" \/>\n<script type=\"application\/ld+json\" class=\"yoast-schema-graph\">{\"@context\":\"https:\\\/\\\/schema.org\",\"@graph\":[{\"@type\":\"Article\",\"@id\":\"https:\\\/\\\/www.cetys.mx\\\/noticias\\\/cetys-logra-clasificacion-un2018\\\/#article\",\"isPartOf\":{\"@id\":\"https:\\\/\\\/www.cetys.mx\\\/noticias\\\/cetys-logra-clasificacion-un2018\\\/\"},\"author\":{\"name\":\"CETYS Institucional\",\"@id\":\"https:\\\/\\\/www.cetys.mx\\\/noticias\\\/#\\\/schema\\\/person\\\/e9d2b35265b64aa454df57a2828eb2ac\"},\"headline\":\"CETYS logra clasificaci\u00f3n a Universiada Nacional en baloncesto femenil\",\"datePublished\":\"2018-03-21T18:29:47+00:00\",\"dateModified\":\"2018-03-21T18:37:30+00:00\",\"mainEntityOfPage\":{\"@id\":\"https:\\\/\\\/www.cetys.mx\\\/noticias\\\/cetys-logra-clasificacion-un2018\\\/\"},\"wordCount\":321,\"commentCount\":0,\"image\":{\"@id\":\"https:\\\/\\\/www.cetys.mx\\\/noticias\\\/cetys-logra-clasificacion-un2018\\\/#primaryimage\"},\"thumbnailUrl\":\"https:\\\/\\\/www.cetys.mx\\\/noticias\\\/wp-content\\\/uploads\\\/2018\\\/03\\\/28953797_10155052825711152_2990338112276983819_o-e1521656857180.jpg\",\"keywords\":[\"#orgulloCETYS\",\"Basquetbol\",\"condde\",\"Universiada Regional\"],\"articleSection\":[\"Deportes\",\"Eventos\",\"Institucional\",\"Portada\",\"VoCETYS\"],\"inLanguage\":\"es\",\"potentialAction\":[{\"@type\":\"CommentAction\",\"name\":\"Comment\",\"target\":[\"https:\\\/\\\/www.cetys.mx\\\/noticias\\\/cetys-logra-clasificacion-un2018\\\/#respond\"]}]},{\"@type\":\"WebPage\",\"@id\":\"https:\\\/\\\/www.cetys.mx\\\/noticias\\\/cetys-logra-clasificacion-un2018\\\/\",\"url\":\"https:\\\/\\\/www.cetys.mx\\\/noticias\\\/cetys-logra-clasificacion-un2018\\\/\",\"name\":\"CETYS logra clasificaci\u00f3n a Universiada Nacional en baloncesto femenil - CETYS\",\"isPartOf\":{\"@id\":\"https:\\\/\\\/www.cetys.mx\\\/noticias\\\/#website\"},\"primaryImageOfPage\":{\"@id\":\"https:\\\/\\\/www.cetys.mx\\\/noticias\\\/cetys-logra-clasificacion-un2018\\\/#primaryimage\"},\"image\":{\"@id\":\"https:\\\/\\\/www.cetys.mx\\\/noticias\\\/cetys-logra-clasificacion-un2018\\\/#primaryimage\"},\"thumbnailUrl\":\"https:\\\/\\\/www.cetys.mx\\\/noticias\\\/wp-content\\\/uploads\\\/2018\\\/03\\\/28953797_10155052825711152_2990338112276983819_o-e1521656857180.jpg\",\"datePublished\":\"2018-03-21T18:29:47+00:00\",\"dateModified\":\"2018-03-21T18:37:30+00:00\",\"author\":{\"@id\":\"https:\\\/\\\/www.cetys.mx\\\/noticias\\\/#\\\/schema\\\/person\\\/e9d2b35265b64aa454df57a2828eb2ac\"},\"description\":\"Articulo sobre CETYS logra clasificaci\u00f3n a Universiada Nacional en baloncesto femenil\",\"breadcrumb\":{\"@id\":\"https:\\\/\\\/www.cetys.mx\\\/noticias\\\/cetys-logra-clasificacion-un2018\\\/#breadcrumb\"},\"inLanguage\":\"es\",\"potentialAction\":[{\"@type\":\"ReadAction\",\"target\":[\"https:\\\/\\\/www.cetys.mx\\\/noticias\\\/cetys-logra-clasificacion-un2018\\\/\"]}]},{\"@type\":\"ImageObject\",\"inLanguage\":\"es\",\"@id\":\"https:\\\/\\\/www.cetys.mx\\\/noticias\\\/cetys-logra-clasificacion-un2018\\\/#primaryimage\",\"url\":\"https:\\\/\\\/www.cetys.mx\\\/noticias\\\/wp-content\\\/uploads\\\/2018\\\/03\\\/28953797_10155052825711152_2990338112276983819_o-e1521656857180.jpg\",\"contentUrl\":\"https:\\\/\\\/www.cetys.mx\\\/noticias\\\/wp-content\\\/uploads\\\/2018\\\/03\\\/28953797_10155052825711152_2990338112276983819_o-e1521656857180.jpg\",\"width\":956,\"height\":637,\"caption\":\"CETYS Universidad - Basquetbol\"},{\"@type\":\"BreadcrumbList\",\"@id\":\"https:\\\/\\\/www.cetys.mx\\\/noticias\\\/cetys-logra-clasificacion-un2018\\\/#breadcrumb\",\"itemListElement\":[{\"@type\":\"ListItem\",\"position\":1,\"name\":\"Inicio\",\"item\":\"https:\\\/\\\/www.cetys.mx\\\/noticias\\\/\"},{\"@type\":\"ListItem\",\"position\":2,\"name\":\"CETYS logra clasificaci\u00f3n a Universiada Nacional en baloncesto femenil\"}]},{\"@type\":\"WebSite\",\"@id\":\"https:\\\/\\\/www.cetys.mx\\\/noticias\\\/#website\",\"url\":\"https:\\\/\\\/www.cetys.mx\\\/noticias\\\/\",\"name\":\"CETYS\",\"description\":\"\",\"potentialAction\":[{\"@type\":\"SearchAction\",\"target\":{\"@type\":\"EntryPoint\",\"urlTemplate\":\"https:\\\/\\\/www.cetys.mx\\\/noticias\\\/?s={search_term_string}\"},\"query-input\":{\"@type\":\"PropertyValueSpecification\",\"valueRequired\":true,\"valueName\":\"search_term_string\"}}],\"inLanguage\":\"es\"},{\"@type\":\"Person\",\"@id\":\"https:\\\/\\\/www.cetys.mx\\\/noticias\\\/#\\\/schema\\\/person\\\/e9d2b35265b64aa454df57a2828eb2ac\",\"name\":\"CETYS Institucional\",\"url\":\"https:\\\/\\\/www.cetys.mx\\\/noticias\\\/author\\\/cetysinstitucional\\\/\"}]}<\/script>\n<!-- \/ Yoast SEO plugin. -->","yoast_head_json":{"title":"CETYS logra clasificaci\u00f3n a Universiada Nacional en baloncesto femenil - CETYS","description":"Articulo sobre CETYS logra clasificaci\u00f3n a Universiada Nacional en baloncesto femenil","robots":{"index":"index","follow":"follow","max-snippet":"max-snippet:-1","max-image-preview":"max-image-preview:large","max-video-preview":"max-video-preview:-1"},"canonical":"https:\/\/www.cetys.mx\/noticias\/cetys-logra-clasificacion-un2018\/","og_locale":"es_MX","og_type":"article","og_title":"CETYS logra clasificaci\u00f3n a Universiada Nacional en baloncesto femenil - CETYS","og_description":"Articulo sobre CETYS logra clasificaci\u00f3n a Universiada Nacional en baloncesto femenil","og_url":"https:\/\/www.cetys.mx\/noticias\/cetys-logra-clasificacion-un2018\/","og_site_name":"CETYS","article_publisher":"https:\/\/www.facebook.com\/cetysuniversidadmxl\/","article_published_time":"2018-03-21T18:29:47+00:00","article_modified_time":"2018-03-21T18:37:30+00:00","og_image":[{"width":956,"height":637,"url":"https:\/\/www.cetys.mx\/noticias\/wp-content\/uploads\/2018\/03\/28953797_10155052825711152_2990338112276983819_o-e1521656857180.jpg","type":"image\/jpeg"}],"author":"CETYS Institucional","twitter_card":"summary_large_image","twitter_creator":"@cetysuni","twitter_site":"@cetysuni","twitter_misc":{"Escrito por":"CETYS Institucional","Tiempo de lectura":"2 minutos"},"schema":{"@context":"https:\/\/schema.org","@graph":[{"@type":"Article","@id":"https:\/\/www.cetys.mx\/noticias\/cetys-logra-clasificacion-un2018\/#article","isPartOf":{"@id":"https:\/\/www.cetys.mx\/noticias\/cetys-logra-clasificacion-un2018\/"},"author":{"name":"CETYS Institucional","@id":"https:\/\/www.cetys.mx\/noticias\/#\/schema\/person\/e9d2b35265b64aa454df57a2828eb2ac"},"headline":"CETYS logra clasificaci\u00f3n a Universiada Nacional en baloncesto femenil","datePublished":"2018-03-21T18:29:47+00:00","dateModified":"2018-03-21T18:37:30+00:00","mainEntityOfPage":{"@id":"https:\/\/www.cetys.mx\/noticias\/cetys-logra-clasificacion-un2018\/"},"wordCount":321,"commentCount":0,"image":{"@id":"https:\/\/www.cetys.mx\/noticias\/cetys-logra-clasificacion-un2018\/#primaryimage"},"thumbnailUrl":"https:\/\/www.cetys.mx\/noticias\/wp-content\/uploads\/2018\/03\/28953797_10155052825711152_2990338112276983819_o-e1521656857180.jpg","keywords":["#orgulloCETYS","Basquetbol","condde","Universiada Regional"],"articleSection":["Deportes","Eventos","Institucional","Portada","VoCETYS"],"inLanguage":"es","potentialAction":[{"@type":"CommentAction","name":"Comment","target":["https:\/\/www.cetys.mx\/noticias\/cetys-logra-clasificacion-un2018\/#respond"]}]},{"@type":"WebPage","@id":"https:\/\/www.cetys.mx\/noticias\/cetys-logra-clasificacion-un2018\/","url":"https:\/\/www.cetys.mx\/noticias\/cetys-logra-clasificacion-un2018\/","name":"CETYS logra clasificaci\u00f3n a Universiada Nacional en baloncesto femenil - CETYS","isPartOf":{"@id":"https:\/\/www.cetys.mx\/noticias\/#website"},"primaryImageOfPage":{"@id":"https:\/\/www.cetys.mx\/noticias\/cetys-logra-clasificacion-un2018\/#primaryimage"},"image":{"@id":"https:\/\/www.cetys.mx\/noticias\/cetys-logra-clasificacion-un2018\/#primaryimage"},"thumbnailUrl":"https:\/\/www.cetys.mx\/noticias\/wp-content\/uploads\/2018\/03\/28953797_10155052825711152_2990338112276983819_o-e1521656857180.jpg","datePublished":"2018-03-21T18:29:47+00:00","dateModified":"2018-03-21T18:37:30+00:00","author":{"@id":"https:\/\/www.cetys.mx\/noticias\/#\/schema\/person\/e9d2b35265b64aa454df57a2828eb2ac"},"description":"Articulo sobre CETYS logra clasificaci\u00f3n a Universiada Nacional en baloncesto femenil","breadcrumb":{"@id":"https:\/\/www.cetys.mx\/noticias\/cetys-logra-clasificacion-un2018\/#breadcrumb"},"inLanguage":"es","potentialAction":[{"@type":"ReadAction","target":["https:\/\/www.cetys.mx\/noticias\/cetys-logra-clasificacion-un2018\/"]}]},{"@type":"ImageObject","inLanguage":"es","@id":"https:\/\/www.cetys.mx\/noticias\/cetys-logra-clasificacion-un2018\/#primaryimage","url":"https:\/\/www.cetys.mx\/noticias\/wp-content\/uploads\/2018\/03\/28953797_10155052825711152_2990338112276983819_o-e1521656857180.jpg","contentUrl":"https:\/\/www.cetys.mx\/noticias\/wp-content\/uploads\/2018\/03\/28953797_10155052825711152_2990338112276983819_o-e1521656857180.jpg","width":956,"height":637,"caption":"CETYS Universidad - Basquetbol"},{"@type":"BreadcrumbList","@id":"https:\/\/www.cetys.mx\/noticias\/cetys-logra-clasificacion-un2018\/#breadcrumb","itemListElement":[{"@type":"ListItem","position":1,"name":"Inicio","item":"https:\/\/www.cetys.mx\/noticias\/"},{"@type":"ListItem","position":2,"name":"CETYS logra clasificaci\u00f3n a Universiada Nacional en baloncesto femenil"}]},{"@type":"WebSite","@id":"https:\/\/www.cetys.mx\/noticias\/#website","url":"https:\/\/www.cetys.mx\/noticias\/","name":"CETYS","description":"","potentialAction":[{"@type":"SearchAction","target":{"@type":"EntryPoint","urlTemplate":"https:\/\/www.cetys.mx\/noticias\/?s={search_term_string}"},"query-input":{"@type":"PropertyValueSpecification","valueRequired":true,"valueName":"search_term_string"}}],"inLanguage":"es"},{"@type":"Person","@id":"https:\/\/www.cetys.mx\/noticias\/#\/schema\/person\/e9d2b35265b64aa454df57a2828eb2ac","name":"CETYS Institucional","url":"https:\/\/www.cetys.mx\/noticias\/author\/cetysinstitucional\/"}]}},"_links":{"self":[{"href":"https:\/\/www.cetys.mx\/noticias\/wp-json\/wp\/v2\/posts\/110479","targetHints":{"allow":["GET"]}}],"collection":[{"href":"https:\/\/www.cetys.mx\/noticias\/wp-json\/wp\/v2\/posts"}],"about":[{"href":"https:\/\/www.cetys.mx\/noticias\/wp-json\/wp\/v2\/types\/post"}],"author":[{"embeddable":true,"href":"https:\/\/www.cetys.mx\/noticias\/wp-json\/wp\/v2\/users\/26"}],"replies":[{"embeddable":true,"href":"https:\/\/www.cetys.mx\/noticias\/wp-json\/wp\/v2\/comments?post=110479"}],"version-history":[{"count":0,"href":"https:\/\/www.cetys.mx\/noticias\/wp-json\/wp\/v2\/posts\/110479\/revisions"}],"wp:featuredmedia":[{"embeddable":true,"href":"https:\/\/www.cetys.mx\/noticias\/wp-json\/wp\/v2\/media\/110481"}],"wp:attachment":[{"href":"https:\/\/www.cetys.mx\/noticias\/wp-json\/wp\/v2\/media?parent=110479"}],"wp:term":[{"taxonomy":"category","embeddable":true,"href":"https:\/\/www.cetys.mx\/noticias\/wp-json\/wp\/v2\/categories?post=110479"},{"taxonomy":"post_tag","embeddable":true,"href":"https:\/\/www.cetys.mx\/noticias\/wp-json\/wp\/v2\/tags?post=110479"}],"curies":[{"name":"wp","href":"https:\/\/api.w.org\/{rel}","templated":true}]}}