{"id":110204,"date":"2018-03-16T16:54:37","date_gmt":"2018-03-16T23:54:37","guid":{"rendered":"http:\/\/www.cetys.mx\/noticias\/?p=110204"},"modified":"2018-03-20T18:14:02","modified_gmt":"2018-03-21T01:14:02","slug":"analizan-en-celulas-la-relacion-ser-humano-tecnologia","status":"publish","type":"post","link":"https:\/\/www.cetys.mx\/noticias\/analizan-en-celulas-la-relacion-ser-humano-tecnologia\/","title":{"rendered":"Analizan en &#8216;C\u00e9lulas&#8217; la relaci\u00f3n ser humano &#8211; tecnolog\u00eda"},"content":{"rendered":"<p style=\"text-align: justify;\">La revoluci\u00f3n digital es un periodo que estamos viviendo hoy en d\u00eda, la relaci\u00f3n entre tecnolog\u00eda y ser humano es cada vez m\u00e1s fuerte. En este escenario destacan las compa\u00f1\u00edas de tel\u00e9fonos celulares, las redes sociales, el internet de las cosas, marketing, y los videojuegos.<\/p>\n<p style=\"text-align: justify;\">Todos estos temas fueron abordados en la edici\u00f3n 11 del <strong>Congreso C\u00e9lulas<\/strong> organizado por alumnos de la Escuela de Administraci\u00f3n y Negocios de <a href=\"https:\/\/www.cetys.mx\/\" target=\"_blank\">CETYS Universidad<\/a>, Campus Mexicali y que fue inaugurado el pasado 14 de marzo en campus Mexicali.<\/p>\n<div id=\"attachment_110206\" style=\"width: 968px\" class=\"wp-caption alignnone\"><a href=\"https:\/\/www.cetys.mx\/noticias\/wp-content\/uploads\/2018\/03\/RobertoMtz2.jpg\"><img loading=\"lazy\" decoding=\"async\" aria-describedby=\"caption-attachment-110206\" class=\"size-full wp-image-110206\" src=\"https:\/\/www.cetys.mx\/noticias\/wp-content\/uploads\/2018\/03\/RobertoMtz2.jpg\" alt=\"tecnolog\u00eda\" width=\"958\" height=\"637\" \/><\/a><p id=\"caption-attachment-110206\" class=\"wp-caption-text\">Roberto Mart\u00ednez inaugur\u00f3 la serie de conferencias en el Congreso C\u00e9lulas<\/p><\/div>\n<p style=\"text-align: justify;\">Para arrancar el evento que congreg\u00f3 a estudiantes de la instituci\u00f3n bajacaliforniana y alumnos de universidades de la regi\u00f3n, el Dr. Fernando Le\u00f3n Garc\u00eda, Rector del CETYS felicit\u00f3 en su mensaje de bienvenida al comit\u00e9 organizador por un trabajo de 10 meses para ofrecer un programa enriquecedor.<\/p>\n<blockquote>\n<p style=\"text-align: justify;\">\u201cLos invitados que tiene C\u00e9lulas 2018 son de talla nacional e internacional y enfocados a temas que van de la mano a nuestra visi\u00f3n acad\u00e9mica de innovaci\u00f3n, emprendimiento y compromiso social. El programa refleja el rol important\u00edsimo de la tecnolog\u00eda en nuestro tiempo, pero a la vez, abre la puerta para concientizar sobre el mal uso que se le puede dar\u201d, dijo.<\/p>\n<\/blockquote>\n<p style=\"text-align: justify;\">Por su parte, el <strong>Mtro. Mario Dipp N\u00fa\u00f1ez<\/strong>, Director de CETYS campus Mexicali comparti\u00f3 que si bien existe mucho desarrollo e innovaci\u00f3n, las sociedades del mundo act\u00faan de manera lenta y les cuesta adaptarse a los cambios tecnol\u00f3gicos.<\/p>\n<blockquote>\n<p style=\"text-align: justify;\">\u201cEs por ello que con este tipo de eventos como C\u00e9lulas, nuestros alumnos obtienen herramientas y nuevos conocimientos para aprender de manera diferente y estar receptivos para la preparaci\u00f3n para la vida, el aprender a aprender\u201d, destac\u00f3.<\/p>\n<\/blockquote>\n<p style=\"text-align: justify;\"><a href=\"https:\/\/www.cetys.mx\/noticias\/wp-content\/uploads\/2018\/03\/RobertoMtz.jpg\"><img loading=\"lazy\" decoding=\"async\" class=\"alignnone size-full wp-image-110207\" src=\"https:\/\/www.cetys.mx\/noticias\/wp-content\/uploads\/2018\/03\/RobertoMtz.jpg\" alt=\"tecnolog\u00eda\" width=\"2005\" height=\"1333\" \/><\/a><\/p>\n<p style=\"text-align: justify;\">Para iniciar la jornada de 3 d\u00edas, el video blogger Roberto Mart\u00ednez brind\u00f3 una charla con el tema de la revoluci\u00f3n de internet, en donde habl\u00f3 sobre la obsesi\u00f3n con los aparatos digitales.<\/p>\n<p style=\"text-align: justify;\"><em><strong>\u201cMuchos lo critican y dicen que est\u00e1 mal, yo m\u00e1s bien pienso que son una extensi\u00f3n de nosotros mismos. Dado que los seres humanos tenemos una relaci\u00f3n simbi\u00f3tica con las herramientas que creamos, son ellas quienes a su vez nos redise\u00f1an\u201d, coment\u00f3.<\/strong><\/em><\/p>\n<p style=\"text-align: justify;\">Durante el segundo d\u00eda se abordaron temas de consultor\u00eda de im\u00e1genes con la experta Daniela Espinoza, tambi\u00e9n se habl\u00f3 de experiencias de \u00e9xito y dise\u00f1o gr\u00e1fico con el expositor Llegas Pacheco; as\u00ed como publicidad y mercadotecnia en M\u00e9xico con el expositor Javier Mac\u00edas.<\/p>\n<p style=\"text-align: justify;\">En la recta final del Congreso los temas de las conferencias fueron sobre el fracaso en el emprendimiento, panorama de las empresas en el pa\u00eds y se cont\u00f3 con la ponencia de Santiago Lecumberri con el t\u00edtulo de \u2018Sin Miedo al \u00c9xito\u2019, todo esto en el Auditorio Gustavo Vild\u00f3sola del CETYS.<\/p>\n","protected":false},"excerpt":{"rendered":"<p>La revoluci\u00f3n digital es un periodo que estamos viviendo hoy en d\u00eda, la relaci\u00f3n entre tecnolog\u00eda y ser humano es cada vez&#8230;<\/p>\n","protected":false},"author":20,"featured_media":110433,"comment_status":"open","ping_status":"closed","sticky":false,"template":"","format":"standard","meta":{"footnotes":""},"categories":[133,1766,306,313],"tags":[373,271,99,721,2275],"class_list":["post-110204","post","type-post","status-publish","format-standard","has-post-thumbnail","hentry","category-campus-mexicali","category-innovacion","category-profesional","category-vocetys-2","tag-administracion","tag-conferencias","tag-negocios","tag-vida-estudiantil","tag-vocetys-top-2018-03-21"],"yoast_head":"<!-- This site is optimized with the Yoast SEO plugin v27.4 - https:\/\/yoast.com\/product\/yoast-seo-wordpress\/ -->\n<title>Analizan en &#039;C\u00e9lulas&#039; la relaci\u00f3n ser humano - tecnolog\u00eda - CETYS<\/title>\n<meta name=\"description\" content=\"Articulo sobre Analizan en &#039;C\u00e9lulas&#039; la relaci\u00f3n ser humano - tecnolog\u00eda\" \/>\n<meta name=\"robots\" content=\"index, follow, max-snippet:-1, max-image-preview:large, max-video-preview:-1\" \/>\n<link rel=\"canonical\" href=\"https:\/\/www.cetys.mx\/noticias\/analizan-en-celulas-la-relacion-ser-humano-tecnologia\/\" \/>\n<meta property=\"og:locale\" content=\"es_MX\" \/>\n<meta property=\"og:type\" content=\"article\" \/>\n<meta property=\"og:title\" content=\"Analizan en &#039;C\u00e9lulas&#039; la relaci\u00f3n ser humano - tecnolog\u00eda - CETYS\" \/>\n<meta property=\"og:description\" content=\"Articulo sobre Analizan en &#039;C\u00e9lulas&#039; la relaci\u00f3n ser humano - tecnolog\u00eda\" \/>\n<meta property=\"og:url\" content=\"https:\/\/www.cetys.mx\/noticias\/analizan-en-celulas-la-relacion-ser-humano-tecnologia\/\" \/>\n<meta property=\"og:site_name\" content=\"CETYS\" \/>\n<meta property=\"article:publisher\" content=\"https:\/\/www.facebook.com\/cetysuniversidadmxl\/\" \/>\n<meta property=\"article:published_time\" content=\"2018-03-16T23:54:37+00:00\" \/>\n<meta property=\"article:modified_time\" content=\"2018-03-21T01:14:02+00:00\" \/>\n<meta property=\"og:image\" content=\"https:\/\/www.cetys.mx\/noticias\/wp-content\/uploads\/2018\/03\/portadaCelulas.jpg\" \/>\n\t<meta property=\"og:image:width\" content=\"958\" \/>\n\t<meta property=\"og:image:height\" content=\"637\" \/>\n\t<meta property=\"og:image:type\" content=\"image\/jpeg\" \/>\n<meta name=\"author\" content=\"Campus Mexicali\" \/>\n<meta name=\"twitter:card\" content=\"summary_large_image\" \/>\n<meta name=\"twitter:creator\" content=\"@cetysuni\" \/>\n<meta name=\"twitter:site\" content=\"@cetysuni\" \/>\n<meta name=\"twitter:label1\" content=\"Escrito por\" \/>\n\t<meta name=\"twitter:data1\" content=\"Campus Mexicali\" \/>\n\t<meta name=\"twitter:label2\" content=\"Tiempo de lectura\" \/>\n\t<meta name=\"twitter:data2\" content=\"2 minutos\" \/>\n<script type=\"application\/ld+json\" class=\"yoast-schema-graph\">{\"@context\":\"https:\\\/\\\/schema.org\",\"@graph\":[{\"@type\":\"Article\",\"@id\":\"https:\\\/\\\/www.cetys.mx\\\/noticias\\\/analizan-en-celulas-la-relacion-ser-humano-tecnologia\\\/#article\",\"isPartOf\":{\"@id\":\"https:\\\/\\\/www.cetys.mx\\\/noticias\\\/analizan-en-celulas-la-relacion-ser-humano-tecnologia\\\/\"},\"author\":{\"name\":\"Campus Mexicali\",\"@id\":\"https:\\\/\\\/www.cetys.mx\\\/noticias\\\/#\\\/schema\\\/person\\\/79a95c4ac185f3705cf1b9c9340a5f70\"},\"headline\":\"Analizan en &#8216;C\u00e9lulas&#8217; la relaci\u00f3n ser humano &#8211; tecnolog\u00eda\",\"datePublished\":\"2018-03-16T23:54:37+00:00\",\"dateModified\":\"2018-03-21T01:14:02+00:00\",\"mainEntityOfPage\":{\"@id\":\"https:\\\/\\\/www.cetys.mx\\\/noticias\\\/analizan-en-celulas-la-relacion-ser-humano-tecnologia\\\/\"},\"wordCount\":510,\"commentCount\":0,\"image\":{\"@id\":\"https:\\\/\\\/www.cetys.mx\\\/noticias\\\/analizan-en-celulas-la-relacion-ser-humano-tecnologia\\\/#primaryimage\"},\"thumbnailUrl\":\"https:\\\/\\\/www.cetys.mx\\\/noticias\\\/wp-content\\\/uploads\\\/2018\\\/03\\\/portadaCelulas.jpg\",\"keywords\":[\"Administraci\u00f3n\",\"Conferencias\",\"Negocios\",\"Vida Estudiantil\",\"vocetys-top-2018-03-21\"],\"articleSection\":[\"Campus Mexicali\",\"Innovaci\u00f3n\",\"Profesional\",\"VoCETYS\"],\"inLanguage\":\"es\",\"potentialAction\":[{\"@type\":\"CommentAction\",\"name\":\"Comment\",\"target\":[\"https:\\\/\\\/www.cetys.mx\\\/noticias\\\/analizan-en-celulas-la-relacion-ser-humano-tecnologia\\\/#respond\"]}]},{\"@type\":\"WebPage\",\"@id\":\"https:\\\/\\\/www.cetys.mx\\\/noticias\\\/analizan-en-celulas-la-relacion-ser-humano-tecnologia\\\/\",\"url\":\"https:\\\/\\\/www.cetys.mx\\\/noticias\\\/analizan-en-celulas-la-relacion-ser-humano-tecnologia\\\/\",\"name\":\"Analizan en 'C\u00e9lulas' la relaci\u00f3n ser humano - tecnolog\u00eda - CETYS\",\"isPartOf\":{\"@id\":\"https:\\\/\\\/www.cetys.mx\\\/noticias\\\/#website\"},\"primaryImageOfPage\":{\"@id\":\"https:\\\/\\\/www.cetys.mx\\\/noticias\\\/analizan-en-celulas-la-relacion-ser-humano-tecnologia\\\/#primaryimage\"},\"image\":{\"@id\":\"https:\\\/\\\/www.cetys.mx\\\/noticias\\\/analizan-en-celulas-la-relacion-ser-humano-tecnologia\\\/#primaryimage\"},\"thumbnailUrl\":\"https:\\\/\\\/www.cetys.mx\\\/noticias\\\/wp-content\\\/uploads\\\/2018\\\/03\\\/portadaCelulas.jpg\",\"datePublished\":\"2018-03-16T23:54:37+00:00\",\"dateModified\":\"2018-03-21T01:14:02+00:00\",\"author\":{\"@id\":\"https:\\\/\\\/www.cetys.mx\\\/noticias\\\/#\\\/schema\\\/person\\\/79a95c4ac185f3705cf1b9c9340a5f70\"},\"description\":\"Articulo sobre Analizan en 'C\u00e9lulas' la relaci\u00f3n ser humano - tecnolog\u00eda\",\"breadcrumb\":{\"@id\":\"https:\\\/\\\/www.cetys.mx\\\/noticias\\\/analizan-en-celulas-la-relacion-ser-humano-tecnologia\\\/#breadcrumb\"},\"inLanguage\":\"es\",\"potentialAction\":[{\"@type\":\"ReadAction\",\"target\":[\"https:\\\/\\\/www.cetys.mx\\\/noticias\\\/analizan-en-celulas-la-relacion-ser-humano-tecnologia\\\/\"]}]},{\"@type\":\"ImageObject\",\"inLanguage\":\"es\",\"@id\":\"https:\\\/\\\/www.cetys.mx\\\/noticias\\\/analizan-en-celulas-la-relacion-ser-humano-tecnologia\\\/#primaryimage\",\"url\":\"https:\\\/\\\/www.cetys.mx\\\/noticias\\\/wp-content\\\/uploads\\\/2018\\\/03\\\/portadaCelulas.jpg\",\"contentUrl\":\"https:\\\/\\\/www.cetys.mx\\\/noticias\\\/wp-content\\\/uploads\\\/2018\\\/03\\\/portadaCelulas.jpg\",\"width\":958,\"height\":637,\"caption\":\"Maestros y alumnos convergieron en Congreso C\u00e9lulas\"},{\"@type\":\"BreadcrumbList\",\"@id\":\"https:\\\/\\\/www.cetys.mx\\\/noticias\\\/analizan-en-celulas-la-relacion-ser-humano-tecnologia\\\/#breadcrumb\",\"itemListElement\":[{\"@type\":\"ListItem\",\"position\":1,\"name\":\"Inicio\",\"item\":\"https:\\\/\\\/www.cetys.mx\\\/noticias\\\/\"},{\"@type\":\"ListItem\",\"position\":2,\"name\":\"Analizan en &#8216;C\u00e9lulas&#8217; la relaci\u00f3n ser humano &#8211; tecnolog\u00eda\"}]},{\"@type\":\"WebSite\",\"@id\":\"https:\\\/\\\/www.cetys.mx\\\/noticias\\\/#website\",\"url\":\"https:\\\/\\\/www.cetys.mx\\\/noticias\\\/\",\"name\":\"CETYS\",\"description\":\"\",\"potentialAction\":[{\"@type\":\"SearchAction\",\"target\":{\"@type\":\"EntryPoint\",\"urlTemplate\":\"https:\\\/\\\/www.cetys.mx\\\/noticias\\\/?s={search_term_string}\"},\"query-input\":{\"@type\":\"PropertyValueSpecification\",\"valueRequired\":true,\"valueName\":\"search_term_string\"}}],\"inLanguage\":\"es\"},{\"@type\":\"Person\",\"@id\":\"https:\\\/\\\/www.cetys.mx\\\/noticias\\\/#\\\/schema\\\/person\\\/79a95c4ac185f3705cf1b9c9340a5f70\",\"name\":\"Campus Mexicali\",\"url\":\"https:\\\/\\\/www.cetys.mx\\\/noticias\\\/author\\\/campusmexicali\\\/\"}]}<\/script>\n<!-- \/ Yoast SEO plugin. -->","yoast_head_json":{"title":"Analizan en 'C\u00e9lulas' la relaci\u00f3n ser humano - tecnolog\u00eda - CETYS","description":"Articulo sobre Analizan en 'C\u00e9lulas' la relaci\u00f3n ser humano - tecnolog\u00eda","robots":{"index":"index","follow":"follow","max-snippet":"max-snippet:-1","max-image-preview":"max-image-preview:large","max-video-preview":"max-video-preview:-1"},"canonical":"https:\/\/www.cetys.mx\/noticias\/analizan-en-celulas-la-relacion-ser-humano-tecnologia\/","og_locale":"es_MX","og_type":"article","og_title":"Analizan en 'C\u00e9lulas' la relaci\u00f3n ser humano - tecnolog\u00eda - CETYS","og_description":"Articulo sobre Analizan en 'C\u00e9lulas' la relaci\u00f3n ser humano - tecnolog\u00eda","og_url":"https:\/\/www.cetys.mx\/noticias\/analizan-en-celulas-la-relacion-ser-humano-tecnologia\/","og_site_name":"CETYS","article_publisher":"https:\/\/www.facebook.com\/cetysuniversidadmxl\/","article_published_time":"2018-03-16T23:54:37+00:00","article_modified_time":"2018-03-21T01:14:02+00:00","og_image":[{"width":958,"height":637,"url":"https:\/\/www.cetys.mx\/noticias\/wp-content\/uploads\/2018\/03\/portadaCelulas.jpg","type":"image\/jpeg"}],"author":"Campus Mexicali","twitter_card":"summary_large_image","twitter_creator":"@cetysuni","twitter_site":"@cetysuni","twitter_misc":{"Escrito por":"Campus Mexicali","Tiempo de lectura":"2 minutos"},"schema":{"@context":"https:\/\/schema.org","@graph":[{"@type":"Article","@id":"https:\/\/www.cetys.mx\/noticias\/analizan-en-celulas-la-relacion-ser-humano-tecnologia\/#article","isPartOf":{"@id":"https:\/\/www.cetys.mx\/noticias\/analizan-en-celulas-la-relacion-ser-humano-tecnologia\/"},"author":{"name":"Campus Mexicali","@id":"https:\/\/www.cetys.mx\/noticias\/#\/schema\/person\/79a95c4ac185f3705cf1b9c9340a5f70"},"headline":"Analizan en &#8216;C\u00e9lulas&#8217; la relaci\u00f3n ser humano &#8211; tecnolog\u00eda","datePublished":"2018-03-16T23:54:37+00:00","dateModified":"2018-03-21T01:14:02+00:00","mainEntityOfPage":{"@id":"https:\/\/www.cetys.mx\/noticias\/analizan-en-celulas-la-relacion-ser-humano-tecnologia\/"},"wordCount":510,"commentCount":0,"image":{"@id":"https:\/\/www.cetys.mx\/noticias\/analizan-en-celulas-la-relacion-ser-humano-tecnologia\/#primaryimage"},"thumbnailUrl":"https:\/\/www.cetys.mx\/noticias\/wp-content\/uploads\/2018\/03\/portadaCelulas.jpg","keywords":["Administraci\u00f3n","Conferencias","Negocios","Vida Estudiantil","vocetys-top-2018-03-21"],"articleSection":["Campus Mexicali","Innovaci\u00f3n","Profesional","VoCETYS"],"inLanguage":"es","potentialAction":[{"@type":"CommentAction","name":"Comment","target":["https:\/\/www.cetys.mx\/noticias\/analizan-en-celulas-la-relacion-ser-humano-tecnologia\/#respond"]}]},{"@type":"WebPage","@id":"https:\/\/www.cetys.mx\/noticias\/analizan-en-celulas-la-relacion-ser-humano-tecnologia\/","url":"https:\/\/www.cetys.mx\/noticias\/analizan-en-celulas-la-relacion-ser-humano-tecnologia\/","name":"Analizan en 'C\u00e9lulas' la relaci\u00f3n ser humano - tecnolog\u00eda - CETYS","isPartOf":{"@id":"https:\/\/www.cetys.mx\/noticias\/#website"},"primaryImageOfPage":{"@id":"https:\/\/www.cetys.mx\/noticias\/analizan-en-celulas-la-relacion-ser-humano-tecnologia\/#primaryimage"},"image":{"@id":"https:\/\/www.cetys.mx\/noticias\/analizan-en-celulas-la-relacion-ser-humano-tecnologia\/#primaryimage"},"thumbnailUrl":"https:\/\/www.cetys.mx\/noticias\/wp-content\/uploads\/2018\/03\/portadaCelulas.jpg","datePublished":"2018-03-16T23:54:37+00:00","dateModified":"2018-03-21T01:14:02+00:00","author":{"@id":"https:\/\/www.cetys.mx\/noticias\/#\/schema\/person\/79a95c4ac185f3705cf1b9c9340a5f70"},"description":"Articulo sobre Analizan en 'C\u00e9lulas' la relaci\u00f3n ser humano - tecnolog\u00eda","breadcrumb":{"@id":"https:\/\/www.cetys.mx\/noticias\/analizan-en-celulas-la-relacion-ser-humano-tecnologia\/#breadcrumb"},"inLanguage":"es","potentialAction":[{"@type":"ReadAction","target":["https:\/\/www.cetys.mx\/noticias\/analizan-en-celulas-la-relacion-ser-humano-tecnologia\/"]}]},{"@type":"ImageObject","inLanguage":"es","@id":"https:\/\/www.cetys.mx\/noticias\/analizan-en-celulas-la-relacion-ser-humano-tecnologia\/#primaryimage","url":"https:\/\/www.cetys.mx\/noticias\/wp-content\/uploads\/2018\/03\/portadaCelulas.jpg","contentUrl":"https:\/\/www.cetys.mx\/noticias\/wp-content\/uploads\/2018\/03\/portadaCelulas.jpg","width":958,"height":637,"caption":"Maestros y alumnos convergieron en Congreso C\u00e9lulas"},{"@type":"BreadcrumbList","@id":"https:\/\/www.cetys.mx\/noticias\/analizan-en-celulas-la-relacion-ser-humano-tecnologia\/#breadcrumb","itemListElement":[{"@type":"ListItem","position":1,"name":"Inicio","item":"https:\/\/www.cetys.mx\/noticias\/"},{"@type":"ListItem","position":2,"name":"Analizan en &#8216;C\u00e9lulas&#8217; la relaci\u00f3n ser humano &#8211; tecnolog\u00eda"}]},{"@type":"WebSite","@id":"https:\/\/www.cetys.mx\/noticias\/#website","url":"https:\/\/www.cetys.mx\/noticias\/","name":"CETYS","description":"","potentialAction":[{"@type":"SearchAction","target":{"@type":"EntryPoint","urlTemplate":"https:\/\/www.cetys.mx\/noticias\/?s={search_term_string}"},"query-input":{"@type":"PropertyValueSpecification","valueRequired":true,"valueName":"search_term_string"}}],"inLanguage":"es"},{"@type":"Person","@id":"https:\/\/www.cetys.mx\/noticias\/#\/schema\/person\/79a95c4ac185f3705cf1b9c9340a5f70","name":"Campus Mexicali","url":"https:\/\/www.cetys.mx\/noticias\/author\/campusmexicali\/"}]}},"_links":{"self":[{"href":"https:\/\/www.cetys.mx\/noticias\/wp-json\/wp\/v2\/posts\/110204","targetHints":{"allow":["GET"]}}],"collection":[{"href":"https:\/\/www.cetys.mx\/noticias\/wp-json\/wp\/v2\/posts"}],"about":[{"href":"https:\/\/www.cetys.mx\/noticias\/wp-json\/wp\/v2\/types\/post"}],"author":[{"embeddable":true,"href":"https:\/\/www.cetys.mx\/noticias\/wp-json\/wp\/v2\/users\/20"}],"replies":[{"embeddable":true,"href":"https:\/\/www.cetys.mx\/noticias\/wp-json\/wp\/v2\/comments?post=110204"}],"version-history":[{"count":0,"href":"https:\/\/www.cetys.mx\/noticias\/wp-json\/wp\/v2\/posts\/110204\/revisions"}],"wp:featuredmedia":[{"embeddable":true,"href":"https:\/\/www.cetys.mx\/noticias\/wp-json\/wp\/v2\/media\/110433"}],"wp:attachment":[{"href":"https:\/\/www.cetys.mx\/noticias\/wp-json\/wp\/v2\/media?parent=110204"}],"wp:term":[{"taxonomy":"category","embeddable":true,"href":"https:\/\/www.cetys.mx\/noticias\/wp-json\/wp\/v2\/categories?post=110204"},{"taxonomy":"post_tag","embeddable":true,"href":"https:\/\/www.cetys.mx\/noticias\/wp-json\/wp\/v2\/tags?post=110204"}],"curies":[{"name":"wp","href":"https:\/\/api.w.org\/{rel}","templated":true}]}}