{"id":110190,"date":"2018-03-16T13:23:16","date_gmt":"2018-03-16T20:23:16","guid":{"rendered":"http:\/\/www.cetys.mx\/noticias\/?p=110190"},"modified":"2018-03-20T18:19:59","modified_gmt":"2018-03-21T01:19:59","slug":"cetys-universidad-se-declara-listo-regional-condde","status":"publish","type":"post","link":"https:\/\/www.cetys.mx\/noticias\/cetys-universidad-se-declara-listo-regional-condde\/","title":{"rendered":"CETYS Universidad se declara listo para Regional CONDDE"},"content":{"rendered":"<p style=\"text-align: justify;\">Del 19 al 25 de marzo, instituciones sonorenses vivir\u00e1n una importante fiesta deportiva: Universiada Regional 2018; competencia donde el Sistema CETYS Universidad contar\u00e1 con la participaci\u00f3n de 91 destacados atletas y 16 miembros del staff de apoyo, que uniendo esfuerzos buscar\u00e1n alcanzar boleto a la fase nacional.<\/p>\n<p style=\"text-align: justify;\">Las capacidades de los j\u00f3venes deportistas se ver\u00e1n reflejadas en las disciplinas de f\u00fatbol r\u00e1pido, basquetbol, tiro con arco, atletismo, tenis, taekwondo, voleibol, futbol bandera y triatl\u00f3n. 66 de ellos pertenecen a Campus Tijuana, 17 a Campus Mexicali y 8 a Campus Ensenada.<\/p>\n<p style=\"text-align: justify;\">Enrique Lechuga N\u00fa\u00f1ez, Director Estatal del Deporte de CETYS Universidad, coment\u00f3 que se realiz\u00f3 muy buen papel en el Campeonato Nacional de Atletismo de CONADEIP en d\u00edas pasados, al igual que en la etapa Estatal de la Universiada y que se quieren repetir en la etapa Regional de CONDDE 2018, pues CETYS Universidad se est\u00e1 haciendo notar no s\u00f3lo en lo acad\u00e9mico, tambi\u00e9n en el \u00e1mbito deportivo.<\/p>\n<div id=\"attachment_110193\" style=\"width: 966px\" class=\"wp-caption alignnone\"><a href=\"https:\/\/www.cetys.mx\/noticias\/wp-content\/uploads\/2018\/03\/rebe31.jpg\"><img loading=\"lazy\" decoding=\"async\" aria-describedby=\"caption-attachment-110193\" class=\"size-full wp-image-110193\" src=\"https:\/\/www.cetys.mx\/noticias\/wp-content\/uploads\/2018\/03\/rebe31.jpg\" alt=\"Arqueros de Zorros buscar\u00e1n primeros sitios en el CUM de Hermosillo. \" width=\"956\" height=\"637\" \/><\/a><p id=\"caption-attachment-110193\" class=\"wp-caption-text\">Arqueros de Zorros buscar\u00e1n primeros sitios en el CUM de Hermosillo.<\/p><\/div>\n<p style=\"text-align: justify;\">\u201cEn a\u00f1os anteriores nos hemos posicionado a nivel nacional y estamos siendo un referente en el deporte universitario de M\u00e9xico, que tambi\u00e9n nos ayuda para el proyecto NCAA de Estados Unidos, es un camino largo, pero se sigue avanzando\u201d, expres\u00f3 Lechuga N\u00fa\u00f1ez.<\/p>\n<p style=\"text-align: justify;\">Ejemplo de un nuevo avance deportivo ha sido con el equipo de futbol bandera (tochito o flag football), equipo entrenado por Alan L\u00f3pez Valenzuela que proviene de ganar el Campeonato Nacional Primera Fuerza de CONADEIP. Otro ejemplo similar es en futbol r\u00e1pido (o futbol de bardas) en 2017, donde los pupilos de Alfredo Rodr\u00edguez cosecharon el primer t\u00edtulo nacional en una d\u00e9cada y media.<\/p>\n<blockquote>\n<p style=\"text-align: justify;\">&#8220;Traemos un equipo muy fuerte -agreg\u00f3 Nallely Montero, jugadora de futbol bandera-. Nosotras, por ejemplo, nos hemos preparado mucho en la liga local y tratando de adaptarnos a la modalidad 7 por 7. Nuestro objetivo es ganar la fase nacional, pero primero hay que superar esta importante ronda en Sonora&#8221;.<\/p>\n<\/blockquote>\n<div id=\"attachment_110192\" style=\"width: 966px\" class=\"wp-caption alignnone\"><a href=\"https:\/\/www.cetys.mx\/noticias\/wp-content\/uploads\/2018\/03\/regional_previa_cetys-3-e1521230769879.jpg\"><img loading=\"lazy\" decoding=\"async\" aria-describedby=\"caption-attachment-110192\" class=\"size-full wp-image-110192\" src=\"https:\/\/www.cetys.mx\/noticias\/wp-content\/uploads\/2018\/03\/regional_previa_cetys-3-e1521230769879.jpg\" alt=\"Voleibolistas competir\u00e1n en el Gimnasio &quot;J.F. C\u00e1rdenas&quot; de Cd. Obreg\u00f3n. \" width=\"956\" height=\"637\" \/><\/a><p id=\"caption-attachment-110192\" class=\"wp-caption-text\">Voleibolistas competir\u00e1n en el Gimnasio &#8220;J.F. C\u00e1rdenas&#8221; de Cd. Obreg\u00f3n.<\/p><\/div>\n<p style=\"text-align: justify;\">Por su parte, el Director de Deportes Campus Mexicali, Roberto Quintero M\u00e1rmol Valenzuela, piensa que la competencia regional es una etapa corta que se debe aprovechar para formar parte de la experiencia y formaci\u00f3n del deportista as\u00ed como del intercambio deportivo y cultural.<\/p>\n<p style=\"text-align: justify;\"><strong><em>\u201cNuestra delegaci\u00f3n llega a la etapa Regional de la Universiada con el compromiso de realizar un buen papel y dar su m\u00e1ximo esfuerzo, los logros que hemos obtenido a nivel nacional son gracias a la dedicaci\u00f3n y esfuerzo de los atletas, el trabajo en equipo de los Campus Ensenada, Tijuana y Mexicali con sus equipos deportivos y por supuesto los padres de familia que apoyan el desarrollo de los j\u00f3venes a temprana edad\u201d, finaliz\u00f3 Quintero M\u00e1rmol.<\/em><\/strong><\/p>\n<p style=\"text-align: justify;\">La infraestructura del Sistema CETYS Universidad jug\u00f3 un papel muy importante durante el proceso de preparaci\u00f3n, pues el compromiso de la instituci\u00f3n con el deporte se ha venido reflejando en crear los espacios necesarios para su pr\u00e1ctica.<\/p>\n<p style=\"text-align: justify;\">UNISON Campus Hermosillo ser\u00e1 sede del taekwondo, tiro con arco y basquetbol del 19 al 21 de marzo; ITSON Campus Cd. Obreg\u00f3n albergar\u00e1 del 23 al 25 el atletismo, tenis, futbol bandera, voleibol, futbol r\u00e1pido y triatl\u00f3n.<\/p>\n<div id=\"attachment_110191\" style=\"width: 962px\" class=\"wp-caption alignnone\"><a href=\"https:\/\/www.cetys.mx\/noticias\/wp-content\/uploads\/2018\/03\/DSC_0079-e1521230591168.jpg\"><img loading=\"lazy\" decoding=\"async\" aria-describedby=\"caption-attachment-110191\" class=\"size-full wp-image-110191\" src=\"https:\/\/www.cetys.mx\/noticias\/wp-content\/uploads\/2018\/03\/DSC_0079-e1521230591168.jpg\" alt=\"El futbol r\u00e1pido se disputar\u00e1 en el Gimnasio Municipal de Cd. Obreg\u00f3n. \" width=\"952\" height=\"637\" \/><\/a><p id=\"caption-attachment-110191\" class=\"wp-caption-text\">El futbol r\u00e1pido se disputar\u00e1 en el Gimnasio Municipal de Cd. Obreg\u00f3n.<\/p><\/div>\n","protected":false},"excerpt":{"rendered":"<p>Del 19 al 25 de marzo, instituciones sonorenses vivir\u00e1n una importante fiesta deportiva: Universiada Regional 2018; competencia donde el Sistema CETYS Universidad&#8230;<\/p>\n","protected":false},"author":26,"featured_media":110194,"comment_status":"open","ping_status":"closed","sticky":false,"template":"","format":"standard","meta":{"footnotes":""},"categories":[312,209,125,313],"tags":[566,438,327,233,1649,686,616,2228,567,1426,1425,2270,658],"class_list":["post-110190","post","type-post","status-publish","format-standard","has-post-thumbnail","hentry","category-deportes","category-institucional","category-portada","category-vocetys-2","tag-atletismo","tag-basquetbol","tag-condde","tag-deportes","tag-futbol-bandera","tag-futbol-rapido","tag-taekwondo","tag-tenis","tag-tiro-con-arco","tag-triatlon","tag-universiada-regional","tag-vocetys-2018-03-21","tag-voleibol","univesidades-cetys","univesidades-itson","univesidades-unison"],"yoast_head":"<!-- This site is optimized with the Yoast SEO plugin v27.4 - https:\/\/yoast.com\/product\/yoast-seo-wordpress\/ -->\n<title>CETYS Universidad se declara listo para Regional CONDDE - CETYS<\/title>\n<meta name=\"description\" content=\"Articulo sobre CETYS Universidad se declara listo para Regional CONDDE\" \/>\n<meta name=\"robots\" content=\"index, follow, max-snippet:-1, max-image-preview:large, max-video-preview:-1\" \/>\n<link rel=\"canonical\" href=\"https:\/\/www.cetys.mx\/noticias\/cetys-universidad-se-declara-listo-regional-condde\/\" \/>\n<meta property=\"og:locale\" content=\"es_MX\" \/>\n<meta property=\"og:type\" content=\"article\" \/>\n<meta property=\"og:title\" content=\"CETYS Universidad se declara listo para Regional CONDDE - CETYS\" \/>\n<meta property=\"og:description\" content=\"Articulo sobre CETYS Universidad se declara listo para Regional CONDDE\" \/>\n<meta property=\"og:url\" content=\"https:\/\/www.cetys.mx\/noticias\/cetys-universidad-se-declara-listo-regional-condde\/\" \/>\n<meta property=\"og:site_name\" content=\"CETYS\" \/>\n<meta property=\"article:publisher\" content=\"https:\/\/www.facebook.com\/cetysuniversidadmxl\/\" \/>\n<meta property=\"article:published_time\" content=\"2018-03-16T20:23:16+00:00\" \/>\n<meta property=\"article:modified_time\" content=\"2018-03-21T01:19:59+00:00\" \/>\n<meta property=\"og:image\" content=\"https:\/\/www.cetys.mx\/noticias\/wp-content\/uploads\/2018\/03\/regional_previa_cetys-2-e1521231669352.jpg\" \/>\n\t<meta property=\"og:image:width\" content=\"955\" \/>\n\t<meta property=\"og:image:height\" content=\"637\" \/>\n\t<meta property=\"og:image:type\" content=\"image\/jpeg\" \/>\n<meta name=\"author\" content=\"CETYS Institucional\" \/>\n<meta name=\"twitter:card\" content=\"summary_large_image\" \/>\n<meta name=\"twitter:creator\" content=\"@cetysuni\" \/>\n<meta name=\"twitter:site\" content=\"@cetysuni\" \/>\n<meta name=\"twitter:label1\" content=\"Escrito por\" \/>\n\t<meta name=\"twitter:data1\" content=\"CETYS Institucional\" \/>\n\t<meta name=\"twitter:label2\" content=\"Tiempo de lectura\" \/>\n\t<meta name=\"twitter:data2\" content=\"3 minutos\" \/>\n<script type=\"application\/ld+json\" class=\"yoast-schema-graph\">{\"@context\":\"https:\\\/\\\/schema.org\",\"@graph\":[{\"@type\":\"Article\",\"@id\":\"https:\\\/\\\/www.cetys.mx\\\/noticias\\\/cetys-universidad-se-declara-listo-regional-condde\\\/#article\",\"isPartOf\":{\"@id\":\"https:\\\/\\\/www.cetys.mx\\\/noticias\\\/cetys-universidad-se-declara-listo-regional-condde\\\/\"},\"author\":{\"name\":\"CETYS Institucional\",\"@id\":\"https:\\\/\\\/www.cetys.mx\\\/noticias\\\/#\\\/schema\\\/person\\\/e9d2b35265b64aa454df57a2828eb2ac\"},\"headline\":\"CETYS Universidad se declara listo para Regional CONDDE\",\"datePublished\":\"2018-03-16T20:23:16+00:00\",\"dateModified\":\"2018-03-21T01:19:59+00:00\",\"mainEntityOfPage\":{\"@id\":\"https:\\\/\\\/www.cetys.mx\\\/noticias\\\/cetys-universidad-se-declara-listo-regional-condde\\\/\"},\"wordCount\":594,\"commentCount\":0,\"image\":{\"@id\":\"https:\\\/\\\/www.cetys.mx\\\/noticias\\\/cetys-universidad-se-declara-listo-regional-condde\\\/#primaryimage\"},\"thumbnailUrl\":\"https:\\\/\\\/www.cetys.mx\\\/noticias\\\/wp-content\\\/uploads\\\/2018\\\/03\\\/regional_previa_cetys-2-e1521231669352.jpg\",\"keywords\":[\"Atletismo\",\"Basquetbol\",\"condde\",\"Deportes\",\"Futbol bandera\",\"Futbol R\u00e1pido\",\"taekwondo\",\"tenis\",\"Tiro Con Arco\",\"Triatl\u00f3n\",\"Universiada Regional\",\"vocetys-2018-03-21\",\"voleibol\"],\"articleSection\":[\"Deportes\",\"Institucional\",\"Portada\",\"VoCETYS\"],\"inLanguage\":\"es\",\"potentialAction\":[{\"@type\":\"CommentAction\",\"name\":\"Comment\",\"target\":[\"https:\\\/\\\/www.cetys.mx\\\/noticias\\\/cetys-universidad-se-declara-listo-regional-condde\\\/#respond\"]}]},{\"@type\":\"WebPage\",\"@id\":\"https:\\\/\\\/www.cetys.mx\\\/noticias\\\/cetys-universidad-se-declara-listo-regional-condde\\\/\",\"url\":\"https:\\\/\\\/www.cetys.mx\\\/noticias\\\/cetys-universidad-se-declara-listo-regional-condde\\\/\",\"name\":\"CETYS Universidad se declara listo para Regional CONDDE - CETYS\",\"isPartOf\":{\"@id\":\"https:\\\/\\\/www.cetys.mx\\\/noticias\\\/#website\"},\"primaryImageOfPage\":{\"@id\":\"https:\\\/\\\/www.cetys.mx\\\/noticias\\\/cetys-universidad-se-declara-listo-regional-condde\\\/#primaryimage\"},\"image\":{\"@id\":\"https:\\\/\\\/www.cetys.mx\\\/noticias\\\/cetys-universidad-se-declara-listo-regional-condde\\\/#primaryimage\"},\"thumbnailUrl\":\"https:\\\/\\\/www.cetys.mx\\\/noticias\\\/wp-content\\\/uploads\\\/2018\\\/03\\\/regional_previa_cetys-2-e1521231669352.jpg\",\"datePublished\":\"2018-03-16T20:23:16+00:00\",\"dateModified\":\"2018-03-21T01:19:59+00:00\",\"author\":{\"@id\":\"https:\\\/\\\/www.cetys.mx\\\/noticias\\\/#\\\/schema\\\/person\\\/e9d2b35265b64aa454df57a2828eb2ac\"},\"description\":\"Articulo sobre CETYS Universidad se declara listo para Regional CONDDE\",\"breadcrumb\":{\"@id\":\"https:\\\/\\\/www.cetys.mx\\\/noticias\\\/cetys-universidad-se-declara-listo-regional-condde\\\/#breadcrumb\"},\"inLanguage\":\"es\",\"potentialAction\":[{\"@type\":\"ReadAction\",\"target\":[\"https:\\\/\\\/www.cetys.mx\\\/noticias\\\/cetys-universidad-se-declara-listo-regional-condde\\\/\"]}]},{\"@type\":\"ImageObject\",\"inLanguage\":\"es\",\"@id\":\"https:\\\/\\\/www.cetys.mx\\\/noticias\\\/cetys-universidad-se-declara-listo-regional-condde\\\/#primaryimage\",\"url\":\"https:\\\/\\\/www.cetys.mx\\\/noticias\\\/wp-content\\\/uploads\\\/2018\\\/03\\\/regional_previa_cetys-2-e1521231669352.jpg\",\"contentUrl\":\"https:\\\/\\\/www.cetys.mx\\\/noticias\\\/wp-content\\\/uploads\\\/2018\\\/03\\\/regional_previa_cetys-2-e1521231669352.jpg\",\"width\":955,\"height\":637,\"caption\":\"Universiada Regional - CONDDE\"},{\"@type\":\"BreadcrumbList\",\"@id\":\"https:\\\/\\\/www.cetys.mx\\\/noticias\\\/cetys-universidad-se-declara-listo-regional-condde\\\/#breadcrumb\",\"itemListElement\":[{\"@type\":\"ListItem\",\"position\":1,\"name\":\"Inicio\",\"item\":\"https:\\\/\\\/www.cetys.mx\\\/noticias\\\/\"},{\"@type\":\"ListItem\",\"position\":2,\"name\":\"CETYS Universidad se declara listo para Regional CONDDE\"}]},{\"@type\":\"WebSite\",\"@id\":\"https:\\\/\\\/www.cetys.mx\\\/noticias\\\/#website\",\"url\":\"https:\\\/\\\/www.cetys.mx\\\/noticias\\\/\",\"name\":\"CETYS\",\"description\":\"\",\"potentialAction\":[{\"@type\":\"SearchAction\",\"target\":{\"@type\":\"EntryPoint\",\"urlTemplate\":\"https:\\\/\\\/www.cetys.mx\\\/noticias\\\/?s={search_term_string}\"},\"query-input\":{\"@type\":\"PropertyValueSpecification\",\"valueRequired\":true,\"valueName\":\"search_term_string\"}}],\"inLanguage\":\"es\"},{\"@type\":\"Person\",\"@id\":\"https:\\\/\\\/www.cetys.mx\\\/noticias\\\/#\\\/schema\\\/person\\\/e9d2b35265b64aa454df57a2828eb2ac\",\"name\":\"CETYS Institucional\",\"url\":\"https:\\\/\\\/www.cetys.mx\\\/noticias\\\/author\\\/cetysinstitucional\\\/\"}]}<\/script>\n<!-- \/ Yoast SEO plugin. -->","yoast_head_json":{"title":"CETYS Universidad se declara listo para Regional CONDDE - CETYS","description":"Articulo sobre CETYS Universidad se declara listo para Regional CONDDE","robots":{"index":"index","follow":"follow","max-snippet":"max-snippet:-1","max-image-preview":"max-image-preview:large","max-video-preview":"max-video-preview:-1"},"canonical":"https:\/\/www.cetys.mx\/noticias\/cetys-universidad-se-declara-listo-regional-condde\/","og_locale":"es_MX","og_type":"article","og_title":"CETYS Universidad se declara listo para Regional CONDDE - CETYS","og_description":"Articulo sobre CETYS Universidad se declara listo para Regional CONDDE","og_url":"https:\/\/www.cetys.mx\/noticias\/cetys-universidad-se-declara-listo-regional-condde\/","og_site_name":"CETYS","article_publisher":"https:\/\/www.facebook.com\/cetysuniversidadmxl\/","article_published_time":"2018-03-16T20:23:16+00:00","article_modified_time":"2018-03-21T01:19:59+00:00","og_image":[{"width":955,"height":637,"url":"https:\/\/www.cetys.mx\/noticias\/wp-content\/uploads\/2018\/03\/regional_previa_cetys-2-e1521231669352.jpg","type":"image\/jpeg"}],"author":"CETYS Institucional","twitter_card":"summary_large_image","twitter_creator":"@cetysuni","twitter_site":"@cetysuni","twitter_misc":{"Escrito por":"CETYS Institucional","Tiempo de lectura":"3 minutos"},"schema":{"@context":"https:\/\/schema.org","@graph":[{"@type":"Article","@id":"https:\/\/www.cetys.mx\/noticias\/cetys-universidad-se-declara-listo-regional-condde\/#article","isPartOf":{"@id":"https:\/\/www.cetys.mx\/noticias\/cetys-universidad-se-declara-listo-regional-condde\/"},"author":{"name":"CETYS Institucional","@id":"https:\/\/www.cetys.mx\/noticias\/#\/schema\/person\/e9d2b35265b64aa454df57a2828eb2ac"},"headline":"CETYS Universidad se declara listo para Regional CONDDE","datePublished":"2018-03-16T20:23:16+00:00","dateModified":"2018-03-21T01:19:59+00:00","mainEntityOfPage":{"@id":"https:\/\/www.cetys.mx\/noticias\/cetys-universidad-se-declara-listo-regional-condde\/"},"wordCount":594,"commentCount":0,"image":{"@id":"https:\/\/www.cetys.mx\/noticias\/cetys-universidad-se-declara-listo-regional-condde\/#primaryimage"},"thumbnailUrl":"https:\/\/www.cetys.mx\/noticias\/wp-content\/uploads\/2018\/03\/regional_previa_cetys-2-e1521231669352.jpg","keywords":["Atletismo","Basquetbol","condde","Deportes","Futbol bandera","Futbol R\u00e1pido","taekwondo","tenis","Tiro Con Arco","Triatl\u00f3n","Universiada Regional","vocetys-2018-03-21","voleibol"],"articleSection":["Deportes","Institucional","Portada","VoCETYS"],"inLanguage":"es","potentialAction":[{"@type":"CommentAction","name":"Comment","target":["https:\/\/www.cetys.mx\/noticias\/cetys-universidad-se-declara-listo-regional-condde\/#respond"]}]},{"@type":"WebPage","@id":"https:\/\/www.cetys.mx\/noticias\/cetys-universidad-se-declara-listo-regional-condde\/","url":"https:\/\/www.cetys.mx\/noticias\/cetys-universidad-se-declara-listo-regional-condde\/","name":"CETYS Universidad se declara listo para Regional CONDDE - CETYS","isPartOf":{"@id":"https:\/\/www.cetys.mx\/noticias\/#website"},"primaryImageOfPage":{"@id":"https:\/\/www.cetys.mx\/noticias\/cetys-universidad-se-declara-listo-regional-condde\/#primaryimage"},"image":{"@id":"https:\/\/www.cetys.mx\/noticias\/cetys-universidad-se-declara-listo-regional-condde\/#primaryimage"},"thumbnailUrl":"https:\/\/www.cetys.mx\/noticias\/wp-content\/uploads\/2018\/03\/regional_previa_cetys-2-e1521231669352.jpg","datePublished":"2018-03-16T20:23:16+00:00","dateModified":"2018-03-21T01:19:59+00:00","author":{"@id":"https:\/\/www.cetys.mx\/noticias\/#\/schema\/person\/e9d2b35265b64aa454df57a2828eb2ac"},"description":"Articulo sobre CETYS Universidad se declara listo para Regional CONDDE","breadcrumb":{"@id":"https:\/\/www.cetys.mx\/noticias\/cetys-universidad-se-declara-listo-regional-condde\/#breadcrumb"},"inLanguage":"es","potentialAction":[{"@type":"ReadAction","target":["https:\/\/www.cetys.mx\/noticias\/cetys-universidad-se-declara-listo-regional-condde\/"]}]},{"@type":"ImageObject","inLanguage":"es","@id":"https:\/\/www.cetys.mx\/noticias\/cetys-universidad-se-declara-listo-regional-condde\/#primaryimage","url":"https:\/\/www.cetys.mx\/noticias\/wp-content\/uploads\/2018\/03\/regional_previa_cetys-2-e1521231669352.jpg","contentUrl":"https:\/\/www.cetys.mx\/noticias\/wp-content\/uploads\/2018\/03\/regional_previa_cetys-2-e1521231669352.jpg","width":955,"height":637,"caption":"Universiada Regional - CONDDE"},{"@type":"BreadcrumbList","@id":"https:\/\/www.cetys.mx\/noticias\/cetys-universidad-se-declara-listo-regional-condde\/#breadcrumb","itemListElement":[{"@type":"ListItem","position":1,"name":"Inicio","item":"https:\/\/www.cetys.mx\/noticias\/"},{"@type":"ListItem","position":2,"name":"CETYS Universidad se declara listo para Regional CONDDE"}]},{"@type":"WebSite","@id":"https:\/\/www.cetys.mx\/noticias\/#website","url":"https:\/\/www.cetys.mx\/noticias\/","name":"CETYS","description":"","potentialAction":[{"@type":"SearchAction","target":{"@type":"EntryPoint","urlTemplate":"https:\/\/www.cetys.mx\/noticias\/?s={search_term_string}"},"query-input":{"@type":"PropertyValueSpecification","valueRequired":true,"valueName":"search_term_string"}}],"inLanguage":"es"},{"@type":"Person","@id":"https:\/\/www.cetys.mx\/noticias\/#\/schema\/person\/e9d2b35265b64aa454df57a2828eb2ac","name":"CETYS Institucional","url":"https:\/\/www.cetys.mx\/noticias\/author\/cetysinstitucional\/"}]}},"_links":{"self":[{"href":"https:\/\/www.cetys.mx\/noticias\/wp-json\/wp\/v2\/posts\/110190","targetHints":{"allow":["GET"]}}],"collection":[{"href":"https:\/\/www.cetys.mx\/noticias\/wp-json\/wp\/v2\/posts"}],"about":[{"href":"https:\/\/www.cetys.mx\/noticias\/wp-json\/wp\/v2\/types\/post"}],"author":[{"embeddable":true,"href":"https:\/\/www.cetys.mx\/noticias\/wp-json\/wp\/v2\/users\/26"}],"replies":[{"embeddable":true,"href":"https:\/\/www.cetys.mx\/noticias\/wp-json\/wp\/v2\/comments?post=110190"}],"version-history":[{"count":0,"href":"https:\/\/www.cetys.mx\/noticias\/wp-json\/wp\/v2\/posts\/110190\/revisions"}],"wp:featuredmedia":[{"embeddable":true,"href":"https:\/\/www.cetys.mx\/noticias\/wp-json\/wp\/v2\/media\/110194"}],"wp:attachment":[{"href":"https:\/\/www.cetys.mx\/noticias\/wp-json\/wp\/v2\/media?parent=110190"}],"wp:term":[{"taxonomy":"category","embeddable":true,"href":"https:\/\/www.cetys.mx\/noticias\/wp-json\/wp\/v2\/categories?post=110190"},{"taxonomy":"post_tag","embeddable":true,"href":"https:\/\/www.cetys.mx\/noticias\/wp-json\/wp\/v2\/tags?post=110190"}],"curies":[{"name":"wp","href":"https:\/\/api.w.org\/{rel}","templated":true}]}}