{"id":109912,"date":"2018-03-06T11:23:30","date_gmt":"2018-03-06T19:23:30","guid":{"rendered":"http:\/\/www.cetys.mx\/noticias\/?p=109912"},"modified":"2018-03-06T11:23:30","modified_gmt":"2018-03-06T19:23:30","slug":"mejora-arte-las-lesiones-del-cerebro","status":"publish","type":"post","link":"https:\/\/www.cetys.mx\/noticias\/mejora-arte-las-lesiones-del-cerebro\/","title":{"rendered":"\u00bfC\u00f3mo mejora el arte las lesiones del cerebro?"},"content":{"rendered":"<p style=\"text-align: justify;\">A trav\u00e9s del arte, como forma de intervenci\u00f3n terap\u00e9utica, se ha logrado que pacientes del <a href=\"https:\/\/ipebc.gob.mx\/\" target=\"_blank\">Instituto de\u00a0Psiquiatr\u00eda del Estado de Baja California (IPEBC)<\/a>,\u00a0con alg\u00fan tipo de lesi\u00f3n cerebral o trastorno psicol\u00f3gico, puedan rehabilitarse o mejorar funciones que ten\u00edan afectadas.<\/p>\n<p style=\"text-align: justify;\">La Psic\u00f3loga\u00a0<strong>Patricia \u00c1ngel Mendoza<\/strong>, perteneciente a este centro de salud mental, dijo que la expresi\u00f3n art\u00edstica ayuda con su proceso creativo a relacionar los l\u00f3bulos frontales y temporales as\u00ed como estimular el sistema l\u00edmbico, las cortezas y funciones como la memoria y la atenci\u00f3n; dando como resultado una mejora en ciertas funciones ejecutivas del paciente.<\/p>\n<p style=\"text-align: justify;\"><a href=\"https:\/\/www.cetys.mx\/noticias\/wp-content\/uploads\/2018\/03\/SemanaCerebro_CETYS2.jpg\"><img loading=\"lazy\" decoding=\"async\" class=\"alignnone size-full wp-image-109915\" src=\"https:\/\/www.cetys.mx\/noticias\/wp-content\/uploads\/2018\/03\/SemanaCerebro_CETYS2.jpg\" alt=\"cerebro\" width=\"2005\" height=\"1333\" \/><\/a><\/p>\n<p style=\"text-align: justify;\">En su pl\u00e1tica en el marco de la <strong>Semana del Cerebro<\/strong> organizada por la Escuela de Psicolog\u00eda de <a href=\"https:\/\/www.cetys.mx\/\" target=\"_blank\">CETYS<\/a> Universidad, \u00c1ngel Mendoza mencion\u00f3 que se ha estado trabajando aspectos de Pintura, M\u00fasica y Escultura con pacientes del IPEBC.<\/p>\n<blockquote>\n<p style=\"text-align: justify;\">\u201cNos hemos dado cuenta que por ejemplo con la Pintura, el paciente puede organizar, ordenar, mejorar su atenci\u00f3n y sostenerla por m\u00e1s tiempo con la finalidad de terminar un cuadro. Esto tambi\u00e9n nos ayuda a conocer a las personas al momento de iniciar la terapia y al momento de concluirla, analizando pinturas al inicio y al final\u201d, dijo.<\/p>\n<\/blockquote>\n<p style=\"text-align: justify;\">En el caso de la M\u00fasica, la psic\u00f3loga mencion\u00f3 que se ha determinado c\u00f3mo pueden tener ciertas remembranzas aquellas personas diagnosticadas con Alzheimer, ya que a trav\u00e9s de canciones y melod\u00edas tienen recuerdos emocionales y logran contactar con situaciones que probablemente hab\u00edan estado olvidando.<\/p>\n<p style=\"text-align: justify;\"><em><strong>\u201cLa m\u00fasica proporciona una mezcla rica de resultados; activa las redes cerebrales necesarias para la supervivencia, nuestro sistema de recompensa, la red para inferir estados mentales, la que sirve para escuchar nuestro entorno, y aquella para procesar irregularidades\u201d, agreg\u00f3.<\/strong><\/em><\/p>\n<p style=\"text-align: justify;\"><b>Plasticidad Cerebral<\/b><\/p>\n<p style=\"text-align: justify;\">La experta se\u00f1al\u00f3 que la recuperaci\u00f3n de algunas funciones que se ten\u00edan perdidas, se debe en gran medida a la plasticidad cerebral, la cual sucede cuando una parte del cerebro ayuda a la parte afectada para realizar su trabajo.<\/p>\n<p style=\"text-align: justify;\"><a href=\"https:\/\/www.cetys.mx\/noticias\/wp-content\/uploads\/2018\/03\/SemanaCerebro_CETYS.jpg\"><img loading=\"lazy\" decoding=\"async\" class=\"alignnone size-full wp-image-109914\" src=\"https:\/\/www.cetys.mx\/noticias\/wp-content\/uploads\/2018\/03\/SemanaCerebro_CETYS.jpg\" alt=\"cerebro\" width=\"2005\" height=\"1333\" \/><\/a><\/p>\n<blockquote>\n<p style=\"text-align: justify;\">\u201cHay recientes estudios en los que se ha determinado que tras una lesi\u00f3n cerebral funciona un mecanismo de regeneraci\u00f3n de las neuronas; tambi\u00e9n se ha descubierto que luego de una privaci\u00f3n sensorial, es decir, interrumpir las se\u00f1ales que recibe una parte del cerebro sana, ayuda a reconectar los circuitos neuronales en la parte que ha sufrido el da\u00f1o\u201d, coment\u00f3.<\/p>\n<\/blockquote>\n<p style=\"text-align: justify;\">Finalmente, la Directora de la <a href=\"https:\/\/www.cetys.mx\/oferta-educativa\/profesional\/licenciatura-en-psicologia-organizacional\/\" target=\"_blank\">Escuela de Psicolog\u00eda<\/a> en campus Mexicali, Mtra. Patricia Saracho, inform\u00f3 que este tipo de actividades fortalecen la formaci\u00f3n de los estudiantes, ya que brinda la oportunidad de acercarlos a la opini\u00f3n de expertos y doctores que se encuentran ya ejerciendo la profesi\u00f3n en el \u00e1rea de la salud mental.<\/p>\n","protected":false},"excerpt":{"rendered":"<p>A trav\u00e9s del arte, como forma de intervenci\u00f3n terap\u00e9utica, se ha logrado que pacientes del Instituto de\u00a0Psiquiatr\u00eda del Estado de Baja California&#8230;<\/p>\n","protected":false},"author":20,"featured_media":109913,"comment_status":"open","ping_status":"closed","sticky":false,"template":"","format":"standard","meta":{"footnotes":""},"categories":[133,125,306,313],"tags":[271,2243,528,801,179,1403,2244],"class_list":["post-109912","post","type-post","status-publish","format-standard","has-post-thumbnail","hentry","category-campus-mexicali","category-portada","category-profesional","category-vocetys-2","tag-conferencias","tag-escuela-psicologia","tag-ipebc","tag-patricia-saracho","tag-psicologia","tag-semana-del-cerebro","tag-vocetys-2018-03-07"],"yoast_head":"<!-- This site is optimized with the Yoast SEO plugin v27.4 - https:\/\/yoast.com\/product\/yoast-seo-wordpress\/ -->\n<title>\u00bfC\u00f3mo mejora el arte las lesiones del cerebro? - CETYS<\/title>\n<meta name=\"description\" content=\"Articulo sobre \u00bfC\u00f3mo mejora el arte las lesiones del cerebro?\" \/>\n<meta name=\"robots\" content=\"index, follow, max-snippet:-1, max-image-preview:large, max-video-preview:-1\" \/>\n<link rel=\"canonical\" href=\"https:\/\/www.cetys.mx\/noticias\/mejora-arte-las-lesiones-del-cerebro\/\" \/>\n<meta property=\"og:locale\" content=\"es_MX\" \/>\n<meta property=\"og:type\" content=\"article\" \/>\n<meta property=\"og:title\" content=\"\u00bfC\u00f3mo mejora el arte las lesiones del cerebro? - CETYS\" \/>\n<meta property=\"og:description\" content=\"Articulo sobre \u00bfC\u00f3mo mejora el arte las lesiones del cerebro?\" \/>\n<meta property=\"og:url\" content=\"https:\/\/www.cetys.mx\/noticias\/mejora-arte-las-lesiones-del-cerebro\/\" \/>\n<meta property=\"og:site_name\" content=\"CETYS\" \/>\n<meta property=\"article:publisher\" content=\"https:\/\/www.facebook.com\/cetysuniversidadmxl\/\" \/>\n<meta property=\"article:published_time\" content=\"2018-03-06T19:23:30+00:00\" \/>\n<meta property=\"og:image\" content=\"https:\/\/www.cetys.mx\/noticias\/wp-content\/uploads\/2018\/03\/PsicPatriciaAngel.jpg\" \/>\n\t<meta property=\"og:image:width\" content=\"958\" \/>\n\t<meta property=\"og:image:height\" content=\"637\" \/>\n\t<meta property=\"og:image:type\" content=\"image\/jpeg\" \/>\n<meta name=\"author\" content=\"Campus Mexicali\" \/>\n<meta name=\"twitter:card\" content=\"summary_large_image\" \/>\n<meta name=\"twitter:creator\" content=\"@cetysuni\" \/>\n<meta name=\"twitter:site\" content=\"@cetysuni\" \/>\n<meta name=\"twitter:label1\" content=\"Escrito por\" \/>\n\t<meta name=\"twitter:data1\" content=\"Campus Mexicali\" \/>\n\t<meta name=\"twitter:label2\" content=\"Tiempo de lectura\" \/>\n\t<meta name=\"twitter:data2\" content=\"2 minutos\" \/>\n<script type=\"application\/ld+json\" class=\"yoast-schema-graph\">{\"@context\":\"https:\\\/\\\/schema.org\",\"@graph\":[{\"@type\":\"Article\",\"@id\":\"https:\\\/\\\/www.cetys.mx\\\/noticias\\\/mejora-arte-las-lesiones-del-cerebro\\\/#article\",\"isPartOf\":{\"@id\":\"https:\\\/\\\/www.cetys.mx\\\/noticias\\\/mejora-arte-las-lesiones-del-cerebro\\\/\"},\"author\":{\"name\":\"Campus Mexicali\",\"@id\":\"https:\\\/\\\/www.cetys.mx\\\/noticias\\\/#\\\/schema\\\/person\\\/79a95c4ac185f3705cf1b9c9340a5f70\"},\"headline\":\"\u00bfC\u00f3mo mejora el arte las lesiones del cerebro?\",\"datePublished\":\"2018-03-06T19:23:30+00:00\",\"mainEntityOfPage\":{\"@id\":\"https:\\\/\\\/www.cetys.mx\\\/noticias\\\/mejora-arte-las-lesiones-del-cerebro\\\/\"},\"wordCount\":479,\"commentCount\":0,\"image\":{\"@id\":\"https:\\\/\\\/www.cetys.mx\\\/noticias\\\/mejora-arte-las-lesiones-del-cerebro\\\/#primaryimage\"},\"thumbnailUrl\":\"https:\\\/\\\/www.cetys.mx\\\/noticias\\\/wp-content\\\/uploads\\\/2018\\\/03\\\/PsicPatriciaAngel.jpg\",\"keywords\":[\"Conferencias\",\"Escuela Psicolog\u00eda\",\"IPEBC\",\"Patricia Saracho\",\"psicolog\u00eda\",\"semana del cerebro\",\"vocetys-2018-03-07\"],\"articleSection\":[\"Campus Mexicali\",\"Portada\",\"Profesional\",\"VoCETYS\"],\"inLanguage\":\"es\",\"potentialAction\":[{\"@type\":\"CommentAction\",\"name\":\"Comment\",\"target\":[\"https:\\\/\\\/www.cetys.mx\\\/noticias\\\/mejora-arte-las-lesiones-del-cerebro\\\/#respond\"]}]},{\"@type\":\"WebPage\",\"@id\":\"https:\\\/\\\/www.cetys.mx\\\/noticias\\\/mejora-arte-las-lesiones-del-cerebro\\\/\",\"url\":\"https:\\\/\\\/www.cetys.mx\\\/noticias\\\/mejora-arte-las-lesiones-del-cerebro\\\/\",\"name\":\"\u00bfC\u00f3mo mejora el arte las lesiones del cerebro? - CETYS\",\"isPartOf\":{\"@id\":\"https:\\\/\\\/www.cetys.mx\\\/noticias\\\/#website\"},\"primaryImageOfPage\":{\"@id\":\"https:\\\/\\\/www.cetys.mx\\\/noticias\\\/mejora-arte-las-lesiones-del-cerebro\\\/#primaryimage\"},\"image\":{\"@id\":\"https:\\\/\\\/www.cetys.mx\\\/noticias\\\/mejora-arte-las-lesiones-del-cerebro\\\/#primaryimage\"},\"thumbnailUrl\":\"https:\\\/\\\/www.cetys.mx\\\/noticias\\\/wp-content\\\/uploads\\\/2018\\\/03\\\/PsicPatriciaAngel.jpg\",\"datePublished\":\"2018-03-06T19:23:30+00:00\",\"author\":{\"@id\":\"https:\\\/\\\/www.cetys.mx\\\/noticias\\\/#\\\/schema\\\/person\\\/79a95c4ac185f3705cf1b9c9340a5f70\"},\"description\":\"Articulo sobre \u00bfC\u00f3mo mejora el arte las lesiones del cerebro?\",\"breadcrumb\":{\"@id\":\"https:\\\/\\\/www.cetys.mx\\\/noticias\\\/mejora-arte-las-lesiones-del-cerebro\\\/#breadcrumb\"},\"inLanguage\":\"es\",\"potentialAction\":[{\"@type\":\"ReadAction\",\"target\":[\"https:\\\/\\\/www.cetys.mx\\\/noticias\\\/mejora-arte-las-lesiones-del-cerebro\\\/\"]}]},{\"@type\":\"ImageObject\",\"inLanguage\":\"es\",\"@id\":\"https:\\\/\\\/www.cetys.mx\\\/noticias\\\/mejora-arte-las-lesiones-del-cerebro\\\/#primaryimage\",\"url\":\"https:\\\/\\\/www.cetys.mx\\\/noticias\\\/wp-content\\\/uploads\\\/2018\\\/03\\\/PsicPatriciaAngel.jpg\",\"contentUrl\":\"https:\\\/\\\/www.cetys.mx\\\/noticias\\\/wp-content\\\/uploads\\\/2018\\\/03\\\/PsicPatriciaAngel.jpg\",\"width\":958,\"height\":637,\"caption\":\"cerebro\"},{\"@type\":\"BreadcrumbList\",\"@id\":\"https:\\\/\\\/www.cetys.mx\\\/noticias\\\/mejora-arte-las-lesiones-del-cerebro\\\/#breadcrumb\",\"itemListElement\":[{\"@type\":\"ListItem\",\"position\":1,\"name\":\"Inicio\",\"item\":\"https:\\\/\\\/www.cetys.mx\\\/noticias\\\/\"},{\"@type\":\"ListItem\",\"position\":2,\"name\":\"\u00bfC\u00f3mo mejora el arte las lesiones del cerebro?\"}]},{\"@type\":\"WebSite\",\"@id\":\"https:\\\/\\\/www.cetys.mx\\\/noticias\\\/#website\",\"url\":\"https:\\\/\\\/www.cetys.mx\\\/noticias\\\/\",\"name\":\"CETYS\",\"description\":\"\",\"potentialAction\":[{\"@type\":\"SearchAction\",\"target\":{\"@type\":\"EntryPoint\",\"urlTemplate\":\"https:\\\/\\\/www.cetys.mx\\\/noticias\\\/?s={search_term_string}\"},\"query-input\":{\"@type\":\"PropertyValueSpecification\",\"valueRequired\":true,\"valueName\":\"search_term_string\"}}],\"inLanguage\":\"es\"},{\"@type\":\"Person\",\"@id\":\"https:\\\/\\\/www.cetys.mx\\\/noticias\\\/#\\\/schema\\\/person\\\/79a95c4ac185f3705cf1b9c9340a5f70\",\"name\":\"Campus Mexicali\",\"url\":\"https:\\\/\\\/www.cetys.mx\\\/noticias\\\/author\\\/campusmexicali\\\/\"}]}<\/script>\n<!-- \/ Yoast SEO plugin. -->","yoast_head_json":{"title":"\u00bfC\u00f3mo mejora el arte las lesiones del cerebro? - CETYS","description":"Articulo sobre \u00bfC\u00f3mo mejora el arte las lesiones del cerebro?","robots":{"index":"index","follow":"follow","max-snippet":"max-snippet:-1","max-image-preview":"max-image-preview:large","max-video-preview":"max-video-preview:-1"},"canonical":"https:\/\/www.cetys.mx\/noticias\/mejora-arte-las-lesiones-del-cerebro\/","og_locale":"es_MX","og_type":"article","og_title":"\u00bfC\u00f3mo mejora el arte las lesiones del cerebro? - CETYS","og_description":"Articulo sobre \u00bfC\u00f3mo mejora el arte las lesiones del cerebro?","og_url":"https:\/\/www.cetys.mx\/noticias\/mejora-arte-las-lesiones-del-cerebro\/","og_site_name":"CETYS","article_publisher":"https:\/\/www.facebook.com\/cetysuniversidadmxl\/","article_published_time":"2018-03-06T19:23:30+00:00","og_image":[{"width":958,"height":637,"url":"https:\/\/www.cetys.mx\/noticias\/wp-content\/uploads\/2018\/03\/PsicPatriciaAngel.jpg","type":"image\/jpeg"}],"author":"Campus Mexicali","twitter_card":"summary_large_image","twitter_creator":"@cetysuni","twitter_site":"@cetysuni","twitter_misc":{"Escrito por":"Campus Mexicali","Tiempo de lectura":"2 minutos"},"schema":{"@context":"https:\/\/schema.org","@graph":[{"@type":"Article","@id":"https:\/\/www.cetys.mx\/noticias\/mejora-arte-las-lesiones-del-cerebro\/#article","isPartOf":{"@id":"https:\/\/www.cetys.mx\/noticias\/mejora-arte-las-lesiones-del-cerebro\/"},"author":{"name":"Campus Mexicali","@id":"https:\/\/www.cetys.mx\/noticias\/#\/schema\/person\/79a95c4ac185f3705cf1b9c9340a5f70"},"headline":"\u00bfC\u00f3mo mejora el arte las lesiones del cerebro?","datePublished":"2018-03-06T19:23:30+00:00","mainEntityOfPage":{"@id":"https:\/\/www.cetys.mx\/noticias\/mejora-arte-las-lesiones-del-cerebro\/"},"wordCount":479,"commentCount":0,"image":{"@id":"https:\/\/www.cetys.mx\/noticias\/mejora-arte-las-lesiones-del-cerebro\/#primaryimage"},"thumbnailUrl":"https:\/\/www.cetys.mx\/noticias\/wp-content\/uploads\/2018\/03\/PsicPatriciaAngel.jpg","keywords":["Conferencias","Escuela Psicolog\u00eda","IPEBC","Patricia Saracho","psicolog\u00eda","semana del cerebro","vocetys-2018-03-07"],"articleSection":["Campus Mexicali","Portada","Profesional","VoCETYS"],"inLanguage":"es","potentialAction":[{"@type":"CommentAction","name":"Comment","target":["https:\/\/www.cetys.mx\/noticias\/mejora-arte-las-lesiones-del-cerebro\/#respond"]}]},{"@type":"WebPage","@id":"https:\/\/www.cetys.mx\/noticias\/mejora-arte-las-lesiones-del-cerebro\/","url":"https:\/\/www.cetys.mx\/noticias\/mejora-arte-las-lesiones-del-cerebro\/","name":"\u00bfC\u00f3mo mejora el arte las lesiones del cerebro? - CETYS","isPartOf":{"@id":"https:\/\/www.cetys.mx\/noticias\/#website"},"primaryImageOfPage":{"@id":"https:\/\/www.cetys.mx\/noticias\/mejora-arte-las-lesiones-del-cerebro\/#primaryimage"},"image":{"@id":"https:\/\/www.cetys.mx\/noticias\/mejora-arte-las-lesiones-del-cerebro\/#primaryimage"},"thumbnailUrl":"https:\/\/www.cetys.mx\/noticias\/wp-content\/uploads\/2018\/03\/PsicPatriciaAngel.jpg","datePublished":"2018-03-06T19:23:30+00:00","author":{"@id":"https:\/\/www.cetys.mx\/noticias\/#\/schema\/person\/79a95c4ac185f3705cf1b9c9340a5f70"},"description":"Articulo sobre \u00bfC\u00f3mo mejora el arte las lesiones del cerebro?","breadcrumb":{"@id":"https:\/\/www.cetys.mx\/noticias\/mejora-arte-las-lesiones-del-cerebro\/#breadcrumb"},"inLanguage":"es","potentialAction":[{"@type":"ReadAction","target":["https:\/\/www.cetys.mx\/noticias\/mejora-arte-las-lesiones-del-cerebro\/"]}]},{"@type":"ImageObject","inLanguage":"es","@id":"https:\/\/www.cetys.mx\/noticias\/mejora-arte-las-lesiones-del-cerebro\/#primaryimage","url":"https:\/\/www.cetys.mx\/noticias\/wp-content\/uploads\/2018\/03\/PsicPatriciaAngel.jpg","contentUrl":"https:\/\/www.cetys.mx\/noticias\/wp-content\/uploads\/2018\/03\/PsicPatriciaAngel.jpg","width":958,"height":637,"caption":"cerebro"},{"@type":"BreadcrumbList","@id":"https:\/\/www.cetys.mx\/noticias\/mejora-arte-las-lesiones-del-cerebro\/#breadcrumb","itemListElement":[{"@type":"ListItem","position":1,"name":"Inicio","item":"https:\/\/www.cetys.mx\/noticias\/"},{"@type":"ListItem","position":2,"name":"\u00bfC\u00f3mo mejora el arte las lesiones del cerebro?"}]},{"@type":"WebSite","@id":"https:\/\/www.cetys.mx\/noticias\/#website","url":"https:\/\/www.cetys.mx\/noticias\/","name":"CETYS","description":"","potentialAction":[{"@type":"SearchAction","target":{"@type":"EntryPoint","urlTemplate":"https:\/\/www.cetys.mx\/noticias\/?s={search_term_string}"},"query-input":{"@type":"PropertyValueSpecification","valueRequired":true,"valueName":"search_term_string"}}],"inLanguage":"es"},{"@type":"Person","@id":"https:\/\/www.cetys.mx\/noticias\/#\/schema\/person\/79a95c4ac185f3705cf1b9c9340a5f70","name":"Campus Mexicali","url":"https:\/\/www.cetys.mx\/noticias\/author\/campusmexicali\/"}]}},"_links":{"self":[{"href":"https:\/\/www.cetys.mx\/noticias\/wp-json\/wp\/v2\/posts\/109912","targetHints":{"allow":["GET"]}}],"collection":[{"href":"https:\/\/www.cetys.mx\/noticias\/wp-json\/wp\/v2\/posts"}],"about":[{"href":"https:\/\/www.cetys.mx\/noticias\/wp-json\/wp\/v2\/types\/post"}],"author":[{"embeddable":true,"href":"https:\/\/www.cetys.mx\/noticias\/wp-json\/wp\/v2\/users\/20"}],"replies":[{"embeddable":true,"href":"https:\/\/www.cetys.mx\/noticias\/wp-json\/wp\/v2\/comments?post=109912"}],"version-history":[{"count":0,"href":"https:\/\/www.cetys.mx\/noticias\/wp-json\/wp\/v2\/posts\/109912\/revisions"}],"wp:featuredmedia":[{"embeddable":true,"href":"https:\/\/www.cetys.mx\/noticias\/wp-json\/wp\/v2\/media\/109913"}],"wp:attachment":[{"href":"https:\/\/www.cetys.mx\/noticias\/wp-json\/wp\/v2\/media?parent=109912"}],"wp:term":[{"taxonomy":"category","embeddable":true,"href":"https:\/\/www.cetys.mx\/noticias\/wp-json\/wp\/v2\/categories?post=109912"},{"taxonomy":"post_tag","embeddable":true,"href":"https:\/\/www.cetys.mx\/noticias\/wp-json\/wp\/v2\/tags?post=109912"}],"curies":[{"name":"wp","href":"https:\/\/api.w.org\/{rel}","templated":true}]}}