{"id":109864,"date":"2018-03-01T17:46:19","date_gmt":"2018-03-02T01:46:19","guid":{"rendered":"http:\/\/www.cetys.mx\/noticias\/?p=109864"},"modified":"2018-03-01T17:46:19","modified_gmt":"2018-03-02T01:46:19","slug":"economia-mexicana-es-fortalecida-por-empresas-familiares","status":"publish","type":"post","link":"https:\/\/www.cetys.mx\/noticias\/economia-mexicana-es-fortalecida-por-empresas-familiares\/","title":{"rendered":"Econom\u00eda mexicana es fortalecida por empresas familiares"},"content":{"rendered":"<p align=\"justify\"><strong>Las empresas familiares en M\u00e9xico tienen un reto importante y es lograr que la tercera generaci\u00f3n tome las riendas del negocio<\/strong> de forma exitosa; esto \u00fanicamente ser\u00e1 posible a trav\u00e9s del desarrollo de un plan integral de sucesi\u00f3n y su relevancia recae en que son dichas organizaciones las que principalmente aportan a la econom\u00eda de este pa\u00eds, as\u00ed fue como lo aseguraron expertos regionales y nacionales en la segunda edici\u00f3n del encuentro <a href=\"https:\/\/www.cetys.mx\/noticias\/empresas-familiares-tienen-reto-ante-relevo-generacional\/\">\u201cLa empresa familiar ante el relevo generacional\u201d<\/a>.<\/p>\n<p align=\"justify\">Organizado por Valle Bibb Fundaci\u00f3n A.C., Grupo Tersa, Deloitte, \u00c1lvarez Carmona y Asociados, as\u00ed como CETYS Universidad, el evento tuvo lugar en el <a href=\"https:\/\/www.facebook.com\/Gimnasio-Auditorio-Rodrigo-Valle-Hern\u00e1ndez-366955923460146\/\">Gimnasio \u2013 Auditorio \u201cRodrigo Valle Hern\u00e1ndez\u201d del Campus Tijuana<\/a>, donde se reunieron destacadas familias de la regi\u00f3n para conocer la experiencia de quienes desde las empresas y firmas de consultor\u00eda han sido parte de un proceso de sucesi\u00f3n familiar.<\/p>\n<div id=\"attachment_109866\" style=\"width: 968px\" class=\"wp-caption aligncenter\"><a href=\"https:\/\/www.cetys.mx\/noticias\/wp-content\/uploads\/2018\/03\/cetys_panelfamiar18-1.jpg\"><img loading=\"lazy\" decoding=\"async\" aria-describedby=\"caption-attachment-109866\" class=\"wp-image-109866 size-full\" src=\"https:\/\/www.cetys.mx\/noticias\/wp-content\/uploads\/2018\/03\/cetys_panelfamiar18-1.jpg\" alt=\"cetys_panelfamiar18-1\" width=\"958\" height=\"637\" \/><\/a><p id=\"caption-attachment-109866\" class=\"wp-caption-text\">El Gimnasio-Auditorio &#8220;Rodrigo Valle Hern\u00e1ndez&#8221; recibi\u00f3 a m\u00e1s de 200 asistentes a la edici\u00f3n 2018 del encuentro sobre empresas familiares.<\/p><\/div>\n<p align=\"justify\">En el caso de <strong>Daniel Agui\u00f1aga Gallegos<\/strong>, <em>Socio de Gobierno Corporativo Deloitte<\/em>, <strong>destac\u00f3 la necesidad de desvincular la palabra sucesi\u00f3n con la defunci\u00f3n<\/strong>, sino pensarlo como un momento de madurez en el que las organizaciones deben darle paso a nuevos l\u00edderes. <em>\u201cLa sucesi\u00f3n es algo que se tiene que trabajar desde siempre y \u00fanicamente exitosa cuando sea planeado y acordado entre los accionistas familiares, as\u00ed como el responsable administrativo\u201d<\/em>, se\u00f1al\u00f3.<\/p>\n<p align=\"justify\">Por su parte <strong>Armando \u00c1lvarez Carmona<\/strong>, <em>Socio Fundador de \u00c1lvarez Carmona y Asociados<\/em>, destac\u00f3 que h<strong>oy las familias empresarias est\u00e1n mayormente enfocadas en ser lideradas por el mejor director<\/strong>, lo que en algunos casos ha implicado los lazos consangu\u00edneos y el hecho de ser primog\u00e9nito(a) pasen a un segundo t\u00e9rmino. <em>\u201cUna de nuestras principales tareas como fundadores es no decidir el futuro de nuestros hijos, ni presionarlos para que trabajen en el negocio familiar, son ellos quienes deben mostrar el inter\u00e9s y el deseo de continuar con el legado\u201d<\/em>, agreg\u00f3.<\/p>\n<div id=\"attachment_109867\" style=\"width: 968px\" class=\"wp-caption aligncenter\"><a href=\"https:\/\/www.cetys.mx\/noticias\/wp-content\/uploads\/2018\/03\/cetys_panelfamiar18-2.jpg\"><img loading=\"lazy\" decoding=\"async\" aria-describedby=\"caption-attachment-109867\" class=\"wp-image-109867 size-full\" src=\"https:\/\/www.cetys.mx\/noticias\/wp-content\/uploads\/2018\/03\/cetys_panelfamiar18-2.jpg\" alt=\"cetys_panelfamiar18-2\" width=\"958\" height=\"637\" \/><\/a><p id=\"caption-attachment-109867\" class=\"wp-caption-text\">A trav\u00e9s de una serie de intervenciones, presentadas por especialistas en el \u00e1rea de los negocios, compartieron las mejores pr\u00e1cticas para el tema de la sucesi\u00f3n.<\/p><\/div>\n<p align=\"justify\">Relacionado con lo anterior fue que <strong>se present\u00f3 la historia de \u00e9xito de Galletas Dond\u00e9<\/strong>, una empresa yucateca que cuenta con 113 a\u00f1os de historia y m\u00e1s de 40 productos en 130 presentaciones. Fue as\u00ed como <strong>Alejandro G\u00f3mory Mart\u00ednez<\/strong>, <em>Presidente de Galletas Dond\u00e9<\/em>, y <strong>Hern\u00e1n Jes\u00fas Cirilo Aguilar<\/strong>, <em>Director General de Galletas Dond\u00e9<\/em>, compartieron su experiencia, tanto sobre el proceso en el que se dio su elecci\u00f3n como l\u00edderes de la organizaci\u00f3n, as\u00ed como los retos que enfrentaron una vez que tomaron el cargo.<\/p>\n<p align=\"justify\">En el marco de dicha pl\u00e1tica magistral fue posible conocer los obst\u00e1culos a los que se enfrentan las organizaciones en los procesos de sucesi\u00f3n; siendo<strong> el miedo, la poca objetividad a la hora de toma de decisiones y los distintos estilos de liderazgo<\/strong> los principales puntos a destacar. Ah\u00ed puntualizaron la necesidad de que una vez tomada la direcci\u00f3n, o cualquier otro puesto, se escuche el doble de lo que se habla.<\/p>\n<div id=\"attachment_109869\" style=\"width: 968px\" class=\"wp-caption aligncenter\"><a href=\"https:\/\/www.cetys.mx\/noticias\/wp-content\/uploads\/2018\/03\/cetys_panelfamiar18-4.jpg\"><img loading=\"lazy\" decoding=\"async\" aria-describedby=\"caption-attachment-109869\" class=\"wp-image-109869 size-full\" src=\"https:\/\/www.cetys.mx\/noticias\/wp-content\/uploads\/2018\/03\/cetys_panelfamiar18-4.jpg\" alt=\"cetys_panelfamiar18-4\" width=\"958\" height=\"637\" \/><\/a><p id=\"caption-attachment-109869\" class=\"wp-caption-text\">Los directivos de Galletas Dond\u00e9, empresa yucateca, expusieron sobre los retos y oportunidades a los que se han enfrentado durante un proceso de sucesi\u00f3n.<\/p><\/div>\n<p align=\"justify\">\n","protected":false},"excerpt":{"rendered":"<p>Las empresas familiares en M\u00e9xico tienen un reto importante y es lograr que la tercera generaci\u00f3n tome las riendas del negocio de&#8230;<\/p>\n","protected":false},"author":24,"featured_media":109868,"comment_status":"open","ping_status":"closed","sticky":false,"template":"","format":"standard","meta":{"footnotes":""},"categories":[322,134,313],"tags":[328,168,2155,2239],"class_list":["post-109864","post","type-post","status-publish","format-standard","has-post-thumbnail","hentry","category-avance-institucional","category-campus-tijuana","category-vocetys-2","tag-campustijuana","tag-cetys-universidad","tag-empresas-familiares","tag-vocetys-2018-03-03"],"yoast_head":"<!-- This site is optimized with the Yoast SEO plugin v27.4 - https:\/\/yoast.com\/product\/yoast-seo-wordpress\/ -->\n<title>Econom\u00eda mexicana es fortalecida por empresas familiares<\/title>\n<meta name=\"description\" content=\"El 98% de los negocios en el pa\u00eds son resultado del trabajo de las empresas familiares, sin embargo, s\u00f3lo el 10% ser\u00e1n dirigidas por la 3a generaci\u00f3n.\" \/>\n<meta name=\"robots\" content=\"index, follow, max-snippet:-1, max-image-preview:large, max-video-preview:-1\" \/>\n<link rel=\"canonical\" href=\"https:\/\/www.cetys.mx\/noticias\/economia-mexicana-es-fortalecida-por-empresas-familiares\/\" \/>\n<meta property=\"og:locale\" content=\"es_MX\" \/>\n<meta property=\"og:type\" content=\"article\" \/>\n<meta property=\"og:title\" content=\"Econom\u00eda mexicana es fortalecida por empresas familiares\" \/>\n<meta property=\"og:description\" content=\"El 98% de los negocios en el pa\u00eds son resultado del trabajo de las empresas familiares, sin embargo, s\u00f3lo el 10% ser\u00e1n dirigidas por la 3a generaci\u00f3n.\" \/>\n<meta property=\"og:url\" content=\"https:\/\/www.cetys.mx\/noticias\/economia-mexicana-es-fortalecida-por-empresas-familiares\/\" \/>\n<meta property=\"og:site_name\" content=\"CETYS\" \/>\n<meta property=\"article:publisher\" content=\"https:\/\/www.facebook.com\/cetysuniversidadmxl\/\" \/>\n<meta property=\"article:published_time\" content=\"2018-03-02T01:46:19+00:00\" \/>\n<meta property=\"og:image\" content=\"https:\/\/www.cetys.mx\/noticias\/wp-content\/uploads\/2018\/03\/cetys_panelfamiar18-3.jpg\" \/>\n\t<meta property=\"og:image:width\" content=\"958\" \/>\n\t<meta property=\"og:image:height\" content=\"637\" \/>\n\t<meta property=\"og:image:type\" content=\"image\/jpeg\" \/>\n<meta name=\"author\" content=\"Campus Tijuana\" \/>\n<meta name=\"twitter:card\" content=\"summary_large_image\" \/>\n<meta name=\"twitter:creator\" content=\"@cetysuni\" \/>\n<meta name=\"twitter:site\" content=\"@cetysuni\" \/>\n<meta name=\"twitter:label1\" content=\"Escrito por\" \/>\n\t<meta name=\"twitter:data1\" content=\"Campus Tijuana\" \/>\n\t<meta name=\"twitter:label2\" content=\"Tiempo de lectura\" \/>\n\t<meta name=\"twitter:data2\" content=\"3 minutos\" \/>\n<script type=\"application\/ld+json\" class=\"yoast-schema-graph\">{\"@context\":\"https:\\\/\\\/schema.org\",\"@graph\":[{\"@type\":\"Article\",\"@id\":\"https:\\\/\\\/www.cetys.mx\\\/noticias\\\/economia-mexicana-es-fortalecida-por-empresas-familiares\\\/#article\",\"isPartOf\":{\"@id\":\"https:\\\/\\\/www.cetys.mx\\\/noticias\\\/economia-mexicana-es-fortalecida-por-empresas-familiares\\\/\"},\"author\":{\"name\":\"Campus Tijuana\",\"@id\":\"https:\\\/\\\/www.cetys.mx\\\/noticias\\\/#\\\/schema\\\/person\\\/e790051ce60e18ae47cfa87011c8653f\"},\"headline\":\"Econom\u00eda mexicana es fortalecida por empresas familiares\",\"datePublished\":\"2018-03-02T01:46:19+00:00\",\"mainEntityOfPage\":{\"@id\":\"https:\\\/\\\/www.cetys.mx\\\/noticias\\\/economia-mexicana-es-fortalecida-por-empresas-familiares\\\/\"},\"wordCount\":595,\"commentCount\":0,\"image\":{\"@id\":\"https:\\\/\\\/www.cetys.mx\\\/noticias\\\/economia-mexicana-es-fortalecida-por-empresas-familiares\\\/#primaryimage\"},\"thumbnailUrl\":\"https:\\\/\\\/www.cetys.mx\\\/noticias\\\/wp-content\\\/uploads\\\/2018\\\/03\\\/cetys_panelfamiar18-3.jpg\",\"keywords\":[\"campustijuana\",\"CETYS Universidad\",\"Empresas familiares\",\"vocetys-2018-03-03\"],\"articleSection\":[\"Avance Institucional\",\"Campus Tijuana\",\"VoCETYS\"],\"inLanguage\":\"es\",\"potentialAction\":[{\"@type\":\"CommentAction\",\"name\":\"Comment\",\"target\":[\"https:\\\/\\\/www.cetys.mx\\\/noticias\\\/economia-mexicana-es-fortalecida-por-empresas-familiares\\\/#respond\"]}]},{\"@type\":\"WebPage\",\"@id\":\"https:\\\/\\\/www.cetys.mx\\\/noticias\\\/economia-mexicana-es-fortalecida-por-empresas-familiares\\\/\",\"url\":\"https:\\\/\\\/www.cetys.mx\\\/noticias\\\/economia-mexicana-es-fortalecida-por-empresas-familiares\\\/\",\"name\":\"Econom\u00eda mexicana es fortalecida por empresas familiares\",\"isPartOf\":{\"@id\":\"https:\\\/\\\/www.cetys.mx\\\/noticias\\\/#website\"},\"primaryImageOfPage\":{\"@id\":\"https:\\\/\\\/www.cetys.mx\\\/noticias\\\/economia-mexicana-es-fortalecida-por-empresas-familiares\\\/#primaryimage\"},\"image\":{\"@id\":\"https:\\\/\\\/www.cetys.mx\\\/noticias\\\/economia-mexicana-es-fortalecida-por-empresas-familiares\\\/#primaryimage\"},\"thumbnailUrl\":\"https:\\\/\\\/www.cetys.mx\\\/noticias\\\/wp-content\\\/uploads\\\/2018\\\/03\\\/cetys_panelfamiar18-3.jpg\",\"datePublished\":\"2018-03-02T01:46:19+00:00\",\"author\":{\"@id\":\"https:\\\/\\\/www.cetys.mx\\\/noticias\\\/#\\\/schema\\\/person\\\/e790051ce60e18ae47cfa87011c8653f\"},\"description\":\"El 98% de los negocios en el pa\u00eds son resultado del trabajo de las empresas familiares, sin embargo, s\u00f3lo el 10% ser\u00e1n dirigidas por la 3a generaci\u00f3n.\",\"breadcrumb\":{\"@id\":\"https:\\\/\\\/www.cetys.mx\\\/noticias\\\/economia-mexicana-es-fortalecida-por-empresas-familiares\\\/#breadcrumb\"},\"inLanguage\":\"es\",\"potentialAction\":[{\"@type\":\"ReadAction\",\"target\":[\"https:\\\/\\\/www.cetys.mx\\\/noticias\\\/economia-mexicana-es-fortalecida-por-empresas-familiares\\\/\"]}]},{\"@type\":\"ImageObject\",\"inLanguage\":\"es\",\"@id\":\"https:\\\/\\\/www.cetys.mx\\\/noticias\\\/economia-mexicana-es-fortalecida-por-empresas-familiares\\\/#primaryimage\",\"url\":\"https:\\\/\\\/www.cetys.mx\\\/noticias\\\/wp-content\\\/uploads\\\/2018\\\/03\\\/cetys_panelfamiar18-3.jpg\",\"contentUrl\":\"https:\\\/\\\/www.cetys.mx\\\/noticias\\\/wp-content\\\/uploads\\\/2018\\\/03\\\/cetys_panelfamiar18-3.jpg\",\"width\":958,\"height\":637},{\"@type\":\"BreadcrumbList\",\"@id\":\"https:\\\/\\\/www.cetys.mx\\\/noticias\\\/economia-mexicana-es-fortalecida-por-empresas-familiares\\\/#breadcrumb\",\"itemListElement\":[{\"@type\":\"ListItem\",\"position\":1,\"name\":\"Inicio\",\"item\":\"https:\\\/\\\/www.cetys.mx\\\/noticias\\\/\"},{\"@type\":\"ListItem\",\"position\":2,\"name\":\"Econom\u00eda mexicana es fortalecida por empresas familiares\"}]},{\"@type\":\"WebSite\",\"@id\":\"https:\\\/\\\/www.cetys.mx\\\/noticias\\\/#website\",\"url\":\"https:\\\/\\\/www.cetys.mx\\\/noticias\\\/\",\"name\":\"CETYS\",\"description\":\"\",\"potentialAction\":[{\"@type\":\"SearchAction\",\"target\":{\"@type\":\"EntryPoint\",\"urlTemplate\":\"https:\\\/\\\/www.cetys.mx\\\/noticias\\\/?s={search_term_string}\"},\"query-input\":{\"@type\":\"PropertyValueSpecification\",\"valueRequired\":true,\"valueName\":\"search_term_string\"}}],\"inLanguage\":\"es\"},{\"@type\":\"Person\",\"@id\":\"https:\\\/\\\/www.cetys.mx\\\/noticias\\\/#\\\/schema\\\/person\\\/e790051ce60e18ae47cfa87011c8653f\",\"name\":\"Campus Tijuana\",\"url\":\"https:\\\/\\\/www.cetys.mx\\\/noticias\\\/author\\\/campustijuana\\\/\"}]}<\/script>\n<!-- \/ Yoast SEO plugin. -->","yoast_head_json":{"title":"Econom\u00eda mexicana es fortalecida por empresas familiares","description":"El 98% de los negocios en el pa\u00eds son resultado del trabajo de las empresas familiares, sin embargo, s\u00f3lo el 10% ser\u00e1n dirigidas por la 3a generaci\u00f3n.","robots":{"index":"index","follow":"follow","max-snippet":"max-snippet:-1","max-image-preview":"max-image-preview:large","max-video-preview":"max-video-preview:-1"},"canonical":"https:\/\/www.cetys.mx\/noticias\/economia-mexicana-es-fortalecida-por-empresas-familiares\/","og_locale":"es_MX","og_type":"article","og_title":"Econom\u00eda mexicana es fortalecida por empresas familiares","og_description":"El 98% de los negocios en el pa\u00eds son resultado del trabajo de las empresas familiares, sin embargo, s\u00f3lo el 10% ser\u00e1n dirigidas por la 3a generaci\u00f3n.","og_url":"https:\/\/www.cetys.mx\/noticias\/economia-mexicana-es-fortalecida-por-empresas-familiares\/","og_site_name":"CETYS","article_publisher":"https:\/\/www.facebook.com\/cetysuniversidadmxl\/","article_published_time":"2018-03-02T01:46:19+00:00","og_image":[{"width":958,"height":637,"url":"https:\/\/www.cetys.mx\/noticias\/wp-content\/uploads\/2018\/03\/cetys_panelfamiar18-3.jpg","type":"image\/jpeg"}],"author":"Campus Tijuana","twitter_card":"summary_large_image","twitter_creator":"@cetysuni","twitter_site":"@cetysuni","twitter_misc":{"Escrito por":"Campus Tijuana","Tiempo de lectura":"3 minutos"},"schema":{"@context":"https:\/\/schema.org","@graph":[{"@type":"Article","@id":"https:\/\/www.cetys.mx\/noticias\/economia-mexicana-es-fortalecida-por-empresas-familiares\/#article","isPartOf":{"@id":"https:\/\/www.cetys.mx\/noticias\/economia-mexicana-es-fortalecida-por-empresas-familiares\/"},"author":{"name":"Campus Tijuana","@id":"https:\/\/www.cetys.mx\/noticias\/#\/schema\/person\/e790051ce60e18ae47cfa87011c8653f"},"headline":"Econom\u00eda mexicana es fortalecida por empresas familiares","datePublished":"2018-03-02T01:46:19+00:00","mainEntityOfPage":{"@id":"https:\/\/www.cetys.mx\/noticias\/economia-mexicana-es-fortalecida-por-empresas-familiares\/"},"wordCount":595,"commentCount":0,"image":{"@id":"https:\/\/www.cetys.mx\/noticias\/economia-mexicana-es-fortalecida-por-empresas-familiares\/#primaryimage"},"thumbnailUrl":"https:\/\/www.cetys.mx\/noticias\/wp-content\/uploads\/2018\/03\/cetys_panelfamiar18-3.jpg","keywords":["campustijuana","CETYS Universidad","Empresas familiares","vocetys-2018-03-03"],"articleSection":["Avance Institucional","Campus Tijuana","VoCETYS"],"inLanguage":"es","potentialAction":[{"@type":"CommentAction","name":"Comment","target":["https:\/\/www.cetys.mx\/noticias\/economia-mexicana-es-fortalecida-por-empresas-familiares\/#respond"]}]},{"@type":"WebPage","@id":"https:\/\/www.cetys.mx\/noticias\/economia-mexicana-es-fortalecida-por-empresas-familiares\/","url":"https:\/\/www.cetys.mx\/noticias\/economia-mexicana-es-fortalecida-por-empresas-familiares\/","name":"Econom\u00eda mexicana es fortalecida por empresas familiares","isPartOf":{"@id":"https:\/\/www.cetys.mx\/noticias\/#website"},"primaryImageOfPage":{"@id":"https:\/\/www.cetys.mx\/noticias\/economia-mexicana-es-fortalecida-por-empresas-familiares\/#primaryimage"},"image":{"@id":"https:\/\/www.cetys.mx\/noticias\/economia-mexicana-es-fortalecida-por-empresas-familiares\/#primaryimage"},"thumbnailUrl":"https:\/\/www.cetys.mx\/noticias\/wp-content\/uploads\/2018\/03\/cetys_panelfamiar18-3.jpg","datePublished":"2018-03-02T01:46:19+00:00","author":{"@id":"https:\/\/www.cetys.mx\/noticias\/#\/schema\/person\/e790051ce60e18ae47cfa87011c8653f"},"description":"El 98% de los negocios en el pa\u00eds son resultado del trabajo de las empresas familiares, sin embargo, s\u00f3lo el 10% ser\u00e1n dirigidas por la 3a generaci\u00f3n.","breadcrumb":{"@id":"https:\/\/www.cetys.mx\/noticias\/economia-mexicana-es-fortalecida-por-empresas-familiares\/#breadcrumb"},"inLanguage":"es","potentialAction":[{"@type":"ReadAction","target":["https:\/\/www.cetys.mx\/noticias\/economia-mexicana-es-fortalecida-por-empresas-familiares\/"]}]},{"@type":"ImageObject","inLanguage":"es","@id":"https:\/\/www.cetys.mx\/noticias\/economia-mexicana-es-fortalecida-por-empresas-familiares\/#primaryimage","url":"https:\/\/www.cetys.mx\/noticias\/wp-content\/uploads\/2018\/03\/cetys_panelfamiar18-3.jpg","contentUrl":"https:\/\/www.cetys.mx\/noticias\/wp-content\/uploads\/2018\/03\/cetys_panelfamiar18-3.jpg","width":958,"height":637},{"@type":"BreadcrumbList","@id":"https:\/\/www.cetys.mx\/noticias\/economia-mexicana-es-fortalecida-por-empresas-familiares\/#breadcrumb","itemListElement":[{"@type":"ListItem","position":1,"name":"Inicio","item":"https:\/\/www.cetys.mx\/noticias\/"},{"@type":"ListItem","position":2,"name":"Econom\u00eda mexicana es fortalecida por empresas familiares"}]},{"@type":"WebSite","@id":"https:\/\/www.cetys.mx\/noticias\/#website","url":"https:\/\/www.cetys.mx\/noticias\/","name":"CETYS","description":"","potentialAction":[{"@type":"SearchAction","target":{"@type":"EntryPoint","urlTemplate":"https:\/\/www.cetys.mx\/noticias\/?s={search_term_string}"},"query-input":{"@type":"PropertyValueSpecification","valueRequired":true,"valueName":"search_term_string"}}],"inLanguage":"es"},{"@type":"Person","@id":"https:\/\/www.cetys.mx\/noticias\/#\/schema\/person\/e790051ce60e18ae47cfa87011c8653f","name":"Campus Tijuana","url":"https:\/\/www.cetys.mx\/noticias\/author\/campustijuana\/"}]}},"_links":{"self":[{"href":"https:\/\/www.cetys.mx\/noticias\/wp-json\/wp\/v2\/posts\/109864","targetHints":{"allow":["GET"]}}],"collection":[{"href":"https:\/\/www.cetys.mx\/noticias\/wp-json\/wp\/v2\/posts"}],"about":[{"href":"https:\/\/www.cetys.mx\/noticias\/wp-json\/wp\/v2\/types\/post"}],"author":[{"embeddable":true,"href":"https:\/\/www.cetys.mx\/noticias\/wp-json\/wp\/v2\/users\/24"}],"replies":[{"embeddable":true,"href":"https:\/\/www.cetys.mx\/noticias\/wp-json\/wp\/v2\/comments?post=109864"}],"version-history":[{"count":0,"href":"https:\/\/www.cetys.mx\/noticias\/wp-json\/wp\/v2\/posts\/109864\/revisions"}],"wp:featuredmedia":[{"embeddable":true,"href":"https:\/\/www.cetys.mx\/noticias\/wp-json\/wp\/v2\/media\/109868"}],"wp:attachment":[{"href":"https:\/\/www.cetys.mx\/noticias\/wp-json\/wp\/v2\/media?parent=109864"}],"wp:term":[{"taxonomy":"category","embeddable":true,"href":"https:\/\/www.cetys.mx\/noticias\/wp-json\/wp\/v2\/categories?post=109864"},{"taxonomy":"post_tag","embeddable":true,"href":"https:\/\/www.cetys.mx\/noticias\/wp-json\/wp\/v2\/tags?post=109864"}],"curies":[{"name":"wp","href":"https:\/\/api.w.org\/{rel}","templated":true}]}}