{"id":109671,"date":"2018-02-21T11:53:34","date_gmt":"2018-02-21T19:53:34","guid":{"rendered":"http:\/\/www.cetys.mx\/noticias\/?p=109671"},"modified":"2018-02-22T16:09:39","modified_gmt":"2018-02-23T00:09:39","slug":"gana-romero-felix-la-beca-kyoto-2018","status":"publish","type":"post","link":"https:\/\/www.cetys.mx\/noticias\/gana-romero-felix-la-beca-kyoto-2018\/","title":{"rendered":"Gana Romero F\u00e9lix la Beca Kyoto 2018"},"content":{"rendered":"<p align=\"justify\">Durante el 2017 se prepar\u00f3 para representar a Baja California como parte de la delegaci\u00f3n que particip\u00f3 en la <a href=\"https:\/\/www.cetys.mx\/noticias\/75129-2\/\">Olimpiada Mexicana de Matem\u00e1ticas<\/a> y hace unas semanas fue reconocido por ser uno de los cuatro estudiantes de la Preparatoria de CETYS Universidad Campus Tijuana <a href=\"https:\/\/www.cetys.mx\/noticias\/tiene-cetys-tijuana-comunidad-estudiantil-de-excelencia\/\">con el m\u00e1s alto rendimiento acad\u00e9mico<\/a>. Hoy, <strong>Luis Roberto Romero F\u00e9lix<\/strong> ha confirmado que dicha entrega trae resultados y se ha convertido en el <strong><a href=\"https:\/\/ficbaja.org\/portal\/index.php\/home\">ganador de la Beca Kyoto 2018<\/a><\/strong>.<\/p>\n<div id=\"attachment_109677\" style=\"width: 968px\" class=\"wp-caption aligncenter\"><a href=\"https:\/\/www.cetys.mx\/noticias\/wp-content\/uploads\/2018\/02\/cetys_becakyoto2018-2.jpg\"><img loading=\"lazy\" decoding=\"async\" aria-describedby=\"caption-attachment-109677\" class=\"wp-image-109677 size-full\" src=\"https:\/\/www.cetys.mx\/noticias\/wp-content\/uploads\/2018\/02\/cetys_becakyoto2018-2.jpg\" alt=\"cetys_becakyoto2018-2\" width=\"958\" height=\"637\" \/><\/a><p id=\"caption-attachment-109677\" class=\"wp-caption-text\">Actualmente Romero F\u00e9lix estudia el sexto semestre del Programa de Bachillerato Internacional en CETYS Universidad Campus Tijuana.<\/p><\/div>\n<p align=\"justify\">A unos meses de iniciar su formaci\u00f3n universitaria sabe que su futuro est\u00e1 en el \u00e1rea de la Ingenier\u00eda, pues le interesa dar soluci\u00f3n a los problemas de manera creativa y con resultados \u00f3ptimos; adem\u00e1s, reconoce que dichas soluciones no s\u00f3lo implican aspectos econ\u00f3micos, sino tambi\u00e9n elementos sociales y ambientales. A largo plazo, <strong>le gustar\u00eda desarrollar proyectos en pa\u00edses como Alemania o Inglaterra, pero es consciente de que M\u00e9xico necesita de una nueva generaci\u00f3n de j\u00f3venes emprendedores<\/strong>.<\/p>\n<p align=\"justify\">Con todo ese bagaje fue que Romero F\u00e9lix decidi\u00f3 participar en la convocatoria de la Beca Kyoto, espec\u00edficamente en la<strong> categor\u00eda de \u201cTecnolog\u00eda Avanzada\u201d<\/strong>, que a\u00f1o con a\u00f1o promueve la Organizaci\u00f3n del Simposio y la Fundaci\u00f3n San Diego, en colaboraci\u00f3n con la Fundaci\u00f3n Inamori de Jap\u00f3n y la Fundaci\u00f3n Internacional de la Comunidad A.C., <strong>impulsando as\u00ed a los j\u00f3venes talento de la regi\u00f3n Tijuana \u2013 San Diego para que logren continuar su formaci\u00f3n profesional.<\/strong><\/p>\n<div id=\"attachment_109675\" style=\"width: 968px\" class=\"wp-caption aligncenter\"><a href=\"https:\/\/www.cetys.mx\/noticias\/wp-content\/uploads\/2018\/02\/cetys_olimpiadatijuana1.jpg\"><img loading=\"lazy\" decoding=\"async\" aria-describedby=\"caption-attachment-109675\" class=\"wp-image-109675\" src=\"https:\/\/www.cetys.mx\/noticias\/wp-content\/uploads\/2018\/02\/cetys_olimpiadatijuana1.jpg\" alt=\"cetys_olimpiadatijuana1\" width=\"958\" height=\"639\" \/><\/a><p id=\"caption-attachment-109675\" class=\"wp-caption-text\">El a\u00f1o pasado fue parte de la delegaci\u00f3n que represent\u00f3 a Baja California en la Olimpiada Mexicana de Matem\u00e1ticas 2017.<\/p><\/div>\n<p align=\"justify\">En un proceso que incluy\u00f3 entrevistas y un ensayo escrito fue que comparti\u00f3 parte de su proyecto de vida, as\u00ed como la<strong> inspiraci\u00f3n que encontr\u00f3 en el trabajo y trayectoria del Dr. Takashi Mimura<\/strong>, un cient\u00edfico con el cual se identific\u00f3. <em>\u201cVivi\u00f3 un camino muy complicado mientras desarrollaba su investigaci\u00f3n en el transistor de electrones, pero cada que comet\u00eda alg\u00fan error volv\u00eda a intentarlo y le daba un enfoque completamente distinto, una habilidad que necesitamos en esta sociedad para lograr solucionar nuestros problemas\u201d<\/em>, comenta.<\/p>\n<p align=\"justify\">El estudiante de sexto semestre del Bachillerato Internacional, un programa que se caracteriza por su rigor acad\u00e9mico y con enfoque en el desarrollo personal de los alumnos, <a href=\"https:\/\/www.cetys.mx\/noticias\/69604-2\/\">sabe la responsabilidad que implica ser el estudiante n\u00famero 12 de CETYS Universidad Campus Tijuana en ser acreedor a la Beca Kyoto<\/a>. <em>\u201cSe trata de una invitaci\u00f3n a pensar fuera la caja, a darle un enfoque hol\u00edstico a las situaciones de la vida cotidiana y retribuirle a nuestra comunidad\u201d<\/em>, comparte Romero F\u00e9lix.<\/p>\n<hr \/>\n<p align=\"justify\"><em>M\u00e1s sobre la Beca Kyoto&#8230;<\/em><\/p>\n<p align=\"justify\">Las becas, basadas en el Premio Anual Kyoto, <strong>es el reconocimiento privado m\u00e1s importante de Jap\u00f3n hacia toda una vida de logros y se dividen en las categor\u00edas de Ciencias B\u00e1sicas, Tecnolog\u00eda Avanzada, as\u00ed como Artes y Filosof\u00eda<\/strong>. Como resultado, apoyan a tres estudiantes de San Diego, California, y a tres estudiantes de la ciudad de Tijuana en sus estudios de educaci\u00f3n superior hasta con 10 mil d\u00f3lares para cada uno.<\/p>\n","protected":false},"excerpt":{"rendered":"<p>Durante el 2017 se prepar\u00f3 para representar a Baja California como parte de la delegaci\u00f3n que particip\u00f3 en la Olimpiada Mexicana de&#8230;<\/p>\n","protected":false},"author":24,"featured_media":109674,"comment_status":"open","ping_status":"closed","sticky":false,"template":"","format":"standard","meta":{"footnotes":""},"categories":[134,318,313],"tags":[922,2214,297,850,2223],"class_list":["post-109671","post","type-post","status-publish","format-standard","has-post-thumbnail","hentry","category-campus-tijuana","category-preparatoria","category-vocetys-2","tag-bachillerato-internacional","tag-beca-kyoto","tag-campus-tijuana","tag-preparatoria-cetys","tag-vocetys-top-2018-02-23"],"yoast_head":"<!-- This site is optimized with the Yoast SEO plugin v27.4 - https:\/\/yoast.com\/product\/yoast-seo-wordpress\/ -->\n<title>Gana Romero F\u00e9lix la Beca Kyoto 2018<\/title>\n<meta name=\"description\" content=\"Resultado de su esfuerzo y dedicaci\u00f3n, recientemente se convirti\u00f3 en el estudiante n\u00famero 12 de CETYS Tijuana en ser acreedor a la Beca Kyoto.\" \/>\n<meta name=\"robots\" content=\"index, follow, max-snippet:-1, max-image-preview:large, max-video-preview:-1\" \/>\n<link rel=\"canonical\" href=\"https:\/\/www.cetys.mx\/noticias\/gana-romero-felix-la-beca-kyoto-2018\/\" \/>\n<meta property=\"og:locale\" content=\"es_MX\" \/>\n<meta property=\"og:type\" content=\"article\" \/>\n<meta property=\"og:title\" content=\"Gana Romero F\u00e9lix la Beca Kyoto 2018\" \/>\n<meta property=\"og:description\" content=\"Resultado de su esfuerzo y dedicaci\u00f3n, recientemente se convirti\u00f3 en el estudiante n\u00famero 12 de CETYS Tijuana en ser acreedor a la Beca Kyoto.\" \/>\n<meta property=\"og:url\" content=\"https:\/\/www.cetys.mx\/noticias\/gana-romero-felix-la-beca-kyoto-2018\/\" \/>\n<meta property=\"og:site_name\" content=\"CETYS\" \/>\n<meta property=\"article:publisher\" content=\"https:\/\/www.facebook.com\/cetysuniversidadmxl\/\" \/>\n<meta property=\"article:published_time\" content=\"2018-02-21T19:53:34+00:00\" \/>\n<meta property=\"article:modified_time\" content=\"2018-02-23T00:09:39+00:00\" \/>\n<meta property=\"og:image\" content=\"https:\/\/www.cetys.mx\/noticias\/wp-content\/uploads\/2018\/02\/cetys_becakyoto2018-1.jpg\" \/>\n\t<meta property=\"og:image:width\" content=\"958\" \/>\n\t<meta property=\"og:image:height\" content=\"637\" \/>\n\t<meta property=\"og:image:type\" content=\"image\/jpeg\" \/>\n<meta name=\"author\" content=\"Campus Tijuana\" \/>\n<meta name=\"twitter:card\" content=\"summary_large_image\" \/>\n<meta name=\"twitter:creator\" content=\"@cetysuni\" \/>\n<meta name=\"twitter:site\" content=\"@cetysuni\" \/>\n<meta name=\"twitter:label1\" content=\"Escrito por\" \/>\n\t<meta name=\"twitter:data1\" content=\"Campus Tijuana\" \/>\n\t<meta name=\"twitter:label2\" content=\"Tiempo de lectura\" \/>\n\t<meta name=\"twitter:data2\" content=\"3 minutos\" \/>\n<script type=\"application\/ld+json\" class=\"yoast-schema-graph\">{\"@context\":\"https:\\\/\\\/schema.org\",\"@graph\":[{\"@type\":\"Article\",\"@id\":\"https:\\\/\\\/www.cetys.mx\\\/noticias\\\/gana-romero-felix-la-beca-kyoto-2018\\\/#article\",\"isPartOf\":{\"@id\":\"https:\\\/\\\/www.cetys.mx\\\/noticias\\\/gana-romero-felix-la-beca-kyoto-2018\\\/\"},\"author\":{\"name\":\"Campus Tijuana\",\"@id\":\"https:\\\/\\\/www.cetys.mx\\\/noticias\\\/#\\\/schema\\\/person\\\/e790051ce60e18ae47cfa87011c8653f\"},\"headline\":\"Gana Romero F\u00e9lix la Beca Kyoto 2018\",\"datePublished\":\"2018-02-21T19:53:34+00:00\",\"dateModified\":\"2018-02-23T00:09:39+00:00\",\"mainEntityOfPage\":{\"@id\":\"https:\\\/\\\/www.cetys.mx\\\/noticias\\\/gana-romero-felix-la-beca-kyoto-2018\\\/\"},\"wordCount\":573,\"commentCount\":0,\"image\":{\"@id\":\"https:\\\/\\\/www.cetys.mx\\\/noticias\\\/gana-romero-felix-la-beca-kyoto-2018\\\/#primaryimage\"},\"thumbnailUrl\":\"https:\\\/\\\/www.cetys.mx\\\/noticias\\\/wp-content\\\/uploads\\\/2018\\\/02\\\/cetys_becakyoto2018-1.jpg\",\"keywords\":[\"Bachillerato Internacional\",\"Beca Kyoto\",\"Campus Tijuana\",\"Preparatoria CETYS\",\"vocetys-top-2018-02-23\"],\"articleSection\":[\"Campus Tijuana\",\"Preparatoria\",\"VoCETYS\"],\"inLanguage\":\"es\",\"potentialAction\":[{\"@type\":\"CommentAction\",\"name\":\"Comment\",\"target\":[\"https:\\\/\\\/www.cetys.mx\\\/noticias\\\/gana-romero-felix-la-beca-kyoto-2018\\\/#respond\"]}]},{\"@type\":\"WebPage\",\"@id\":\"https:\\\/\\\/www.cetys.mx\\\/noticias\\\/gana-romero-felix-la-beca-kyoto-2018\\\/\",\"url\":\"https:\\\/\\\/www.cetys.mx\\\/noticias\\\/gana-romero-felix-la-beca-kyoto-2018\\\/\",\"name\":\"Gana Romero F\u00e9lix la Beca Kyoto 2018\",\"isPartOf\":{\"@id\":\"https:\\\/\\\/www.cetys.mx\\\/noticias\\\/#website\"},\"primaryImageOfPage\":{\"@id\":\"https:\\\/\\\/www.cetys.mx\\\/noticias\\\/gana-romero-felix-la-beca-kyoto-2018\\\/#primaryimage\"},\"image\":{\"@id\":\"https:\\\/\\\/www.cetys.mx\\\/noticias\\\/gana-romero-felix-la-beca-kyoto-2018\\\/#primaryimage\"},\"thumbnailUrl\":\"https:\\\/\\\/www.cetys.mx\\\/noticias\\\/wp-content\\\/uploads\\\/2018\\\/02\\\/cetys_becakyoto2018-1.jpg\",\"datePublished\":\"2018-02-21T19:53:34+00:00\",\"dateModified\":\"2018-02-23T00:09:39+00:00\",\"author\":{\"@id\":\"https:\\\/\\\/www.cetys.mx\\\/noticias\\\/#\\\/schema\\\/person\\\/e790051ce60e18ae47cfa87011c8653f\"},\"description\":\"Resultado de su esfuerzo y dedicaci\u00f3n, recientemente se convirti\u00f3 en el estudiante n\u00famero 12 de CETYS Tijuana en ser acreedor a la Beca Kyoto.\",\"breadcrumb\":{\"@id\":\"https:\\\/\\\/www.cetys.mx\\\/noticias\\\/gana-romero-felix-la-beca-kyoto-2018\\\/#breadcrumb\"},\"inLanguage\":\"es\",\"potentialAction\":[{\"@type\":\"ReadAction\",\"target\":[\"https:\\\/\\\/www.cetys.mx\\\/noticias\\\/gana-romero-felix-la-beca-kyoto-2018\\\/\"]}]},{\"@type\":\"ImageObject\",\"inLanguage\":\"es\",\"@id\":\"https:\\\/\\\/www.cetys.mx\\\/noticias\\\/gana-romero-felix-la-beca-kyoto-2018\\\/#primaryimage\",\"url\":\"https:\\\/\\\/www.cetys.mx\\\/noticias\\\/wp-content\\\/uploads\\\/2018\\\/02\\\/cetys_becakyoto2018-1.jpg\",\"contentUrl\":\"https:\\\/\\\/www.cetys.mx\\\/noticias\\\/wp-content\\\/uploads\\\/2018\\\/02\\\/cetys_becakyoto2018-1.jpg\",\"width\":958,\"height\":637},{\"@type\":\"BreadcrumbList\",\"@id\":\"https:\\\/\\\/www.cetys.mx\\\/noticias\\\/gana-romero-felix-la-beca-kyoto-2018\\\/#breadcrumb\",\"itemListElement\":[{\"@type\":\"ListItem\",\"position\":1,\"name\":\"Inicio\",\"item\":\"https:\\\/\\\/www.cetys.mx\\\/noticias\\\/\"},{\"@type\":\"ListItem\",\"position\":2,\"name\":\"Gana Romero F\u00e9lix la Beca Kyoto 2018\"}]},{\"@type\":\"WebSite\",\"@id\":\"https:\\\/\\\/www.cetys.mx\\\/noticias\\\/#website\",\"url\":\"https:\\\/\\\/www.cetys.mx\\\/noticias\\\/\",\"name\":\"CETYS\",\"description\":\"\",\"potentialAction\":[{\"@type\":\"SearchAction\",\"target\":{\"@type\":\"EntryPoint\",\"urlTemplate\":\"https:\\\/\\\/www.cetys.mx\\\/noticias\\\/?s={search_term_string}\"},\"query-input\":{\"@type\":\"PropertyValueSpecification\",\"valueRequired\":true,\"valueName\":\"search_term_string\"}}],\"inLanguage\":\"es\"},{\"@type\":\"Person\",\"@id\":\"https:\\\/\\\/www.cetys.mx\\\/noticias\\\/#\\\/schema\\\/person\\\/e790051ce60e18ae47cfa87011c8653f\",\"name\":\"Campus Tijuana\",\"url\":\"https:\\\/\\\/www.cetys.mx\\\/noticias\\\/author\\\/campustijuana\\\/\"}]}<\/script>\n<!-- \/ Yoast SEO plugin. -->","yoast_head_json":{"title":"Gana Romero F\u00e9lix la Beca Kyoto 2018","description":"Resultado de su esfuerzo y dedicaci\u00f3n, recientemente se convirti\u00f3 en el estudiante n\u00famero 12 de CETYS Tijuana en ser acreedor a la Beca Kyoto.","robots":{"index":"index","follow":"follow","max-snippet":"max-snippet:-1","max-image-preview":"max-image-preview:large","max-video-preview":"max-video-preview:-1"},"canonical":"https:\/\/www.cetys.mx\/noticias\/gana-romero-felix-la-beca-kyoto-2018\/","og_locale":"es_MX","og_type":"article","og_title":"Gana Romero F\u00e9lix la Beca Kyoto 2018","og_description":"Resultado de su esfuerzo y dedicaci\u00f3n, recientemente se convirti\u00f3 en el estudiante n\u00famero 12 de CETYS Tijuana en ser acreedor a la Beca Kyoto.","og_url":"https:\/\/www.cetys.mx\/noticias\/gana-romero-felix-la-beca-kyoto-2018\/","og_site_name":"CETYS","article_publisher":"https:\/\/www.facebook.com\/cetysuniversidadmxl\/","article_published_time":"2018-02-21T19:53:34+00:00","article_modified_time":"2018-02-23T00:09:39+00:00","og_image":[{"width":958,"height":637,"url":"https:\/\/www.cetys.mx\/noticias\/wp-content\/uploads\/2018\/02\/cetys_becakyoto2018-1.jpg","type":"image\/jpeg"}],"author":"Campus Tijuana","twitter_card":"summary_large_image","twitter_creator":"@cetysuni","twitter_site":"@cetysuni","twitter_misc":{"Escrito por":"Campus Tijuana","Tiempo de lectura":"3 minutos"},"schema":{"@context":"https:\/\/schema.org","@graph":[{"@type":"Article","@id":"https:\/\/www.cetys.mx\/noticias\/gana-romero-felix-la-beca-kyoto-2018\/#article","isPartOf":{"@id":"https:\/\/www.cetys.mx\/noticias\/gana-romero-felix-la-beca-kyoto-2018\/"},"author":{"name":"Campus Tijuana","@id":"https:\/\/www.cetys.mx\/noticias\/#\/schema\/person\/e790051ce60e18ae47cfa87011c8653f"},"headline":"Gana Romero F\u00e9lix la Beca Kyoto 2018","datePublished":"2018-02-21T19:53:34+00:00","dateModified":"2018-02-23T00:09:39+00:00","mainEntityOfPage":{"@id":"https:\/\/www.cetys.mx\/noticias\/gana-romero-felix-la-beca-kyoto-2018\/"},"wordCount":573,"commentCount":0,"image":{"@id":"https:\/\/www.cetys.mx\/noticias\/gana-romero-felix-la-beca-kyoto-2018\/#primaryimage"},"thumbnailUrl":"https:\/\/www.cetys.mx\/noticias\/wp-content\/uploads\/2018\/02\/cetys_becakyoto2018-1.jpg","keywords":["Bachillerato Internacional","Beca Kyoto","Campus Tijuana","Preparatoria CETYS","vocetys-top-2018-02-23"],"articleSection":["Campus Tijuana","Preparatoria","VoCETYS"],"inLanguage":"es","potentialAction":[{"@type":"CommentAction","name":"Comment","target":["https:\/\/www.cetys.mx\/noticias\/gana-romero-felix-la-beca-kyoto-2018\/#respond"]}]},{"@type":"WebPage","@id":"https:\/\/www.cetys.mx\/noticias\/gana-romero-felix-la-beca-kyoto-2018\/","url":"https:\/\/www.cetys.mx\/noticias\/gana-romero-felix-la-beca-kyoto-2018\/","name":"Gana Romero F\u00e9lix la Beca Kyoto 2018","isPartOf":{"@id":"https:\/\/www.cetys.mx\/noticias\/#website"},"primaryImageOfPage":{"@id":"https:\/\/www.cetys.mx\/noticias\/gana-romero-felix-la-beca-kyoto-2018\/#primaryimage"},"image":{"@id":"https:\/\/www.cetys.mx\/noticias\/gana-romero-felix-la-beca-kyoto-2018\/#primaryimage"},"thumbnailUrl":"https:\/\/www.cetys.mx\/noticias\/wp-content\/uploads\/2018\/02\/cetys_becakyoto2018-1.jpg","datePublished":"2018-02-21T19:53:34+00:00","dateModified":"2018-02-23T00:09:39+00:00","author":{"@id":"https:\/\/www.cetys.mx\/noticias\/#\/schema\/person\/e790051ce60e18ae47cfa87011c8653f"},"description":"Resultado de su esfuerzo y dedicaci\u00f3n, recientemente se convirti\u00f3 en el estudiante n\u00famero 12 de CETYS Tijuana en ser acreedor a la Beca Kyoto.","breadcrumb":{"@id":"https:\/\/www.cetys.mx\/noticias\/gana-romero-felix-la-beca-kyoto-2018\/#breadcrumb"},"inLanguage":"es","potentialAction":[{"@type":"ReadAction","target":["https:\/\/www.cetys.mx\/noticias\/gana-romero-felix-la-beca-kyoto-2018\/"]}]},{"@type":"ImageObject","inLanguage":"es","@id":"https:\/\/www.cetys.mx\/noticias\/gana-romero-felix-la-beca-kyoto-2018\/#primaryimage","url":"https:\/\/www.cetys.mx\/noticias\/wp-content\/uploads\/2018\/02\/cetys_becakyoto2018-1.jpg","contentUrl":"https:\/\/www.cetys.mx\/noticias\/wp-content\/uploads\/2018\/02\/cetys_becakyoto2018-1.jpg","width":958,"height":637},{"@type":"BreadcrumbList","@id":"https:\/\/www.cetys.mx\/noticias\/gana-romero-felix-la-beca-kyoto-2018\/#breadcrumb","itemListElement":[{"@type":"ListItem","position":1,"name":"Inicio","item":"https:\/\/www.cetys.mx\/noticias\/"},{"@type":"ListItem","position":2,"name":"Gana Romero F\u00e9lix la Beca Kyoto 2018"}]},{"@type":"WebSite","@id":"https:\/\/www.cetys.mx\/noticias\/#website","url":"https:\/\/www.cetys.mx\/noticias\/","name":"CETYS","description":"","potentialAction":[{"@type":"SearchAction","target":{"@type":"EntryPoint","urlTemplate":"https:\/\/www.cetys.mx\/noticias\/?s={search_term_string}"},"query-input":{"@type":"PropertyValueSpecification","valueRequired":true,"valueName":"search_term_string"}}],"inLanguage":"es"},{"@type":"Person","@id":"https:\/\/www.cetys.mx\/noticias\/#\/schema\/person\/e790051ce60e18ae47cfa87011c8653f","name":"Campus Tijuana","url":"https:\/\/www.cetys.mx\/noticias\/author\/campustijuana\/"}]}},"_links":{"self":[{"href":"https:\/\/www.cetys.mx\/noticias\/wp-json\/wp\/v2\/posts\/109671","targetHints":{"allow":["GET"]}}],"collection":[{"href":"https:\/\/www.cetys.mx\/noticias\/wp-json\/wp\/v2\/posts"}],"about":[{"href":"https:\/\/www.cetys.mx\/noticias\/wp-json\/wp\/v2\/types\/post"}],"author":[{"embeddable":true,"href":"https:\/\/www.cetys.mx\/noticias\/wp-json\/wp\/v2\/users\/24"}],"replies":[{"embeddable":true,"href":"https:\/\/www.cetys.mx\/noticias\/wp-json\/wp\/v2\/comments?post=109671"}],"version-history":[{"count":0,"href":"https:\/\/www.cetys.mx\/noticias\/wp-json\/wp\/v2\/posts\/109671\/revisions"}],"wp:featuredmedia":[{"embeddable":true,"href":"https:\/\/www.cetys.mx\/noticias\/wp-json\/wp\/v2\/media\/109674"}],"wp:attachment":[{"href":"https:\/\/www.cetys.mx\/noticias\/wp-json\/wp\/v2\/media?parent=109671"}],"wp:term":[{"taxonomy":"category","embeddable":true,"href":"https:\/\/www.cetys.mx\/noticias\/wp-json\/wp\/v2\/categories?post=109671"},{"taxonomy":"post_tag","embeddable":true,"href":"https:\/\/www.cetys.mx\/noticias\/wp-json\/wp\/v2\/tags?post=109671"}],"curies":[{"name":"wp","href":"https:\/\/api.w.org\/{rel}","templated":true}]}}