{"id":109506,"date":"2018-02-19T10:52:41","date_gmt":"2018-02-19T18:52:41","guid":{"rendered":"http:\/\/www.cetys.mx\/noticias\/?p=109506"},"modified":"2018-02-22T16:10:31","modified_gmt":"2018-02-23T00:10:31","slug":"ecosistema-emprendedor-de-tijuana-es-expuesto-por-cetys","status":"publish","type":"post","link":"https:\/\/www.cetys.mx\/noticias\/ecosistema-emprendedor-de-tijuana-es-expuesto-por-cetys\/","title":{"rendered":"Exponen a estudiantes de SDSU Ecosistema Emprendedor de Tijuana"},"content":{"rendered":"<p align=\"justify\">La regi\u00f3n Tijuana \u2013 San Diego contin\u00faa ganando terreno en el tema del emprendimiento, ya no s\u00f3lo por las oportunidades de negocio y el dinamismo entre ambas ciudades, sino por la estrecha vinculaci\u00f3n entre los j\u00f3venes creativos y el potencial que han logrado alcanzar como una comunidad generadora de proyectos innovadores.<\/p>\n<p align=\"justify\">En este sentido, los centros educativos se han sumado a las diversas iniciativas a trav\u00e9s de la generaci\u00f3n de enlaces desde las aulas. \u00c9se es el caso de <strong>CETYS<\/strong> <strong>Universidad<\/strong> y<strong> <a href=\"https:\/\/www.sdsu.edu\">San Diego State University<\/a><\/strong> (SDSU), quienes <a href=\"https:\/\/www.cetys.mx\/noticias\/cetys-recibe-a-sdsu-en-encuentro-binacional-de-emprendimiento\/\">unieron esfuerzos para lograr un encuentro binacional con sede en la ciudad de Tijuana,<\/a> esta vez con la participaci\u00f3n de la comunidad estudiantil involucrada e interesada en dichos temas.<\/p>\n<div id=\"attachment_109537\" style=\"width: 968px\" class=\"wp-caption aligncenter\"><a href=\"https:\/\/www.cetys.mx\/noticias\/wp-content\/uploads\/2018\/02\/11.jpg\"><img loading=\"lazy\" decoding=\"async\" aria-describedby=\"caption-attachment-109537\" class=\"wp-image-109537 size-full\" src=\"https:\/\/www.cetys.mx\/noticias\/wp-content\/uploads\/2018\/02\/11.jpg\" alt=\"1\" width=\"958\" height=\"637\" \/><\/a><p id=\"caption-attachment-109537\" class=\"wp-caption-text\">Estudiantes de SDSU tuvieron la oportunidad de visitar la ciudad de Tijuana, donde vivieron de cerca el tema del emprendimiento gracias a la comunidad de CETYS Universidad.<\/p><\/div>\n<p align=\"justify\">De acuerdo con el <strong>Dr. Eduardo Durazo Watanabe<\/strong>, <em>Coordinador del Programa de MBA<\/em> en el Campus Ensenada y l\u00edder de la iniciativa, se trat\u00f3 de un recorrido guiado por puntos clave de Tijuana que tienen un impacto importante con el sector emprendedor; a trav\u00e9s de los cuales se busc\u00f3 desarrollar confianza y lazos de colaboraci\u00f3n que permitan trabajar en proyectos transfronterizos.<\/p>\n<blockquote>\n<p align=\"justify\">\u201cEs muy interesante porque estamos conviviendo con alumnos de <strong>SDSU<\/strong>, estamos ya armando planes de colaboraci\u00f3n y nos est\u00e1n guiando nuestros profesores, adem\u00e1s estamos recibiendo mucho apoyo de parte de los l\u00edderes de los nuevos proyectos que est\u00e1n innovando aqu\u00ed en Tijuana\u201d, comparti\u00f3 <strong>C\u00e9sar L\u00f3pez Corrales<\/strong>, estudiante del segundo semestre de la <em>Licenciatura en Inteligencia de Negocios e Innovaci\u00f3n<\/em> de <strong>CETYS\u00a0<\/strong><strong>Tijuana<\/strong>.<\/p>\n<\/blockquote>\n<div id=\"attachment_109538\" style=\"width: 968px\" class=\"wp-caption aligncenter\"><a href=\"https:\/\/www.cetys.mx\/noticias\/wp-content\/uploads\/2018\/02\/1-1.jpg\"><img loading=\"lazy\" decoding=\"async\" aria-describedby=\"caption-attachment-109538\" class=\"wp-image-109538 size-full\" src=\"https:\/\/www.cetys.mx\/noticias\/wp-content\/uploads\/2018\/02\/1-1.jpg\" alt=\"\" width=\"958\" height=\"637\" \/><\/a><p id=\"caption-attachment-109538\" class=\"wp-caption-text\">El Dr. Eduardo Durazo Watanabe y el Dr. Alex DeNoble, pertenecientes a CETYS Universidad y SDSU, fueron los acad\u00e9micos encargados de unir a ambas instituciones educativas.<\/p><\/div>\n<p align=\"justify\">Por su parte <strong>Andrea Roberts<\/strong>, quien es originaria de Los \u00c1ngeles y actualmente estudia en <strong>SDSU<\/strong>, extern\u00f3 que previo a su visita a esta frontera no sab\u00eda que esperar, sin embargo, su perspectiva cambi\u00f3 totalmente. <em>\u201cEs muy emocionante ver todas las oportunidades de negocio y sustentabilidad para hacer de este lugar algo mejor, tambi\u00e9n para mejorar las relaciones entre mexicanos y estadounidenses especialmente en el estado en el que esta la pol\u00edtica actual\u201d<\/em>, declar\u00f3.<\/p>\n<p align=\"justify\">Como parte del claustro acad\u00e9mico, tambi\u00e9n se cont\u00f3 con la participaci\u00f3n del <strong>Dr. Alex DeNoble<\/strong>, quien es <em>acad\u00e9mico de tiempo completo<\/em> en <strong>SDSU<\/strong> y <em>C\u00e1tedra Distinguida Pimsa<\/em> de <strong>CETYS<\/strong> <strong>Universidad<\/strong>. <em>\u201cDada mi posici\u00f3n, pens\u00e9 que pod\u00edamos reunir a nuestros estudiantes para explorar posibilidades y crear colaboraciones; queremos que se sientan c\u00f3modos en ambos lados de la frontera y esto es un evento para realizar esos sue\u00f1os\u201d<\/em>, puntualiz\u00f3.<\/p>\n<div id=\"attachment_109540\" style=\"width: 968px\" class=\"wp-caption aligncenter\"><a href=\"https:\/\/www.cetys.mx\/noticias\/wp-content\/uploads\/2018\/02\/cetys_sdsuemprendedores11.jpg\"><img loading=\"lazy\" decoding=\"async\" aria-describedby=\"caption-attachment-109540\" class=\"wp-image-109540 size-full\" src=\"https:\/\/www.cetys.mx\/noticias\/wp-content\/uploads\/2018\/02\/cetys_sdsuemprendedores11.jpg\" alt=\"cetys_sdsuemprendedores1\" width=\"958\" height=\"637\" \/><\/a><p id=\"caption-attachment-109540\" class=\"wp-caption-text\">Los j\u00f3venes universitarios estuvieron acompa\u00f1ados por Patricia Pinz\u00f3n S\u00e1nchez, C\u00f3nsul de Comunidades, Asuntos Culturales y Educativos del Consulado de M\u00e9xico en San Diego, y Preeti Shah, C\u00f3nsul para la Oficina de Asuntos P\u00fablicos del Consulado General de los Estados Unidos en Tijuana.<\/p><\/div>\n<p align=\"justify\">Adem\u00e1s, la actividad tambi\u00e9n cont\u00f3 con la participaci\u00f3n de <strong>Patricia Pinz\u00f3n S\u00e1nchez<\/strong>, <em>C\u00f3nsul de Comunidades, Asuntos Culturales y Educativos del Consulado de M\u00e9xico <\/em>en San Diego, y<strong> Preeti Shah<\/strong>, <em>C\u00f3nsul para la Oficina de Asuntos P\u00fablicos del Consulado General de los Estados Unidos<\/em> en Tijuana, quienes coincidieron en la importancia de aprovechar el contexto fronterizo y adoptarlo como una ventaja para hacer posible el desarrollo de proyectos emprendedores.<\/p>\n<hr \/>\n<p style=\"text-align: left;\" align=\"justify\"><strong>Conoce m\u00e1s a trav\u00e9s del siguiente video&#8230;\u00a0<\/strong><\/p>\n<p align=\"center\"><iframe loading=\"lazy\" style=\"border: none; overflow: hidden;\" src=\"https:\/\/www.facebook.com\/plugins\/video.php?href=https%3A%2F%2Fwww.facebook.com%2Fcetysuniversidadtij%2Fvideos%2F1794804230538498%2F&amp;show_text=0&amp;width=560\" width=\"560\" height=\"315\" frameborder=\"0\" scrolling=\"no\" allowfullscreen=\"allowfullscreen\"><\/iframe><\/p>\n","protected":false},"excerpt":{"rendered":"<p>La regi\u00f3n Tijuana \u2013 San Diego contin\u00faa ganando terreno en el tema del emprendimiento, ya no s\u00f3lo por las oportunidades de negocio&#8230;<\/p>\n","protected":false},"author":24,"featured_media":109536,"comment_status":"open","ping_status":"closed","sticky":false,"template":"","format":"standard","meta":{"footnotes":""},"categories":[134,111,125,306,313],"tags":[285,297,168,2208,284,269,342,176,2222],"class_list":["post-109506","post","type-post","status-publish","format-standard","has-post-thumbnail","hentry","category-campus-tijuana","category-emprendimiento","category-portada","category-profesional","category-vocetys-2","tag-alumnos","tag-campus-tijuana","tag-cetys-universidad","tag-direccion-zona-costa","tag-emprendimiento","tag-innovacion","tag-liderazgo","tag-profesional","tag-vocetys-2018-02-23"],"yoast_head":"<!-- This site is optimized with the Yoast SEO plugin v27.4 - https:\/\/yoast.com\/product\/yoast-seo-wordpress\/ -->\n<title>Conocen Ecosistema Emprendedor de Tijuana gracias a CETYS<\/title>\n<meta name=\"description\" content=\"Alumnos de SDSU y CETYS recorrieron los espacios m\u00e1s representativos del Ecosistema Emprendedor, generando lazos de colaboraci\u00f3n e ideas en conjunto.\" \/>\n<meta name=\"robots\" content=\"index, follow, max-snippet:-1, max-image-preview:large, max-video-preview:-1\" \/>\n<link rel=\"canonical\" href=\"https:\/\/www.cetys.mx\/noticias\/ecosistema-emprendedor-de-tijuana-es-expuesto-por-cetys\/\" \/>\n<meta property=\"og:locale\" content=\"es_MX\" \/>\n<meta property=\"og:type\" content=\"article\" \/>\n<meta property=\"og:title\" content=\"Conocen Ecosistema Emprendedor de Tijuana gracias a CETYS\" \/>\n<meta property=\"og:description\" content=\"Alumnos de SDSU y CETYS recorrieron los espacios m\u00e1s representativos del Ecosistema Emprendedor, generando lazos de colaboraci\u00f3n e ideas en conjunto.\" \/>\n<meta property=\"og:url\" content=\"https:\/\/www.cetys.mx\/noticias\/ecosistema-emprendedor-de-tijuana-es-expuesto-por-cetys\/\" \/>\n<meta property=\"og:site_name\" content=\"CETYS\" \/>\n<meta property=\"article:publisher\" content=\"https:\/\/www.facebook.com\/cetysuniversidadmxl\/\" \/>\n<meta property=\"article:published_time\" content=\"2018-02-19T18:52:41+00:00\" \/>\n<meta property=\"article:modified_time\" content=\"2018-02-23T00:10:31+00:00\" \/>\n<meta property=\"og:image\" content=\"https:\/\/www.cetys.mx\/noticias\/wp-content\/uploads\/2018\/02\/cetys_sdsuemprendedores1.jpg\" \/>\n\t<meta property=\"og:image:width\" content=\"958\" \/>\n\t<meta property=\"og:image:height\" content=\"637\" \/>\n\t<meta property=\"og:image:type\" content=\"image\/jpeg\" \/>\n<meta name=\"author\" content=\"Campus Tijuana\" \/>\n<meta name=\"twitter:card\" content=\"summary_large_image\" \/>\n<meta name=\"twitter:creator\" content=\"@cetysuni\" \/>\n<meta name=\"twitter:site\" content=\"@cetysuni\" \/>\n<meta name=\"twitter:label1\" content=\"Escrito por\" \/>\n\t<meta name=\"twitter:data1\" content=\"Campus Tijuana\" \/>\n\t<meta name=\"twitter:label2\" content=\"Tiempo de lectura\" \/>\n\t<meta name=\"twitter:data2\" content=\"3 minutos\" \/>\n<script type=\"application\/ld+json\" class=\"yoast-schema-graph\">{\"@context\":\"https:\\\/\\\/schema.org\",\"@graph\":[{\"@type\":\"Article\",\"@id\":\"https:\\\/\\\/www.cetys.mx\\\/noticias\\\/ecosistema-emprendedor-de-tijuana-es-expuesto-por-cetys\\\/#article\",\"isPartOf\":{\"@id\":\"https:\\\/\\\/www.cetys.mx\\\/noticias\\\/ecosistema-emprendedor-de-tijuana-es-expuesto-por-cetys\\\/\"},\"author\":{\"name\":\"Campus Tijuana\",\"@id\":\"https:\\\/\\\/www.cetys.mx\\\/noticias\\\/#\\\/schema\\\/person\\\/e790051ce60e18ae47cfa87011c8653f\"},\"headline\":\"Exponen a estudiantes de SDSU Ecosistema Emprendedor de Tijuana\",\"datePublished\":\"2018-02-19T18:52:41+00:00\",\"dateModified\":\"2018-02-23T00:10:31+00:00\",\"mainEntityOfPage\":{\"@id\":\"https:\\\/\\\/www.cetys.mx\\\/noticias\\\/ecosistema-emprendedor-de-tijuana-es-expuesto-por-cetys\\\/\"},\"wordCount\":631,\"commentCount\":0,\"image\":{\"@id\":\"https:\\\/\\\/www.cetys.mx\\\/noticias\\\/ecosistema-emprendedor-de-tijuana-es-expuesto-por-cetys\\\/#primaryimage\"},\"thumbnailUrl\":\"https:\\\/\\\/www.cetys.mx\\\/noticias\\\/wp-content\\\/uploads\\\/2018\\\/02\\\/cetys_sdsuemprendedores1.jpg\",\"keywords\":[\"Alumnos\",\"Campus Tijuana\",\"CETYS Universidad\",\"Direcci\u00f3n Zona Costa\",\"Emprendimiento\",\"Innovaci\u00f3n\",\"liderazgo\",\"profesional\",\"vocetys-2018-02-23\"],\"articleSection\":[\"Campus Tijuana\",\"Emprendimiento\",\"Portada\",\"Profesional\",\"VoCETYS\"],\"inLanguage\":\"es\",\"potentialAction\":[{\"@type\":\"CommentAction\",\"name\":\"Comment\",\"target\":[\"https:\\\/\\\/www.cetys.mx\\\/noticias\\\/ecosistema-emprendedor-de-tijuana-es-expuesto-por-cetys\\\/#respond\"]}]},{\"@type\":\"WebPage\",\"@id\":\"https:\\\/\\\/www.cetys.mx\\\/noticias\\\/ecosistema-emprendedor-de-tijuana-es-expuesto-por-cetys\\\/\",\"url\":\"https:\\\/\\\/www.cetys.mx\\\/noticias\\\/ecosistema-emprendedor-de-tijuana-es-expuesto-por-cetys\\\/\",\"name\":\"Conocen Ecosistema Emprendedor de Tijuana gracias a CETYS\",\"isPartOf\":{\"@id\":\"https:\\\/\\\/www.cetys.mx\\\/noticias\\\/#website\"},\"primaryImageOfPage\":{\"@id\":\"https:\\\/\\\/www.cetys.mx\\\/noticias\\\/ecosistema-emprendedor-de-tijuana-es-expuesto-por-cetys\\\/#primaryimage\"},\"image\":{\"@id\":\"https:\\\/\\\/www.cetys.mx\\\/noticias\\\/ecosistema-emprendedor-de-tijuana-es-expuesto-por-cetys\\\/#primaryimage\"},\"thumbnailUrl\":\"https:\\\/\\\/www.cetys.mx\\\/noticias\\\/wp-content\\\/uploads\\\/2018\\\/02\\\/cetys_sdsuemprendedores1.jpg\",\"datePublished\":\"2018-02-19T18:52:41+00:00\",\"dateModified\":\"2018-02-23T00:10:31+00:00\",\"author\":{\"@id\":\"https:\\\/\\\/www.cetys.mx\\\/noticias\\\/#\\\/schema\\\/person\\\/e790051ce60e18ae47cfa87011c8653f\"},\"description\":\"Alumnos de SDSU y CETYS recorrieron los espacios m\u00e1s representativos del Ecosistema Emprendedor, generando lazos de colaboraci\u00f3n e ideas en conjunto.\",\"breadcrumb\":{\"@id\":\"https:\\\/\\\/www.cetys.mx\\\/noticias\\\/ecosistema-emprendedor-de-tijuana-es-expuesto-por-cetys\\\/#breadcrumb\"},\"inLanguage\":\"es\",\"potentialAction\":[{\"@type\":\"ReadAction\",\"target\":[\"https:\\\/\\\/www.cetys.mx\\\/noticias\\\/ecosistema-emprendedor-de-tijuana-es-expuesto-por-cetys\\\/\"]}]},{\"@type\":\"ImageObject\",\"inLanguage\":\"es\",\"@id\":\"https:\\\/\\\/www.cetys.mx\\\/noticias\\\/ecosistema-emprendedor-de-tijuana-es-expuesto-por-cetys\\\/#primaryimage\",\"url\":\"https:\\\/\\\/www.cetys.mx\\\/noticias\\\/wp-content\\\/uploads\\\/2018\\\/02\\\/cetys_sdsuemprendedores1.jpg\",\"contentUrl\":\"https:\\\/\\\/www.cetys.mx\\\/noticias\\\/wp-content\\\/uploads\\\/2018\\\/02\\\/cetys_sdsuemprendedores1.jpg\",\"width\":958,\"height\":637},{\"@type\":\"BreadcrumbList\",\"@id\":\"https:\\\/\\\/www.cetys.mx\\\/noticias\\\/ecosistema-emprendedor-de-tijuana-es-expuesto-por-cetys\\\/#breadcrumb\",\"itemListElement\":[{\"@type\":\"ListItem\",\"position\":1,\"name\":\"Inicio\",\"item\":\"https:\\\/\\\/www.cetys.mx\\\/noticias\\\/\"},{\"@type\":\"ListItem\",\"position\":2,\"name\":\"Exponen a estudiantes de SDSU Ecosistema Emprendedor de Tijuana\"}]},{\"@type\":\"WebSite\",\"@id\":\"https:\\\/\\\/www.cetys.mx\\\/noticias\\\/#website\",\"url\":\"https:\\\/\\\/www.cetys.mx\\\/noticias\\\/\",\"name\":\"CETYS\",\"description\":\"\",\"potentialAction\":[{\"@type\":\"SearchAction\",\"target\":{\"@type\":\"EntryPoint\",\"urlTemplate\":\"https:\\\/\\\/www.cetys.mx\\\/noticias\\\/?s={search_term_string}\"},\"query-input\":{\"@type\":\"PropertyValueSpecification\",\"valueRequired\":true,\"valueName\":\"search_term_string\"}}],\"inLanguage\":\"es\"},{\"@type\":\"Person\",\"@id\":\"https:\\\/\\\/www.cetys.mx\\\/noticias\\\/#\\\/schema\\\/person\\\/e790051ce60e18ae47cfa87011c8653f\",\"name\":\"Campus Tijuana\",\"url\":\"https:\\\/\\\/www.cetys.mx\\\/noticias\\\/author\\\/campustijuana\\\/\"}]}<\/script>\n<!-- \/ Yoast SEO plugin. -->","yoast_head_json":{"title":"Conocen Ecosistema Emprendedor de Tijuana gracias a CETYS","description":"Alumnos de SDSU y CETYS recorrieron los espacios m\u00e1s representativos del Ecosistema Emprendedor, generando lazos de colaboraci\u00f3n e ideas en conjunto.","robots":{"index":"index","follow":"follow","max-snippet":"max-snippet:-1","max-image-preview":"max-image-preview:large","max-video-preview":"max-video-preview:-1"},"canonical":"https:\/\/www.cetys.mx\/noticias\/ecosistema-emprendedor-de-tijuana-es-expuesto-por-cetys\/","og_locale":"es_MX","og_type":"article","og_title":"Conocen Ecosistema Emprendedor de Tijuana gracias a CETYS","og_description":"Alumnos de SDSU y CETYS recorrieron los espacios m\u00e1s representativos del Ecosistema Emprendedor, generando lazos de colaboraci\u00f3n e ideas en conjunto.","og_url":"https:\/\/www.cetys.mx\/noticias\/ecosistema-emprendedor-de-tijuana-es-expuesto-por-cetys\/","og_site_name":"CETYS","article_publisher":"https:\/\/www.facebook.com\/cetysuniversidadmxl\/","article_published_time":"2018-02-19T18:52:41+00:00","article_modified_time":"2018-02-23T00:10:31+00:00","og_image":[{"width":958,"height":637,"url":"https:\/\/www.cetys.mx\/noticias\/wp-content\/uploads\/2018\/02\/cetys_sdsuemprendedores1.jpg","type":"image\/jpeg"}],"author":"Campus Tijuana","twitter_card":"summary_large_image","twitter_creator":"@cetysuni","twitter_site":"@cetysuni","twitter_misc":{"Escrito por":"Campus Tijuana","Tiempo de lectura":"3 minutos"},"schema":{"@context":"https:\/\/schema.org","@graph":[{"@type":"Article","@id":"https:\/\/www.cetys.mx\/noticias\/ecosistema-emprendedor-de-tijuana-es-expuesto-por-cetys\/#article","isPartOf":{"@id":"https:\/\/www.cetys.mx\/noticias\/ecosistema-emprendedor-de-tijuana-es-expuesto-por-cetys\/"},"author":{"name":"Campus Tijuana","@id":"https:\/\/www.cetys.mx\/noticias\/#\/schema\/person\/e790051ce60e18ae47cfa87011c8653f"},"headline":"Exponen a estudiantes de SDSU Ecosistema Emprendedor de Tijuana","datePublished":"2018-02-19T18:52:41+00:00","dateModified":"2018-02-23T00:10:31+00:00","mainEntityOfPage":{"@id":"https:\/\/www.cetys.mx\/noticias\/ecosistema-emprendedor-de-tijuana-es-expuesto-por-cetys\/"},"wordCount":631,"commentCount":0,"image":{"@id":"https:\/\/www.cetys.mx\/noticias\/ecosistema-emprendedor-de-tijuana-es-expuesto-por-cetys\/#primaryimage"},"thumbnailUrl":"https:\/\/www.cetys.mx\/noticias\/wp-content\/uploads\/2018\/02\/cetys_sdsuemprendedores1.jpg","keywords":["Alumnos","Campus Tijuana","CETYS Universidad","Direcci\u00f3n Zona Costa","Emprendimiento","Innovaci\u00f3n","liderazgo","profesional","vocetys-2018-02-23"],"articleSection":["Campus Tijuana","Emprendimiento","Portada","Profesional","VoCETYS"],"inLanguage":"es","potentialAction":[{"@type":"CommentAction","name":"Comment","target":["https:\/\/www.cetys.mx\/noticias\/ecosistema-emprendedor-de-tijuana-es-expuesto-por-cetys\/#respond"]}]},{"@type":"WebPage","@id":"https:\/\/www.cetys.mx\/noticias\/ecosistema-emprendedor-de-tijuana-es-expuesto-por-cetys\/","url":"https:\/\/www.cetys.mx\/noticias\/ecosistema-emprendedor-de-tijuana-es-expuesto-por-cetys\/","name":"Conocen Ecosistema Emprendedor de Tijuana gracias a CETYS","isPartOf":{"@id":"https:\/\/www.cetys.mx\/noticias\/#website"},"primaryImageOfPage":{"@id":"https:\/\/www.cetys.mx\/noticias\/ecosistema-emprendedor-de-tijuana-es-expuesto-por-cetys\/#primaryimage"},"image":{"@id":"https:\/\/www.cetys.mx\/noticias\/ecosistema-emprendedor-de-tijuana-es-expuesto-por-cetys\/#primaryimage"},"thumbnailUrl":"https:\/\/www.cetys.mx\/noticias\/wp-content\/uploads\/2018\/02\/cetys_sdsuemprendedores1.jpg","datePublished":"2018-02-19T18:52:41+00:00","dateModified":"2018-02-23T00:10:31+00:00","author":{"@id":"https:\/\/www.cetys.mx\/noticias\/#\/schema\/person\/e790051ce60e18ae47cfa87011c8653f"},"description":"Alumnos de SDSU y CETYS recorrieron los espacios m\u00e1s representativos del Ecosistema Emprendedor, generando lazos de colaboraci\u00f3n e ideas en conjunto.","breadcrumb":{"@id":"https:\/\/www.cetys.mx\/noticias\/ecosistema-emprendedor-de-tijuana-es-expuesto-por-cetys\/#breadcrumb"},"inLanguage":"es","potentialAction":[{"@type":"ReadAction","target":["https:\/\/www.cetys.mx\/noticias\/ecosistema-emprendedor-de-tijuana-es-expuesto-por-cetys\/"]}]},{"@type":"ImageObject","inLanguage":"es","@id":"https:\/\/www.cetys.mx\/noticias\/ecosistema-emprendedor-de-tijuana-es-expuesto-por-cetys\/#primaryimage","url":"https:\/\/www.cetys.mx\/noticias\/wp-content\/uploads\/2018\/02\/cetys_sdsuemprendedores1.jpg","contentUrl":"https:\/\/www.cetys.mx\/noticias\/wp-content\/uploads\/2018\/02\/cetys_sdsuemprendedores1.jpg","width":958,"height":637},{"@type":"BreadcrumbList","@id":"https:\/\/www.cetys.mx\/noticias\/ecosistema-emprendedor-de-tijuana-es-expuesto-por-cetys\/#breadcrumb","itemListElement":[{"@type":"ListItem","position":1,"name":"Inicio","item":"https:\/\/www.cetys.mx\/noticias\/"},{"@type":"ListItem","position":2,"name":"Exponen a estudiantes de SDSU Ecosistema Emprendedor de Tijuana"}]},{"@type":"WebSite","@id":"https:\/\/www.cetys.mx\/noticias\/#website","url":"https:\/\/www.cetys.mx\/noticias\/","name":"CETYS","description":"","potentialAction":[{"@type":"SearchAction","target":{"@type":"EntryPoint","urlTemplate":"https:\/\/www.cetys.mx\/noticias\/?s={search_term_string}"},"query-input":{"@type":"PropertyValueSpecification","valueRequired":true,"valueName":"search_term_string"}}],"inLanguage":"es"},{"@type":"Person","@id":"https:\/\/www.cetys.mx\/noticias\/#\/schema\/person\/e790051ce60e18ae47cfa87011c8653f","name":"Campus Tijuana","url":"https:\/\/www.cetys.mx\/noticias\/author\/campustijuana\/"}]}},"_links":{"self":[{"href":"https:\/\/www.cetys.mx\/noticias\/wp-json\/wp\/v2\/posts\/109506","targetHints":{"allow":["GET"]}}],"collection":[{"href":"https:\/\/www.cetys.mx\/noticias\/wp-json\/wp\/v2\/posts"}],"about":[{"href":"https:\/\/www.cetys.mx\/noticias\/wp-json\/wp\/v2\/types\/post"}],"author":[{"embeddable":true,"href":"https:\/\/www.cetys.mx\/noticias\/wp-json\/wp\/v2\/users\/24"}],"replies":[{"embeddable":true,"href":"https:\/\/www.cetys.mx\/noticias\/wp-json\/wp\/v2\/comments?post=109506"}],"version-history":[{"count":0,"href":"https:\/\/www.cetys.mx\/noticias\/wp-json\/wp\/v2\/posts\/109506\/revisions"}],"wp:featuredmedia":[{"embeddable":true,"href":"https:\/\/www.cetys.mx\/noticias\/wp-json\/wp\/v2\/media\/109536"}],"wp:attachment":[{"href":"https:\/\/www.cetys.mx\/noticias\/wp-json\/wp\/v2\/media?parent=109506"}],"wp:term":[{"taxonomy":"category","embeddable":true,"href":"https:\/\/www.cetys.mx\/noticias\/wp-json\/wp\/v2\/categories?post=109506"},{"taxonomy":"post_tag","embeddable":true,"href":"https:\/\/www.cetys.mx\/noticias\/wp-json\/wp\/v2\/tags?post=109506"}],"curies":[{"name":"wp","href":"https:\/\/api.w.org\/{rel}","templated":true}]}}