{"id":109225,"date":"2018-02-12T14:05:25","date_gmt":"2018-02-12T22:05:25","guid":{"rendered":"http:\/\/www.cetys.mx\/noticias\/?p=109225"},"modified":"2018-02-12T14:05:25","modified_gmt":"2018-02-12T22:05:25","slug":"categorias-zorros-tijuana-jugaran-separado-en-oefa","status":"publish","type":"post","link":"https:\/\/www.cetys.mx\/noticias\/categorias-zorros-tijuana-jugaran-separado-en-oefa\/","title":{"rendered":"Categor\u00edas de Zorros Tijuana jugar\u00e1n por separado en OEFA"},"content":{"rendered":"<p>La <strong>Organizaci\u00f3n Estudiantil de Futbol Americano de Baja California (OEFA)<\/strong> llev\u00f3 a cabo su <strong>XXX Congreso Anual<\/strong>, donde hubo algunas modificaciones importantes al reglamento de juego y entrar\u00e1n en vigor para la siguiente temporada.<\/p>\n<p>Ahora <strong>CETYS Tijuana<\/strong> tendr\u00e1 actividad con sus equipos por separado. Comenzar\u00e1 con la escuadra <strong>Varsity<\/strong> tradicionalmente de septiembre a diciembre, pero ahora la de <strong>JV (o Juvenil A)<\/strong> se disputar\u00e1 de marzo a mayo (a la par con las categor\u00edas <em>Infantil Mayor<\/em> e <em>Infantil Menor<\/em>).<\/p>\n<p><em>\u201cLa modificaci\u00f3n fue propuesta por una de nuestras escuelas y aprobada por el resto de los integrantes, para evitar la saturaci\u00f3n de los campos en primavera y oto\u00f1o\u201d<\/em>, explic\u00f3 <strong>Alfredo Escobedo<\/strong> (presidente de <strong>OEFA<\/strong>).<\/p>\n<p>Como parte de los ajustes, <em>Pre Infantil<\/em> y <strong>Varsity<\/strong> se disputar\u00e1n al mismo tiempo a partir del presente a\u00f1o. Esto significa que habr\u00e1 fechas de futbol americano estudiantil durante seis meses de cada a\u00f1o en el <strong>Estadio &#8220;Margarita Astiazar\u00e1n de Fimbres&#8221;<\/strong>.<\/p>\n<div id=\"attachment_109227\" style=\"width: 965px\" class=\"wp-caption alignnone\"><a href=\"https:\/\/www.cetys.mx\/noticias\/wp-content\/uploads\/2018\/02\/IMG_1348-e1518472781894.jpg\"><img loading=\"lazy\" decoding=\"async\" aria-describedby=\"caption-attachment-109227\" class=\"size-full wp-image-109227\" src=\"https:\/\/www.cetys.mx\/noticias\/wp-content\/uploads\/2018\/02\/IMG_1348-e1518472781894.jpg\" alt=\"Sin modificaciones, equipo de Varsity abrir\u00e1 campa\u00f1a en septiembre. \" width=\"955\" height=\"637\" \/><\/a><p id=\"caption-attachment-109227\" class=\"wp-caption-text\">Sin modificaciones, equipo de Varsity abrir\u00e1 campa\u00f1a en septiembre.<\/p><\/div>\n<p>Adem\u00e1s de esta resoluci\u00f3n, <strong>OEFA<\/strong> refrend\u00f3 su consejo directivo para el per\u00edodo 2018-2021. <strong>Escobedo<\/strong> permanece al mando con<em> Luis S\u00e1nchez<\/em> en la vicepresidencia, <strong>Argenis Garc\u00eda Luna<\/strong> como secretario y <strong>Norma Partida<\/strong> en la tesorer\u00eda.<\/p>\n<p><em>\u201cEstamos muy felices de haber contado con tanta participaci\u00f3n y haber tenido una jornada de mucho trabajo, favoreciendo el continuo desarrollo de nuestro deporte en la regi\u00f3n<\/em> -agreg\u00f3 <strong>Escobedo<\/strong>-. <em>Tenemos varias cuestiones sobre la mesa para nuestra celebraci\u00f3n de 30 aniversario, como un torneo especial de selectivos de Varsity&#8221;.<\/em><\/p>\n<p><strong>Zorros Tijuana<\/strong> reaparecer\u00e1n hasta marzo de 2019 en <strong>JV<\/strong> (<strong>Juvenil A<\/strong>), pero en <strong>Varsity<\/strong> ser\u00e1 dentro de 7 meses con el orden acostumbrado.<\/p>\n<div id=\"attachment_109226\" style=\"width: 966px\" class=\"wp-caption alignnone\"><a href=\"https:\/\/www.cetys.mx\/noticias\/wp-content\/uploads\/2018\/02\/Jaguares-vs.-Zorros-TJ-Juvenil-11-Nov-17-AR-e1518472670884.jpg\"><img loading=\"lazy\" decoding=\"async\" aria-describedby=\"caption-attachment-109226\" class=\"size-full wp-image-109226\" src=\"https:\/\/www.cetys.mx\/noticias\/wp-content\/uploads\/2018\/02\/Jaguares-vs.-Zorros-TJ-Juvenil-11-Nov-17-AR-e1518472670884.jpg\" alt=\"La pr\u00f3xima temporada JV comenzar\u00e1 en marzo de 2019. \" width=\"956\" height=\"637\" \/><\/a><p id=\"caption-attachment-109226\" class=\"wp-caption-text\">La pr\u00f3xima temporada JV comenzar\u00e1 en marzo de 2019.<\/p><\/div>\n","protected":false},"excerpt":{"rendered":"<p>La Organizaci\u00f3n Estudiantil de Futbol Americano de Baja California (OEFA) llev\u00f3 a cabo su XXX Congreso Anual, donde hubo algunas modificaciones importantes&#8230;<\/p>\n","protected":false},"author":24,"featured_media":109229,"comment_status":"open","ping_status":"closed","sticky":false,"template":"","format":"standard","meta":{"footnotes":""},"categories":[134,312,131,318,105,313],"tags":[297,233,933,1690,1019,1922,2162,835],"class_list":["post-109225","post","type-post","status-publish","format-standard","has-post-thumbnail","hentry","category-campus-tijuana","category-deportes","category-eventos","category-preparatoria","category-vida-estudiantil","category-vocetys-2","tag-campus-tijuana","tag-deportes","tag-futbol-americano","tag-jv","tag-oefa","tag-tazon-baja-juvenil","tag-tazon-baja-xxx","tag-varsity"],"yoast_head":"<!-- This site is optimized with the Yoast SEO plugin v27.4 - https:\/\/yoast.com\/product\/yoast-seo-wordpress\/ -->\n<title>Categor\u00edas de Zorros Tijuana jugar\u00e1n por separado en OEFA - CETYS<\/title>\n<meta name=\"description\" content=\"Articulo sobre Categor\u00edas de Zorros Tijuana jugar\u00e1n por separado en OEFA\" \/>\n<meta name=\"robots\" content=\"index, follow, max-snippet:-1, max-image-preview:large, max-video-preview:-1\" \/>\n<link rel=\"canonical\" href=\"https:\/\/www.cetys.mx\/noticias\/categorias-zorros-tijuana-jugaran-separado-en-oefa\/\" \/>\n<meta property=\"og:locale\" content=\"es_MX\" \/>\n<meta property=\"og:type\" content=\"article\" \/>\n<meta property=\"og:title\" content=\"Categor\u00edas de Zorros Tijuana jugar\u00e1n por separado en OEFA - CETYS\" \/>\n<meta property=\"og:description\" content=\"Articulo sobre Categor\u00edas de Zorros Tijuana jugar\u00e1n por separado en OEFA\" \/>\n<meta property=\"og:url\" content=\"https:\/\/www.cetys.mx\/noticias\/categorias-zorros-tijuana-jugaran-separado-en-oefa\/\" \/>\n<meta property=\"og:site_name\" content=\"CETYS\" \/>\n<meta property=\"article:publisher\" content=\"https:\/\/www.facebook.com\/cetysuniversidadmxl\/\" \/>\n<meta property=\"article:published_time\" content=\"2018-02-12T22:05:25+00:00\" \/>\n<meta property=\"og:image\" content=\"https:\/\/www.cetys.mx\/noticias\/wp-content\/uploads\/2018\/02\/guilas-vs.-Zorros-TJ-Juvenil-22-Sep-17-AW-e1518472962505.jpg\" \/>\n\t<meta property=\"og:image:width\" content=\"956\" \/>\n\t<meta property=\"og:image:height\" content=\"637\" \/>\n\t<meta property=\"og:image:type\" content=\"image\/jpeg\" \/>\n<meta name=\"author\" content=\"Campus Tijuana\" \/>\n<meta name=\"twitter:card\" content=\"summary_large_image\" \/>\n<meta name=\"twitter:creator\" content=\"@cetysuni\" \/>\n<meta name=\"twitter:site\" content=\"@cetysuni\" \/>\n<meta name=\"twitter:label1\" content=\"Escrito por\" \/>\n\t<meta name=\"twitter:data1\" content=\"Campus Tijuana\" \/>\n\t<meta name=\"twitter:label2\" content=\"Tiempo de lectura\" \/>\n\t<meta name=\"twitter:data2\" content=\"2 minutos\" \/>\n<script type=\"application\/ld+json\" class=\"yoast-schema-graph\">{\"@context\":\"https:\\\/\\\/schema.org\",\"@graph\":[{\"@type\":\"Article\",\"@id\":\"https:\\\/\\\/www.cetys.mx\\\/noticias\\\/categorias-zorros-tijuana-jugaran-separado-en-oefa\\\/#article\",\"isPartOf\":{\"@id\":\"https:\\\/\\\/www.cetys.mx\\\/noticias\\\/categorias-zorros-tijuana-jugaran-separado-en-oefa\\\/\"},\"author\":{\"name\":\"Campus Tijuana\",\"@id\":\"https:\\\/\\\/www.cetys.mx\\\/noticias\\\/#\\\/schema\\\/person\\\/e790051ce60e18ae47cfa87011c8653f\"},\"headline\":\"Categor\u00edas de Zorros Tijuana jugar\u00e1n por separado en OEFA\",\"datePublished\":\"2018-02-12T22:05:25+00:00\",\"mainEntityOfPage\":{\"@id\":\"https:\\\/\\\/www.cetys.mx\\\/noticias\\\/categorias-zorros-tijuana-jugaran-separado-en-oefa\\\/\"},\"wordCount\":321,\"commentCount\":0,\"image\":{\"@id\":\"https:\\\/\\\/www.cetys.mx\\\/noticias\\\/categorias-zorros-tijuana-jugaran-separado-en-oefa\\\/#primaryimage\"},\"thumbnailUrl\":\"https:\\\/\\\/www.cetys.mx\\\/noticias\\\/wp-content\\\/uploads\\\/2018\\\/02\\\/guilas-vs.-Zorros-TJ-Juvenil-22-Sep-17-AW-e1518472962505.jpg\",\"keywords\":[\"Campus Tijuana\",\"Deportes\",\"Futbol Americano\",\"JV\",\"OEFA\",\"Taz\u00f3n Baja Juvenil\",\"Taz\u00f3n Baja XXX\",\"Varsity\"],\"articleSection\":[\"Campus Tijuana\",\"Deportes\",\"Eventos\",\"Preparatoria\",\"Vida Estudiantil\",\"VoCETYS\"],\"inLanguage\":\"es\",\"potentialAction\":[{\"@type\":\"CommentAction\",\"name\":\"Comment\",\"target\":[\"https:\\\/\\\/www.cetys.mx\\\/noticias\\\/categorias-zorros-tijuana-jugaran-separado-en-oefa\\\/#respond\"]}]},{\"@type\":\"WebPage\",\"@id\":\"https:\\\/\\\/www.cetys.mx\\\/noticias\\\/categorias-zorros-tijuana-jugaran-separado-en-oefa\\\/\",\"url\":\"https:\\\/\\\/www.cetys.mx\\\/noticias\\\/categorias-zorros-tijuana-jugaran-separado-en-oefa\\\/\",\"name\":\"Categor\u00edas de Zorros Tijuana jugar\u00e1n por separado en OEFA - CETYS\",\"isPartOf\":{\"@id\":\"https:\\\/\\\/www.cetys.mx\\\/noticias\\\/#website\"},\"primaryImageOfPage\":{\"@id\":\"https:\\\/\\\/www.cetys.mx\\\/noticias\\\/categorias-zorros-tijuana-jugaran-separado-en-oefa\\\/#primaryimage\"},\"image\":{\"@id\":\"https:\\\/\\\/www.cetys.mx\\\/noticias\\\/categorias-zorros-tijuana-jugaran-separado-en-oefa\\\/#primaryimage\"},\"thumbnailUrl\":\"https:\\\/\\\/www.cetys.mx\\\/noticias\\\/wp-content\\\/uploads\\\/2018\\\/02\\\/guilas-vs.-Zorros-TJ-Juvenil-22-Sep-17-AW-e1518472962505.jpg\",\"datePublished\":\"2018-02-12T22:05:25+00:00\",\"author\":{\"@id\":\"https:\\\/\\\/www.cetys.mx\\\/noticias\\\/#\\\/schema\\\/person\\\/e790051ce60e18ae47cfa87011c8653f\"},\"description\":\"Articulo sobre Categor\u00edas de Zorros Tijuana jugar\u00e1n por separado en OEFA\",\"breadcrumb\":{\"@id\":\"https:\\\/\\\/www.cetys.mx\\\/noticias\\\/categorias-zorros-tijuana-jugaran-separado-en-oefa\\\/#breadcrumb\"},\"inLanguage\":\"es\",\"potentialAction\":[{\"@type\":\"ReadAction\",\"target\":[\"https:\\\/\\\/www.cetys.mx\\\/noticias\\\/categorias-zorros-tijuana-jugaran-separado-en-oefa\\\/\"]}]},{\"@type\":\"ImageObject\",\"inLanguage\":\"es\",\"@id\":\"https:\\\/\\\/www.cetys.mx\\\/noticias\\\/categorias-zorros-tijuana-jugaran-separado-en-oefa\\\/#primaryimage\",\"url\":\"https:\\\/\\\/www.cetys.mx\\\/noticias\\\/wp-content\\\/uploads\\\/2018\\\/02\\\/guilas-vs.-Zorros-TJ-Juvenil-22-Sep-17-AW-e1518472962505.jpg\",\"contentUrl\":\"https:\\\/\\\/www.cetys.mx\\\/noticias\\\/wp-content\\\/uploads\\\/2018\\\/02\\\/guilas-vs.-Zorros-TJ-Juvenil-22-Sep-17-AW-e1518472962505.jpg\",\"width\":956,\"height\":637,\"caption\":\"CETYS Tijuana - OEFA\"},{\"@type\":\"BreadcrumbList\",\"@id\":\"https:\\\/\\\/www.cetys.mx\\\/noticias\\\/categorias-zorros-tijuana-jugaran-separado-en-oefa\\\/#breadcrumb\",\"itemListElement\":[{\"@type\":\"ListItem\",\"position\":1,\"name\":\"Inicio\",\"item\":\"https:\\\/\\\/www.cetys.mx\\\/noticias\\\/\"},{\"@type\":\"ListItem\",\"position\":2,\"name\":\"Categor\u00edas de Zorros Tijuana jugar\u00e1n por separado en OEFA\"}]},{\"@type\":\"WebSite\",\"@id\":\"https:\\\/\\\/www.cetys.mx\\\/noticias\\\/#website\",\"url\":\"https:\\\/\\\/www.cetys.mx\\\/noticias\\\/\",\"name\":\"CETYS\",\"description\":\"\",\"potentialAction\":[{\"@type\":\"SearchAction\",\"target\":{\"@type\":\"EntryPoint\",\"urlTemplate\":\"https:\\\/\\\/www.cetys.mx\\\/noticias\\\/?s={search_term_string}\"},\"query-input\":{\"@type\":\"PropertyValueSpecification\",\"valueRequired\":true,\"valueName\":\"search_term_string\"}}],\"inLanguage\":\"es\"},{\"@type\":\"Person\",\"@id\":\"https:\\\/\\\/www.cetys.mx\\\/noticias\\\/#\\\/schema\\\/person\\\/e790051ce60e18ae47cfa87011c8653f\",\"name\":\"Campus Tijuana\",\"url\":\"https:\\\/\\\/www.cetys.mx\\\/noticias\\\/author\\\/campustijuana\\\/\"}]}<\/script>\n<!-- \/ Yoast SEO plugin. -->","yoast_head_json":{"title":"Categor\u00edas de Zorros Tijuana jugar\u00e1n por separado en OEFA - CETYS","description":"Articulo sobre Categor\u00edas de Zorros Tijuana jugar\u00e1n por separado en OEFA","robots":{"index":"index","follow":"follow","max-snippet":"max-snippet:-1","max-image-preview":"max-image-preview:large","max-video-preview":"max-video-preview:-1"},"canonical":"https:\/\/www.cetys.mx\/noticias\/categorias-zorros-tijuana-jugaran-separado-en-oefa\/","og_locale":"es_MX","og_type":"article","og_title":"Categor\u00edas de Zorros Tijuana jugar\u00e1n por separado en OEFA - CETYS","og_description":"Articulo sobre Categor\u00edas de Zorros Tijuana jugar\u00e1n por separado en OEFA","og_url":"https:\/\/www.cetys.mx\/noticias\/categorias-zorros-tijuana-jugaran-separado-en-oefa\/","og_site_name":"CETYS","article_publisher":"https:\/\/www.facebook.com\/cetysuniversidadmxl\/","article_published_time":"2018-02-12T22:05:25+00:00","og_image":[{"width":956,"height":637,"url":"https:\/\/www.cetys.mx\/noticias\/wp-content\/uploads\/2018\/02\/guilas-vs.-Zorros-TJ-Juvenil-22-Sep-17-AW-e1518472962505.jpg","type":"image\/jpeg"}],"author":"Campus Tijuana","twitter_card":"summary_large_image","twitter_creator":"@cetysuni","twitter_site":"@cetysuni","twitter_misc":{"Escrito por":"Campus Tijuana","Tiempo de lectura":"2 minutos"},"schema":{"@context":"https:\/\/schema.org","@graph":[{"@type":"Article","@id":"https:\/\/www.cetys.mx\/noticias\/categorias-zorros-tijuana-jugaran-separado-en-oefa\/#article","isPartOf":{"@id":"https:\/\/www.cetys.mx\/noticias\/categorias-zorros-tijuana-jugaran-separado-en-oefa\/"},"author":{"name":"Campus Tijuana","@id":"https:\/\/www.cetys.mx\/noticias\/#\/schema\/person\/e790051ce60e18ae47cfa87011c8653f"},"headline":"Categor\u00edas de Zorros Tijuana jugar\u00e1n por separado en OEFA","datePublished":"2018-02-12T22:05:25+00:00","mainEntityOfPage":{"@id":"https:\/\/www.cetys.mx\/noticias\/categorias-zorros-tijuana-jugaran-separado-en-oefa\/"},"wordCount":321,"commentCount":0,"image":{"@id":"https:\/\/www.cetys.mx\/noticias\/categorias-zorros-tijuana-jugaran-separado-en-oefa\/#primaryimage"},"thumbnailUrl":"https:\/\/www.cetys.mx\/noticias\/wp-content\/uploads\/2018\/02\/guilas-vs.-Zorros-TJ-Juvenil-22-Sep-17-AW-e1518472962505.jpg","keywords":["Campus Tijuana","Deportes","Futbol Americano","JV","OEFA","Taz\u00f3n Baja Juvenil","Taz\u00f3n Baja XXX","Varsity"],"articleSection":["Campus Tijuana","Deportes","Eventos","Preparatoria","Vida Estudiantil","VoCETYS"],"inLanguage":"es","potentialAction":[{"@type":"CommentAction","name":"Comment","target":["https:\/\/www.cetys.mx\/noticias\/categorias-zorros-tijuana-jugaran-separado-en-oefa\/#respond"]}]},{"@type":"WebPage","@id":"https:\/\/www.cetys.mx\/noticias\/categorias-zorros-tijuana-jugaran-separado-en-oefa\/","url":"https:\/\/www.cetys.mx\/noticias\/categorias-zorros-tijuana-jugaran-separado-en-oefa\/","name":"Categor\u00edas de Zorros Tijuana jugar\u00e1n por separado en OEFA - CETYS","isPartOf":{"@id":"https:\/\/www.cetys.mx\/noticias\/#website"},"primaryImageOfPage":{"@id":"https:\/\/www.cetys.mx\/noticias\/categorias-zorros-tijuana-jugaran-separado-en-oefa\/#primaryimage"},"image":{"@id":"https:\/\/www.cetys.mx\/noticias\/categorias-zorros-tijuana-jugaran-separado-en-oefa\/#primaryimage"},"thumbnailUrl":"https:\/\/www.cetys.mx\/noticias\/wp-content\/uploads\/2018\/02\/guilas-vs.-Zorros-TJ-Juvenil-22-Sep-17-AW-e1518472962505.jpg","datePublished":"2018-02-12T22:05:25+00:00","author":{"@id":"https:\/\/www.cetys.mx\/noticias\/#\/schema\/person\/e790051ce60e18ae47cfa87011c8653f"},"description":"Articulo sobre Categor\u00edas de Zorros Tijuana jugar\u00e1n por separado en OEFA","breadcrumb":{"@id":"https:\/\/www.cetys.mx\/noticias\/categorias-zorros-tijuana-jugaran-separado-en-oefa\/#breadcrumb"},"inLanguage":"es","potentialAction":[{"@type":"ReadAction","target":["https:\/\/www.cetys.mx\/noticias\/categorias-zorros-tijuana-jugaran-separado-en-oefa\/"]}]},{"@type":"ImageObject","inLanguage":"es","@id":"https:\/\/www.cetys.mx\/noticias\/categorias-zorros-tijuana-jugaran-separado-en-oefa\/#primaryimage","url":"https:\/\/www.cetys.mx\/noticias\/wp-content\/uploads\/2018\/02\/guilas-vs.-Zorros-TJ-Juvenil-22-Sep-17-AW-e1518472962505.jpg","contentUrl":"https:\/\/www.cetys.mx\/noticias\/wp-content\/uploads\/2018\/02\/guilas-vs.-Zorros-TJ-Juvenil-22-Sep-17-AW-e1518472962505.jpg","width":956,"height":637,"caption":"CETYS Tijuana - OEFA"},{"@type":"BreadcrumbList","@id":"https:\/\/www.cetys.mx\/noticias\/categorias-zorros-tijuana-jugaran-separado-en-oefa\/#breadcrumb","itemListElement":[{"@type":"ListItem","position":1,"name":"Inicio","item":"https:\/\/www.cetys.mx\/noticias\/"},{"@type":"ListItem","position":2,"name":"Categor\u00edas de Zorros Tijuana jugar\u00e1n por separado en OEFA"}]},{"@type":"WebSite","@id":"https:\/\/www.cetys.mx\/noticias\/#website","url":"https:\/\/www.cetys.mx\/noticias\/","name":"CETYS","description":"","potentialAction":[{"@type":"SearchAction","target":{"@type":"EntryPoint","urlTemplate":"https:\/\/www.cetys.mx\/noticias\/?s={search_term_string}"},"query-input":{"@type":"PropertyValueSpecification","valueRequired":true,"valueName":"search_term_string"}}],"inLanguage":"es"},{"@type":"Person","@id":"https:\/\/www.cetys.mx\/noticias\/#\/schema\/person\/e790051ce60e18ae47cfa87011c8653f","name":"Campus Tijuana","url":"https:\/\/www.cetys.mx\/noticias\/author\/campustijuana\/"}]}},"_links":{"self":[{"href":"https:\/\/www.cetys.mx\/noticias\/wp-json\/wp\/v2\/posts\/109225","targetHints":{"allow":["GET"]}}],"collection":[{"href":"https:\/\/www.cetys.mx\/noticias\/wp-json\/wp\/v2\/posts"}],"about":[{"href":"https:\/\/www.cetys.mx\/noticias\/wp-json\/wp\/v2\/types\/post"}],"author":[{"embeddable":true,"href":"https:\/\/www.cetys.mx\/noticias\/wp-json\/wp\/v2\/users\/24"}],"replies":[{"embeddable":true,"href":"https:\/\/www.cetys.mx\/noticias\/wp-json\/wp\/v2\/comments?post=109225"}],"version-history":[{"count":0,"href":"https:\/\/www.cetys.mx\/noticias\/wp-json\/wp\/v2\/posts\/109225\/revisions"}],"wp:featuredmedia":[{"embeddable":true,"href":"https:\/\/www.cetys.mx\/noticias\/wp-json\/wp\/v2\/media\/109229"}],"wp:attachment":[{"href":"https:\/\/www.cetys.mx\/noticias\/wp-json\/wp\/v2\/media?parent=109225"}],"wp:term":[{"taxonomy":"category","embeddable":true,"href":"https:\/\/www.cetys.mx\/noticias\/wp-json\/wp\/v2\/categories?post=109225"},{"taxonomy":"post_tag","embeddable":true,"href":"https:\/\/www.cetys.mx\/noticias\/wp-json\/wp\/v2\/tags?post=109225"}],"curies":[{"name":"wp","href":"https:\/\/api.w.org\/{rel}","templated":true}]}}