{"id":109154,"date":"2018-02-08T11:15:51","date_gmt":"2018-02-08T19:15:51","guid":{"rendered":"http:\/\/www.cetys.mx\/noticias\/?p=109154"},"modified":"2018-02-08T11:19:30","modified_gmt":"2018-02-08T19:19:30","slug":"empresas-familiares-tienen-reto-ante-relevo-generacional","status":"publish","type":"post","link":"https:\/\/www.cetys.mx\/noticias\/empresas-familiares-tienen-reto-ante-relevo-generacional\/","title":{"rendered":"Empresas familiares tienen reto ante relevo generacional"},"content":{"rendered":"<p align=\"justify\">Ser\u00e1 el pr\u00f3ximo <strong>martes 27 de febrero<\/strong> cuando el <strong>Gimnasio \u2013 Auditorio \u201cRodrigo Valle Hern\u00e1ndez\u201d<\/strong>, de <a href=\"https:\/\/www.cetys.mx\/campus-tijuana\/\">CETYS Universidad Campus Tijuana<\/a>, abra sus puertas para recibir a una serie de destacados l\u00edderes empresariales en el marco del <a href=\"https:\/\/www.facebook.com\/events\/169067907047480\/\">Panel \u201cLa empresa familiar ante el relevo generacional\u201d<\/a>, un encuentro que busca fortalecer la uni\u00f3n de la comunidad empresarial y promover la sana transici\u00f3n de las organizaciones dirigidas por familias de la regi\u00f3n.<\/p>\n<div id=\"attachment_109159\" style=\"width: 968px\" class=\"wp-caption aligncenter\"><a href=\"https:\/\/www.cetys.mx\/noticias\/wp-content\/uploads\/2018\/02\/cetys_familia2018-11.jpg\"><img loading=\"lazy\" decoding=\"async\" aria-describedby=\"caption-attachment-109159\" class=\"wp-image-109159 size-full\" src=\"https:\/\/www.cetys.mx\/noticias\/wp-content\/uploads\/2018\/02\/cetys_familia2018-11.jpg\" alt=\"cetys_familia2018--1\" width=\"958\" height=\"637\" \/><\/a><p id=\"caption-attachment-109159\" class=\"wp-caption-text\">Valle Bibb Fundaci\u00f3n A.C., Grupo Tersa, Deloitte, \u00c1lvarez Carmona y Asociados, as\u00ed como CETYS Universidad, se unen para promover el cuidado de la empresa familiar.<\/p><\/div>\n<p align=\"justify\">As\u00ed lo dieron a conocer el <strong>C.P. Rodrigo Valle Hern\u00e1ndez<\/strong>, <em>Fundador y Presidente de Grupo Tersa<\/em>; la <strong>Mtra. Jessica Ibarra Ramonet<\/strong>, <em>Directora Zona Costa de CETYS<\/em>, y el <strong>C.P. Armando \u00c1lvarez Carmona<\/strong>, <em>Socio Fundador de \u00c1lvarez Carmona<\/em> y Asociados, ante medios de comunicaci\u00f3n, con \u00e9nfasis en la urgente necesidad de promover la sucesi\u00f3n no como resultado de un evento, sino como un proceso que debe darse y que es mejor preparar con antelaci\u00f3n.<\/p>\n<p align=\"justify\">El panel tendr\u00e1 como invitados al <strong>Lic. Alejandro G\u00f3mory Mart\u00ednez<\/strong>, <em>Presidente de Galletas Dond\u00e9<\/em>, y a <strong>Hern\u00e1n Cirilo Aguilar<\/strong>, <em>Director General de Galletas Dond\u00e9<\/em>, quienes compartir\u00e1n su experiencia al frente de una<a href=\"https:\/\/www.galletasdonde.com\"> empresa que cuenta ya con 113 a\u00f1os de historia y m\u00e1s de 40 productos en 130 presentaciones<\/a>; acompa\u00f1ados por <strong>Daniel Agui\u00f1aga Gallegos<\/strong>, <em>Socio de Gobierno Corporativo Deloitte<\/em>, y el <strong>C.P. \u00c1lvarez Carmona<\/strong>, <em>Socio Fundador de \u00c1lvarez Carmona y Asociados<\/em>.<\/p>\n<div id=\"attachment_109160\" style=\"width: 968px\" class=\"wp-caption aligncenter\"><a href=\"https:\/\/www.cetys.mx\/noticias\/wp-content\/uploads\/2018\/02\/cetys_familia2018-2.jpg\"><img loading=\"lazy\" decoding=\"async\" aria-describedby=\"caption-attachment-109160\" class=\"wp-image-109160 size-full\" src=\"https:\/\/www.cetys.mx\/noticias\/wp-content\/uploads\/2018\/02\/cetys_familia2018-2.jpg\" alt=\"\" width=\"958\" height=\"637\" \/><\/a><p id=\"caption-attachment-109160\" class=\"wp-caption-text\">De acuerdo con el C.P. Rodrigo Valle Hern\u00e1ndez, los recursos recabados por el evento ser\u00e1n destinados a la infraestructura deportiva del campus.<\/p><\/div>\n<p style=\"text-align: center;\"><strong>\u00bfPor qu\u00e9 se debe planear el futuro de las empresas familiares?<\/strong><\/p>\n<ul>\n<li>Contar con un plan de sucesi\u00f3n reduce los niveles de riesgo para la viabilidad de las empresas familiares.<\/li>\n<li>El 70% de ellas desaparece en la transici\u00f3n de la primera a la segunda generaci\u00f3n.<\/li>\n<li>Los principales errores en las organizaciones de este tipo es buscar la inserci\u00f3n obligada de los hijos en las riendas del negocio.<\/li>\n<li>\u201cLas empresas familiares no deben frustrar los sue\u00f1os de los hijos\u201d, asegura el C.P.\u00a0\u00c1lvarez Carmona.<\/li>\n<\/ul>\n<hr \/>\n<p align=\"justify\"><strong>En resumen&#8230;<\/strong><\/p>\n<ul>\n<li><strong>Evento:<\/strong> Panel \u201cLa empresa familiar ante el relevo generacional\u201d<\/li>\n<li><strong>D\u00eda y hora:<\/strong> Martes 27 de febrero a partir de las 4:00 pm<\/li>\n<li><strong>Lugar:<\/strong> Gimnasio &#8211; Auditorio &#8220;Rodrigo Valle Hern\u00e1ndez&#8221;<\/li>\n<li><strong>Dirigido a:<\/strong>\u00a0Comunidad empresarial, ejecutivos, c\u00f3nyuges e hijos pertenecientes a empresas familiares<\/li>\n<li><strong>M\u00e1s detalles al:<\/strong> 903-1800 Ext. 263 o 265, o bien, al correo\u00a0<a href=\"https:\/\/r20.rs6.net\/tn.jsp?f=00136MbK7qju3A07EjpKNw1Uz6EAxSrPHTH8cwCJ_nQCwKEPvP6vGoZnwVHtK512Pk5gvgvd0wwQnlPkrqyBiidfa1WpnSmNCl2Rk_A28igl_Pm_v2gT8zTppMJ3UpjGK5sfhXBduuav_E6N8KWTvqATHMweBBzess4-BVIxgQN9CM=&amp;c=8ilaGdp8h0Zey_hT48A9Vj3i9ODdGAXwITh95n3gwiKDs6r_pSqzPg==&amp;ch=D73924nQLm2KuCAj8mN1XMxz02-Hy7q7P8H-RBbW8urXTNUf3appcA==\" target=\"_blank\" data-saferedirecturl=\"https:\/\/www.google.com\/url?hl=es&amp;q=https:\/\/r20.rs6.net\/tn.jsp?f%3D00136MbK7qju3A07EjpKNw1Uz6EAxSrPHTH8cwCJ_nQCwKEPvP6vGoZnwVHtK512Pk5gvgvd0wwQnlPkrqyBiidfa1WpnSmNCl2Rk_A28igl_Pm_v2gT8zTppMJ3UpjGK5sfhXBduuav_E6N8KWTvqATHMweBBzess4-BVIxgQN9CM%3D%26c%3D8ilaGdp8h0Zey_hT48A9Vj3i9ODdGAXwITh95n3gwiKDs6r_pSqzPg%3D%3D%26ch%3DD73924nQLm2KuCAj8mN1XMxz02-Hy7q7P8H-RBbW8urXTNUf3appcA%3D%3D&amp;source=gmail&amp;ust=1518201616943000&amp;usg=AFQjCNGAXjwCEt0-lKyOMlaZyL6uQPa6wg\">filantropia.tij@cetys.mx<\/a><\/li>\n<\/ul>\n","protected":false},"excerpt":{"rendered":"<p>Ser\u00e1 el pr\u00f3ximo martes 27 de febrero cuando el Gimnasio \u2013 Auditorio \u201cRodrigo Valle Hern\u00e1ndez\u201d, de CETYS Universidad Campus Tijuana, abra sus&#8230;<\/p>\n","protected":false},"author":24,"featured_media":109157,"comment_status":"open","ping_status":"closed","sticky":false,"template":"","format":"standard","meta":{"footnotes":""},"categories":[322,134,313],"tags":[328,168,2155,226,2154],"class_list":["post-109154","post","type-post","status-publish","format-standard","has-post-thumbnail","hentry","category-avance-institucional","category-campus-tijuana","category-vocetys-2","tag-campustijuana","tag-cetys-universidad","tag-empresas-familiares","tag-tijuana","tag-vocetys-2018-02-09"],"yoast_head":"<!-- This site is optimized with the Yoast SEO plugin v27.4 - https:\/\/yoast.com\/product\/yoast-seo-wordpress\/ -->\n<title>Empresas familiares tienen reto ante relevo generacional - CETYS<\/title>\n<meta name=\"description\" content=\"De acuerdo con \u00faltimas cifras, el 70% de las empresas familiares desaparecen en la transici\u00f3n de la primera a la segunda generaci\u00f3n.\" \/>\n<meta name=\"robots\" content=\"index, follow, max-snippet:-1, max-image-preview:large, max-video-preview:-1\" \/>\n<link rel=\"canonical\" href=\"https:\/\/www.cetys.mx\/noticias\/empresas-familiares-tienen-reto-ante-relevo-generacional\/\" \/>\n<meta property=\"og:locale\" content=\"es_MX\" \/>\n<meta property=\"og:type\" content=\"article\" \/>\n<meta property=\"og:title\" content=\"Empresas familiares tienen reto ante relevo generacional - CETYS\" \/>\n<meta property=\"og:description\" content=\"De acuerdo con \u00faltimas cifras, el 70% de las empresas familiares desaparecen en la transici\u00f3n de la primera a la segunda generaci\u00f3n.\" \/>\n<meta property=\"og:url\" content=\"https:\/\/www.cetys.mx\/noticias\/empresas-familiares-tienen-reto-ante-relevo-generacional\/\" \/>\n<meta property=\"og:site_name\" content=\"CETYS\" \/>\n<meta property=\"article:publisher\" content=\"https:\/\/www.facebook.com\/cetysuniversidadmxl\/\" \/>\n<meta property=\"article:published_time\" content=\"2018-02-08T19:15:51+00:00\" \/>\n<meta property=\"article:modified_time\" content=\"2018-02-08T19:19:30+00:00\" \/>\n<meta property=\"og:image\" content=\"https:\/\/www.cetys.mx\/noticias\/wp-content\/uploads\/2018\/02\/cetys_familia2018-1.jpg\" \/>\n\t<meta property=\"og:image:width\" content=\"958\" \/>\n\t<meta property=\"og:image:height\" content=\"637\" \/>\n\t<meta property=\"og:image:type\" content=\"image\/jpeg\" \/>\n<meta name=\"author\" content=\"Campus Tijuana\" \/>\n<meta name=\"twitter:card\" content=\"summary_large_image\" \/>\n<meta name=\"twitter:creator\" content=\"@cetysuni\" \/>\n<meta name=\"twitter:site\" content=\"@cetysuni\" \/>\n<meta name=\"twitter:label1\" content=\"Escrito por\" \/>\n\t<meta name=\"twitter:data1\" content=\"Campus Tijuana\" \/>\n\t<meta name=\"twitter:label2\" content=\"Tiempo de lectura\" \/>\n\t<meta name=\"twitter:data2\" content=\"2 minutos\" \/>\n<script type=\"application\/ld+json\" class=\"yoast-schema-graph\">{\"@context\":\"https:\\\/\\\/schema.org\",\"@graph\":[{\"@type\":\"Article\",\"@id\":\"https:\\\/\\\/www.cetys.mx\\\/noticias\\\/empresas-familiares-tienen-reto-ante-relevo-generacional\\\/#article\",\"isPartOf\":{\"@id\":\"https:\\\/\\\/www.cetys.mx\\\/noticias\\\/empresas-familiares-tienen-reto-ante-relevo-generacional\\\/\"},\"author\":{\"name\":\"Campus Tijuana\",\"@id\":\"https:\\\/\\\/www.cetys.mx\\\/noticias\\\/#\\\/schema\\\/person\\\/e790051ce60e18ae47cfa87011c8653f\"},\"headline\":\"Empresas familiares tienen reto ante relevo generacional\",\"datePublished\":\"2018-02-08T19:15:51+00:00\",\"dateModified\":\"2018-02-08T19:19:30+00:00\",\"mainEntityOfPage\":{\"@id\":\"https:\\\/\\\/www.cetys.mx\\\/noticias\\\/empresas-familiares-tienen-reto-ante-relevo-generacional\\\/\"},\"wordCount\":448,\"commentCount\":0,\"image\":{\"@id\":\"https:\\\/\\\/www.cetys.mx\\\/noticias\\\/empresas-familiares-tienen-reto-ante-relevo-generacional\\\/#primaryimage\"},\"thumbnailUrl\":\"https:\\\/\\\/www.cetys.mx\\\/noticias\\\/wp-content\\\/uploads\\\/2018\\\/02\\\/cetys_familia2018-1.jpg\",\"keywords\":[\"campustijuana\",\"CETYS Universidad\",\"Empresas familiares\",\"tijuana\",\"vocetys-2018-02-09\"],\"articleSection\":[\"Avance Institucional\",\"Campus Tijuana\",\"VoCETYS\"],\"inLanguage\":\"es\",\"potentialAction\":[{\"@type\":\"CommentAction\",\"name\":\"Comment\",\"target\":[\"https:\\\/\\\/www.cetys.mx\\\/noticias\\\/empresas-familiares-tienen-reto-ante-relevo-generacional\\\/#respond\"]}]},{\"@type\":\"WebPage\",\"@id\":\"https:\\\/\\\/www.cetys.mx\\\/noticias\\\/empresas-familiares-tienen-reto-ante-relevo-generacional\\\/\",\"url\":\"https:\\\/\\\/www.cetys.mx\\\/noticias\\\/empresas-familiares-tienen-reto-ante-relevo-generacional\\\/\",\"name\":\"Empresas familiares tienen reto ante relevo generacional - CETYS\",\"isPartOf\":{\"@id\":\"https:\\\/\\\/www.cetys.mx\\\/noticias\\\/#website\"},\"primaryImageOfPage\":{\"@id\":\"https:\\\/\\\/www.cetys.mx\\\/noticias\\\/empresas-familiares-tienen-reto-ante-relevo-generacional\\\/#primaryimage\"},\"image\":{\"@id\":\"https:\\\/\\\/www.cetys.mx\\\/noticias\\\/empresas-familiares-tienen-reto-ante-relevo-generacional\\\/#primaryimage\"},\"thumbnailUrl\":\"https:\\\/\\\/www.cetys.mx\\\/noticias\\\/wp-content\\\/uploads\\\/2018\\\/02\\\/cetys_familia2018-1.jpg\",\"datePublished\":\"2018-02-08T19:15:51+00:00\",\"dateModified\":\"2018-02-08T19:19:30+00:00\",\"author\":{\"@id\":\"https:\\\/\\\/www.cetys.mx\\\/noticias\\\/#\\\/schema\\\/person\\\/e790051ce60e18ae47cfa87011c8653f\"},\"description\":\"De acuerdo con \u00faltimas cifras, el 70% de las empresas familiares desaparecen en la transici\u00f3n de la primera a la segunda generaci\u00f3n.\",\"breadcrumb\":{\"@id\":\"https:\\\/\\\/www.cetys.mx\\\/noticias\\\/empresas-familiares-tienen-reto-ante-relevo-generacional\\\/#breadcrumb\"},\"inLanguage\":\"es\",\"potentialAction\":[{\"@type\":\"ReadAction\",\"target\":[\"https:\\\/\\\/www.cetys.mx\\\/noticias\\\/empresas-familiares-tienen-reto-ante-relevo-generacional\\\/\"]}]},{\"@type\":\"ImageObject\",\"inLanguage\":\"es\",\"@id\":\"https:\\\/\\\/www.cetys.mx\\\/noticias\\\/empresas-familiares-tienen-reto-ante-relevo-generacional\\\/#primaryimage\",\"url\":\"https:\\\/\\\/www.cetys.mx\\\/noticias\\\/wp-content\\\/uploads\\\/2018\\\/02\\\/cetys_familia2018-1.jpg\",\"contentUrl\":\"https:\\\/\\\/www.cetys.mx\\\/noticias\\\/wp-content\\\/uploads\\\/2018\\\/02\\\/cetys_familia2018-1.jpg\",\"width\":958,\"height\":637},{\"@type\":\"BreadcrumbList\",\"@id\":\"https:\\\/\\\/www.cetys.mx\\\/noticias\\\/empresas-familiares-tienen-reto-ante-relevo-generacional\\\/#breadcrumb\",\"itemListElement\":[{\"@type\":\"ListItem\",\"position\":1,\"name\":\"Inicio\",\"item\":\"https:\\\/\\\/www.cetys.mx\\\/noticias\\\/\"},{\"@type\":\"ListItem\",\"position\":2,\"name\":\"Empresas familiares tienen reto ante relevo generacional\"}]},{\"@type\":\"WebSite\",\"@id\":\"https:\\\/\\\/www.cetys.mx\\\/noticias\\\/#website\",\"url\":\"https:\\\/\\\/www.cetys.mx\\\/noticias\\\/\",\"name\":\"CETYS\",\"description\":\"\",\"potentialAction\":[{\"@type\":\"SearchAction\",\"target\":{\"@type\":\"EntryPoint\",\"urlTemplate\":\"https:\\\/\\\/www.cetys.mx\\\/noticias\\\/?s={search_term_string}\"},\"query-input\":{\"@type\":\"PropertyValueSpecification\",\"valueRequired\":true,\"valueName\":\"search_term_string\"}}],\"inLanguage\":\"es\"},{\"@type\":\"Person\",\"@id\":\"https:\\\/\\\/www.cetys.mx\\\/noticias\\\/#\\\/schema\\\/person\\\/e790051ce60e18ae47cfa87011c8653f\",\"name\":\"Campus Tijuana\",\"url\":\"https:\\\/\\\/www.cetys.mx\\\/noticias\\\/author\\\/campustijuana\\\/\"}]}<\/script>\n<!-- \/ Yoast SEO plugin. -->","yoast_head_json":{"title":"Empresas familiares tienen reto ante relevo generacional - CETYS","description":"De acuerdo con \u00faltimas cifras, el 70% de las empresas familiares desaparecen en la transici\u00f3n de la primera a la segunda generaci\u00f3n.","robots":{"index":"index","follow":"follow","max-snippet":"max-snippet:-1","max-image-preview":"max-image-preview:large","max-video-preview":"max-video-preview:-1"},"canonical":"https:\/\/www.cetys.mx\/noticias\/empresas-familiares-tienen-reto-ante-relevo-generacional\/","og_locale":"es_MX","og_type":"article","og_title":"Empresas familiares tienen reto ante relevo generacional - CETYS","og_description":"De acuerdo con \u00faltimas cifras, el 70% de las empresas familiares desaparecen en la transici\u00f3n de la primera a la segunda generaci\u00f3n.","og_url":"https:\/\/www.cetys.mx\/noticias\/empresas-familiares-tienen-reto-ante-relevo-generacional\/","og_site_name":"CETYS","article_publisher":"https:\/\/www.facebook.com\/cetysuniversidadmxl\/","article_published_time":"2018-02-08T19:15:51+00:00","article_modified_time":"2018-02-08T19:19:30+00:00","og_image":[{"width":958,"height":637,"url":"https:\/\/www.cetys.mx\/noticias\/wp-content\/uploads\/2018\/02\/cetys_familia2018-1.jpg","type":"image\/jpeg"}],"author":"Campus Tijuana","twitter_card":"summary_large_image","twitter_creator":"@cetysuni","twitter_site":"@cetysuni","twitter_misc":{"Escrito por":"Campus Tijuana","Tiempo de lectura":"2 minutos"},"schema":{"@context":"https:\/\/schema.org","@graph":[{"@type":"Article","@id":"https:\/\/www.cetys.mx\/noticias\/empresas-familiares-tienen-reto-ante-relevo-generacional\/#article","isPartOf":{"@id":"https:\/\/www.cetys.mx\/noticias\/empresas-familiares-tienen-reto-ante-relevo-generacional\/"},"author":{"name":"Campus Tijuana","@id":"https:\/\/www.cetys.mx\/noticias\/#\/schema\/person\/e790051ce60e18ae47cfa87011c8653f"},"headline":"Empresas familiares tienen reto ante relevo generacional","datePublished":"2018-02-08T19:15:51+00:00","dateModified":"2018-02-08T19:19:30+00:00","mainEntityOfPage":{"@id":"https:\/\/www.cetys.mx\/noticias\/empresas-familiares-tienen-reto-ante-relevo-generacional\/"},"wordCount":448,"commentCount":0,"image":{"@id":"https:\/\/www.cetys.mx\/noticias\/empresas-familiares-tienen-reto-ante-relevo-generacional\/#primaryimage"},"thumbnailUrl":"https:\/\/www.cetys.mx\/noticias\/wp-content\/uploads\/2018\/02\/cetys_familia2018-1.jpg","keywords":["campustijuana","CETYS Universidad","Empresas familiares","tijuana","vocetys-2018-02-09"],"articleSection":["Avance Institucional","Campus Tijuana","VoCETYS"],"inLanguage":"es","potentialAction":[{"@type":"CommentAction","name":"Comment","target":["https:\/\/www.cetys.mx\/noticias\/empresas-familiares-tienen-reto-ante-relevo-generacional\/#respond"]}]},{"@type":"WebPage","@id":"https:\/\/www.cetys.mx\/noticias\/empresas-familiares-tienen-reto-ante-relevo-generacional\/","url":"https:\/\/www.cetys.mx\/noticias\/empresas-familiares-tienen-reto-ante-relevo-generacional\/","name":"Empresas familiares tienen reto ante relevo generacional - CETYS","isPartOf":{"@id":"https:\/\/www.cetys.mx\/noticias\/#website"},"primaryImageOfPage":{"@id":"https:\/\/www.cetys.mx\/noticias\/empresas-familiares-tienen-reto-ante-relevo-generacional\/#primaryimage"},"image":{"@id":"https:\/\/www.cetys.mx\/noticias\/empresas-familiares-tienen-reto-ante-relevo-generacional\/#primaryimage"},"thumbnailUrl":"https:\/\/www.cetys.mx\/noticias\/wp-content\/uploads\/2018\/02\/cetys_familia2018-1.jpg","datePublished":"2018-02-08T19:15:51+00:00","dateModified":"2018-02-08T19:19:30+00:00","author":{"@id":"https:\/\/www.cetys.mx\/noticias\/#\/schema\/person\/e790051ce60e18ae47cfa87011c8653f"},"description":"De acuerdo con \u00faltimas cifras, el 70% de las empresas familiares desaparecen en la transici\u00f3n de la primera a la segunda generaci\u00f3n.","breadcrumb":{"@id":"https:\/\/www.cetys.mx\/noticias\/empresas-familiares-tienen-reto-ante-relevo-generacional\/#breadcrumb"},"inLanguage":"es","potentialAction":[{"@type":"ReadAction","target":["https:\/\/www.cetys.mx\/noticias\/empresas-familiares-tienen-reto-ante-relevo-generacional\/"]}]},{"@type":"ImageObject","inLanguage":"es","@id":"https:\/\/www.cetys.mx\/noticias\/empresas-familiares-tienen-reto-ante-relevo-generacional\/#primaryimage","url":"https:\/\/www.cetys.mx\/noticias\/wp-content\/uploads\/2018\/02\/cetys_familia2018-1.jpg","contentUrl":"https:\/\/www.cetys.mx\/noticias\/wp-content\/uploads\/2018\/02\/cetys_familia2018-1.jpg","width":958,"height":637},{"@type":"BreadcrumbList","@id":"https:\/\/www.cetys.mx\/noticias\/empresas-familiares-tienen-reto-ante-relevo-generacional\/#breadcrumb","itemListElement":[{"@type":"ListItem","position":1,"name":"Inicio","item":"https:\/\/www.cetys.mx\/noticias\/"},{"@type":"ListItem","position":2,"name":"Empresas familiares tienen reto ante relevo generacional"}]},{"@type":"WebSite","@id":"https:\/\/www.cetys.mx\/noticias\/#website","url":"https:\/\/www.cetys.mx\/noticias\/","name":"CETYS","description":"","potentialAction":[{"@type":"SearchAction","target":{"@type":"EntryPoint","urlTemplate":"https:\/\/www.cetys.mx\/noticias\/?s={search_term_string}"},"query-input":{"@type":"PropertyValueSpecification","valueRequired":true,"valueName":"search_term_string"}}],"inLanguage":"es"},{"@type":"Person","@id":"https:\/\/www.cetys.mx\/noticias\/#\/schema\/person\/e790051ce60e18ae47cfa87011c8653f","name":"Campus Tijuana","url":"https:\/\/www.cetys.mx\/noticias\/author\/campustijuana\/"}]}},"_links":{"self":[{"href":"https:\/\/www.cetys.mx\/noticias\/wp-json\/wp\/v2\/posts\/109154","targetHints":{"allow":["GET"]}}],"collection":[{"href":"https:\/\/www.cetys.mx\/noticias\/wp-json\/wp\/v2\/posts"}],"about":[{"href":"https:\/\/www.cetys.mx\/noticias\/wp-json\/wp\/v2\/types\/post"}],"author":[{"embeddable":true,"href":"https:\/\/www.cetys.mx\/noticias\/wp-json\/wp\/v2\/users\/24"}],"replies":[{"embeddable":true,"href":"https:\/\/www.cetys.mx\/noticias\/wp-json\/wp\/v2\/comments?post=109154"}],"version-history":[{"count":0,"href":"https:\/\/www.cetys.mx\/noticias\/wp-json\/wp\/v2\/posts\/109154\/revisions"}],"wp:featuredmedia":[{"embeddable":true,"href":"https:\/\/www.cetys.mx\/noticias\/wp-json\/wp\/v2\/media\/109157"}],"wp:attachment":[{"href":"https:\/\/www.cetys.mx\/noticias\/wp-json\/wp\/v2\/media?parent=109154"}],"wp:term":[{"taxonomy":"category","embeddable":true,"href":"https:\/\/www.cetys.mx\/noticias\/wp-json\/wp\/v2\/categories?post=109154"},{"taxonomy":"post_tag","embeddable":true,"href":"https:\/\/www.cetys.mx\/noticias\/wp-json\/wp\/v2\/tags?post=109154"}],"curies":[{"name":"wp","href":"https:\/\/api.w.org\/{rel}","templated":true}]}}