{"id":109076,"date":"2018-02-06T13:45:40","date_gmt":"2018-02-06T21:45:40","guid":{"rendered":"http:\/\/www.cetys.mx\/noticias\/?p=109076"},"modified":"2018-02-08T12:00:00","modified_gmt":"2018-02-08T20:00:00","slug":"intercambio-academico-impulsa-nuevas-ideas-la-colaboracion","status":"publish","type":"post","link":"https:\/\/www.cetys.mx\/noticias\/intercambio-academico-impulsa-nuevas-ideas-la-colaboracion\/","title":{"rendered":"Intercambio acad\u00e9mico impulsa nuevas ideas y la colaboraci\u00f3n"},"content":{"rendered":"<p style=\"font-weight: 400; text-align: justify;\">En el marco de un intercambio de profesores realizado mediante el\u00a0Consorcio para la <a href=\"https:\/\/conahec.org\/es\" target=\"_blank\">Colaboraci\u00f3n en la Educaci\u00f3n Superior en Am\u00e9rica del Norte (CONAHEC)<\/a>, la Profesora <strong>Deanne\u00a0Steven<\/strong>\u00a0de <a href=\"https:\/\/selkirk.ca\/\" target=\"_blank\">Selkirk College<\/a>, British Columbia; visit\u00f3 las instalaciones del Campus Mexicali e imparti\u00f3 clases de Licenciatura y Maestr\u00eda, as\u00ed como una sesi\u00f3n con profesores.<\/p>\n<p style=\"font-weight: 400; text-align: justify;\">Durante su estancia, Steven se\u00f1al\u00f3 que es realmente importante para los estudiantes y maestros conocer diferentes perspectivas del mundo y por supuesto saber cu\u00e1l es la percepci\u00f3n que tienen de tu pa\u00eds en otra parte del mundo.<\/p>\n<p style=\"font-weight: 400; text-align: justify;\"><a href=\"https:\/\/www.cetys.mx\/noticias\/wp-content\/uploads\/2018\/02\/conahec1.jpg\"><img loading=\"lazy\" decoding=\"async\" class=\"alignnone size-full wp-image-109079\" src=\"https:\/\/www.cetys.mx\/noticias\/wp-content\/uploads\/2018\/02\/conahec1.jpg\" alt=\"\" width=\"958\" height=\"637\" \/><\/a><\/p>\n<blockquote>\n<p style=\"font-weight: 400; text-align: justify;\">&#8220;Este tipo de intercambios nos ayuda a ver nuevas ideas y construir mejores relaciones entre ambos pa\u00edses. Creo que los mexicanos\u00a0son m\u00e1s emprendedores que los canadienses, puedes ver en las ciudades\u00a0muchos peque\u00f1os negocios y personas buscando nuevas oportunidades; eso es algo que deber\u00edamos de adoptar en Canad\u00e1&#8221;, agreg\u00f3.<\/p>\n<\/blockquote>\n<p style=\"font-weight: 400; text-align: justify;\">El\u00a0<strong>Dr. Francisco V\u00e9lez Torres<\/strong>, Director del Colegio de Administraci\u00f3n y Negocios del Sistema CETYS, coment\u00f3 que el prop\u00f3sito de este programa es crear relaciones colaborativas entre profesores de instituciones pertenecientes a CONAHEC, quienes colaborar\u00e1n en el dise\u00f1o parcial y la ense\u00f1anza de un curso.<\/p>\n<blockquote>\n<p style=\"font-weight: 400; text-align: justify;\">&#8220;Este acercamiento nos brinda la oportunidad de exponer a los estudiantes a profesores internacionales, promover nuestros programas, integrar actividades con estudiantes de universidades de diferentes pa\u00edses, y por supuesto, abrir las puertas a las posibilidades de futuras colaboraciones&#8221;, se\u00f1al\u00f3.<\/p>\n<\/blockquote>\n<p style=\"font-weight: 400; text-align: justify;\"><a href=\"https:\/\/www.cetys.mx\/noticias\/wp-content\/uploads\/2018\/02\/conahec2.jpg\"><img loading=\"lazy\" decoding=\"async\" class=\"alignnone size-full wp-image-109080\" src=\"https:\/\/www.cetys.mx\/noticias\/wp-content\/uploads\/2018\/02\/conahec2.jpg\" alt=\"\" width=\"958\" height=\"637\" \/><\/a><\/p>\n<p style=\"font-weight: 400; text-align: justify;\">Finalmente, la profesora Steven dijo que vivir, aprender y trabajar en pa\u00edses de todo el mundo ha determinado fundamentalmente qui\u00e9n es como persona y como docente.<\/p>\n<p style=\"font-weight: 400; text-align: justify;\"><em><strong>&#8220;El mundo est\u00e1 ahora m\u00e1s interconectado que nunca antes, y mi aprecio por el valor de las diferentes perspectivas, culturas y competencias influye directamente en c\u00f3mo abordo las materias que ense\u00f1o&#8221;, puntualiz\u00f3.<\/strong><\/em><\/p>\n<p style=\"font-weight: 400; text-align: justify;\">Para referencia esta es la convocatoria que explica el programa:<\/p>\n<p style=\"font-weight: 400; text-align: justify;\"><a href=\"https:\/\/conahec.org\/es\/programa-de-intercambio-corto-plazo-de-academicos\" data-saferedirecturl=\"https:\/\/www.google.com\/url?hl=es&amp;q=https:\/\/conahec.org\/es\/programa-de-intercambio-corto-plazo-de-academicos&amp;source=gmail&amp;ust=1518035313884000&amp;usg=AFQjCNGWZzK2oebUKqlG8R2WKs1vyJAG6w\" data-mt-detrack-inspected=\"true\">https:\/\/conahec.org\/es\/programa-de-intercambio-corto-plazo-de-academicos<\/a><\/p>\n","protected":false},"excerpt":{"rendered":"<p>En el marco de un intercambio de profesores realizado mediante el\u00a0Consorcio para la Colaboraci\u00f3n en la Educaci\u00f3n Superior en Am\u00e9rica del Norte&#8230;<\/p>\n","protected":false},"author":20,"featured_media":109081,"comment_status":"open","ping_status":"closed","sticky":false,"template":"","format":"standard","meta":{"footnotes":""},"categories":[133,108,125,313],"tags":[2107,1290,398,385,221,2151],"class_list":["post-109076","post","type-post","status-publish","format-standard","has-post-thumbnail","hentry","category-campus-mexicali","category-internacionales","category-portada","category-vocetys-2","tag-academicos","tag-canada","tag-docentes","tag-intercambio","tag-internacional","tag-vocetys-2018-02-06"],"yoast_head":"<!-- This site is optimized with the Yoast SEO plugin v27.4 - https:\/\/yoast.com\/product\/yoast-seo-wordpress\/ -->\n<title>Intercambio acad\u00e9mico impulsa nuevas ideas y la colaboraci\u00f3n - CETYS<\/title>\n<meta name=\"description\" content=\"Articulo sobre Intercambio acad\u00e9mico impulsa nuevas ideas y la colaboraci\u00f3n\" \/>\n<meta name=\"robots\" content=\"index, follow, max-snippet:-1, max-image-preview:large, max-video-preview:-1\" \/>\n<link rel=\"canonical\" href=\"https:\/\/www.cetys.mx\/noticias\/intercambio-academico-impulsa-nuevas-ideas-la-colaboracion\/\" \/>\n<meta property=\"og:locale\" content=\"es_MX\" \/>\n<meta property=\"og:type\" content=\"article\" \/>\n<meta property=\"og:title\" content=\"Intercambio acad\u00e9mico impulsa nuevas ideas y la colaboraci\u00f3n - CETYS\" \/>\n<meta property=\"og:description\" content=\"Articulo sobre Intercambio acad\u00e9mico impulsa nuevas ideas y la colaboraci\u00f3n\" \/>\n<meta property=\"og:url\" content=\"https:\/\/www.cetys.mx\/noticias\/intercambio-academico-impulsa-nuevas-ideas-la-colaboracion\/\" \/>\n<meta property=\"og:site_name\" content=\"CETYS\" \/>\n<meta property=\"article:publisher\" content=\"https:\/\/www.facebook.com\/cetysuniversidadmxl\/\" \/>\n<meta property=\"article:published_time\" content=\"2018-02-06T21:45:40+00:00\" \/>\n<meta property=\"article:modified_time\" content=\"2018-02-08T20:00:00+00:00\" \/>\n<meta property=\"og:image\" content=\"https:\/\/www.cetys.mx\/noticias\/wp-content\/uploads\/2018\/02\/conahec3.jpg\" \/>\n\t<meta property=\"og:image:width\" content=\"958\" \/>\n\t<meta property=\"og:image:height\" content=\"637\" \/>\n\t<meta property=\"og:image:type\" content=\"image\/jpeg\" \/>\n<meta name=\"author\" content=\"Campus Mexicali\" \/>\n<meta name=\"twitter:card\" content=\"summary_large_image\" \/>\n<meta name=\"twitter:creator\" content=\"@cetysuni\" \/>\n<meta name=\"twitter:site\" content=\"@cetysuni\" \/>\n<meta name=\"twitter:label1\" content=\"Escrito por\" \/>\n\t<meta name=\"twitter:data1\" content=\"Campus Mexicali\" \/>\n\t<meta name=\"twitter:label2\" content=\"Tiempo de lectura\" \/>\n\t<meta name=\"twitter:data2\" content=\"2 minutos\" \/>\n<script type=\"application\/ld+json\" class=\"yoast-schema-graph\">{\"@context\":\"https:\\\/\\\/schema.org\",\"@graph\":[{\"@type\":\"Article\",\"@id\":\"https:\\\/\\\/www.cetys.mx\\\/noticias\\\/intercambio-academico-impulsa-nuevas-ideas-la-colaboracion\\\/#article\",\"isPartOf\":{\"@id\":\"https:\\\/\\\/www.cetys.mx\\\/noticias\\\/intercambio-academico-impulsa-nuevas-ideas-la-colaboracion\\\/\"},\"author\":{\"name\":\"Campus Mexicali\",\"@id\":\"https:\\\/\\\/www.cetys.mx\\\/noticias\\\/#\\\/schema\\\/person\\\/79a95c4ac185f3705cf1b9c9340a5f70\"},\"headline\":\"Intercambio acad\u00e9mico impulsa nuevas ideas y la colaboraci\u00f3n\",\"datePublished\":\"2018-02-06T21:45:40+00:00\",\"dateModified\":\"2018-02-08T20:00:00+00:00\",\"mainEntityOfPage\":{\"@id\":\"https:\\\/\\\/www.cetys.mx\\\/noticias\\\/intercambio-academico-impulsa-nuevas-ideas-la-colaboracion\\\/\"},\"wordCount\":332,\"commentCount\":0,\"image\":{\"@id\":\"https:\\\/\\\/www.cetys.mx\\\/noticias\\\/intercambio-academico-impulsa-nuevas-ideas-la-colaboracion\\\/#primaryimage\"},\"thumbnailUrl\":\"https:\\\/\\\/www.cetys.mx\\\/noticias\\\/wp-content\\\/uploads\\\/2018\\\/02\\\/conahec3.jpg\",\"keywords\":[\"Acad\u00e9micos\",\"Canad\u00e1\",\"Docentes\",\"Intercambio\",\"internacional\",\"vocetys-2018-02-06\"],\"articleSection\":[\"Campus Mexicali\",\"Internacionales\",\"Portada\",\"VoCETYS\"],\"inLanguage\":\"es\",\"potentialAction\":[{\"@type\":\"CommentAction\",\"name\":\"Comment\",\"target\":[\"https:\\\/\\\/www.cetys.mx\\\/noticias\\\/intercambio-academico-impulsa-nuevas-ideas-la-colaboracion\\\/#respond\"]}]},{\"@type\":\"WebPage\",\"@id\":\"https:\\\/\\\/www.cetys.mx\\\/noticias\\\/intercambio-academico-impulsa-nuevas-ideas-la-colaboracion\\\/\",\"url\":\"https:\\\/\\\/www.cetys.mx\\\/noticias\\\/intercambio-academico-impulsa-nuevas-ideas-la-colaboracion\\\/\",\"name\":\"Intercambio acad\u00e9mico impulsa nuevas ideas y la colaboraci\u00f3n - CETYS\",\"isPartOf\":{\"@id\":\"https:\\\/\\\/www.cetys.mx\\\/noticias\\\/#website\"},\"primaryImageOfPage\":{\"@id\":\"https:\\\/\\\/www.cetys.mx\\\/noticias\\\/intercambio-academico-impulsa-nuevas-ideas-la-colaboracion\\\/#primaryimage\"},\"image\":{\"@id\":\"https:\\\/\\\/www.cetys.mx\\\/noticias\\\/intercambio-academico-impulsa-nuevas-ideas-la-colaboracion\\\/#primaryimage\"},\"thumbnailUrl\":\"https:\\\/\\\/www.cetys.mx\\\/noticias\\\/wp-content\\\/uploads\\\/2018\\\/02\\\/conahec3.jpg\",\"datePublished\":\"2018-02-06T21:45:40+00:00\",\"dateModified\":\"2018-02-08T20:00:00+00:00\",\"author\":{\"@id\":\"https:\\\/\\\/www.cetys.mx\\\/noticias\\\/#\\\/schema\\\/person\\\/79a95c4ac185f3705cf1b9c9340a5f70\"},\"description\":\"Articulo sobre Intercambio acad\u00e9mico impulsa nuevas ideas y la colaboraci\u00f3n\",\"breadcrumb\":{\"@id\":\"https:\\\/\\\/www.cetys.mx\\\/noticias\\\/intercambio-academico-impulsa-nuevas-ideas-la-colaboracion\\\/#breadcrumb\"},\"inLanguage\":\"es\",\"potentialAction\":[{\"@type\":\"ReadAction\",\"target\":[\"https:\\\/\\\/www.cetys.mx\\\/noticias\\\/intercambio-academico-impulsa-nuevas-ideas-la-colaboracion\\\/\"]}]},{\"@type\":\"ImageObject\",\"inLanguage\":\"es\",\"@id\":\"https:\\\/\\\/www.cetys.mx\\\/noticias\\\/intercambio-academico-impulsa-nuevas-ideas-la-colaboracion\\\/#primaryimage\",\"url\":\"https:\\\/\\\/www.cetys.mx\\\/noticias\\\/wp-content\\\/uploads\\\/2018\\\/02\\\/conahec3.jpg\",\"contentUrl\":\"https:\\\/\\\/www.cetys.mx\\\/noticias\\\/wp-content\\\/uploads\\\/2018\\\/02\\\/conahec3.jpg\",\"width\":958,\"height\":637},{\"@type\":\"BreadcrumbList\",\"@id\":\"https:\\\/\\\/www.cetys.mx\\\/noticias\\\/intercambio-academico-impulsa-nuevas-ideas-la-colaboracion\\\/#breadcrumb\",\"itemListElement\":[{\"@type\":\"ListItem\",\"position\":1,\"name\":\"Inicio\",\"item\":\"https:\\\/\\\/www.cetys.mx\\\/noticias\\\/\"},{\"@type\":\"ListItem\",\"position\":2,\"name\":\"Intercambio acad\u00e9mico impulsa nuevas ideas y la colaboraci\u00f3n\"}]},{\"@type\":\"WebSite\",\"@id\":\"https:\\\/\\\/www.cetys.mx\\\/noticias\\\/#website\",\"url\":\"https:\\\/\\\/www.cetys.mx\\\/noticias\\\/\",\"name\":\"CETYS\",\"description\":\"\",\"potentialAction\":[{\"@type\":\"SearchAction\",\"target\":{\"@type\":\"EntryPoint\",\"urlTemplate\":\"https:\\\/\\\/www.cetys.mx\\\/noticias\\\/?s={search_term_string}\"},\"query-input\":{\"@type\":\"PropertyValueSpecification\",\"valueRequired\":true,\"valueName\":\"search_term_string\"}}],\"inLanguage\":\"es\"},{\"@type\":\"Person\",\"@id\":\"https:\\\/\\\/www.cetys.mx\\\/noticias\\\/#\\\/schema\\\/person\\\/79a95c4ac185f3705cf1b9c9340a5f70\",\"name\":\"Campus Mexicali\",\"url\":\"https:\\\/\\\/www.cetys.mx\\\/noticias\\\/author\\\/campusmexicali\\\/\"}]}<\/script>\n<!-- \/ Yoast SEO plugin. -->","yoast_head_json":{"title":"Intercambio acad\u00e9mico impulsa nuevas ideas y la colaboraci\u00f3n - CETYS","description":"Articulo sobre Intercambio acad\u00e9mico impulsa nuevas ideas y la colaboraci\u00f3n","robots":{"index":"index","follow":"follow","max-snippet":"max-snippet:-1","max-image-preview":"max-image-preview:large","max-video-preview":"max-video-preview:-1"},"canonical":"https:\/\/www.cetys.mx\/noticias\/intercambio-academico-impulsa-nuevas-ideas-la-colaboracion\/","og_locale":"es_MX","og_type":"article","og_title":"Intercambio acad\u00e9mico impulsa nuevas ideas y la colaboraci\u00f3n - CETYS","og_description":"Articulo sobre Intercambio acad\u00e9mico impulsa nuevas ideas y la colaboraci\u00f3n","og_url":"https:\/\/www.cetys.mx\/noticias\/intercambio-academico-impulsa-nuevas-ideas-la-colaboracion\/","og_site_name":"CETYS","article_publisher":"https:\/\/www.facebook.com\/cetysuniversidadmxl\/","article_published_time":"2018-02-06T21:45:40+00:00","article_modified_time":"2018-02-08T20:00:00+00:00","og_image":[{"width":958,"height":637,"url":"https:\/\/www.cetys.mx\/noticias\/wp-content\/uploads\/2018\/02\/conahec3.jpg","type":"image\/jpeg"}],"author":"Campus Mexicali","twitter_card":"summary_large_image","twitter_creator":"@cetysuni","twitter_site":"@cetysuni","twitter_misc":{"Escrito por":"Campus Mexicali","Tiempo de lectura":"2 minutos"},"schema":{"@context":"https:\/\/schema.org","@graph":[{"@type":"Article","@id":"https:\/\/www.cetys.mx\/noticias\/intercambio-academico-impulsa-nuevas-ideas-la-colaboracion\/#article","isPartOf":{"@id":"https:\/\/www.cetys.mx\/noticias\/intercambio-academico-impulsa-nuevas-ideas-la-colaboracion\/"},"author":{"name":"Campus Mexicali","@id":"https:\/\/www.cetys.mx\/noticias\/#\/schema\/person\/79a95c4ac185f3705cf1b9c9340a5f70"},"headline":"Intercambio acad\u00e9mico impulsa nuevas ideas y la colaboraci\u00f3n","datePublished":"2018-02-06T21:45:40+00:00","dateModified":"2018-02-08T20:00:00+00:00","mainEntityOfPage":{"@id":"https:\/\/www.cetys.mx\/noticias\/intercambio-academico-impulsa-nuevas-ideas-la-colaboracion\/"},"wordCount":332,"commentCount":0,"image":{"@id":"https:\/\/www.cetys.mx\/noticias\/intercambio-academico-impulsa-nuevas-ideas-la-colaboracion\/#primaryimage"},"thumbnailUrl":"https:\/\/www.cetys.mx\/noticias\/wp-content\/uploads\/2018\/02\/conahec3.jpg","keywords":["Acad\u00e9micos","Canad\u00e1","Docentes","Intercambio","internacional","vocetys-2018-02-06"],"articleSection":["Campus Mexicali","Internacionales","Portada","VoCETYS"],"inLanguage":"es","potentialAction":[{"@type":"CommentAction","name":"Comment","target":["https:\/\/www.cetys.mx\/noticias\/intercambio-academico-impulsa-nuevas-ideas-la-colaboracion\/#respond"]}]},{"@type":"WebPage","@id":"https:\/\/www.cetys.mx\/noticias\/intercambio-academico-impulsa-nuevas-ideas-la-colaboracion\/","url":"https:\/\/www.cetys.mx\/noticias\/intercambio-academico-impulsa-nuevas-ideas-la-colaboracion\/","name":"Intercambio acad\u00e9mico impulsa nuevas ideas y la colaboraci\u00f3n - CETYS","isPartOf":{"@id":"https:\/\/www.cetys.mx\/noticias\/#website"},"primaryImageOfPage":{"@id":"https:\/\/www.cetys.mx\/noticias\/intercambio-academico-impulsa-nuevas-ideas-la-colaboracion\/#primaryimage"},"image":{"@id":"https:\/\/www.cetys.mx\/noticias\/intercambio-academico-impulsa-nuevas-ideas-la-colaboracion\/#primaryimage"},"thumbnailUrl":"https:\/\/www.cetys.mx\/noticias\/wp-content\/uploads\/2018\/02\/conahec3.jpg","datePublished":"2018-02-06T21:45:40+00:00","dateModified":"2018-02-08T20:00:00+00:00","author":{"@id":"https:\/\/www.cetys.mx\/noticias\/#\/schema\/person\/79a95c4ac185f3705cf1b9c9340a5f70"},"description":"Articulo sobre Intercambio acad\u00e9mico impulsa nuevas ideas y la colaboraci\u00f3n","breadcrumb":{"@id":"https:\/\/www.cetys.mx\/noticias\/intercambio-academico-impulsa-nuevas-ideas-la-colaboracion\/#breadcrumb"},"inLanguage":"es","potentialAction":[{"@type":"ReadAction","target":["https:\/\/www.cetys.mx\/noticias\/intercambio-academico-impulsa-nuevas-ideas-la-colaboracion\/"]}]},{"@type":"ImageObject","inLanguage":"es","@id":"https:\/\/www.cetys.mx\/noticias\/intercambio-academico-impulsa-nuevas-ideas-la-colaboracion\/#primaryimage","url":"https:\/\/www.cetys.mx\/noticias\/wp-content\/uploads\/2018\/02\/conahec3.jpg","contentUrl":"https:\/\/www.cetys.mx\/noticias\/wp-content\/uploads\/2018\/02\/conahec3.jpg","width":958,"height":637},{"@type":"BreadcrumbList","@id":"https:\/\/www.cetys.mx\/noticias\/intercambio-academico-impulsa-nuevas-ideas-la-colaboracion\/#breadcrumb","itemListElement":[{"@type":"ListItem","position":1,"name":"Inicio","item":"https:\/\/www.cetys.mx\/noticias\/"},{"@type":"ListItem","position":2,"name":"Intercambio acad\u00e9mico impulsa nuevas ideas y la colaboraci\u00f3n"}]},{"@type":"WebSite","@id":"https:\/\/www.cetys.mx\/noticias\/#website","url":"https:\/\/www.cetys.mx\/noticias\/","name":"CETYS","description":"","potentialAction":[{"@type":"SearchAction","target":{"@type":"EntryPoint","urlTemplate":"https:\/\/www.cetys.mx\/noticias\/?s={search_term_string}"},"query-input":{"@type":"PropertyValueSpecification","valueRequired":true,"valueName":"search_term_string"}}],"inLanguage":"es"},{"@type":"Person","@id":"https:\/\/www.cetys.mx\/noticias\/#\/schema\/person\/79a95c4ac185f3705cf1b9c9340a5f70","name":"Campus Mexicali","url":"https:\/\/www.cetys.mx\/noticias\/author\/campusmexicali\/"}]}},"_links":{"self":[{"href":"https:\/\/www.cetys.mx\/noticias\/wp-json\/wp\/v2\/posts\/109076","targetHints":{"allow":["GET"]}}],"collection":[{"href":"https:\/\/www.cetys.mx\/noticias\/wp-json\/wp\/v2\/posts"}],"about":[{"href":"https:\/\/www.cetys.mx\/noticias\/wp-json\/wp\/v2\/types\/post"}],"author":[{"embeddable":true,"href":"https:\/\/www.cetys.mx\/noticias\/wp-json\/wp\/v2\/users\/20"}],"replies":[{"embeddable":true,"href":"https:\/\/www.cetys.mx\/noticias\/wp-json\/wp\/v2\/comments?post=109076"}],"version-history":[{"count":0,"href":"https:\/\/www.cetys.mx\/noticias\/wp-json\/wp\/v2\/posts\/109076\/revisions"}],"wp:featuredmedia":[{"embeddable":true,"href":"https:\/\/www.cetys.mx\/noticias\/wp-json\/wp\/v2\/media\/109081"}],"wp:attachment":[{"href":"https:\/\/www.cetys.mx\/noticias\/wp-json\/wp\/v2\/media?parent=109076"}],"wp:term":[{"taxonomy":"category","embeddable":true,"href":"https:\/\/www.cetys.mx\/noticias\/wp-json\/wp\/v2\/categories?post=109076"},{"taxonomy":"post_tag","embeddable":true,"href":"https:\/\/www.cetys.mx\/noticias\/wp-json\/wp\/v2\/tags?post=109076"}],"curies":[{"name":"wp","href":"https:\/\/api.w.org\/{rel}","templated":true}]}}