{"id":887,"date":"2021-10-05T01:04:10","date_gmt":"2021-10-05T01:04:10","guid":{"rendered":"https:\/\/www.cetys.mx\/news\/?p=887"},"modified":"2021-10-06T19:35:06","modified_gmt":"2021-10-06T19:35:06","slug":"60-years-of-transcendent-leadership-and-passion-cetys-university-anniversary","status":"publish","type":"post","link":"https:\/\/www.cetys.mx\/news\/60-years-of-transcendent-leadership-and-passion-cetys-university-anniversary\/","title":{"rendered":"60 years of Transcendent Leadership and Passion: CETYS University Anniversary"},"content":{"rendered":"<p style=\"text-align: left;\">With a Passion that Inspires and the Leadership that Transcends, CETYS University celebrates its 60th Anniversary of dedication to the youth of Mexico and the Cali Baja region through quality education. The celebrations were held from September 17 to 23 and included international keynote speakers, environmental activists, the unveiling of infrastructure, and cultural events, all in a hybrid modality.<\/p>\n<p style=\"text-align: left;\">Campus Mexicali began its celebration activities on Friday, September 17, with the reopening of the Jes\u00fas Rodr\u00edguez Montes Auditorium, a renovated venue initially built-in 1974 that has been a fundamental part of the education of thousands of graduates.<\/p>\n<p><iframe loading=\"lazy\" title=\"Ceremonia de Reinauguraci\u00f3n de Auditorio\" width=\"500\" height=\"281\" src=\"https:\/\/www.youtube.com\/embed\/o-Xa4V-O2TE?feature=oembed\" frameborder=\"0\" allow=\"accelerometer; autoplay; clipboard-write; encrypted-media; gyroscope; picture-in-picture; web-share\" referrerpolicy=\"strict-origin-when-cross-origin\" allowfullscreen><\/iframe><\/p>\n<p style=\"text-align: left;\">The celebrations continued on Monday, September 20, with the official Anniversary Ceremony, presided by Dr. Fernando Le\u00f3n-Garc\u00eda, President of CETYS University; Gustavo Vild\u00f3sola-Ramos, Board Chair of the Instituto Educativo del Noroeste A.C. (IENAC), Professor Gerardo Sol\u00eds-Benavides, Secretary of Education of Baja California, representing\u00a0 Baja California Governor, Jaime Bonilla-Vald\u00e9s; the Mayor of Mexicali, Guadalupe Mora-Qui\u00f1\u00f3nez; Francisco N\u00fa\u00f1ez-Tapia, representing the Academic Advisory Council of CETYS; as well as Izabella Santaella-Angulo, representing CETYS students.<\/p>\n<p>&nbsp;<\/p>\n<p><iframe loading=\"lazy\" title=\"Streaming en vivo | Ceremonia Conmemorativa del 60 Aniversario\" width=\"500\" height=\"281\" src=\"https:\/\/www.youtube.com\/embed\/r_QgunrxNrY?feature=oembed\" frameborder=\"0\" allow=\"accelerometer; autoplay; clipboard-write; encrypted-media; gyroscope; picture-in-picture; web-share\" referrerpolicy=\"strict-origin-when-cross-origin\" allowfullscreen><\/iframe><\/p>\n<p style=\"text-align: left;\">In his inaugural message, Dr. Fernando Le\u00f3n-Garc\u00eda highlighted:<\/p>\n<blockquote>\n<p style=\"text-align: left;\">\u201cOver time, CETYS presidents have given continuity to significant actions and strategies that have favored the institution. We are moving to a stage of renewal and transformation, where education is facing universities without students, exchanges without mobility, and the need to include relevant actors in higher education. We move forward through this stage being more assertive, understanding that present difficulties will not necessarily be solved with backward thinking.\u201d<\/p>\n<\/blockquote>\n<p style=\"text-align: left;\">In addition, Gustavo Vild\u00f3sola-Ramos, commented:<\/p>\n<blockquote>\n<p style=\"text-align: left;\">\u201c60 years represent a lifetime of challenges, of goals, of stories. The achievements are innumerable, having more than 45 thousand graduates with a presence in 26 countries, achieving unquestionable national recognition, and having a growing global presence. Becoming a stronghold of the Baja California community that is positioned as a leader in education, being an institution that contributes to making this cross-border region uniquely competitive and attractive for investment.\u201d<\/p>\n<\/blockquote>\n<p style=\"text-align: left;\">Following the opening ceremony, Mariano Jabonero, Secretary of the Organization of Ibero-American States for Education, Science and Culture, presented the lecture \u00abEducation After the Pandemic: Inertia or Transformation\u00bb and highlighted that, despite the invaluable losses derived from the pandemic, considered like the fifth wave of globalization of Ibero-American education, research and innovation have triumphed over adversity, demonstrating that they constitute, together, the higher bet to overcome the crisis.<\/p>\n<p>&nbsp;<\/p>\n<p><iframe loading=\"lazy\" title=\"Conferencia magna en el marco del 60 Aniversario: Mariano Jabonero, Secretario general de la Orga...\" width=\"500\" height=\"281\" src=\"https:\/\/www.youtube.com\/embed\/YFa_L-I8nHY?feature=oembed\" frameborder=\"0\" allow=\"accelerometer; autoplay; clipboard-write; encrypted-media; gyroscope; picture-in-picture; web-share\" referrerpolicy=\"strict-origin-when-cross-origin\" allowfullscreen><\/iframe><\/p>\n<p style=\"text-align: left;\">Likewise, CETYS President signed a Collaboration Agreement with the Organization of Ibero-American States for Education, Science, and Culture (OEI). One of the first activities to be promoted is the possible establishment of the OEI Chair at CETYS University. And later, to promote student and faculty mobility, alliances with Latin American countries, research, as well as promote the PIMSA-CETYS Distinguished Chair Program to bring talent from institutions belonging to OEI.<\/p>\n<p>&nbsp;<\/p>\n<p><iframe loading=\"lazy\" title=\"Streaming en vivo | Reconocimiento a Colaboradores\" width=\"500\" height=\"281\" src=\"https:\/\/www.youtube.com\/embed\/MYgDFS5plaI?feature=oembed\" frameborder=\"0\" allow=\"accelerometer; autoplay; clipboard-write; encrypted-media; gyroscope; picture-in-picture; web-share\" referrerpolicy=\"strict-origin-when-cross-origin\" allowfullscreen><\/iframe><\/p>\n<p style=\"text-align: left;\">In a subsequent event, employees who have been part of the CETYS Family through 5, 10, 15, 20, 25, and 35 years of uninterrupted service were recognized, highlighting their dedication and commitment throughout the health contingency imposed by COVID 19.<\/p>\n<p><img loading=\"lazy\" decoding=\"async\" class=\" wp-image-893 aligncenter\" src=\"https:\/\/www.cetys.mx\/news\/wp-content\/uploads\/2021\/10\/DSC_1436-768x511.jpg\" alt=\"\" width=\"597\" height=\"397\" \/><\/p>\n<p style=\"text-align: left;\">The REDES International Conversatiey of Student Leadership panel began on September 21, with an inaugural conference by Anuna De Wever, an environmental activist, who invited all young people to participate through activism in various causes. De Wever encouraged CETYS students to fight for Human Rights, take conscience and care of the environment, and use virtuality to create international collaboration networks.<\/p>\n<p><iframe loading=\"lazy\" title=\"Conversatorio Internacional de Liderazgo Estudiantil &quot;REDES&quot; con Anuna De Wever\" width=\"500\" height=\"281\" src=\"https:\/\/www.youtube.com\/embed\/kq8KgrE5ARA?feature=oembed\" frameborder=\"0\" allow=\"accelerometer; autoplay; clipboard-write; encrypted-media; gyroscope; picture-in-picture; web-share\" referrerpolicy=\"strict-origin-when-cross-origin\" allowfullscreen><\/iframe><\/p>\n<p style=\"text-align: left;\">During the international panel: \u00abAvenues to create relevant universities in the post-pandemic\u00bb offered in hybrid mode by CETYS University, within the framework of its 60th Anniversary, Dr. Fernando Galv\u00e1n-Reula, President Emeritus of the University of Alcal\u00e1, Spain; Dr. Shawn Chen, Chairman of SIAS University in China; and Dr. Fernando Le\u00f3n-Garc\u00eda, President of CETYS, discussed the challenges they faced in their different contexts and the dynamics that are important to consider in the pandemic and post-pandemic world of Higher Education Institutions.<\/p>\n<p>&nbsp;<\/p>\n<p><iframe loading=\"lazy\" title=\"Panel Internacional: Rutas para conformar universidades relevantes en la postpandemia\" width=\"500\" height=\"281\" src=\"https:\/\/www.youtube.com\/embed\/D2r-5MxtYDU?feature=oembed\" frameborder=\"0\" allow=\"accelerometer; autoplay; clipboard-write; encrypted-media; gyroscope; picture-in-picture; web-share\" referrerpolicy=\"strict-origin-when-cross-origin\" allowfullscreen><\/iframe><\/p>\n<p style=\"text-align: left;\">At the Tijuana Campus, the \u00abMultilevel Parking Structure and Pedestrian Skyway\u00bb was inaugurated as part of the Infrastructure Master Plan for the Campus of the Future (2036). The facility has seven levels, a capacity for 700 vehicles, and a total of 7 thousand 895 square meters that connect through a pedestrian bridge with the rest of the campus. All this with an investment of more than 200 million pesos.<\/p>\n<div class=\"gallery-slider-wrapper gallery-1\">\n                        <div class=\"gallery-slider\" itemscope itemtype=\"http:\/\/schema.org\/ImageGallery\"><figure class=\"slide\" itemprop=\"associatedMedia\" itemscope itemtype=\"http:\/\/schema.org\/ImageObject\">\n                    <a itemprop=\"contentUrl\" href=\"https:\/\/www.cetys.mx\/news\/wp-content\/uploads\/2021\/10\/miembros-del-ienac.jpg\">\n                        <img decoding=\"async\" itemprop=\"thumbnail\" class=\"lazyOwl\" src=\"https:\/\/www.cetys.mx\/news\/wp-content\/plugins\/jmagz-plugin\/assets\/placeholder\/900x450.png\" data-src=\"https:\/\/www.cetys.mx\/news\/wp-content\/uploads\/2021\/10\/miembros-del-ienac.jpg\" alt=\"miembros-del-ienac\">\n                    <\/a>\n                    <figcaption itemprop=\"caption description\" class=\"slide-caption\">\n                        \n                    <\/figcaption>\n                <\/figure><figure class=\"slide\" itemprop=\"associatedMedia\" itemscope itemtype=\"http:\/\/schema.org\/ImageObject\">\n                    <a itemprop=\"contentUrl\" href=\"https:\/\/www.cetys.mx\/news\/wp-content\/uploads\/2021\/10\/estacionamiento-multinivel-y-puente-peatonal-campus-tijuana.jpg\">\n                        <img decoding=\"async\" itemprop=\"thumbnail\" class=\"lazyOwl\" src=\"https:\/\/www.cetys.mx\/news\/wp-content\/plugins\/jmagz-plugin\/assets\/placeholder\/900x450.png\" data-src=\"https:\/\/www.cetys.mx\/news\/wp-content\/uploads\/2021\/10\/estacionamiento-multinivel-y-puente-peatonal-campus-tijuana.jpg\" alt=\"estacionamiento-multinivel-y-puente-peatonal-campus-tijuana\">\n                    <\/a>\n                    <figcaption itemprop=\"caption description\" class=\"slide-caption\">\n                        \n                    <\/figcaption>\n                <\/figure><figure class=\"slide\" itemprop=\"associatedMedia\" itemscope itemtype=\"http:\/\/schema.org\/ImageObject\">\n                    <a itemprop=\"contentUrl\" href=\"https:\/\/www.cetys.mx\/news\/wp-content\/uploads\/2021\/10\/corte-de-liston.jpg\">\n                        <img decoding=\"async\" itemprop=\"thumbnail\" class=\"lazyOwl\" src=\"https:\/\/www.cetys.mx\/news\/wp-content\/plugins\/jmagz-plugin\/assets\/placeholder\/900x450.png\" data-src=\"https:\/\/www.cetys.mx\/news\/wp-content\/uploads\/2021\/10\/corte-de-liston.jpg\" alt=\"corte-de-liston\">\n                    <\/a>\n                    <figcaption itemprop=\"caption description\" class=\"slide-caption\">\n                        \n                    <\/figcaption>\n                <\/figure><\/div>\n                <div class=\"gallery-slider-thumbnail-wrapper\">\n                    <div class=\"gallery-slider-thumbnail\"><div class=\"slide-thumbnail\"><img decoding=\"async\" class=\"lazyOwl\" src=\"https:\/\/www.cetys.mx\/news\/wp-content\/plugins\/jmagz-plugin\/assets\/placeholder\/150x75.png\" data-src=\"https:\/\/www.cetys.mx\/news\/wp-content\/uploads\/2021\/10\/miembros-del-ienac-300x150.jpg\" alt=\"miembros-del-ienac\"><\/div><div class=\"slide-thumbnail\"><img decoding=\"async\" class=\"lazyOwl\" src=\"https:\/\/www.cetys.mx\/news\/wp-content\/plugins\/jmagz-plugin\/assets\/placeholder\/150x75.png\" data-src=\"https:\/\/www.cetys.mx\/news\/wp-content\/uploads\/2021\/10\/estacionamiento-multinivel-y-puente-peatonal-campus-tijuana-300x150.jpg\" alt=\"estacionamiento-multinivel-y-puente-peatonal-campus-tijuana\"><\/div><div class=\"slide-thumbnail\"><img decoding=\"async\" class=\"lazyOwl\" src=\"https:\/\/www.cetys.mx\/news\/wp-content\/plugins\/jmagz-plugin\/assets\/placeholder\/150x75.png\" data-src=\"https:\/\/www.cetys.mx\/news\/wp-content\/uploads\/2021\/10\/corte-de-liston-300x150.jpg\" alt=\"corte-de-liston\"><\/div><\/div><\/div><\/div>\n<p style=\"text-align: left;\">At the Ensenada Campus, on September 22, Dr. Carl Jubran, President of The American College of the Mediterranean, delivered a lecture: \u201cInternationalizing the college curriculum: the global campus at home.\u201d He spoke about internationalization, from a holistic perspective, in the study programs of Higher Education Institutions. He also talked about the actors within universities that promote and allow the development of international experiences; and the current challenges in the face of COVID contingency.<\/p>\n<p>&nbsp;<\/p>\n<p><iframe loading=\"lazy\" title=\"Conferencia: &quot;Internationalizing the college curriculum: The global campus at home\u201d Dr. Carl Jubran\" width=\"500\" height=\"281\" src=\"https:\/\/www.youtube.com\/embed\/eYxIodcLegs?feature=oembed\" frameborder=\"0\" allow=\"accelerometer; autoplay; clipboard-write; encrypted-media; gyroscope; picture-in-picture; web-share\" referrerpolicy=\"strict-origin-when-cross-origin\" allowfullscreen><\/iframe><\/p>\n<p style=\"text-align: left;\">Finally, on Thursday, September 23, professor Bardo Lim\u00f3n-F\u00e9lix was recognized as the winner of the contest to develop the lyrics for the CETYS University anthem. His name, creativity, and talent will be part of the history of this institution. Professor Limon-F\u00e9lix is an Alumni and currently serves as the Coordinator of the Bachelor of Marketing Administration program of the College of Business and Administration at the Mexicali Campus. Professor Lim\u00f3n-F\u00e9lix highlighted the relevance of CETYS University and its impact on the region throughout its 60 years of existence.<\/p>\n<p><iframe loading=\"lazy\" title=\"Streaming en vivo | Ceremonia de Premiaci\u00f3n de la letra del Himno CETYS\" width=\"500\" height=\"281\" src=\"https:\/\/www.youtube.com\/embed\/le5OPaXSF-o?feature=oembed\" frameborder=\"0\" allow=\"accelerometer; autoplay; clipboard-write; encrypted-media; gyroscope; picture-in-picture; web-share\" referrerpolicy=\"strict-origin-when-cross-origin\" allowfullscreen><\/iframe><\/p>\n<p style=\"text-align: left;\">With a vision set for the future, CETYS University continues and expands its educational impact on a national and global level, with the new challenges that frame higher education, moving to a stage where virtuality and technology will form a core part of its mission.<\/p>\n","protected":false},"excerpt":{"rendered":"<p>With a Passion that Inspires and the Leadership that Transcends, CETYS University celebrates its 60th Anniversary of dedication to the youth of&#8230;<\/p>\n","protected":false},"author":9,"featured_media":900,"comment_status":"open","ping_status":"open","sticky":false,"template":"","format":"standard","meta":{"footnotes":""},"categories":[75,9,7],"tags":[],"class_list":["post-887","post","type-post","status-publish","format-standard","has-post-thumbnail","hentry","category-60-anniversary","category-cetys-news","category-in-the-news"],"yoast_head":"<!-- This site is optimized with the Yoast SEO plugin v27.4 - https:\/\/yoast.com\/product\/yoast-seo-wordpress\/ -->\n<title>60 years of Transcendent Leadership and Passion: CETYS University Anniversary - VoCETYS News<\/title>\n<meta name=\"description\" content=\"Artitle 60 years of Transcendent Leadership and Passion: CETYS University Anniversary -\" \/>\n<meta name=\"robots\" content=\"noindex, follow, max-snippet:-1, max-image-preview:large, max-video-preview:-1\" \/>\n<meta property=\"og:locale\" content=\"es_ES\" \/>\n<meta property=\"og:type\" content=\"article\" \/>\n<meta property=\"og:title\" content=\"60 years of Transcendent Leadership and Passion: CETYS University Anniversary - VoCETYS News\" \/>\n<meta property=\"og:description\" content=\"Artitle 60 years of Transcendent Leadership and Passion: CETYS University Anniversary -\" \/>\n<meta property=\"og:url\" content=\"https:\/\/www.cetys.mx\/news\/60-years-of-transcendent-leadership-and-passion-cetys-university-anniversary\/\" \/>\n<meta property=\"og:site_name\" content=\"VoCETYS News\" \/>\n<meta property=\"article:published_time\" content=\"2021-10-05T01:04:10+00:00\" \/>\n<meta property=\"article:modified_time\" content=\"2021-10-06T19:35:06+00:00\" \/>\n<meta property=\"og:image\" content=\"https:\/\/www.cetys.mx\/news\/wp-content\/uploads\/2021\/10\/DSC_1198-1.jpg\" \/>\n\t<meta property=\"og:image:width\" content=\"958\" \/>\n\t<meta property=\"og:image:height\" content=\"637\" \/>\n\t<meta property=\"og:image:type\" content=\"image\/jpeg\" \/>\n<meta name=\"author\" content=\"CETYS Universidad\" \/>\n<meta name=\"twitter:card\" content=\"summary_large_image\" \/>\n<meta name=\"twitter:label1\" content=\"Escrito por\" \/>\n\t<meta name=\"twitter:data1\" content=\"CETYS Universidad\" \/>\n\t<meta name=\"twitter:label2\" content=\"Tiempo de lectura\" \/>\n\t<meta name=\"twitter:data2\" content=\"5 minutos\" \/>\n<script type=\"application\/ld+json\" class=\"yoast-schema-graph\">{\"@context\":\"https:\\\/\\\/schema.org\",\"@graph\":[{\"@type\":\"Article\",\"@id\":\"https:\\\/\\\/www.cetys.mx\\\/news\\\/60-years-of-transcendent-leadership-and-passion-cetys-university-anniversary\\\/#article\",\"isPartOf\":{\"@id\":\"https:\\\/\\\/www.cetys.mx\\\/news\\\/60-years-of-transcendent-leadership-and-passion-cetys-university-anniversary\\\/\"},\"author\":{\"name\":\"CETYS Universidad\",\"@id\":\"https:\\\/\\\/www.cetys.mx\\\/news\\\/#\\\/schema\\\/person\\\/5c2de7add231d64c3122fabf2278024d\"},\"headline\":\"60 years of Transcendent Leadership and Passion: CETYS University Anniversary\",\"datePublished\":\"2021-10-05T01:04:10+00:00\",\"dateModified\":\"2021-10-06T19:35:06+00:00\",\"mainEntityOfPage\":{\"@id\":\"https:\\\/\\\/www.cetys.mx\\\/news\\\/60-years-of-transcendent-leadership-and-passion-cetys-university-anniversary\\\/\"},\"wordCount\":990,\"commentCount\":0,\"image\":{\"@id\":\"https:\\\/\\\/www.cetys.mx\\\/news\\\/60-years-of-transcendent-leadership-and-passion-cetys-university-anniversary\\\/#primaryimage\"},\"thumbnailUrl\":\"https:\\\/\\\/www.cetys.mx\\\/news\\\/wp-content\\\/uploads\\\/2021\\\/10\\\/DSC_1198-1.jpg\",\"articleSection\":[\"60 Anniversary\",\"CETYS | NEWS\",\"In the News\"],\"inLanguage\":\"es\",\"potentialAction\":[{\"@type\":\"CommentAction\",\"name\":\"Comment\",\"target\":[\"https:\\\/\\\/www.cetys.mx\\\/news\\\/60-years-of-transcendent-leadership-and-passion-cetys-university-anniversary\\\/#respond\"]}]},{\"@type\":\"WebPage\",\"@id\":\"https:\\\/\\\/www.cetys.mx\\\/news\\\/60-years-of-transcendent-leadership-and-passion-cetys-university-anniversary\\\/\",\"url\":\"https:\\\/\\\/www.cetys.mx\\\/news\\\/60-years-of-transcendent-leadership-and-passion-cetys-university-anniversary\\\/\",\"name\":\"60 years of Transcendent Leadership and Passion: CETYS University Anniversary - VoCETYS News\",\"isPartOf\":{\"@id\":\"https:\\\/\\\/www.cetys.mx\\\/news\\\/#website\"},\"primaryImageOfPage\":{\"@id\":\"https:\\\/\\\/www.cetys.mx\\\/news\\\/60-years-of-transcendent-leadership-and-passion-cetys-university-anniversary\\\/#primaryimage\"},\"image\":{\"@id\":\"https:\\\/\\\/www.cetys.mx\\\/news\\\/60-years-of-transcendent-leadership-and-passion-cetys-university-anniversary\\\/#primaryimage\"},\"thumbnailUrl\":\"https:\\\/\\\/www.cetys.mx\\\/news\\\/wp-content\\\/uploads\\\/2021\\\/10\\\/DSC_1198-1.jpg\",\"datePublished\":\"2021-10-05T01:04:10+00:00\",\"dateModified\":\"2021-10-06T19:35:06+00:00\",\"author\":{\"@id\":\"https:\\\/\\\/www.cetys.mx\\\/news\\\/#\\\/schema\\\/person\\\/5c2de7add231d64c3122fabf2278024d\"},\"description\":\"Artitle 60 years of Transcendent Leadership and Passion: CETYS University Anniversary -\",\"breadcrumb\":{\"@id\":\"https:\\\/\\\/www.cetys.mx\\\/news\\\/60-years-of-transcendent-leadership-and-passion-cetys-university-anniversary\\\/#breadcrumb\"},\"inLanguage\":\"es\",\"potentialAction\":[{\"@type\":\"ReadAction\",\"target\":[\"https:\\\/\\\/www.cetys.mx\\\/news\\\/60-years-of-transcendent-leadership-and-passion-cetys-university-anniversary\\\/\"]}]},{\"@type\":\"ImageObject\",\"inLanguage\":\"es\",\"@id\":\"https:\\\/\\\/www.cetys.mx\\\/news\\\/60-years-of-transcendent-leadership-and-passion-cetys-university-anniversary\\\/#primaryimage\",\"url\":\"https:\\\/\\\/www.cetys.mx\\\/news\\\/wp-content\\\/uploads\\\/2021\\\/10\\\/DSC_1198-1.jpg\",\"contentUrl\":\"https:\\\/\\\/www.cetys.mx\\\/news\\\/wp-content\\\/uploads\\\/2021\\\/10\\\/DSC_1198-1.jpg\",\"width\":958,\"height\":637},{\"@type\":\"BreadcrumbList\",\"@id\":\"https:\\\/\\\/www.cetys.mx\\\/news\\\/60-years-of-transcendent-leadership-and-passion-cetys-university-anniversary\\\/#breadcrumb\",\"itemListElement\":[{\"@type\":\"ListItem\",\"position\":1,\"name\":\"Portada\",\"item\":\"https:\\\/\\\/www.cetys.mx\\\/news\\\/\"},{\"@type\":\"ListItem\",\"position\":2,\"name\":\"60 years of Transcendent Leadership and Passion: CETYS University Anniversary\"}]},{\"@type\":\"WebSite\",\"@id\":\"https:\\\/\\\/www.cetys.mx\\\/news\\\/#website\",\"url\":\"https:\\\/\\\/www.cetys.mx\\\/news\\\/\",\"name\":\"VoCETYS News\",\"description\":\"\",\"potentialAction\":[{\"@type\":\"SearchAction\",\"target\":{\"@type\":\"EntryPoint\",\"urlTemplate\":\"https:\\\/\\\/www.cetys.mx\\\/news\\\/?s={search_term_string}\"},\"query-input\":{\"@type\":\"PropertyValueSpecification\",\"valueRequired\":true,\"valueName\":\"search_term_string\"}}],\"inLanguage\":\"es\"},{\"@type\":\"Person\",\"@id\":\"https:\\\/\\\/www.cetys.mx\\\/news\\\/#\\\/schema\\\/person\\\/5c2de7add231d64c3122fabf2278024d\",\"name\":\"CETYS Universidad\",\"image\":{\"@type\":\"ImageObject\",\"inLanguage\":\"es\",\"@id\":\"https:\\\/\\\/secure.gravatar.com\\\/avatar\\\/8fe5694046099f8a2547149e0223ad2e5808df6e5883f7e1d97910125bbef68c?s=96&d=mm&r=g\",\"url\":\"https:\\\/\\\/secure.gravatar.com\\\/avatar\\\/8fe5694046099f8a2547149e0223ad2e5808df6e5883f7e1d97910125bbef68c?s=96&d=mm&r=g\",\"contentUrl\":\"https:\\\/\\\/secure.gravatar.com\\\/avatar\\\/8fe5694046099f8a2547149e0223ad2e5808df6e5883f7e1d97910125bbef68c?s=96&d=mm&r=g\",\"caption\":\"CETYS Universidad\"},\"url\":\"https:\\\/\\\/www.cetys.mx\\\/news\\\/author\\\/alejandra-cardenas\\\/\"}]}<\/script>\n<!-- \/ Yoast SEO plugin. -->","yoast_head_json":{"title":"60 years of Transcendent Leadership and Passion: CETYS University Anniversary - VoCETYS News","description":"Artitle 60 years of Transcendent Leadership and Passion: CETYS University Anniversary -","robots":{"index":"noindex","follow":"follow","max-snippet":"max-snippet:-1","max-image-preview":"max-image-preview:large","max-video-preview":"max-video-preview:-1"},"og_locale":"es_ES","og_type":"article","og_title":"60 years of Transcendent Leadership and Passion: CETYS University Anniversary - VoCETYS News","og_description":"Artitle 60 years of Transcendent Leadership and Passion: CETYS University Anniversary -","og_url":"https:\/\/www.cetys.mx\/news\/60-years-of-transcendent-leadership-and-passion-cetys-university-anniversary\/","og_site_name":"VoCETYS News","article_published_time":"2021-10-05T01:04:10+00:00","article_modified_time":"2021-10-06T19:35:06+00:00","og_image":[{"width":958,"height":637,"url":"https:\/\/www.cetys.mx\/news\/wp-content\/uploads\/2021\/10\/DSC_1198-1.jpg","type":"image\/jpeg"}],"author":"CETYS Universidad","twitter_card":"summary_large_image","twitter_misc":{"Escrito por":"CETYS Universidad","Tiempo de lectura":"5 minutos"},"schema":{"@context":"https:\/\/schema.org","@graph":[{"@type":"Article","@id":"https:\/\/www.cetys.mx\/news\/60-years-of-transcendent-leadership-and-passion-cetys-university-anniversary\/#article","isPartOf":{"@id":"https:\/\/www.cetys.mx\/news\/60-years-of-transcendent-leadership-and-passion-cetys-university-anniversary\/"},"author":{"name":"CETYS Universidad","@id":"https:\/\/www.cetys.mx\/news\/#\/schema\/person\/5c2de7add231d64c3122fabf2278024d"},"headline":"60 years of Transcendent Leadership and Passion: CETYS University Anniversary","datePublished":"2021-10-05T01:04:10+00:00","dateModified":"2021-10-06T19:35:06+00:00","mainEntityOfPage":{"@id":"https:\/\/www.cetys.mx\/news\/60-years-of-transcendent-leadership-and-passion-cetys-university-anniversary\/"},"wordCount":990,"commentCount":0,"image":{"@id":"https:\/\/www.cetys.mx\/news\/60-years-of-transcendent-leadership-and-passion-cetys-university-anniversary\/#primaryimage"},"thumbnailUrl":"https:\/\/www.cetys.mx\/news\/wp-content\/uploads\/2021\/10\/DSC_1198-1.jpg","articleSection":["60 Anniversary","CETYS | NEWS","In the News"],"inLanguage":"es","potentialAction":[{"@type":"CommentAction","name":"Comment","target":["https:\/\/www.cetys.mx\/news\/60-years-of-transcendent-leadership-and-passion-cetys-university-anniversary\/#respond"]}]},{"@type":"WebPage","@id":"https:\/\/www.cetys.mx\/news\/60-years-of-transcendent-leadership-and-passion-cetys-university-anniversary\/","url":"https:\/\/www.cetys.mx\/news\/60-years-of-transcendent-leadership-and-passion-cetys-university-anniversary\/","name":"60 years of Transcendent Leadership and Passion: CETYS University Anniversary - VoCETYS News","isPartOf":{"@id":"https:\/\/www.cetys.mx\/news\/#website"},"primaryImageOfPage":{"@id":"https:\/\/www.cetys.mx\/news\/60-years-of-transcendent-leadership-and-passion-cetys-university-anniversary\/#primaryimage"},"image":{"@id":"https:\/\/www.cetys.mx\/news\/60-years-of-transcendent-leadership-and-passion-cetys-university-anniversary\/#primaryimage"},"thumbnailUrl":"https:\/\/www.cetys.mx\/news\/wp-content\/uploads\/2021\/10\/DSC_1198-1.jpg","datePublished":"2021-10-05T01:04:10+00:00","dateModified":"2021-10-06T19:35:06+00:00","author":{"@id":"https:\/\/www.cetys.mx\/news\/#\/schema\/person\/5c2de7add231d64c3122fabf2278024d"},"description":"Artitle 60 years of Transcendent Leadership and Passion: CETYS University Anniversary -","breadcrumb":{"@id":"https:\/\/www.cetys.mx\/news\/60-years-of-transcendent-leadership-and-passion-cetys-university-anniversary\/#breadcrumb"},"inLanguage":"es","potentialAction":[{"@type":"ReadAction","target":["https:\/\/www.cetys.mx\/news\/60-years-of-transcendent-leadership-and-passion-cetys-university-anniversary\/"]}]},{"@type":"ImageObject","inLanguage":"es","@id":"https:\/\/www.cetys.mx\/news\/60-years-of-transcendent-leadership-and-passion-cetys-university-anniversary\/#primaryimage","url":"https:\/\/www.cetys.mx\/news\/wp-content\/uploads\/2021\/10\/DSC_1198-1.jpg","contentUrl":"https:\/\/www.cetys.mx\/news\/wp-content\/uploads\/2021\/10\/DSC_1198-1.jpg","width":958,"height":637},{"@type":"BreadcrumbList","@id":"https:\/\/www.cetys.mx\/news\/60-years-of-transcendent-leadership-and-passion-cetys-university-anniversary\/#breadcrumb","itemListElement":[{"@type":"ListItem","position":1,"name":"Portada","item":"https:\/\/www.cetys.mx\/news\/"},{"@type":"ListItem","position":2,"name":"60 years of Transcendent Leadership and Passion: CETYS University Anniversary"}]},{"@type":"WebSite","@id":"https:\/\/www.cetys.mx\/news\/#website","url":"https:\/\/www.cetys.mx\/news\/","name":"VoCETYS News","description":"","potentialAction":[{"@type":"SearchAction","target":{"@type":"EntryPoint","urlTemplate":"https:\/\/www.cetys.mx\/news\/?s={search_term_string}"},"query-input":{"@type":"PropertyValueSpecification","valueRequired":true,"valueName":"search_term_string"}}],"inLanguage":"es"},{"@type":"Person","@id":"https:\/\/www.cetys.mx\/news\/#\/schema\/person\/5c2de7add231d64c3122fabf2278024d","name":"CETYS Universidad","image":{"@type":"ImageObject","inLanguage":"es","@id":"https:\/\/secure.gravatar.com\/avatar\/8fe5694046099f8a2547149e0223ad2e5808df6e5883f7e1d97910125bbef68c?s=96&d=mm&r=g","url":"https:\/\/secure.gravatar.com\/avatar\/8fe5694046099f8a2547149e0223ad2e5808df6e5883f7e1d97910125bbef68c?s=96&d=mm&r=g","contentUrl":"https:\/\/secure.gravatar.com\/avatar\/8fe5694046099f8a2547149e0223ad2e5808df6e5883f7e1d97910125bbef68c?s=96&d=mm&r=g","caption":"CETYS Universidad"},"url":"https:\/\/www.cetys.mx\/news\/author\/alejandra-cardenas\/"}]}},"_links":{"self":[{"href":"https:\/\/www.cetys.mx\/news\/wp-json\/wp\/v2\/posts\/887","targetHints":{"allow":["GET"]}}],"collection":[{"href":"https:\/\/www.cetys.mx\/news\/wp-json\/wp\/v2\/posts"}],"about":[{"href":"https:\/\/www.cetys.mx\/news\/wp-json\/wp\/v2\/types\/post"}],"author":[{"embeddable":true,"href":"https:\/\/www.cetys.mx\/news\/wp-json\/wp\/v2\/users\/9"}],"replies":[{"embeddable":true,"href":"https:\/\/www.cetys.mx\/news\/wp-json\/wp\/v2\/comments?post=887"}],"version-history":[{"count":4,"href":"https:\/\/www.cetys.mx\/news\/wp-json\/wp\/v2\/posts\/887\/revisions"}],"predecessor-version":[{"id":919,"href":"https:\/\/www.cetys.mx\/news\/wp-json\/wp\/v2\/posts\/887\/revisions\/919"}],"wp:featuredmedia":[{"embeddable":true,"href":"https:\/\/www.cetys.mx\/news\/wp-json\/wp\/v2\/media\/900"}],"wp:attachment":[{"href":"https:\/\/www.cetys.mx\/news\/wp-json\/wp\/v2\/media?parent=887"}],"wp:term":[{"taxonomy":"category","embeddable":true,"href":"https:\/\/www.cetys.mx\/news\/wp-json\/wp\/v2\/categories?post=887"},{"taxonomy":"post_tag","embeddable":true,"href":"https:\/\/www.cetys.mx\/news\/wp-json\/wp\/v2\/tags?post=887"}],"curies":[{"name":"wp","href":"https:\/\/api.w.org\/{rel}","templated":true}]}}