{"id":872,"date":"2021-08-24T23:39:03","date_gmt":"2021-08-24T23:39:03","guid":{"rendered":"https:\/\/www.cetys.mx\/news\/?p=872"},"modified":"2021-08-24T23:39:03","modified_gmt":"2021-08-24T23:39:03","slug":"cetys-international-summer-program-brings-together-more-than-300-students-and-professors-from-19-countries","status":"publish","type":"post","link":"https:\/\/www.cetys.mx\/news\/cetys-international-summer-program-brings-together-more-than-300-students-and-professors-from-19-countries\/","title":{"rendered":"CETYS International Summer Program brings together more than 300 students and professors from 19 countries"},"content":{"rendered":"<p style=\"text-align: left;\"><span style=\"font-weight: 400;\">After three weeks of academic activities, students and professors from 19 countries around the world successfully concluded the 2021 International Summer Program (ISP) offered by CETYS Universidad International Campus in Ensenada, Mexico. COVID-19 related restrictions meant that the program was conducted online for the second time.<\/span><\/p>\n<p style=\"text-align: left;\"><span style=\"font-weight: 400;\">291 students participated in the 2021 ISP. This number includes a total of 162 students coming from Italy, the Netherlands, Malaysia, India, Poland, the Czech Republic, Greece, Colombia, the United Arab Emirates, Armenia, Georgia, Peru, Argentina, Spain, the United Kingdom, Austria, the United States, Chile, and other schools in Mexico. In addition, the program enrolled 129 CETYS\u2019 students from the Mexicali, Tijuana, and Ensenada Campuses. Furthermore, 11 professors from the United States, Greece, India, the Czech Republic, Malaysia, Poland, Malaysia, Italy, Colombia, the United Arab Emirates, and Mexico took part in the program.<\/span><\/p>\n<p style=\"text-align: left;\"><span style=\"font-weight: 400;\">The closing ceremony was held through a virtual connection where Dr. Scott Venezia Corral, Director of International Affairs for the CETYS University System, highlighted the importance of this event, the flagship of internationalization efforts in CETYS, which has been carried out successfully since 2013.<\/span><\/p>\n<blockquote>\n<p style=\"text-align: left;\"><span style=\"font-weight: 400;\">\u201cI would like to emphasize that in the context we are living in, the relationships and contacts we make are more relevant than ever. We hope that all participating students take and take advantage of the opportunity that the ISP offers them, that they develop those connections and strategic friendships because that will provide them with excellent global opportunities in the coming years,\u201d emphasized Dr. Venezia.<\/span><\/p>\n<\/blockquote>\n<p style=\"text-align: left;\"><span style=\"font-weight: 400;\">The ISP 2021, like every year since 2013, offers participating students the opportunity to develop a global perspective by interacting, in this case virtually, with international classmates and professors, addressing problems or situations from different perspectives, expanding the network of contacts, and identifying opportunities for growth and development in other countries.<\/span><\/p>\n<p style=\"text-align: left;\"><span style=\"font-weight: 400;\">For Anna Opalka, a professor from the University of Applied Sciences that teaches the International Marketing course during the ISP, this experience has been very rewarding. \u00abIt is a privilege to share our knowledge with international students. These programs greatly enrich their training, from internationalization, plurality, language, and culture, very powerful tools for their training,\u00bb said Opalka.<\/span><\/p>\n<p style=\"text-align: left;\"><span style=\"font-weight: 400;\">For Lumbini Vipul Lodaya, a student at Fravashi Academy Nashik in India, the course was excellent, comprehensive, formative, and very well delivered. \u00abWithout a doubt, this program benefits all participants because it allows us to acquire knowledge, skills, and experiences that contribute to our professional careers and our lives in general.\u00bb<\/span><\/p>\n<p style=\"text-align: left;\"><span style=\"font-weight: 400;\">Alan Tovar, an Engineering student at the Ensenada International Campus, highlighted that participating in this ISP was very interesting and a learning experience. \u201cSharing with students from different countries makes this experience much more enriching due to the different points of view, ideas, and opinions that the students provide. I am very grateful to Professor Dr. Mariella Remund for her valuable teaching in this course. I appreciate her dedication and passion for what she does .\u201d<\/span><\/p>\n<p style=\"text-align: left;\"><span style=\"font-weight: 400;\">Cristal Guerrero Ram\u00edrez, a student at the Tijuana Campus, highlighted that virtual classes allowed them to learn the points of view of experts, as well as of their classmates that have different ways of thinking, seeing the world, and acting. \u00abThe experience will remain in my memory and will be a tool in my personal and work future,\u00bb she said.<\/span><\/p>\n<p style=\"text-align: left;\"><span style=\"font-weight: 400;\"><br \/>\n<\/span><span style=\"font-weight: 400;\">For Ana Jetzabel Bola\u00f1os Ram\u00edrez, a Bachelor of Business Administration student at the Mexicali Campus, her participation in ISP 2021 was a unique and enriching experience in every possible way. \u201cThe program seems very relevant to me since it helps us expand our vision of the world and how a multicultural environment is perceived, which is essential nowadays. My decision to participate was to seek a development opportunity in an environment that tests my ability to interact with multiculturalism and put the English language into practice. Without a doubt, what I liked the most was being able to meet people from different parts of the world and being able to form a bond of friendship with them \u201d.<\/span><span style=\"font-weight: 400;\"><br \/>\n<\/span><span style=\"font-weight: 400;\"><br \/>\n<\/span><span style=\"font-weight: 400;\">On behalf of CETYS, the closing ceremony was presided by Dr. Scott Venezia Corral, Director of International Affairs; Dr. Diana Woolfolk, Deputy Director of International Relations; the Academic Directors of the Ensenada, Mexicali, and Tijuana Campus, Professor Luc\u00eda Beltr\u00e1n, Dr. Mar\u00eda del Carmen Echeverr\u00eda, and Professor Heberto Peterson, respectively; as well as the Directors of the Colleges of Administration and Business and Social Sciences and Humanities.<\/span><\/p>\n","protected":false},"excerpt":{"rendered":"<p>After three weeks of academic activities, students and professors from 19 countries around the world successfully concluded the 2021 International Summer Program&#8230;<\/p>\n","protected":false},"author":9,"featured_media":873,"comment_status":"open","ping_status":"open","sticky":false,"template":"","format":"standard","meta":{"footnotes":""},"categories":[9,6],"tags":[],"class_list":["post-872","post","type-post","status-publish","format-standard","has-post-thumbnail","hentry","category-cetys-news","category-international"],"yoast_head":"<!-- This site is optimized with the Yoast SEO plugin v27.4 - https:\/\/yoast.com\/product\/yoast-seo-wordpress\/ -->\n<title>CETYS International Summer Program brings together more than 300 students and professors from 19 countries - VoCETYS News<\/title>\n<meta name=\"description\" content=\"Artitle CETYS International Summer Program brings together more than 300 students and professors from 19 countries -\" \/>\n<meta name=\"robots\" content=\"noindex, follow, max-snippet:-1, max-image-preview:large, max-video-preview:-1\" \/>\n<meta property=\"og:locale\" content=\"es_ES\" \/>\n<meta property=\"og:type\" content=\"article\" \/>\n<meta property=\"og:title\" content=\"CETYS International Summer Program brings together more than 300 students and professors from 19 countries - VoCETYS News\" \/>\n<meta property=\"og:description\" content=\"Artitle CETYS International Summer Program brings together more than 300 students and professors from 19 countries -\" \/>\n<meta property=\"og:url\" content=\"https:\/\/www.cetys.mx\/news\/cetys-international-summer-program-brings-together-more-than-300-students-and-professors-from-19-countries\/\" \/>\n<meta property=\"og:site_name\" content=\"VoCETYS News\" \/>\n<meta property=\"article:published_time\" content=\"2021-08-24T23:39:03+00:00\" \/>\n<meta property=\"og:image\" content=\"https:\/\/www.cetys.mx\/news\/wp-content\/uploads\/2021\/08\/Collage-ISP-2021-Cierre_Portal.png\" \/>\n\t<meta property=\"og:image:width\" content=\"958\" \/>\n\t<meta property=\"og:image:height\" content=\"588\" \/>\n\t<meta property=\"og:image:type\" content=\"image\/png\" \/>\n<meta name=\"author\" content=\"CETYS Universidad\" \/>\n<meta name=\"twitter:card\" content=\"summary_large_image\" \/>\n<meta name=\"twitter:label1\" content=\"Escrito por\" \/>\n\t<meta name=\"twitter:data1\" content=\"CETYS Universidad\" \/>\n\t<meta name=\"twitter:label2\" content=\"Tiempo de lectura\" \/>\n\t<meta name=\"twitter:data2\" content=\"4 minutos\" \/>\n<script type=\"application\/ld+json\" class=\"yoast-schema-graph\">{\"@context\":\"https:\\\/\\\/schema.org\",\"@graph\":[{\"@type\":\"Article\",\"@id\":\"https:\\\/\\\/www.cetys.mx\\\/news\\\/cetys-international-summer-program-brings-together-more-than-300-students-and-professors-from-19-countries\\\/#article\",\"isPartOf\":{\"@id\":\"https:\\\/\\\/www.cetys.mx\\\/news\\\/cetys-international-summer-program-brings-together-more-than-300-students-and-professors-from-19-countries\\\/\"},\"author\":{\"name\":\"CETYS Universidad\",\"@id\":\"https:\\\/\\\/www.cetys.mx\\\/news\\\/#\\\/schema\\\/person\\\/5c2de7add231d64c3122fabf2278024d\"},\"headline\":\"CETYS International Summer Program brings together more than 300 students and professors from 19 countries\",\"datePublished\":\"2021-08-24T23:39:03+00:00\",\"mainEntityOfPage\":{\"@id\":\"https:\\\/\\\/www.cetys.mx\\\/news\\\/cetys-international-summer-program-brings-together-more-than-300-students-and-professors-from-19-countries\\\/\"},\"wordCount\":735,\"commentCount\":0,\"image\":{\"@id\":\"https:\\\/\\\/www.cetys.mx\\\/news\\\/cetys-international-summer-program-brings-together-more-than-300-students-and-professors-from-19-countries\\\/#primaryimage\"},\"thumbnailUrl\":\"https:\\\/\\\/www.cetys.mx\\\/news\\\/wp-content\\\/uploads\\\/2021\\\/08\\\/Collage-ISP-2021-Cierre_Portal.png\",\"articleSection\":[\"CETYS | NEWS\",\"International\"],\"inLanguage\":\"es\",\"potentialAction\":[{\"@type\":\"CommentAction\",\"name\":\"Comment\",\"target\":[\"https:\\\/\\\/www.cetys.mx\\\/news\\\/cetys-international-summer-program-brings-together-more-than-300-students-and-professors-from-19-countries\\\/#respond\"]}]},{\"@type\":\"WebPage\",\"@id\":\"https:\\\/\\\/www.cetys.mx\\\/news\\\/cetys-international-summer-program-brings-together-more-than-300-students-and-professors-from-19-countries\\\/\",\"url\":\"https:\\\/\\\/www.cetys.mx\\\/news\\\/cetys-international-summer-program-brings-together-more-than-300-students-and-professors-from-19-countries\\\/\",\"name\":\"CETYS International Summer Program brings together more than 300 students and professors from 19 countries - VoCETYS News\",\"isPartOf\":{\"@id\":\"https:\\\/\\\/www.cetys.mx\\\/news\\\/#website\"},\"primaryImageOfPage\":{\"@id\":\"https:\\\/\\\/www.cetys.mx\\\/news\\\/cetys-international-summer-program-brings-together-more-than-300-students-and-professors-from-19-countries\\\/#primaryimage\"},\"image\":{\"@id\":\"https:\\\/\\\/www.cetys.mx\\\/news\\\/cetys-international-summer-program-brings-together-more-than-300-students-and-professors-from-19-countries\\\/#primaryimage\"},\"thumbnailUrl\":\"https:\\\/\\\/www.cetys.mx\\\/news\\\/wp-content\\\/uploads\\\/2021\\\/08\\\/Collage-ISP-2021-Cierre_Portal.png\",\"datePublished\":\"2021-08-24T23:39:03+00:00\",\"author\":{\"@id\":\"https:\\\/\\\/www.cetys.mx\\\/news\\\/#\\\/schema\\\/person\\\/5c2de7add231d64c3122fabf2278024d\"},\"description\":\"Artitle CETYS International Summer Program brings together more than 300 students and professors from 19 countries -\",\"breadcrumb\":{\"@id\":\"https:\\\/\\\/www.cetys.mx\\\/news\\\/cetys-international-summer-program-brings-together-more-than-300-students-and-professors-from-19-countries\\\/#breadcrumb\"},\"inLanguage\":\"es\",\"potentialAction\":[{\"@type\":\"ReadAction\",\"target\":[\"https:\\\/\\\/www.cetys.mx\\\/news\\\/cetys-international-summer-program-brings-together-more-than-300-students-and-professors-from-19-countries\\\/\"]}]},{\"@type\":\"ImageObject\",\"inLanguage\":\"es\",\"@id\":\"https:\\\/\\\/www.cetys.mx\\\/news\\\/cetys-international-summer-program-brings-together-more-than-300-students-and-professors-from-19-countries\\\/#primaryimage\",\"url\":\"https:\\\/\\\/www.cetys.mx\\\/news\\\/wp-content\\\/uploads\\\/2021\\\/08\\\/Collage-ISP-2021-Cierre_Portal.png\",\"contentUrl\":\"https:\\\/\\\/www.cetys.mx\\\/news\\\/wp-content\\\/uploads\\\/2021\\\/08\\\/Collage-ISP-2021-Cierre_Portal.png\",\"width\":958,\"height\":588},{\"@type\":\"BreadcrumbList\",\"@id\":\"https:\\\/\\\/www.cetys.mx\\\/news\\\/cetys-international-summer-program-brings-together-more-than-300-students-and-professors-from-19-countries\\\/#breadcrumb\",\"itemListElement\":[{\"@type\":\"ListItem\",\"position\":1,\"name\":\"Portada\",\"item\":\"https:\\\/\\\/www.cetys.mx\\\/news\\\/\"},{\"@type\":\"ListItem\",\"position\":2,\"name\":\"CETYS International Summer Program brings together more than 300 students and professors from 19 countries\"}]},{\"@type\":\"WebSite\",\"@id\":\"https:\\\/\\\/www.cetys.mx\\\/news\\\/#website\",\"url\":\"https:\\\/\\\/www.cetys.mx\\\/news\\\/\",\"name\":\"VoCETYS News\",\"description\":\"\",\"potentialAction\":[{\"@type\":\"SearchAction\",\"target\":{\"@type\":\"EntryPoint\",\"urlTemplate\":\"https:\\\/\\\/www.cetys.mx\\\/news\\\/?s={search_term_string}\"},\"query-input\":{\"@type\":\"PropertyValueSpecification\",\"valueRequired\":true,\"valueName\":\"search_term_string\"}}],\"inLanguage\":\"es\"},{\"@type\":\"Person\",\"@id\":\"https:\\\/\\\/www.cetys.mx\\\/news\\\/#\\\/schema\\\/person\\\/5c2de7add231d64c3122fabf2278024d\",\"name\":\"CETYS Universidad\",\"image\":{\"@type\":\"ImageObject\",\"inLanguage\":\"es\",\"@id\":\"https:\\\/\\\/secure.gravatar.com\\\/avatar\\\/8fe5694046099f8a2547149e0223ad2e5808df6e5883f7e1d97910125bbef68c?s=96&d=mm&r=g\",\"url\":\"https:\\\/\\\/secure.gravatar.com\\\/avatar\\\/8fe5694046099f8a2547149e0223ad2e5808df6e5883f7e1d97910125bbef68c?s=96&d=mm&r=g\",\"contentUrl\":\"https:\\\/\\\/secure.gravatar.com\\\/avatar\\\/8fe5694046099f8a2547149e0223ad2e5808df6e5883f7e1d97910125bbef68c?s=96&d=mm&r=g\",\"caption\":\"CETYS Universidad\"},\"url\":\"https:\\\/\\\/www.cetys.mx\\\/news\\\/author\\\/alejandra-cardenas\\\/\"}]}<\/script>\n<!-- \/ Yoast SEO plugin. -->","yoast_head_json":{"title":"CETYS International Summer Program brings together more than 300 students and professors from 19 countries - VoCETYS News","description":"Artitle CETYS International Summer Program brings together more than 300 students and professors from 19 countries -","robots":{"index":"noindex","follow":"follow","max-snippet":"max-snippet:-1","max-image-preview":"max-image-preview:large","max-video-preview":"max-video-preview:-1"},"og_locale":"es_ES","og_type":"article","og_title":"CETYS International Summer Program brings together more than 300 students and professors from 19 countries - VoCETYS News","og_description":"Artitle CETYS International Summer Program brings together more than 300 students and professors from 19 countries -","og_url":"https:\/\/www.cetys.mx\/news\/cetys-international-summer-program-brings-together-more-than-300-students-and-professors-from-19-countries\/","og_site_name":"VoCETYS News","article_published_time":"2021-08-24T23:39:03+00:00","og_image":[{"width":958,"height":588,"url":"https:\/\/www.cetys.mx\/news\/wp-content\/uploads\/2021\/08\/Collage-ISP-2021-Cierre_Portal.png","type":"image\/png"}],"author":"CETYS Universidad","twitter_card":"summary_large_image","twitter_misc":{"Escrito por":"CETYS Universidad","Tiempo de lectura":"4 minutos"},"schema":{"@context":"https:\/\/schema.org","@graph":[{"@type":"Article","@id":"https:\/\/www.cetys.mx\/news\/cetys-international-summer-program-brings-together-more-than-300-students-and-professors-from-19-countries\/#article","isPartOf":{"@id":"https:\/\/www.cetys.mx\/news\/cetys-international-summer-program-brings-together-more-than-300-students-and-professors-from-19-countries\/"},"author":{"name":"CETYS Universidad","@id":"https:\/\/www.cetys.mx\/news\/#\/schema\/person\/5c2de7add231d64c3122fabf2278024d"},"headline":"CETYS International Summer Program brings together more than 300 students and professors from 19 countries","datePublished":"2021-08-24T23:39:03+00:00","mainEntityOfPage":{"@id":"https:\/\/www.cetys.mx\/news\/cetys-international-summer-program-brings-together-more-than-300-students-and-professors-from-19-countries\/"},"wordCount":735,"commentCount":0,"image":{"@id":"https:\/\/www.cetys.mx\/news\/cetys-international-summer-program-brings-together-more-than-300-students-and-professors-from-19-countries\/#primaryimage"},"thumbnailUrl":"https:\/\/www.cetys.mx\/news\/wp-content\/uploads\/2021\/08\/Collage-ISP-2021-Cierre_Portal.png","articleSection":["CETYS | NEWS","International"],"inLanguage":"es","potentialAction":[{"@type":"CommentAction","name":"Comment","target":["https:\/\/www.cetys.mx\/news\/cetys-international-summer-program-brings-together-more-than-300-students-and-professors-from-19-countries\/#respond"]}]},{"@type":"WebPage","@id":"https:\/\/www.cetys.mx\/news\/cetys-international-summer-program-brings-together-more-than-300-students-and-professors-from-19-countries\/","url":"https:\/\/www.cetys.mx\/news\/cetys-international-summer-program-brings-together-more-than-300-students-and-professors-from-19-countries\/","name":"CETYS International Summer Program brings together more than 300 students and professors from 19 countries - VoCETYS News","isPartOf":{"@id":"https:\/\/www.cetys.mx\/news\/#website"},"primaryImageOfPage":{"@id":"https:\/\/www.cetys.mx\/news\/cetys-international-summer-program-brings-together-more-than-300-students-and-professors-from-19-countries\/#primaryimage"},"image":{"@id":"https:\/\/www.cetys.mx\/news\/cetys-international-summer-program-brings-together-more-than-300-students-and-professors-from-19-countries\/#primaryimage"},"thumbnailUrl":"https:\/\/www.cetys.mx\/news\/wp-content\/uploads\/2021\/08\/Collage-ISP-2021-Cierre_Portal.png","datePublished":"2021-08-24T23:39:03+00:00","author":{"@id":"https:\/\/www.cetys.mx\/news\/#\/schema\/person\/5c2de7add231d64c3122fabf2278024d"},"description":"Artitle CETYS International Summer Program brings together more than 300 students and professors from 19 countries -","breadcrumb":{"@id":"https:\/\/www.cetys.mx\/news\/cetys-international-summer-program-brings-together-more-than-300-students-and-professors-from-19-countries\/#breadcrumb"},"inLanguage":"es","potentialAction":[{"@type":"ReadAction","target":["https:\/\/www.cetys.mx\/news\/cetys-international-summer-program-brings-together-more-than-300-students-and-professors-from-19-countries\/"]}]},{"@type":"ImageObject","inLanguage":"es","@id":"https:\/\/www.cetys.mx\/news\/cetys-international-summer-program-brings-together-more-than-300-students-and-professors-from-19-countries\/#primaryimage","url":"https:\/\/www.cetys.mx\/news\/wp-content\/uploads\/2021\/08\/Collage-ISP-2021-Cierre_Portal.png","contentUrl":"https:\/\/www.cetys.mx\/news\/wp-content\/uploads\/2021\/08\/Collage-ISP-2021-Cierre_Portal.png","width":958,"height":588},{"@type":"BreadcrumbList","@id":"https:\/\/www.cetys.mx\/news\/cetys-international-summer-program-brings-together-more-than-300-students-and-professors-from-19-countries\/#breadcrumb","itemListElement":[{"@type":"ListItem","position":1,"name":"Portada","item":"https:\/\/www.cetys.mx\/news\/"},{"@type":"ListItem","position":2,"name":"CETYS International Summer Program brings together more than 300 students and professors from 19 countries"}]},{"@type":"WebSite","@id":"https:\/\/www.cetys.mx\/news\/#website","url":"https:\/\/www.cetys.mx\/news\/","name":"VoCETYS News","description":"","potentialAction":[{"@type":"SearchAction","target":{"@type":"EntryPoint","urlTemplate":"https:\/\/www.cetys.mx\/news\/?s={search_term_string}"},"query-input":{"@type":"PropertyValueSpecification","valueRequired":true,"valueName":"search_term_string"}}],"inLanguage":"es"},{"@type":"Person","@id":"https:\/\/www.cetys.mx\/news\/#\/schema\/person\/5c2de7add231d64c3122fabf2278024d","name":"CETYS Universidad","image":{"@type":"ImageObject","inLanguage":"es","@id":"https:\/\/secure.gravatar.com\/avatar\/8fe5694046099f8a2547149e0223ad2e5808df6e5883f7e1d97910125bbef68c?s=96&d=mm&r=g","url":"https:\/\/secure.gravatar.com\/avatar\/8fe5694046099f8a2547149e0223ad2e5808df6e5883f7e1d97910125bbef68c?s=96&d=mm&r=g","contentUrl":"https:\/\/secure.gravatar.com\/avatar\/8fe5694046099f8a2547149e0223ad2e5808df6e5883f7e1d97910125bbef68c?s=96&d=mm&r=g","caption":"CETYS Universidad"},"url":"https:\/\/www.cetys.mx\/news\/author\/alejandra-cardenas\/"}]}},"_links":{"self":[{"href":"https:\/\/www.cetys.mx\/news\/wp-json\/wp\/v2\/posts\/872","targetHints":{"allow":["GET"]}}],"collection":[{"href":"https:\/\/www.cetys.mx\/news\/wp-json\/wp\/v2\/posts"}],"about":[{"href":"https:\/\/www.cetys.mx\/news\/wp-json\/wp\/v2\/types\/post"}],"author":[{"embeddable":true,"href":"https:\/\/www.cetys.mx\/news\/wp-json\/wp\/v2\/users\/9"}],"replies":[{"embeddable":true,"href":"https:\/\/www.cetys.mx\/news\/wp-json\/wp\/v2\/comments?post=872"}],"version-history":[{"count":1,"href":"https:\/\/www.cetys.mx\/news\/wp-json\/wp\/v2\/posts\/872\/revisions"}],"predecessor-version":[{"id":874,"href":"https:\/\/www.cetys.mx\/news\/wp-json\/wp\/v2\/posts\/872\/revisions\/874"}],"wp:featuredmedia":[{"embeddable":true,"href":"https:\/\/www.cetys.mx\/news\/wp-json\/wp\/v2\/media\/873"}],"wp:attachment":[{"href":"https:\/\/www.cetys.mx\/news\/wp-json\/wp\/v2\/media?parent=872"}],"wp:term":[{"taxonomy":"category","embeddable":true,"href":"https:\/\/www.cetys.mx\/news\/wp-json\/wp\/v2\/categories?post=872"},{"taxonomy":"post_tag","embeddable":true,"href":"https:\/\/www.cetys.mx\/news\/wp-json\/wp\/v2\/tags?post=872"}],"curies":[{"name":"wp","href":"https:\/\/api.w.org\/{rel}","templated":true}]}}