{"id":607,"date":"2019-11-05T23:58:20","date_gmt":"2019-11-05T23:58:20","guid":{"rendered":"https:\/\/www.cetys.mx\/news\/?p=607"},"modified":"2020-03-19T04:46:10","modified_gmt":"2020-03-19T04:46:10","slug":"cetys-board-strengthens-partnerships-in-nevada","status":"publish","type":"post","link":"https:\/\/www.cetys.mx\/news\/cetys-board-strengthens-partnerships-in-nevada\/","title":{"rendered":"CETYS\u2019 Board strengthens partnerships in Nevada"},"content":{"rendered":"<p><span style=\"font-weight: 400;\">With the purpose of learning about the best practices in higher education and collaborative work between universities and the industry, members of the <strong>Instituto Educativo del Noroeste, A. C. (IENAC)<\/strong>, and Directives of <span style=\"color: #808000;\"><a style=\"color: #808000;\" href=\"https:\/\/www.cetys.mx\/en\/\">CETYS Universit<\/a>y<\/span>, visited the <span style=\"color: #808000;\"><a style=\"color: #808000;\" href=\"https:\/\/www.unr.edu\/\">University of Nevada, Campuses Reno<\/a> <\/span>and<span style=\"color: #808000;\"> <a style=\"color: #808000;\" href=\"https:\/\/www.unlv.edu\/\">Las Vegas<\/a><\/span>, as well as\u00a0 the <span style=\"color: #808000;\"><a style=\"color: #808000;\" href=\"https:\/\/www.innevation.com\/\">Innevation Center<\/a>,<\/span> the <span style=\"color: #808000;\"><a style=\"color: #808000;\" href=\"https:\/\/www.dri.edu\/\">Desert Research Institut<\/a>e<\/span>, the <a href=\"http:\/\/unlvtechpark.com\/\"><span style=\"color: #808000;\">Harry Reid<\/span> <\/a><\/span><span style=\"font-weight: 400;\">Research &amp; Technology Park, Tesla and Panasonic facilities.<\/span><\/p>\n<p><span style=\"font-weight: 400;\">At the <strong>University of Nevada, Reno, President Dr. Marc Johnson<\/strong> and his team received the members of the board, where they had the opportunity to learn about research projects on autonomous robotics, energy storage, as well as renewable energies, such as geothermal and water use.<\/span><\/p>\n<p><img loading=\"lazy\" decoding=\"async\" class=\" wp-image-612 aligncenter\" src=\"https:\/\/www.cetys.mx\/news\/wp-content\/uploads\/2019\/11\/Rector\u00eda-Universidad-de-Nevada-Reno.jpg\" alt=\"\" width=\"754\" height=\"501\" srcset=\"https:\/\/www.cetys.mx\/news\/wp-content\/uploads\/2019\/11\/Rector\u00eda-Universidad-de-Nevada-Reno.jpg 958w, https:\/\/www.cetys.mx\/news\/wp-content\/uploads\/2019\/11\/Rector\u00eda-Universidad-de-Nevada-Reno-768x511.jpg 768w\" sizes=\"auto, (max-width: 754px) 100vw, 754px\" \/><\/p>\n<p><span style=\"font-weight: 400;\">After that, they attended the <strong>Innevation Center<\/strong>, a collaborative workspace and community event venue driving Nevada\u2019s new innovation economy, where the UNR students have the resources and guidance for development in diverse projects.<\/span><\/p>\n<p><img loading=\"lazy\" decoding=\"async\" class=\"aligncenter wp-image-610\" src=\"https:\/\/www.cetys.mx\/news\/wp-content\/uploads\/2019\/11\/Innevation.jpg\" alt=\"foto junta\" width=\"760\" height=\"506\" srcset=\"https:\/\/www.cetys.mx\/news\/wp-content\/uploads\/2019\/11\/Innevation.jpg 958w, https:\/\/www.cetys.mx\/news\/wp-content\/uploads\/2019\/11\/Innevation-768x511.jpg 768w\" sizes=\"auto, (max-width: 760px) 100vw, 760px\" \/><\/p>\n<p><span style=\"font-weight: 400;\">In their visit to the <strong>Gigafactory of Tesla and Panasonic \u0301s facilities<\/strong>, the board members of IENAC and CETYS Directives, had met with the staff in charge of the student\u2019s internships, in order to know about the opportunities available for students of CETYS University to be part of this project.<\/span><\/p>\n<p><img loading=\"lazy\" decoding=\"async\" class=\"aligncenter wp-image-613\" src=\"https:\/\/www.cetys.mx\/news\/wp-content\/uploads\/2019\/11\/Tesla.jpg\" alt=\"foto factory\" width=\"596\" height=\"597\" srcset=\"https:\/\/www.cetys.mx\/news\/wp-content\/uploads\/2019\/11\/Tesla.jpg 1280w, https:\/\/www.cetys.mx\/news\/wp-content\/uploads\/2019\/11\/Tesla-150x150.jpg 150w, https:\/\/www.cetys.mx\/news\/wp-content\/uploads\/2019\/11\/Tesla-768x768.jpg 768w, https:\/\/www.cetys.mx\/news\/wp-content\/uploads\/2019\/11\/Tesla-75x75.jpg 75w, https:\/\/www.cetys.mx\/news\/wp-content\/uploads\/2019\/11\/Tesla-300x300.jpg 300w\" sizes=\"auto, (max-width: 596px) 100vw, 596px\" \/><\/p>\n<p><span style=\"font-weight: 400;\">Moreover, <strong>Dr. Kumud Acharya, President of the Desert Research Institute (DRI)<\/strong> received the group in their facilities, where they get to know about research projects. As part of the visit, future collaborations between DRI and CETYS University were also discussing.<\/span><\/p>\n<p><img loading=\"lazy\" decoding=\"async\" class=\"aligncenter wp-image-609\" src=\"https:\/\/www.cetys.mx\/news\/wp-content\/uploads\/2019\/11\/DRI.jpg\" alt=\"foto members\" width=\"733\" height=\"487\" srcset=\"https:\/\/www.cetys.mx\/news\/wp-content\/uploads\/2019\/11\/DRI.jpg 4190w, https:\/\/www.cetys.mx\/news\/wp-content\/uploads\/2019\/11\/DRI-768x511.jpg 768w\" sizes=\"auto, (max-width: 733px) 100vw, 733px\" \/><\/p>\n<p><span style=\"font-weight: 400;\">On the last day of activities, the board members of IENAC and CETYS Directives went to <strong>University of Nevada, Las Vegas,<\/strong> where they learn about the academic programs of the Campus, such as Liberal Arts, Hospitality and students leadership, \u201cHonors College\u201d. After that, the group went to the <strong>Harry Reid Research &amp; Technology Park<\/strong>, a technological center where companies develop diverse projects with the help of <strong>UNLV.<\/strong><\/span><\/p>\n<p><span style=\"font-weight: 400;\">As part of the visit, <strong>Dr. Fernando Le\u00f3n Garc\u00eda, President of CETYS University, and Dr. Marta Meana, President of UNLV,<\/strong> firmed an agreement of collaboration for future work between institutions.<\/span><\/p>\n<p><img loading=\"lazy\" decoding=\"async\" class=\"aligncenter wp-image-611\" src=\"https:\/\/www.cetys.mx\/news\/wp-content\/uploads\/2019\/11\/Las-Vegas.jpg\" alt=\"foto members\" width=\"450\" height=\"677\" \/><\/p>\n<p><span style=\"font-weight: 400;\"><strong>The visit to Nevada was led by the President of IENAC, Mr. Gustavo Vild\u00f3sola Ramos, and Dr. Fernando Le\u00f3n Garc\u00eda,<\/strong> with the presence of board members of IENAC, Directives and Vice-presidents of CETYS University.<\/span><\/p>\n<p><span style=\"font-weight: 400;\">Like other years, <strong>the board members of IENAC<\/strong> visited higher education institutions, with the purpose of creating new partnerships between universities located in the USA. Some of the past visits, have been in the cities of Seattle, Boston, San Francisco and Claremont.<\/span><\/p>\n<p>&nbsp;<\/p>\n<p>&nbsp;<\/p>\n","protected":false},"excerpt":{"rendered":"<p>With the purpose of learning about the best practices in higher education and collaborative work between universities and the industry, members of&#8230;<\/p>\n","protected":false},"author":9,"featured_media":608,"comment_status":"open","ping_status":"open","sticky":false,"template":"","format":"standard","meta":{"footnotes":""},"categories":[6],"tags":[37,38,39],"class_list":["post-607","post","type-post","status-publish","format-standard","has-post-thumbnail","hentry","category-international","tag-ienac","tag-university-of-nevada","tag-university-of-reno"],"yoast_head":"<!-- This site is optimized with the Yoast SEO plugin v27.4 - https:\/\/yoast.com\/product\/yoast-seo-wordpress\/ -->\n<title>CETYS\u2019 Board strengthens partnerships in Nevada - VoCETYS News<\/title>\n<meta name=\"description\" content=\"Artitle CETYS\u2019 Board strengthens partnerships in Nevada -\" \/>\n<meta name=\"robots\" content=\"noindex, follow, max-snippet:-1, max-image-preview:large, max-video-preview:-1\" \/>\n<meta property=\"og:locale\" content=\"es_ES\" \/>\n<meta property=\"og:type\" content=\"article\" \/>\n<meta property=\"og:title\" content=\"CETYS\u2019 Board strengthens partnerships in Nevada - VoCETYS News\" \/>\n<meta property=\"og:description\" content=\"Artitle CETYS\u2019 Board strengthens partnerships in Nevada -\" \/>\n<meta property=\"og:url\" content=\"https:\/\/www.cetys.mx\/news\/cetys-board-strengthens-partnerships-in-nevada\/\" \/>\n<meta property=\"og:site_name\" content=\"VoCETYS News\" \/>\n<meta property=\"article:published_time\" content=\"2019-11-05T23:58:20+00:00\" \/>\n<meta property=\"article:modified_time\" content=\"2020-03-19T04:46:10+00:00\" \/>\n<meta property=\"og:image\" content=\"https:\/\/www.cetys.mx\/news\/wp-content\/uploads\/2019\/11\/1.jpg\" \/>\n\t<meta property=\"og:image:width\" content=\"4320\" \/>\n\t<meta property=\"og:image:height\" content=\"2872\" \/>\n\t<meta property=\"og:image:type\" content=\"image\/jpeg\" \/>\n<meta name=\"author\" content=\"CETYS Universidad\" \/>\n<meta name=\"twitter:card\" content=\"summary_large_image\" \/>\n<meta name=\"twitter:label1\" content=\"Escrito por\" \/>\n\t<meta name=\"twitter:data1\" content=\"CETYS Universidad\" \/>\n\t<meta name=\"twitter:label2\" content=\"Tiempo de lectura\" \/>\n\t<meta name=\"twitter:data2\" content=\"2 minutos\" \/>\n<script type=\"application\/ld+json\" class=\"yoast-schema-graph\">{\"@context\":\"https:\\\/\\\/schema.org\",\"@graph\":[{\"@type\":\"Article\",\"@id\":\"https:\\\/\\\/www.cetys.mx\\\/news\\\/cetys-board-strengthens-partnerships-in-nevada\\\/#article\",\"isPartOf\":{\"@id\":\"https:\\\/\\\/www.cetys.mx\\\/news\\\/cetys-board-strengthens-partnerships-in-nevada\\\/\"},\"author\":{\"name\":\"CETYS Universidad\",\"@id\":\"https:\\\/\\\/www.cetys.mx\\\/news\\\/#\\\/schema\\\/person\\\/5c2de7add231d64c3122fabf2278024d\"},\"headline\":\"CETYS\u2019 Board strengthens partnerships in Nevada\",\"datePublished\":\"2019-11-05T23:58:20+00:00\",\"dateModified\":\"2020-03-19T04:46:10+00:00\",\"mainEntityOfPage\":{\"@id\":\"https:\\\/\\\/www.cetys.mx\\\/news\\\/cetys-board-strengthens-partnerships-in-nevada\\\/\"},\"wordCount\":422,\"commentCount\":0,\"image\":{\"@id\":\"https:\\\/\\\/www.cetys.mx\\\/news\\\/cetys-board-strengthens-partnerships-in-nevada\\\/#primaryimage\"},\"thumbnailUrl\":\"https:\\\/\\\/www.cetys.mx\\\/news\\\/wp-content\\\/uploads\\\/2019\\\/11\\\/1.jpg\",\"keywords\":[\"IENAC\",\"University of Nevada\",\"University of Reno\"],\"articleSection\":[\"International\"],\"inLanguage\":\"es\",\"potentialAction\":[{\"@type\":\"CommentAction\",\"name\":\"Comment\",\"target\":[\"https:\\\/\\\/www.cetys.mx\\\/news\\\/cetys-board-strengthens-partnerships-in-nevada\\\/#respond\"]}]},{\"@type\":\"WebPage\",\"@id\":\"https:\\\/\\\/www.cetys.mx\\\/news\\\/cetys-board-strengthens-partnerships-in-nevada\\\/\",\"url\":\"https:\\\/\\\/www.cetys.mx\\\/news\\\/cetys-board-strengthens-partnerships-in-nevada\\\/\",\"name\":\"CETYS\u2019 Board strengthens partnerships in Nevada - VoCETYS News\",\"isPartOf\":{\"@id\":\"https:\\\/\\\/www.cetys.mx\\\/news\\\/#website\"},\"primaryImageOfPage\":{\"@id\":\"https:\\\/\\\/www.cetys.mx\\\/news\\\/cetys-board-strengthens-partnerships-in-nevada\\\/#primaryimage\"},\"image\":{\"@id\":\"https:\\\/\\\/www.cetys.mx\\\/news\\\/cetys-board-strengthens-partnerships-in-nevada\\\/#primaryimage\"},\"thumbnailUrl\":\"https:\\\/\\\/www.cetys.mx\\\/news\\\/wp-content\\\/uploads\\\/2019\\\/11\\\/1.jpg\",\"datePublished\":\"2019-11-05T23:58:20+00:00\",\"dateModified\":\"2020-03-19T04:46:10+00:00\",\"author\":{\"@id\":\"https:\\\/\\\/www.cetys.mx\\\/news\\\/#\\\/schema\\\/person\\\/5c2de7add231d64c3122fabf2278024d\"},\"description\":\"Artitle CETYS\u2019 Board strengthens partnerships in Nevada -\",\"breadcrumb\":{\"@id\":\"https:\\\/\\\/www.cetys.mx\\\/news\\\/cetys-board-strengthens-partnerships-in-nevada\\\/#breadcrumb\"},\"inLanguage\":\"es\",\"potentialAction\":[{\"@type\":\"ReadAction\",\"target\":[\"https:\\\/\\\/www.cetys.mx\\\/news\\\/cetys-board-strengthens-partnerships-in-nevada\\\/\"]}]},{\"@type\":\"ImageObject\",\"inLanguage\":\"es\",\"@id\":\"https:\\\/\\\/www.cetys.mx\\\/news\\\/cetys-board-strengthens-partnerships-in-nevada\\\/#primaryimage\",\"url\":\"https:\\\/\\\/www.cetys.mx\\\/news\\\/wp-content\\\/uploads\\\/2019\\\/11\\\/1.jpg\",\"contentUrl\":\"https:\\\/\\\/www.cetys.mx\\\/news\\\/wp-content\\\/uploads\\\/2019\\\/11\\\/1.jpg\",\"width\":4320,\"height\":2872,\"caption\":\"The board Members of IENAC in the University of Nevada, Reno.\"},{\"@type\":\"BreadcrumbList\",\"@id\":\"https:\\\/\\\/www.cetys.mx\\\/news\\\/cetys-board-strengthens-partnerships-in-nevada\\\/#breadcrumb\",\"itemListElement\":[{\"@type\":\"ListItem\",\"position\":1,\"name\":\"Portada\",\"item\":\"https:\\\/\\\/www.cetys.mx\\\/news\\\/\"},{\"@type\":\"ListItem\",\"position\":2,\"name\":\"CETYS\u2019 Board strengthens partnerships in Nevada\"}]},{\"@type\":\"WebSite\",\"@id\":\"https:\\\/\\\/www.cetys.mx\\\/news\\\/#website\",\"url\":\"https:\\\/\\\/www.cetys.mx\\\/news\\\/\",\"name\":\"VoCETYS News\",\"description\":\"\",\"potentialAction\":[{\"@type\":\"SearchAction\",\"target\":{\"@type\":\"EntryPoint\",\"urlTemplate\":\"https:\\\/\\\/www.cetys.mx\\\/news\\\/?s={search_term_string}\"},\"query-input\":{\"@type\":\"PropertyValueSpecification\",\"valueRequired\":true,\"valueName\":\"search_term_string\"}}],\"inLanguage\":\"es\"},{\"@type\":\"Person\",\"@id\":\"https:\\\/\\\/www.cetys.mx\\\/news\\\/#\\\/schema\\\/person\\\/5c2de7add231d64c3122fabf2278024d\",\"name\":\"CETYS Universidad\",\"image\":{\"@type\":\"ImageObject\",\"inLanguage\":\"es\",\"@id\":\"https:\\\/\\\/secure.gravatar.com\\\/avatar\\\/8fe5694046099f8a2547149e0223ad2e5808df6e5883f7e1d97910125bbef68c?s=96&d=mm&r=g\",\"url\":\"https:\\\/\\\/secure.gravatar.com\\\/avatar\\\/8fe5694046099f8a2547149e0223ad2e5808df6e5883f7e1d97910125bbef68c?s=96&d=mm&r=g\",\"contentUrl\":\"https:\\\/\\\/secure.gravatar.com\\\/avatar\\\/8fe5694046099f8a2547149e0223ad2e5808df6e5883f7e1d97910125bbef68c?s=96&d=mm&r=g\",\"caption\":\"CETYS Universidad\"},\"url\":\"https:\\\/\\\/www.cetys.mx\\\/news\\\/author\\\/alejandra-cardenas\\\/\"}]}<\/script>\n<!-- \/ Yoast SEO plugin. -->","yoast_head_json":{"title":"CETYS\u2019 Board strengthens partnerships in Nevada - VoCETYS News","description":"Artitle CETYS\u2019 Board strengthens partnerships in Nevada -","robots":{"index":"noindex","follow":"follow","max-snippet":"max-snippet:-1","max-image-preview":"max-image-preview:large","max-video-preview":"max-video-preview:-1"},"og_locale":"es_ES","og_type":"article","og_title":"CETYS\u2019 Board strengthens partnerships in Nevada - VoCETYS News","og_description":"Artitle CETYS\u2019 Board strengthens partnerships in Nevada -","og_url":"https:\/\/www.cetys.mx\/news\/cetys-board-strengthens-partnerships-in-nevada\/","og_site_name":"VoCETYS News","article_published_time":"2019-11-05T23:58:20+00:00","article_modified_time":"2020-03-19T04:46:10+00:00","og_image":[{"width":4320,"height":2872,"url":"https:\/\/www.cetys.mx\/news\/wp-content\/uploads\/2019\/11\/1.jpg","type":"image\/jpeg"}],"author":"CETYS Universidad","twitter_card":"summary_large_image","twitter_misc":{"Escrito por":"CETYS Universidad","Tiempo de lectura":"2 minutos"},"schema":{"@context":"https:\/\/schema.org","@graph":[{"@type":"Article","@id":"https:\/\/www.cetys.mx\/news\/cetys-board-strengthens-partnerships-in-nevada\/#article","isPartOf":{"@id":"https:\/\/www.cetys.mx\/news\/cetys-board-strengthens-partnerships-in-nevada\/"},"author":{"name":"CETYS Universidad","@id":"https:\/\/www.cetys.mx\/news\/#\/schema\/person\/5c2de7add231d64c3122fabf2278024d"},"headline":"CETYS\u2019 Board strengthens partnerships in Nevada","datePublished":"2019-11-05T23:58:20+00:00","dateModified":"2020-03-19T04:46:10+00:00","mainEntityOfPage":{"@id":"https:\/\/www.cetys.mx\/news\/cetys-board-strengthens-partnerships-in-nevada\/"},"wordCount":422,"commentCount":0,"image":{"@id":"https:\/\/www.cetys.mx\/news\/cetys-board-strengthens-partnerships-in-nevada\/#primaryimage"},"thumbnailUrl":"https:\/\/www.cetys.mx\/news\/wp-content\/uploads\/2019\/11\/1.jpg","keywords":["IENAC","University of Nevada","University of Reno"],"articleSection":["International"],"inLanguage":"es","potentialAction":[{"@type":"CommentAction","name":"Comment","target":["https:\/\/www.cetys.mx\/news\/cetys-board-strengthens-partnerships-in-nevada\/#respond"]}]},{"@type":"WebPage","@id":"https:\/\/www.cetys.mx\/news\/cetys-board-strengthens-partnerships-in-nevada\/","url":"https:\/\/www.cetys.mx\/news\/cetys-board-strengthens-partnerships-in-nevada\/","name":"CETYS\u2019 Board strengthens partnerships in Nevada - VoCETYS News","isPartOf":{"@id":"https:\/\/www.cetys.mx\/news\/#website"},"primaryImageOfPage":{"@id":"https:\/\/www.cetys.mx\/news\/cetys-board-strengthens-partnerships-in-nevada\/#primaryimage"},"image":{"@id":"https:\/\/www.cetys.mx\/news\/cetys-board-strengthens-partnerships-in-nevada\/#primaryimage"},"thumbnailUrl":"https:\/\/www.cetys.mx\/news\/wp-content\/uploads\/2019\/11\/1.jpg","datePublished":"2019-11-05T23:58:20+00:00","dateModified":"2020-03-19T04:46:10+00:00","author":{"@id":"https:\/\/www.cetys.mx\/news\/#\/schema\/person\/5c2de7add231d64c3122fabf2278024d"},"description":"Artitle CETYS\u2019 Board strengthens partnerships in Nevada -","breadcrumb":{"@id":"https:\/\/www.cetys.mx\/news\/cetys-board-strengthens-partnerships-in-nevada\/#breadcrumb"},"inLanguage":"es","potentialAction":[{"@type":"ReadAction","target":["https:\/\/www.cetys.mx\/news\/cetys-board-strengthens-partnerships-in-nevada\/"]}]},{"@type":"ImageObject","inLanguage":"es","@id":"https:\/\/www.cetys.mx\/news\/cetys-board-strengthens-partnerships-in-nevada\/#primaryimage","url":"https:\/\/www.cetys.mx\/news\/wp-content\/uploads\/2019\/11\/1.jpg","contentUrl":"https:\/\/www.cetys.mx\/news\/wp-content\/uploads\/2019\/11\/1.jpg","width":4320,"height":2872,"caption":"The board Members of IENAC in the University of Nevada, Reno."},{"@type":"BreadcrumbList","@id":"https:\/\/www.cetys.mx\/news\/cetys-board-strengthens-partnerships-in-nevada\/#breadcrumb","itemListElement":[{"@type":"ListItem","position":1,"name":"Portada","item":"https:\/\/www.cetys.mx\/news\/"},{"@type":"ListItem","position":2,"name":"CETYS\u2019 Board strengthens partnerships in Nevada"}]},{"@type":"WebSite","@id":"https:\/\/www.cetys.mx\/news\/#website","url":"https:\/\/www.cetys.mx\/news\/","name":"VoCETYS News","description":"","potentialAction":[{"@type":"SearchAction","target":{"@type":"EntryPoint","urlTemplate":"https:\/\/www.cetys.mx\/news\/?s={search_term_string}"},"query-input":{"@type":"PropertyValueSpecification","valueRequired":true,"valueName":"search_term_string"}}],"inLanguage":"es"},{"@type":"Person","@id":"https:\/\/www.cetys.mx\/news\/#\/schema\/person\/5c2de7add231d64c3122fabf2278024d","name":"CETYS Universidad","image":{"@type":"ImageObject","inLanguage":"es","@id":"https:\/\/secure.gravatar.com\/avatar\/8fe5694046099f8a2547149e0223ad2e5808df6e5883f7e1d97910125bbef68c?s=96&d=mm&r=g","url":"https:\/\/secure.gravatar.com\/avatar\/8fe5694046099f8a2547149e0223ad2e5808df6e5883f7e1d97910125bbef68c?s=96&d=mm&r=g","contentUrl":"https:\/\/secure.gravatar.com\/avatar\/8fe5694046099f8a2547149e0223ad2e5808df6e5883f7e1d97910125bbef68c?s=96&d=mm&r=g","caption":"CETYS Universidad"},"url":"https:\/\/www.cetys.mx\/news\/author\/alejandra-cardenas\/"}]}},"_links":{"self":[{"href":"https:\/\/www.cetys.mx\/news\/wp-json\/wp\/v2\/posts\/607","targetHints":{"allow":["GET"]}}],"collection":[{"href":"https:\/\/www.cetys.mx\/news\/wp-json\/wp\/v2\/posts"}],"about":[{"href":"https:\/\/www.cetys.mx\/news\/wp-json\/wp\/v2\/types\/post"}],"author":[{"embeddable":true,"href":"https:\/\/www.cetys.mx\/news\/wp-json\/wp\/v2\/users\/9"}],"replies":[{"embeddable":true,"href":"https:\/\/www.cetys.mx\/news\/wp-json\/wp\/v2\/comments?post=607"}],"version-history":[{"count":4,"href":"https:\/\/www.cetys.mx\/news\/wp-json\/wp\/v2\/posts\/607\/revisions"}],"predecessor-version":[{"id":752,"href":"https:\/\/www.cetys.mx\/news\/wp-json\/wp\/v2\/posts\/607\/revisions\/752"}],"wp:featuredmedia":[{"embeddable":true,"href":"https:\/\/www.cetys.mx\/news\/wp-json\/wp\/v2\/media\/608"}],"wp:attachment":[{"href":"https:\/\/www.cetys.mx\/news\/wp-json\/wp\/v2\/media?parent=607"}],"wp:term":[{"taxonomy":"category","embeddable":true,"href":"https:\/\/www.cetys.mx\/news\/wp-json\/wp\/v2\/categories?post=607"},{"taxonomy":"post_tag","embeddable":true,"href":"https:\/\/www.cetys.mx\/news\/wp-json\/wp\/v2\/tags?post=607"}],"curies":[{"name":"wp","href":"https:\/\/api.w.org\/{rel}","templated":true}]}}