{"id":549,"date":"2019-08-30T15:48:49","date_gmt":"2019-08-30T15:48:49","guid":{"rendered":"https:\/\/www.cetys.mx\/news\/?p=549"},"modified":"2020-03-19T04:56:07","modified_gmt":"2020-03-19T04:56:07","slug":"cetys-graduates-receive-national-leadership-distinction-for-their-commitment-to-mexico-and-higher-education","status":"publish","type":"post","link":"https:\/\/www.cetys.mx\/news\/cetys-graduates-receive-national-leadership-distinction-for-their-commitment-to-mexico-and-higher-education\/","title":{"rendered":"CETYS\u2019 GRADUATES RECEIVE NATIONAL LEADERSHIP DISTINCTION FOR THEIR COMMITMENT TO MEXICO AND HIGHER EDUCATION"},"content":{"rendered":"<h3 style=\"text-align: center;\"><span style=\"font-weight: 400;\">Gustavo de Hoyos Walther, COPARMEX president and Fernando Le\u00f3n Garc\u00eda, President of CETYS University, are among \u201cThe 300 Mexican leaders\u201d.<\/span><\/h3>\n<p>&nbsp;<\/p>\n<p><span style=\"font-weight: 400;\">Every year, in an effort to recognize the experience of leading figures in 14 categories, the prestigious \u201cL\u00edderes Mexicanos\u201d magazine presents a list of <strong>\u201cThe 300 Most Influential Leaders in Mexico\u201d<\/strong>. The categories are: Science, culture, sports, entrepreneurship, entertainment, international, opinion leader, media, civil society organizations, executive power, legislative power, judiciary power, politics, and professionals.<\/span><\/p>\n<p><span style=\"font-weight: 400;\">The magazine announced the names for 2018, and two Cetys University alumni have been recognized. Gustavo de Hoyos Walther who graduated from the Bachelor of Business Administration and holding Specialty as well as Masters in Corporate and International Law degrees from CETYS University. He is currently President of COPARMEX, the leading business organization in Mexico. It ranks 73rd on the list in the category of civil society organizations.\u00a0<\/span><\/p>\n<p><span style=\"font-weight: 400;\">Fernando Le\u00f3n Garc\u00eda, a graduate of Industrial Engineering and President of CETYS University, who holds a Ph.D. from Stanford University, occupies the 176th place in the list within the same category.<\/span><\/p>\n<p><span style=\"font-weight: 400;\">This is yet another testament to the leadership of CETYS graduates, who stand out nationally and internationally for their active involvement in projects that trigger the development of their regions and communities. CETYS celebrates the recognition of these two graduates who have been chosen by this prestigious publication.<\/span><\/p>\n<p><span style=\"font-weight: 400;\">The publication notes that Gustavo de Hoyos has been a board member of Infonavit, Nafin, INADEM, Bancomext, and Infonacot, all major agencies of the Mexican Federal Government, and has written for major newspapers and magazines such as Reforma, Exc\u00e9lsior, El Universal, El Sol de M\u00e9xico, and Proceso. He has demonstrated an unwavering interest in and support to education and entrepreneurship for young people.<\/span><\/p>\n<p><span style=\"font-weight: 400;\">Regarding Dr. Le\u00f3n Garc\u00eda, the magazine points out that he significantly improved the positioning, recognition, and integration of CETYS University in key organizations such as the American Council on Education. He has been the academic leader of a global series of programs, campuses and extensions in Europe, Asia, and Latin America.<\/span><span style=\"font-weight: 400;\"><br \/>\n<\/span><\/p>\n<p><span style=\"font-weight: 400;\">Among the 300 leaders included in the 2018 list, 6 are in charge of the rectories of academic institutions nationwide, these being: Salvador Alba G\u00f3mez, Technological Institute of Higher Studies of Monterrey; Arturo Manuel Fern\u00e1ndez P\u00e9rez, Autonomous Technological Institute of Mexico (ITAM); Enrique Graue Wiechers, National Autonomous University of Mexico (UNAM); Fernando Le\u00f3n Garc\u00eda, CETYS; Jos\u00e9 Antonio Lozano D\u00edez, UP-IPADE System; and Cipriano S\u00e1nchez Garc\u00eda, Universidad An\u00e1huac M\u00e9xico.<\/span><\/p>\n","protected":false},"excerpt":{"rendered":"<p>Gustavo de Hoyos Walther, COPARMEX president and Fernando Le\u00f3n Garc\u00eda, President of CETYS University, are among \u201cThe 300 Mexican leaders\u201d. &nbsp; Every&#8230;<\/p>\n","protected":false},"author":4,"featured_media":550,"comment_status":"open","ping_status":"open","sticky":false,"template":"","format":"standard","meta":{"footnotes":""},"categories":[4],"tags":[],"class_list":["post-549","post","type-post","status-publish","format-standard","has-post-thumbnail","hentry","category-alumni"],"yoast_head":"<!-- This site is optimized with the Yoast SEO plugin v27.4 - https:\/\/yoast.com\/product\/yoast-seo-wordpress\/ -->\n<title>CETYS\u2019 GRADUATES RECEIVE NATIONAL LEADERSHIP DISTINCTION FOR THEIR COMMITMENT TO MEXICO AND HIGHER EDUCATION - VoCETYS News<\/title>\n<meta name=\"description\" content=\"Artitle CETYS\u2019 GRADUATES RECEIVE NATIONAL LEADERSHIP DISTINCTION FOR THEIR COMMITMENT TO MEXICO AND HIGHER EDUCATION -\" \/>\n<meta name=\"robots\" content=\"noindex, follow, max-snippet:-1, max-image-preview:large, max-video-preview:-1\" \/>\n<meta property=\"og:locale\" content=\"es_ES\" \/>\n<meta property=\"og:type\" content=\"article\" \/>\n<meta property=\"og:title\" content=\"CETYS\u2019 GRADUATES RECEIVE NATIONAL LEADERSHIP DISTINCTION FOR THEIR COMMITMENT TO MEXICO AND HIGHER EDUCATION - VoCETYS News\" \/>\n<meta property=\"og:description\" content=\"Artitle CETYS\u2019 GRADUATES RECEIVE NATIONAL LEADERSHIP DISTINCTION FOR THEIR COMMITMENT TO MEXICO AND HIGHER EDUCATION -\" \/>\n<meta property=\"og:url\" content=\"https:\/\/www.cetys.mx\/news\/cetys-graduates-receive-national-leadership-distinction-for-their-commitment-to-mexico-and-higher-education\/\" \/>\n<meta property=\"og:site_name\" content=\"VoCETYS News\" \/>\n<meta property=\"article:published_time\" content=\"2019-08-30T15:48:49+00:00\" \/>\n<meta property=\"article:modified_time\" content=\"2020-03-19T04:56:07+00:00\" \/>\n<meta property=\"og:image\" content=\"https:\/\/www.cetys.mx\/news\/wp-content\/uploads\/2019\/08\/CLH.jpg\" \/>\n\t<meta property=\"og:image:width\" content=\"958\" \/>\n\t<meta property=\"og:image:height\" content=\"637\" \/>\n\t<meta property=\"og:image:type\" content=\"image\/jpeg\" \/>\n<meta name=\"author\" content=\"CETYS University\" \/>\n<meta name=\"twitter:card\" content=\"summary_large_image\" \/>\n<meta name=\"twitter:label1\" content=\"Escrito por\" \/>\n\t<meta name=\"twitter:data1\" content=\"CETYS University\" \/>\n\t<meta name=\"twitter:label2\" content=\"Tiempo de lectura\" \/>\n\t<meta name=\"twitter:data2\" content=\"2 minutos\" \/>\n<script type=\"application\/ld+json\" class=\"yoast-schema-graph\">{\"@context\":\"https:\\\/\\\/schema.org\",\"@graph\":[{\"@type\":\"Article\",\"@id\":\"https:\\\/\\\/www.cetys.mx\\\/news\\\/cetys-graduates-receive-national-leadership-distinction-for-their-commitment-to-mexico-and-higher-education\\\/#article\",\"isPartOf\":{\"@id\":\"https:\\\/\\\/www.cetys.mx\\\/news\\\/cetys-graduates-receive-national-leadership-distinction-for-their-commitment-to-mexico-and-higher-education\\\/\"},\"author\":{\"name\":\"CETYS University\",\"@id\":\"https:\\\/\\\/www.cetys.mx\\\/news\\\/#\\\/schema\\\/person\\\/8a2f07d3f6fde0b0fd6ebc0c109f616d\"},\"headline\":\"CETYS\u2019 GRADUATES RECEIVE NATIONAL LEADERSHIP DISTINCTION FOR THEIR COMMITMENT TO MEXICO AND HIGHER EDUCATION\",\"datePublished\":\"2019-08-30T15:48:49+00:00\",\"dateModified\":\"2020-03-19T04:56:07+00:00\",\"mainEntityOfPage\":{\"@id\":\"https:\\\/\\\/www.cetys.mx\\\/news\\\/cetys-graduates-receive-national-leadership-distinction-for-their-commitment-to-mexico-and-higher-education\\\/\"},\"wordCount\":432,\"commentCount\":0,\"image\":{\"@id\":\"https:\\\/\\\/www.cetys.mx\\\/news\\\/cetys-graduates-receive-national-leadership-distinction-for-their-commitment-to-mexico-and-higher-education\\\/#primaryimage\"},\"thumbnailUrl\":\"https:\\\/\\\/www.cetys.mx\\\/news\\\/wp-content\\\/uploads\\\/2019\\\/08\\\/CLH.jpg\",\"articleSection\":[\"Alumni\"],\"inLanguage\":\"es\",\"potentialAction\":[{\"@type\":\"CommentAction\",\"name\":\"Comment\",\"target\":[\"https:\\\/\\\/www.cetys.mx\\\/news\\\/cetys-graduates-receive-national-leadership-distinction-for-their-commitment-to-mexico-and-higher-education\\\/#respond\"]}]},{\"@type\":\"WebPage\",\"@id\":\"https:\\\/\\\/www.cetys.mx\\\/news\\\/cetys-graduates-receive-national-leadership-distinction-for-their-commitment-to-mexico-and-higher-education\\\/\",\"url\":\"https:\\\/\\\/www.cetys.mx\\\/news\\\/cetys-graduates-receive-national-leadership-distinction-for-their-commitment-to-mexico-and-higher-education\\\/\",\"name\":\"CETYS\u2019 GRADUATES RECEIVE NATIONAL LEADERSHIP DISTINCTION FOR THEIR COMMITMENT TO MEXICO AND HIGHER EDUCATION - VoCETYS News\",\"isPartOf\":{\"@id\":\"https:\\\/\\\/www.cetys.mx\\\/news\\\/#website\"},\"primaryImageOfPage\":{\"@id\":\"https:\\\/\\\/www.cetys.mx\\\/news\\\/cetys-graduates-receive-national-leadership-distinction-for-their-commitment-to-mexico-and-higher-education\\\/#primaryimage\"},\"image\":{\"@id\":\"https:\\\/\\\/www.cetys.mx\\\/news\\\/cetys-graduates-receive-national-leadership-distinction-for-their-commitment-to-mexico-and-higher-education\\\/#primaryimage\"},\"thumbnailUrl\":\"https:\\\/\\\/www.cetys.mx\\\/news\\\/wp-content\\\/uploads\\\/2019\\\/08\\\/CLH.jpg\",\"datePublished\":\"2019-08-30T15:48:49+00:00\",\"dateModified\":\"2020-03-19T04:56:07+00:00\",\"author\":{\"@id\":\"https:\\\/\\\/www.cetys.mx\\\/news\\\/#\\\/schema\\\/person\\\/8a2f07d3f6fde0b0fd6ebc0c109f616d\"},\"description\":\"Artitle CETYS\u2019 GRADUATES RECEIVE NATIONAL LEADERSHIP DISTINCTION FOR THEIR COMMITMENT TO MEXICO AND HIGHER EDUCATION -\",\"breadcrumb\":{\"@id\":\"https:\\\/\\\/www.cetys.mx\\\/news\\\/cetys-graduates-receive-national-leadership-distinction-for-their-commitment-to-mexico-and-higher-education\\\/#breadcrumb\"},\"inLanguage\":\"es\",\"potentialAction\":[{\"@type\":\"ReadAction\",\"target\":[\"https:\\\/\\\/www.cetys.mx\\\/news\\\/cetys-graduates-receive-national-leadership-distinction-for-their-commitment-to-mexico-and-higher-education\\\/\"]}]},{\"@type\":\"ImageObject\",\"inLanguage\":\"es\",\"@id\":\"https:\\\/\\\/www.cetys.mx\\\/news\\\/cetys-graduates-receive-national-leadership-distinction-for-their-commitment-to-mexico-and-higher-education\\\/#primaryimage\",\"url\":\"https:\\\/\\\/www.cetys.mx\\\/news\\\/wp-content\\\/uploads\\\/2019\\\/08\\\/CLH.jpg\",\"contentUrl\":\"https:\\\/\\\/www.cetys.mx\\\/news\\\/wp-content\\\/uploads\\\/2019\\\/08\\\/CLH.jpg\",\"width\":958,\"height\":637,\"caption\":\"foto\"},{\"@type\":\"BreadcrumbList\",\"@id\":\"https:\\\/\\\/www.cetys.mx\\\/news\\\/cetys-graduates-receive-national-leadership-distinction-for-their-commitment-to-mexico-and-higher-education\\\/#breadcrumb\",\"itemListElement\":[{\"@type\":\"ListItem\",\"position\":1,\"name\":\"Portada\",\"item\":\"https:\\\/\\\/www.cetys.mx\\\/news\\\/\"},{\"@type\":\"ListItem\",\"position\":2,\"name\":\"CETYS\u2019 GRADUATES RECEIVE NATIONAL LEADERSHIP DISTINCTION FOR THEIR COMMITMENT TO MEXICO AND HIGHER EDUCATION\"}]},{\"@type\":\"WebSite\",\"@id\":\"https:\\\/\\\/www.cetys.mx\\\/news\\\/#website\",\"url\":\"https:\\\/\\\/www.cetys.mx\\\/news\\\/\",\"name\":\"VoCETYS News\",\"description\":\"\",\"potentialAction\":[{\"@type\":\"SearchAction\",\"target\":{\"@type\":\"EntryPoint\",\"urlTemplate\":\"https:\\\/\\\/www.cetys.mx\\\/news\\\/?s={search_term_string}\"},\"query-input\":{\"@type\":\"PropertyValueSpecification\",\"valueRequired\":true,\"valueName\":\"search_term_string\"}}],\"inLanguage\":\"es\"},{\"@type\":\"Person\",\"@id\":\"https:\\\/\\\/www.cetys.mx\\\/news\\\/#\\\/schema\\\/person\\\/8a2f07d3f6fde0b0fd6ebc0c109f616d\",\"name\":\"CETYS University\",\"image\":{\"@type\":\"ImageObject\",\"inLanguage\":\"es\",\"@id\":\"https:\\\/\\\/secure.gravatar.com\\\/avatar\\\/5eacf634a0cf136fa5c118563bd6c92729fc3b2d772797c13c6eb69ee4fa986d?s=96&d=mm&r=g\",\"url\":\"https:\\\/\\\/secure.gravatar.com\\\/avatar\\\/5eacf634a0cf136fa5c118563bd6c92729fc3b2d772797c13c6eb69ee4fa986d?s=96&d=mm&r=g\",\"contentUrl\":\"https:\\\/\\\/secure.gravatar.com\\\/avatar\\\/5eacf634a0cf136fa5c118563bd6c92729fc3b2d772797c13c6eb69ee4fa986d?s=96&d=mm&r=g\",\"caption\":\"CETYS University\"},\"url\":\"https:\\\/\\\/www.cetys.mx\\\/news\\\/author\\\/cetysuniversity\\\/\"}]}<\/script>\n<!-- \/ Yoast SEO plugin. -->","yoast_head_json":{"title":"CETYS\u2019 GRADUATES RECEIVE NATIONAL LEADERSHIP DISTINCTION FOR THEIR COMMITMENT TO MEXICO AND HIGHER EDUCATION - VoCETYS News","description":"Artitle CETYS\u2019 GRADUATES RECEIVE NATIONAL LEADERSHIP DISTINCTION FOR THEIR COMMITMENT TO MEXICO AND HIGHER EDUCATION -","robots":{"index":"noindex","follow":"follow","max-snippet":"max-snippet:-1","max-image-preview":"max-image-preview:large","max-video-preview":"max-video-preview:-1"},"og_locale":"es_ES","og_type":"article","og_title":"CETYS\u2019 GRADUATES RECEIVE NATIONAL LEADERSHIP DISTINCTION FOR THEIR COMMITMENT TO MEXICO AND HIGHER EDUCATION - VoCETYS News","og_description":"Artitle CETYS\u2019 GRADUATES RECEIVE NATIONAL LEADERSHIP DISTINCTION FOR THEIR COMMITMENT TO MEXICO AND HIGHER EDUCATION -","og_url":"https:\/\/www.cetys.mx\/news\/cetys-graduates-receive-national-leadership-distinction-for-their-commitment-to-mexico-and-higher-education\/","og_site_name":"VoCETYS News","article_published_time":"2019-08-30T15:48:49+00:00","article_modified_time":"2020-03-19T04:56:07+00:00","og_image":[{"width":958,"height":637,"url":"https:\/\/www.cetys.mx\/news\/wp-content\/uploads\/2019\/08\/CLH.jpg","type":"image\/jpeg"}],"author":"CETYS University","twitter_card":"summary_large_image","twitter_misc":{"Escrito por":"CETYS University","Tiempo de lectura":"2 minutos"},"schema":{"@context":"https:\/\/schema.org","@graph":[{"@type":"Article","@id":"https:\/\/www.cetys.mx\/news\/cetys-graduates-receive-national-leadership-distinction-for-their-commitment-to-mexico-and-higher-education\/#article","isPartOf":{"@id":"https:\/\/www.cetys.mx\/news\/cetys-graduates-receive-national-leadership-distinction-for-their-commitment-to-mexico-and-higher-education\/"},"author":{"name":"CETYS University","@id":"https:\/\/www.cetys.mx\/news\/#\/schema\/person\/8a2f07d3f6fde0b0fd6ebc0c109f616d"},"headline":"CETYS\u2019 GRADUATES RECEIVE NATIONAL LEADERSHIP DISTINCTION FOR THEIR COMMITMENT TO MEXICO AND HIGHER EDUCATION","datePublished":"2019-08-30T15:48:49+00:00","dateModified":"2020-03-19T04:56:07+00:00","mainEntityOfPage":{"@id":"https:\/\/www.cetys.mx\/news\/cetys-graduates-receive-national-leadership-distinction-for-their-commitment-to-mexico-and-higher-education\/"},"wordCount":432,"commentCount":0,"image":{"@id":"https:\/\/www.cetys.mx\/news\/cetys-graduates-receive-national-leadership-distinction-for-their-commitment-to-mexico-and-higher-education\/#primaryimage"},"thumbnailUrl":"https:\/\/www.cetys.mx\/news\/wp-content\/uploads\/2019\/08\/CLH.jpg","articleSection":["Alumni"],"inLanguage":"es","potentialAction":[{"@type":"CommentAction","name":"Comment","target":["https:\/\/www.cetys.mx\/news\/cetys-graduates-receive-national-leadership-distinction-for-their-commitment-to-mexico-and-higher-education\/#respond"]}]},{"@type":"WebPage","@id":"https:\/\/www.cetys.mx\/news\/cetys-graduates-receive-national-leadership-distinction-for-their-commitment-to-mexico-and-higher-education\/","url":"https:\/\/www.cetys.mx\/news\/cetys-graduates-receive-national-leadership-distinction-for-their-commitment-to-mexico-and-higher-education\/","name":"CETYS\u2019 GRADUATES RECEIVE NATIONAL LEADERSHIP DISTINCTION FOR THEIR COMMITMENT TO MEXICO AND HIGHER EDUCATION - VoCETYS News","isPartOf":{"@id":"https:\/\/www.cetys.mx\/news\/#website"},"primaryImageOfPage":{"@id":"https:\/\/www.cetys.mx\/news\/cetys-graduates-receive-national-leadership-distinction-for-their-commitment-to-mexico-and-higher-education\/#primaryimage"},"image":{"@id":"https:\/\/www.cetys.mx\/news\/cetys-graduates-receive-national-leadership-distinction-for-their-commitment-to-mexico-and-higher-education\/#primaryimage"},"thumbnailUrl":"https:\/\/www.cetys.mx\/news\/wp-content\/uploads\/2019\/08\/CLH.jpg","datePublished":"2019-08-30T15:48:49+00:00","dateModified":"2020-03-19T04:56:07+00:00","author":{"@id":"https:\/\/www.cetys.mx\/news\/#\/schema\/person\/8a2f07d3f6fde0b0fd6ebc0c109f616d"},"description":"Artitle CETYS\u2019 GRADUATES RECEIVE NATIONAL LEADERSHIP DISTINCTION FOR THEIR COMMITMENT TO MEXICO AND HIGHER EDUCATION -","breadcrumb":{"@id":"https:\/\/www.cetys.mx\/news\/cetys-graduates-receive-national-leadership-distinction-for-their-commitment-to-mexico-and-higher-education\/#breadcrumb"},"inLanguage":"es","potentialAction":[{"@type":"ReadAction","target":["https:\/\/www.cetys.mx\/news\/cetys-graduates-receive-national-leadership-distinction-for-their-commitment-to-mexico-and-higher-education\/"]}]},{"@type":"ImageObject","inLanguage":"es","@id":"https:\/\/www.cetys.mx\/news\/cetys-graduates-receive-national-leadership-distinction-for-their-commitment-to-mexico-and-higher-education\/#primaryimage","url":"https:\/\/www.cetys.mx\/news\/wp-content\/uploads\/2019\/08\/CLH.jpg","contentUrl":"https:\/\/www.cetys.mx\/news\/wp-content\/uploads\/2019\/08\/CLH.jpg","width":958,"height":637,"caption":"foto"},{"@type":"BreadcrumbList","@id":"https:\/\/www.cetys.mx\/news\/cetys-graduates-receive-national-leadership-distinction-for-their-commitment-to-mexico-and-higher-education\/#breadcrumb","itemListElement":[{"@type":"ListItem","position":1,"name":"Portada","item":"https:\/\/www.cetys.mx\/news\/"},{"@type":"ListItem","position":2,"name":"CETYS\u2019 GRADUATES RECEIVE NATIONAL LEADERSHIP DISTINCTION FOR THEIR COMMITMENT TO MEXICO AND HIGHER EDUCATION"}]},{"@type":"WebSite","@id":"https:\/\/www.cetys.mx\/news\/#website","url":"https:\/\/www.cetys.mx\/news\/","name":"VoCETYS News","description":"","potentialAction":[{"@type":"SearchAction","target":{"@type":"EntryPoint","urlTemplate":"https:\/\/www.cetys.mx\/news\/?s={search_term_string}"},"query-input":{"@type":"PropertyValueSpecification","valueRequired":true,"valueName":"search_term_string"}}],"inLanguage":"es"},{"@type":"Person","@id":"https:\/\/www.cetys.mx\/news\/#\/schema\/person\/8a2f07d3f6fde0b0fd6ebc0c109f616d","name":"CETYS University","image":{"@type":"ImageObject","inLanguage":"es","@id":"https:\/\/secure.gravatar.com\/avatar\/5eacf634a0cf136fa5c118563bd6c92729fc3b2d772797c13c6eb69ee4fa986d?s=96&d=mm&r=g","url":"https:\/\/secure.gravatar.com\/avatar\/5eacf634a0cf136fa5c118563bd6c92729fc3b2d772797c13c6eb69ee4fa986d?s=96&d=mm&r=g","contentUrl":"https:\/\/secure.gravatar.com\/avatar\/5eacf634a0cf136fa5c118563bd6c92729fc3b2d772797c13c6eb69ee4fa986d?s=96&d=mm&r=g","caption":"CETYS University"},"url":"https:\/\/www.cetys.mx\/news\/author\/cetysuniversity\/"}]}},"_links":{"self":[{"href":"https:\/\/www.cetys.mx\/news\/wp-json\/wp\/v2\/posts\/549","targetHints":{"allow":["GET"]}}],"collection":[{"href":"https:\/\/www.cetys.mx\/news\/wp-json\/wp\/v2\/posts"}],"about":[{"href":"https:\/\/www.cetys.mx\/news\/wp-json\/wp\/v2\/types\/post"}],"author":[{"embeddable":true,"href":"https:\/\/www.cetys.mx\/news\/wp-json\/wp\/v2\/users\/4"}],"replies":[{"embeddable":true,"href":"https:\/\/www.cetys.mx\/news\/wp-json\/wp\/v2\/comments?post=549"}],"version-history":[{"count":2,"href":"https:\/\/www.cetys.mx\/news\/wp-json\/wp\/v2\/posts\/549\/revisions"}],"predecessor-version":[{"id":552,"href":"https:\/\/www.cetys.mx\/news\/wp-json\/wp\/v2\/posts\/549\/revisions\/552"}],"wp:featuredmedia":[{"embeddable":true,"href":"https:\/\/www.cetys.mx\/news\/wp-json\/wp\/v2\/media\/550"}],"wp:attachment":[{"href":"https:\/\/www.cetys.mx\/news\/wp-json\/wp\/v2\/media?parent=549"}],"wp:term":[{"taxonomy":"category","embeddable":true,"href":"https:\/\/www.cetys.mx\/news\/wp-json\/wp\/v2\/categories?post=549"},{"taxonomy":"post_tag","embeddable":true,"href":"https:\/\/www.cetys.mx\/news\/wp-json\/wp\/v2\/tags?post=549"}],"curies":[{"name":"wp","href":"https:\/\/api.w.org\/{rel}","templated":true}]}}