{"id":1492,"date":"2024-10-03T19:10:15","date_gmt":"2024-10-03T19:10:15","guid":{"rendered":"https:\/\/www.cetys.mx\/news\/?p=1492"},"modified":"2024-10-03T19:41:57","modified_gmt":"2024-10-03T19:41:57","slug":"school-as-a-promoter-of-psychological-well-being-and-a-space-for-socialitation","status":"publish","type":"post","link":"https:\/\/www.cetys.mx\/news\/school-as-a-promoter-of-psychological-well-being-and-a-space-for-socialitation\/","title":{"rendered":"School as a promoter of psychological well-being and a space for socialitation"},"content":{"rendered":"\n<p><br>Since its inception in Ancient Greece, school has been recognized as a fundamental<br>space for developing cognitive and socio-emotional skills in individuals. Today, its role<br>has evolved, becoming an essential pillar for promoting psychological well-being,<br>particularly during childhood and adolescence, explains Dr. Karla Mar\u00eda D\u00edaz-L\u00f3pez,<br>Academic Coordinator of the Master&#8217;s in Education at CETYS University, International<br>Campus in Ensenada.<\/p>\n\n\n\n<p><br>From 6 to 18, Greek children were taught to become educated and ethical citizens. This<br>tradition of fostering both cognitive and socio-emotional development continues in<br>modern education, where the school is seen as a vital space for socialization and for<br>safeguarding psychological well-being.<\/p>\n\n\n\n<p><br>In a context where preventing risks such as violence, depression, drug addiction, and<br>school dropout is becoming increasingly important, D\u00edaz L\u00f3pez emphasizes the need to<br>focus on students&#8217; psychological well-being. \u00abPsychological well-being is associated<br>with successful academic, personal, and professional outcomes,\u00bb she explains.<\/p>\n\n\n\n<p><br>The Mexican education system, reformed five years ago, reflects this increasing<br>concern. The New Mexican School (NEM) places a strong emphasis on the emotional<br>and affective development of students. \u00abIn this new educational model, socio-emotional<br>resources are integrated into the expanded curriculum, covering areas like social<br>responsibility, personal physical care, and emotional well-being,\u00bb says Dr. D\u00edaz L\u00f3pez. She adds, \u00abEmotional well-being refers to mood regulation, personal pride, healthy<br>relationships, and resilience in the face of adversity.\u00bb<\/p>\n\n\n\n<p><br>However, despite these advances, D\u00edaz L\u00f3pez points out that there are still challenges<br>in educational practice. \u00abThe social role of the school hasn&#8217;t changed; in fact, it&#8217;s<br>become more complex,\u00bb she states. The CETYS expert poses critical questions<br>regarding how educators, from professors to administrators and families, should engage<br>in this mission. Among these, she asks, \u00abWhat specific actions are needed? What<br>factors or conditions should be prioritized in educational practices? And what role does<br>the family play?\u00bb<\/p>\n\n\n\n<p><br>Dr. D\u00edaz L\u00f3pez concludes that, while these questions have yet to be fully addressed by<br>the NEM, one thing is clear: promoting psychological well-being is a crucial issue for<br>schools today. Educational institutions must take on the responsibility of fostering well-<br>being within their communities. \u00abPromoting or at least encouraging its development is a<br>responsibility schools can no longer ignore,\u00bb she asserts.<\/p>\n\n\n\n<figure class=\"wp-block-image size-full\"><img loading=\"lazy\" decoding=\"async\" width=\"657\" height=\"438\" src=\"https:\/\/www.cetys.mx\/news\/wp-content\/uploads\/2024\/10\/Dra.-Karla-Diaz.jpg\" alt=\"\" class=\"wp-image-1493\"\/><figcaption class=\"wp-element-caption\">Dr. Karla D\u00edaz.<\/figcaption><\/figure>\n","protected":false},"excerpt":{"rendered":"<p>Since its inception in Ancient Greece, school has been recognized as a fundamentalspace for developing cognitive and socio-emotional skills in individuals. Today,&#8230;<\/p>\n","protected":false},"author":4,"featured_media":1494,"comment_status":"open","ping_status":"open","sticky":false,"template":"","format":"standard","meta":{"footnotes":""},"categories":[2,9,104],"tags":[],"class_list":["post-1492","post","type-post","status-publish","format-standard","has-post-thumbnail","hentry","category-academics","category-cetys-news","category-investigation"],"yoast_head":"<!-- This site is optimized with the Yoast SEO plugin v27.4 - https:\/\/yoast.com\/product\/yoast-seo-wordpress\/ -->\n<title>School as a promoter of psychological well-being and a space for socialitation - VoCETYS News<\/title>\n<meta name=\"description\" content=\"Artitle School as a promoter of psychological well-being and a space for socialitation -\" \/>\n<meta name=\"robots\" content=\"noindex, follow, max-snippet:-1, max-image-preview:large, max-video-preview:-1\" \/>\n<meta property=\"og:locale\" content=\"es_ES\" \/>\n<meta property=\"og:type\" content=\"article\" \/>\n<meta property=\"og:title\" content=\"School as a promoter of psychological well-being and a space for socialitation - VoCETYS News\" \/>\n<meta property=\"og:description\" content=\"Artitle School as a promoter of psychological well-being and a space for socialitation -\" \/>\n<meta property=\"og:url\" content=\"https:\/\/www.cetys.mx\/news\/school-as-a-promoter-of-psychological-well-being-and-a-space-for-socialitation\/\" \/>\n<meta property=\"og:site_name\" content=\"VoCETYS News\" \/>\n<meta property=\"article:published_time\" content=\"2024-10-03T19:10:15+00:00\" \/>\n<meta property=\"article:modified_time\" content=\"2024-10-03T19:41:57+00:00\" \/>\n<meta property=\"og:image\" content=\"https:\/\/www.cetys.mx\/news\/wp-content\/uploads\/2024\/10\/F3.jpg\" \/>\n\t<meta property=\"og:image:width\" content=\"600\" \/>\n\t<meta property=\"og:image:height\" content=\"400\" \/>\n\t<meta property=\"og:image:type\" content=\"image\/jpeg\" \/>\n<meta name=\"author\" content=\"CETYS University\" \/>\n<meta name=\"twitter:card\" content=\"summary_large_image\" \/>\n<meta name=\"twitter:label1\" content=\"Escrito por\" \/>\n\t<meta name=\"twitter:data1\" content=\"CETYS University\" \/>\n\t<meta name=\"twitter:label2\" content=\"Tiempo de lectura\" \/>\n\t<meta name=\"twitter:data2\" content=\"2 minutos\" \/>\n<script type=\"application\/ld+json\" class=\"yoast-schema-graph\">{\"@context\":\"https:\\\/\\\/schema.org\",\"@graph\":[{\"@type\":\"Article\",\"@id\":\"https:\\\/\\\/www.cetys.mx\\\/news\\\/school-as-a-promoter-of-psychological-well-being-and-a-space-for-socialitation\\\/#article\",\"isPartOf\":{\"@id\":\"https:\\\/\\\/www.cetys.mx\\\/news\\\/school-as-a-promoter-of-psychological-well-being-and-a-space-for-socialitation\\\/\"},\"author\":{\"name\":\"CETYS University\",\"@id\":\"https:\\\/\\\/www.cetys.mx\\\/news\\\/#\\\/schema\\\/person\\\/8a2f07d3f6fde0b0fd6ebc0c109f616d\"},\"headline\":\"School as a promoter of psychological well-being and a space for socialitation\",\"datePublished\":\"2024-10-03T19:10:15+00:00\",\"dateModified\":\"2024-10-03T19:41:57+00:00\",\"mainEntityOfPage\":{\"@id\":\"https:\\\/\\\/www.cetys.mx\\\/news\\\/school-as-a-promoter-of-psychological-well-being-and-a-space-for-socialitation\\\/\"},\"wordCount\":362,\"commentCount\":0,\"image\":{\"@id\":\"https:\\\/\\\/www.cetys.mx\\\/news\\\/school-as-a-promoter-of-psychological-well-being-and-a-space-for-socialitation\\\/#primaryimage\"},\"thumbnailUrl\":\"https:\\\/\\\/www.cetys.mx\\\/news\\\/wp-content\\\/uploads\\\/2024\\\/10\\\/F3.jpg\",\"articleSection\":[\"Academics\",\"CETYS | NEWS\",\"Investigation\"],\"inLanguage\":\"es\",\"potentialAction\":[{\"@type\":\"CommentAction\",\"name\":\"Comment\",\"target\":[\"https:\\\/\\\/www.cetys.mx\\\/news\\\/school-as-a-promoter-of-psychological-well-being-and-a-space-for-socialitation\\\/#respond\"]}]},{\"@type\":\"WebPage\",\"@id\":\"https:\\\/\\\/www.cetys.mx\\\/news\\\/school-as-a-promoter-of-psychological-well-being-and-a-space-for-socialitation\\\/\",\"url\":\"https:\\\/\\\/www.cetys.mx\\\/news\\\/school-as-a-promoter-of-psychological-well-being-and-a-space-for-socialitation\\\/\",\"name\":\"School as a promoter of psychological well-being and a space for socialitation - VoCETYS News\",\"isPartOf\":{\"@id\":\"https:\\\/\\\/www.cetys.mx\\\/news\\\/#website\"},\"primaryImageOfPage\":{\"@id\":\"https:\\\/\\\/www.cetys.mx\\\/news\\\/school-as-a-promoter-of-psychological-well-being-and-a-space-for-socialitation\\\/#primaryimage\"},\"image\":{\"@id\":\"https:\\\/\\\/www.cetys.mx\\\/news\\\/school-as-a-promoter-of-psychological-well-being-and-a-space-for-socialitation\\\/#primaryimage\"},\"thumbnailUrl\":\"https:\\\/\\\/www.cetys.mx\\\/news\\\/wp-content\\\/uploads\\\/2024\\\/10\\\/F3.jpg\",\"datePublished\":\"2024-10-03T19:10:15+00:00\",\"dateModified\":\"2024-10-03T19:41:57+00:00\",\"author\":{\"@id\":\"https:\\\/\\\/www.cetys.mx\\\/news\\\/#\\\/schema\\\/person\\\/8a2f07d3f6fde0b0fd6ebc0c109f616d\"},\"description\":\"Artitle School as a promoter of psychological well-being and a space for socialitation -\",\"breadcrumb\":{\"@id\":\"https:\\\/\\\/www.cetys.mx\\\/news\\\/school-as-a-promoter-of-psychological-well-being-and-a-space-for-socialitation\\\/#breadcrumb\"},\"inLanguage\":\"es\",\"potentialAction\":[{\"@type\":\"ReadAction\",\"target\":[\"https:\\\/\\\/www.cetys.mx\\\/news\\\/school-as-a-promoter-of-psychological-well-being-and-a-space-for-socialitation\\\/\"]}]},{\"@type\":\"ImageObject\",\"inLanguage\":\"es\",\"@id\":\"https:\\\/\\\/www.cetys.mx\\\/news\\\/school-as-a-promoter-of-psychological-well-being-and-a-space-for-socialitation\\\/#primaryimage\",\"url\":\"https:\\\/\\\/www.cetys.mx\\\/news\\\/wp-content\\\/uploads\\\/2024\\\/10\\\/F3.jpg\",\"contentUrl\":\"https:\\\/\\\/www.cetys.mx\\\/news\\\/wp-content\\\/uploads\\\/2024\\\/10\\\/F3.jpg\",\"width\":600,\"height\":400},{\"@type\":\"BreadcrumbList\",\"@id\":\"https:\\\/\\\/www.cetys.mx\\\/news\\\/school-as-a-promoter-of-psychological-well-being-and-a-space-for-socialitation\\\/#breadcrumb\",\"itemListElement\":[{\"@type\":\"ListItem\",\"position\":1,\"name\":\"Portada\",\"item\":\"https:\\\/\\\/www.cetys.mx\\\/news\\\/\"},{\"@type\":\"ListItem\",\"position\":2,\"name\":\"School as a promoter of psychological well-being and a space for socialitation\"}]},{\"@type\":\"WebSite\",\"@id\":\"https:\\\/\\\/www.cetys.mx\\\/news\\\/#website\",\"url\":\"https:\\\/\\\/www.cetys.mx\\\/news\\\/\",\"name\":\"VoCETYS News\",\"description\":\"\",\"potentialAction\":[{\"@type\":\"SearchAction\",\"target\":{\"@type\":\"EntryPoint\",\"urlTemplate\":\"https:\\\/\\\/www.cetys.mx\\\/news\\\/?s={search_term_string}\"},\"query-input\":{\"@type\":\"PropertyValueSpecification\",\"valueRequired\":true,\"valueName\":\"search_term_string\"}}],\"inLanguage\":\"es\"},{\"@type\":\"Person\",\"@id\":\"https:\\\/\\\/www.cetys.mx\\\/news\\\/#\\\/schema\\\/person\\\/8a2f07d3f6fde0b0fd6ebc0c109f616d\",\"name\":\"CETYS University\",\"image\":{\"@type\":\"ImageObject\",\"inLanguage\":\"es\",\"@id\":\"https:\\\/\\\/secure.gravatar.com\\\/avatar\\\/5eacf634a0cf136fa5c118563bd6c92729fc3b2d772797c13c6eb69ee4fa986d?s=96&d=mm&r=g\",\"url\":\"https:\\\/\\\/secure.gravatar.com\\\/avatar\\\/5eacf634a0cf136fa5c118563bd6c92729fc3b2d772797c13c6eb69ee4fa986d?s=96&d=mm&r=g\",\"contentUrl\":\"https:\\\/\\\/secure.gravatar.com\\\/avatar\\\/5eacf634a0cf136fa5c118563bd6c92729fc3b2d772797c13c6eb69ee4fa986d?s=96&d=mm&r=g\",\"caption\":\"CETYS University\"},\"url\":\"https:\\\/\\\/www.cetys.mx\\\/news\\\/author\\\/cetysuniversity\\\/\"}]}<\/script>\n<!-- \/ Yoast SEO plugin. -->","yoast_head_json":{"title":"School as a promoter of psychological well-being and a space for socialitation - VoCETYS News","description":"Artitle School as a promoter of psychological well-being and a space for socialitation -","robots":{"index":"noindex","follow":"follow","max-snippet":"max-snippet:-1","max-image-preview":"max-image-preview:large","max-video-preview":"max-video-preview:-1"},"og_locale":"es_ES","og_type":"article","og_title":"School as a promoter of psychological well-being and a space for socialitation - VoCETYS News","og_description":"Artitle School as a promoter of psychological well-being and a space for socialitation -","og_url":"https:\/\/www.cetys.mx\/news\/school-as-a-promoter-of-psychological-well-being-and-a-space-for-socialitation\/","og_site_name":"VoCETYS News","article_published_time":"2024-10-03T19:10:15+00:00","article_modified_time":"2024-10-03T19:41:57+00:00","og_image":[{"width":600,"height":400,"url":"https:\/\/www.cetys.mx\/news\/wp-content\/uploads\/2024\/10\/F3.jpg","type":"image\/jpeg"}],"author":"CETYS University","twitter_card":"summary_large_image","twitter_misc":{"Escrito por":"CETYS University","Tiempo de lectura":"2 minutos"},"schema":{"@context":"https:\/\/schema.org","@graph":[{"@type":"Article","@id":"https:\/\/www.cetys.mx\/news\/school-as-a-promoter-of-psychological-well-being-and-a-space-for-socialitation\/#article","isPartOf":{"@id":"https:\/\/www.cetys.mx\/news\/school-as-a-promoter-of-psychological-well-being-and-a-space-for-socialitation\/"},"author":{"name":"CETYS University","@id":"https:\/\/www.cetys.mx\/news\/#\/schema\/person\/8a2f07d3f6fde0b0fd6ebc0c109f616d"},"headline":"School as a promoter of psychological well-being and a space for socialitation","datePublished":"2024-10-03T19:10:15+00:00","dateModified":"2024-10-03T19:41:57+00:00","mainEntityOfPage":{"@id":"https:\/\/www.cetys.mx\/news\/school-as-a-promoter-of-psychological-well-being-and-a-space-for-socialitation\/"},"wordCount":362,"commentCount":0,"image":{"@id":"https:\/\/www.cetys.mx\/news\/school-as-a-promoter-of-psychological-well-being-and-a-space-for-socialitation\/#primaryimage"},"thumbnailUrl":"https:\/\/www.cetys.mx\/news\/wp-content\/uploads\/2024\/10\/F3.jpg","articleSection":["Academics","CETYS | NEWS","Investigation"],"inLanguage":"es","potentialAction":[{"@type":"CommentAction","name":"Comment","target":["https:\/\/www.cetys.mx\/news\/school-as-a-promoter-of-psychological-well-being-and-a-space-for-socialitation\/#respond"]}]},{"@type":"WebPage","@id":"https:\/\/www.cetys.mx\/news\/school-as-a-promoter-of-psychological-well-being-and-a-space-for-socialitation\/","url":"https:\/\/www.cetys.mx\/news\/school-as-a-promoter-of-psychological-well-being-and-a-space-for-socialitation\/","name":"School as a promoter of psychological well-being and a space for socialitation - VoCETYS News","isPartOf":{"@id":"https:\/\/www.cetys.mx\/news\/#website"},"primaryImageOfPage":{"@id":"https:\/\/www.cetys.mx\/news\/school-as-a-promoter-of-psychological-well-being-and-a-space-for-socialitation\/#primaryimage"},"image":{"@id":"https:\/\/www.cetys.mx\/news\/school-as-a-promoter-of-psychological-well-being-and-a-space-for-socialitation\/#primaryimage"},"thumbnailUrl":"https:\/\/www.cetys.mx\/news\/wp-content\/uploads\/2024\/10\/F3.jpg","datePublished":"2024-10-03T19:10:15+00:00","dateModified":"2024-10-03T19:41:57+00:00","author":{"@id":"https:\/\/www.cetys.mx\/news\/#\/schema\/person\/8a2f07d3f6fde0b0fd6ebc0c109f616d"},"description":"Artitle School as a promoter of psychological well-being and a space for socialitation -","breadcrumb":{"@id":"https:\/\/www.cetys.mx\/news\/school-as-a-promoter-of-psychological-well-being-and-a-space-for-socialitation\/#breadcrumb"},"inLanguage":"es","potentialAction":[{"@type":"ReadAction","target":["https:\/\/www.cetys.mx\/news\/school-as-a-promoter-of-psychological-well-being-and-a-space-for-socialitation\/"]}]},{"@type":"ImageObject","inLanguage":"es","@id":"https:\/\/www.cetys.mx\/news\/school-as-a-promoter-of-psychological-well-being-and-a-space-for-socialitation\/#primaryimage","url":"https:\/\/www.cetys.mx\/news\/wp-content\/uploads\/2024\/10\/F3.jpg","contentUrl":"https:\/\/www.cetys.mx\/news\/wp-content\/uploads\/2024\/10\/F3.jpg","width":600,"height":400},{"@type":"BreadcrumbList","@id":"https:\/\/www.cetys.mx\/news\/school-as-a-promoter-of-psychological-well-being-and-a-space-for-socialitation\/#breadcrumb","itemListElement":[{"@type":"ListItem","position":1,"name":"Portada","item":"https:\/\/www.cetys.mx\/news\/"},{"@type":"ListItem","position":2,"name":"School as a promoter of psychological well-being and a space for socialitation"}]},{"@type":"WebSite","@id":"https:\/\/www.cetys.mx\/news\/#website","url":"https:\/\/www.cetys.mx\/news\/","name":"VoCETYS News","description":"","potentialAction":[{"@type":"SearchAction","target":{"@type":"EntryPoint","urlTemplate":"https:\/\/www.cetys.mx\/news\/?s={search_term_string}"},"query-input":{"@type":"PropertyValueSpecification","valueRequired":true,"valueName":"search_term_string"}}],"inLanguage":"es"},{"@type":"Person","@id":"https:\/\/www.cetys.mx\/news\/#\/schema\/person\/8a2f07d3f6fde0b0fd6ebc0c109f616d","name":"CETYS University","image":{"@type":"ImageObject","inLanguage":"es","@id":"https:\/\/secure.gravatar.com\/avatar\/5eacf634a0cf136fa5c118563bd6c92729fc3b2d772797c13c6eb69ee4fa986d?s=96&d=mm&r=g","url":"https:\/\/secure.gravatar.com\/avatar\/5eacf634a0cf136fa5c118563bd6c92729fc3b2d772797c13c6eb69ee4fa986d?s=96&d=mm&r=g","contentUrl":"https:\/\/secure.gravatar.com\/avatar\/5eacf634a0cf136fa5c118563bd6c92729fc3b2d772797c13c6eb69ee4fa986d?s=96&d=mm&r=g","caption":"CETYS University"},"url":"https:\/\/www.cetys.mx\/news\/author\/cetysuniversity\/"}]}},"_links":{"self":[{"href":"https:\/\/www.cetys.mx\/news\/wp-json\/wp\/v2\/posts\/1492","targetHints":{"allow":["GET"]}}],"collection":[{"href":"https:\/\/www.cetys.mx\/news\/wp-json\/wp\/v2\/posts"}],"about":[{"href":"https:\/\/www.cetys.mx\/news\/wp-json\/wp\/v2\/types\/post"}],"author":[{"embeddable":true,"href":"https:\/\/www.cetys.mx\/news\/wp-json\/wp\/v2\/users\/4"}],"replies":[{"embeddable":true,"href":"https:\/\/www.cetys.mx\/news\/wp-json\/wp\/v2\/comments?post=1492"}],"version-history":[{"count":1,"href":"https:\/\/www.cetys.mx\/news\/wp-json\/wp\/v2\/posts\/1492\/revisions"}],"predecessor-version":[{"id":1495,"href":"https:\/\/www.cetys.mx\/news\/wp-json\/wp\/v2\/posts\/1492\/revisions\/1495"}],"wp:featuredmedia":[{"embeddable":true,"href":"https:\/\/www.cetys.mx\/news\/wp-json\/wp\/v2\/media\/1494"}],"wp:attachment":[{"href":"https:\/\/www.cetys.mx\/news\/wp-json\/wp\/v2\/media?parent=1492"}],"wp:term":[{"taxonomy":"category","embeddable":true,"href":"https:\/\/www.cetys.mx\/news\/wp-json\/wp\/v2\/categories?post=1492"},{"taxonomy":"post_tag","embeddable":true,"href":"https:\/\/www.cetys.mx\/news\/wp-json\/wp\/v2\/tags?post=1492"}],"curies":[{"name":"wp","href":"https:\/\/api.w.org\/{rel}","templated":true}]}}