{"id":9769,"date":"2021-05-28T09:59:54","date_gmt":"2021-05-28T15:59:54","guid":{"rendered":"https:\/\/www.cetys.mx\/gozorros\/?p=9769"},"modified":"2021-05-28T09:59:54","modified_gmt":"2021-05-28T15:59:54","slug":"se-despide-kiki-valencia-de-zorros-femenil-y-de-las-duelas","status":"publish","type":"post","link":"https:\/\/www.cetys.mx\/gozorros\/2021\/05\/28\/se-despide-kiki-valencia-de-zorros-femenil-y-de-las-duelas\/","title":{"rendered":"Se despide Kiki Valencia de Zorros Femenil y de las duelas"},"content":{"rendered":"<p><span style=\"font-weight: 400;\">Termin\u00f3 la etapa estudiantil para Mayt\u00e9 \u201cKiki\u201d Valencia en CETYS Universidad, pues en breve finalizar\u00e1 ocho semestres de Contadur\u00eda P\u00fablica Internacional. Al mismo tiempo, pondr\u00e1 fin a su carrera deportiva con la camiseta de Zorros Femenil en el baloncesto femenil.\u00a0\u00a0<\/span><\/p>\n<p><span style=\"font-weight: 400;\">Se despide junto a una selecta generaci\u00f3n de jugadoras que aportaron talento en alg\u00fan instante: Estefan\u00eda Flores, Laura Alicia P\u00e9rez, Tania Armend\u00e1riz, Arantza Barajas, Hazel Barajas, Lucero Garc\u00eda o Gardenia L\u00f3pez. Fue una destacada suplente, pero Mayt\u00e9 dijo estar m\u00e1s satisfecha con esta segunda oportunidad que el destino le dio.\u00a0\u00a0\u00a0\u00a0\u00a0<\/span><\/p>\n<p><span style=\"font-weight: 400;\">&#8220;Alg\u00fan momento donde me sent\u00ed orgullosa de m\u00ed fue en 2019, cuando regres\u00e9 a jugar una temporada m\u00e1s de b\u00e1squetbol con CETYS en Liga ABE. Personalmente provoc\u00f3 un cambio maduro en mi vida, fortaleciendo tambi\u00e9n mi desempe\u00f1o y mi compromiso con el equipo&#8221;, mencion\u00f3 en entrevista.<\/span><\/p>\n<p><span style=\"font-weight: 400;\">Durante su etapa como preparatoriana, del 2011 al 2014, Valencia fue medallista en los Juegos Nacionales CONADEMS y convocada la Preselecci\u00f3n Nacional Sub-18. Ya como universitaria, del 2014 al 2016, vivi\u00f3 aquel memorable Subcampeonato de Liga ABE y podium en la Universiada Nacional de CONDDE. Myriam Lara, Alejandra Jim\u00e9nez y Damaris Temores eran sus compa\u00f1eras.\u00a0\u00a0<\/span><\/p>\n<p><span style=\"font-weight: 400;\"><img loading=\"lazy\" decoding=\"async\" class=\"wp-image-9770 alignleft\" src=\"https:\/\/www.cetys.mx\/gozorros\/wp-content\/uploads\/2021\/05\/KIKI3-scaled.jpg\" alt=\"\" width=\"198\" height=\"297\" srcset=\"https:\/\/www.cetys.mx\/gozorros\/wp-content\/uploads\/2021\/05\/KIKI3-scaled.jpg 1708w, https:\/\/www.cetys.mx\/gozorros\/wp-content\/uploads\/2021\/05\/KIKI3-200x300.jpg 200w, https:\/\/www.cetys.mx\/gozorros\/wp-content\/uploads\/2021\/05\/KIKI3-683x1024.jpg 683w, https:\/\/www.cetys.mx\/gozorros\/wp-content\/uploads\/2021\/05\/KIKI3-768x1151.jpg 768w, https:\/\/www.cetys.mx\/gozorros\/wp-content\/uploads\/2021\/05\/KIKI3-1025x1536.jpg 1025w, https:\/\/www.cetys.mx\/gozorros\/wp-content\/uploads\/2021\/05\/KIKI3-1366x2048.jpg 1366w\" sizes=\"auto, (max-width: 198px) 100vw, 198px\" \/>&#8220;Para m\u00ed, la plata en el Campeonato Ocho Grandes 2015 no tiene comparaci\u00f3n. Esa remontada sobre UPAEP es inolvidable. Todav\u00eda recuerdo esa canasta de Tuti (Laura Alicia P\u00e9rez) a 4 segundos del final y me sigo emocionando. Perd\u00edamos por 21 puntos y regresamos para ganar. Fuimos un equipo muy especial, por eso lo llevo en el coraz\u00f3n&#8221;, agreg\u00f3.<\/span><\/p>\n<p><span style=\"font-weight: 400;\">Luego, hizo una pausa de tres a\u00f1os y regres\u00f3 a estudiar a CETYS en el 2019, colaborando para que las chicas de Zorros Femenil volvieran a ser protagonistas en las duelas mexicanas. Estuvo al lado de Jessica Garc\u00eda, Fernanda Gil, Andrea Rosales, Alejandra Arreola y m\u00e1s. Lleg\u00f3 la contingencia sanitaria y la tarea deportiva no fue consumada, pero dijo estar conforme con lo experimentado.<\/span><\/p>\n<p><span style=\"font-weight: 400;\">&#8220;Ten\u00edamos todo para llegar muy lejos en ambas temporadas. Si no ser campeonas nacionales, al menos ser parte del podium. Est\u00e1bamos muy motivadas y completas para disputar Ocho Grandes y Universiadas. \u00cdbamos con todo, pero la pandemia nos tom\u00f3 por sorpresa. Lo que me consuela es saber que CETYS tiene un gran futuro en el b\u00e1squetbol, estoy segura que ellas volver\u00e1n a ser campeonas y yo estar\u00e9 en las gradas echando porras&#8221;, a\u00f1adi\u00f3.<\/span><\/p>\n<p>&nbsp;<\/p>\n<p><span style=\"font-weight: 400;\"><img loading=\"lazy\" decoding=\"async\" class=\" wp-image-9771 alignright\" src=\"https:\/\/www.cetys.mx\/gozorros\/wp-content\/uploads\/2021\/05\/IMG_6877-scaled.jpg\" alt=\"\" width=\"208\" height=\"311\" srcset=\"https:\/\/www.cetys.mx\/gozorros\/wp-content\/uploads\/2021\/05\/IMG_6877-scaled.jpg 1707w, https:\/\/www.cetys.mx\/gozorros\/wp-content\/uploads\/2021\/05\/IMG_6877-200x300.jpg 200w, https:\/\/www.cetys.mx\/gozorros\/wp-content\/uploads\/2021\/05\/IMG_6877-683x1024.jpg 683w, https:\/\/www.cetys.mx\/gozorros\/wp-content\/uploads\/2021\/05\/IMG_6877-768x1152.jpg 768w, https:\/\/www.cetys.mx\/gozorros\/wp-content\/uploads\/2021\/05\/IMG_6877-1024x1536.jpg 1024w, https:\/\/www.cetys.mx\/gozorros\/wp-content\/uploads\/2021\/05\/IMG_6877-1365x2048.jpg 1365w\" sizes=\"auto, (max-width: 208px) 100vw, 208px\" \/>Definiendo lo que sigue en su vida y carrera profesional, Kiki pone punto final al deporte activo con profundo agradecimiento a tantas personas alrededor, pero especialmente al entrenador C\u00e9sar Valencia, quien es su padre.<\/span><\/p>\n<p>&nbsp;<\/p>\n<p>&nbsp;<\/p>\n<p><span style=\"font-weight: 400;\">&#8220;Amo a mi pap\u00e1, tenerlo como entrenador por tanto tiempo fue una gran experiencia. Siempre recalco que viv\u00ed mis mejores a\u00f1os en el b\u00e1squetbol con \u00e9l, incluso sin jugar, porque recuerdo el Ocho Grandes 2018 en CETYS y salt\u00e9 de alegr\u00eda desde la grada, como si yo hubiera jugado. Me siento tan orgullosa de \u00e9l, por todo lo que ha cosechado en este deporte&#8221;, concluy\u00f3.\u00a0<\/span><\/p>\n<p>&nbsp;<\/p>\n<p><img loading=\"lazy\" decoding=\"async\" class=\" wp-image-9772 aligncenter\" src=\"https:\/\/www.cetys.mx\/gozorros\/wp-content\/uploads\/2021\/05\/KIKI1.jpg\" alt=\"\" width=\"646\" height=\"323\" srcset=\"https:\/\/www.cetys.mx\/gozorros\/wp-content\/uploads\/2021\/05\/KIKI1.jpg 512w, https:\/\/www.cetys.mx\/gozorros\/wp-content\/uploads\/2021\/05\/KIKI1-300x150.jpg 300w\" sizes=\"auto, (max-width: 646px) 100vw, 646px\" \/><\/p>\n<p>&nbsp;<\/p>\n<p>&nbsp;<\/p>\n","protected":false},"excerpt":{"rendered":"<p>Termin\u00f3 la etapa estudiantil para Mayt\u00e9 \u201cKiki\u201d Valencia en CETYS Universidad, pues en breve finalizar\u00e1 ocho semestres de Contadur\u00eda P\u00fablica Internacional. Al mismo tiempo, pondr\u00e1 fin a su carrera deportiva [&hellip;]<\/p>\n","protected":false},"author":5,"featured_media":9773,"comment_status":"open","ping_status":"open","sticky":false,"template":"","format":"standard","meta":{"footnotes":""},"categories":[90,119,120],"tags":[128,125,131,223,126,135,266],"class_list":["post-9769","post","type-post","status-publish","format-standard","has-post-thumbnail","hentry","category-basquetbol","category-deportes","category-portada","tag-gozorros","tag-basquetbol","tag-cetys-universidad","tag-deporte-colegial","tag-liga-abe","tag-zorros-del-cetys","tag-zorros-femenil-basquetbol"],"yoast_head":"<!-- This site is optimized with the Yoast SEO plugin v27.4 - https:\/\/yoast.com\/product\/yoast-seo-wordpress\/ -->\n<title>Se despide Kiki Valencia de Zorros Femenil y de las duelas - CETYS Deportes<\/title>\n<meta name=\"robots\" content=\"index, follow, max-snippet:-1, max-image-preview:large, max-video-preview:-1\" \/>\n<link rel=\"canonical\" href=\"https:\/\/www.cetys.mx\/gozorros\/2021\/05\/28\/se-despide-kiki-valencia-de-zorros-femenil-y-de-las-duelas\/\" \/>\n<meta property=\"og:locale\" content=\"es_MX\" \/>\n<meta property=\"og:type\" content=\"article\" \/>\n<meta property=\"og:title\" content=\"Se despide Kiki Valencia de Zorros Femenil y de las duelas - CETYS Deportes\" \/>\n<meta property=\"og:description\" content=\"Termin\u00f3 la etapa estudiantil para Mayt\u00e9 \u201cKiki\u201d Valencia en CETYS Universidad, pues en breve finalizar\u00e1 ocho semestres de Contadur\u00eda P\u00fablica Internacional. Al mismo tiempo, pondr\u00e1 fin a su carrera deportiva [&hellip;]\" \/>\n<meta property=\"og:url\" content=\"https:\/\/www.cetys.mx\/gozorros\/2021\/05\/28\/se-despide-kiki-valencia-de-zorros-femenil-y-de-las-duelas\/\" \/>\n<meta property=\"og:site_name\" content=\"CETYS Deportes\" \/>\n<meta property=\"article:published_time\" content=\"2021-05-28T15:59:54+00:00\" \/>\n<meta property=\"og:image\" content=\"https:\/\/www.cetys.mx\/gozorros\/wp-content\/uploads\/2021\/05\/Mayte-Valencia.jpg\" \/>\n\t<meta property=\"og:image:width\" content=\"958\" \/>\n\t<meta property=\"og:image:height\" content=\"637\" \/>\n\t<meta property=\"og:image:type\" content=\"image\/jpeg\" \/>\n<meta name=\"author\" content=\"Direcci\u00f3n Estatal de Deportes CETYS Universidad\" \/>\n<meta name=\"twitter:card\" content=\"summary_large_image\" \/>\n<meta name=\"twitter:label1\" content=\"Escrito por\" \/>\n\t<meta name=\"twitter:data1\" content=\"Direcci\u00f3n Estatal de Deportes CETYS Universidad\" \/>\n\t<meta name=\"twitter:label2\" content=\"Tiempo de lectura\" \/>\n\t<meta name=\"twitter:data2\" content=\"3 minutos\" \/>\n<script type=\"application\/ld+json\" class=\"yoast-schema-graph\">{\"@context\":\"https:\\\/\\\/schema.org\",\"@graph\":[{\"@type\":\"Article\",\"@id\":\"https:\\\/\\\/www.cetys.mx\\\/gozorros\\\/2021\\\/05\\\/28\\\/se-despide-kiki-valencia-de-zorros-femenil-y-de-las-duelas\\\/#article\",\"isPartOf\":{\"@id\":\"https:\\\/\\\/www.cetys.mx\\\/gozorros\\\/2021\\\/05\\\/28\\\/se-despide-kiki-valencia-de-zorros-femenil-y-de-las-duelas\\\/\"},\"author\":{\"name\":\"Direcci\u00f3n Estatal de Deportes CETYS Universidad\",\"@id\":\"https:\\\/\\\/www.cetys.mx\\\/gozorros\\\/#\\\/schema\\\/person\\\/0fbb38fb2de1b59ec112d8eb63d1cb12\"},\"headline\":\"Se despide Kiki Valencia de Zorros Femenil y de las duelas\",\"datePublished\":\"2021-05-28T15:59:54+00:00\",\"mainEntityOfPage\":{\"@id\":\"https:\\\/\\\/www.cetys.mx\\\/gozorros\\\/2021\\\/05\\\/28\\\/se-despide-kiki-valencia-de-zorros-femenil-y-de-las-duelas\\\/\"},\"wordCount\":527,\"commentCount\":0,\"image\":{\"@id\":\"https:\\\/\\\/www.cetys.mx\\\/gozorros\\\/2021\\\/05\\\/28\\\/se-despide-kiki-valencia-de-zorros-femenil-y-de-las-duelas\\\/#primaryimage\"},\"thumbnailUrl\":\"https:\\\/\\\/www.cetys.mx\\\/gozorros\\\/wp-content\\\/uploads\\\/2021\\\/05\\\/Mayte-Valencia.jpg\",\"keywords\":[\"#GoZorros\",\"Basquetbol\",\"CETYS Universidad\",\"Deporte Colegial\",\"Liga ABE\",\"zorros del CETYS\",\"Zorros Femenil B\u00e1squetbol\"],\"articleSection\":[\"B\u00e1squetbol\",\"Deportes\",\"Portada\"],\"inLanguage\":\"es\",\"potentialAction\":[{\"@type\":\"CommentAction\",\"name\":\"Comment\",\"target\":[\"https:\\\/\\\/www.cetys.mx\\\/gozorros\\\/2021\\\/05\\\/28\\\/se-despide-kiki-valencia-de-zorros-femenil-y-de-las-duelas\\\/#respond\"]}]},{\"@type\":\"WebPage\",\"@id\":\"https:\\\/\\\/www.cetys.mx\\\/gozorros\\\/2021\\\/05\\\/28\\\/se-despide-kiki-valencia-de-zorros-femenil-y-de-las-duelas\\\/\",\"url\":\"https:\\\/\\\/www.cetys.mx\\\/gozorros\\\/2021\\\/05\\\/28\\\/se-despide-kiki-valencia-de-zorros-femenil-y-de-las-duelas\\\/\",\"name\":\"Se despide Kiki Valencia de Zorros Femenil y de las duelas - CETYS Deportes\",\"isPartOf\":{\"@id\":\"https:\\\/\\\/www.cetys.mx\\\/gozorros\\\/#website\"},\"primaryImageOfPage\":{\"@id\":\"https:\\\/\\\/www.cetys.mx\\\/gozorros\\\/2021\\\/05\\\/28\\\/se-despide-kiki-valencia-de-zorros-femenil-y-de-las-duelas\\\/#primaryimage\"},\"image\":{\"@id\":\"https:\\\/\\\/www.cetys.mx\\\/gozorros\\\/2021\\\/05\\\/28\\\/se-despide-kiki-valencia-de-zorros-femenil-y-de-las-duelas\\\/#primaryimage\"},\"thumbnailUrl\":\"https:\\\/\\\/www.cetys.mx\\\/gozorros\\\/wp-content\\\/uploads\\\/2021\\\/05\\\/Mayte-Valencia.jpg\",\"datePublished\":\"2021-05-28T15:59:54+00:00\",\"author\":{\"@id\":\"https:\\\/\\\/www.cetys.mx\\\/gozorros\\\/#\\\/schema\\\/person\\\/0fbb38fb2de1b59ec112d8eb63d1cb12\"},\"breadcrumb\":{\"@id\":\"https:\\\/\\\/www.cetys.mx\\\/gozorros\\\/2021\\\/05\\\/28\\\/se-despide-kiki-valencia-de-zorros-femenil-y-de-las-duelas\\\/#breadcrumb\"},\"inLanguage\":\"es\",\"potentialAction\":[{\"@type\":\"ReadAction\",\"target\":[\"https:\\\/\\\/www.cetys.mx\\\/gozorros\\\/2021\\\/05\\\/28\\\/se-despide-kiki-valencia-de-zorros-femenil-y-de-las-duelas\\\/\"]}]},{\"@type\":\"ImageObject\",\"inLanguage\":\"es\",\"@id\":\"https:\\\/\\\/www.cetys.mx\\\/gozorros\\\/2021\\\/05\\\/28\\\/se-despide-kiki-valencia-de-zorros-femenil-y-de-las-duelas\\\/#primaryimage\",\"url\":\"https:\\\/\\\/www.cetys.mx\\\/gozorros\\\/wp-content\\\/uploads\\\/2021\\\/05\\\/Mayte-Valencia.jpg\",\"contentUrl\":\"https:\\\/\\\/www.cetys.mx\\\/gozorros\\\/wp-content\\\/uploads\\\/2021\\\/05\\\/Mayte-Valencia.jpg\",\"width\":958,\"height\":637},{\"@type\":\"BreadcrumbList\",\"@id\":\"https:\\\/\\\/www.cetys.mx\\\/gozorros\\\/2021\\\/05\\\/28\\\/se-despide-kiki-valencia-de-zorros-femenil-y-de-las-duelas\\\/#breadcrumb\",\"itemListElement\":[{\"@type\":\"ListItem\",\"position\":1,\"name\":\"Inicio\",\"item\":\"https:\\\/\\\/www.cetys.mx\\\/gozorros\\\/\"},{\"@type\":\"ListItem\",\"position\":2,\"name\":\"Se despide Kiki Valencia de Zorros Femenil y de las duelas\"}]},{\"@type\":\"WebSite\",\"@id\":\"https:\\\/\\\/www.cetys.mx\\\/gozorros\\\/#website\",\"url\":\"https:\\\/\\\/www.cetys.mx\\\/gozorros\\\/\",\"name\":\"CETYS Deportes\",\"description\":\"\",\"potentialAction\":[{\"@type\":\"SearchAction\",\"target\":{\"@type\":\"EntryPoint\",\"urlTemplate\":\"https:\\\/\\\/www.cetys.mx\\\/gozorros\\\/?s={search_term_string}\"},\"query-input\":{\"@type\":\"PropertyValueSpecification\",\"valueRequired\":true,\"valueName\":\"search_term_string\"}}],\"inLanguage\":\"es\"},{\"@type\":\"Person\",\"@id\":\"https:\\\/\\\/www.cetys.mx\\\/gozorros\\\/#\\\/schema\\\/person\\\/0fbb38fb2de1b59ec112d8eb63d1cb12\",\"name\":\"Direcci\u00f3n Estatal de Deportes CETYS Universidad\",\"image\":{\"@type\":\"ImageObject\",\"inLanguage\":\"es\",\"@id\":\"https:\\\/\\\/secure.gravatar.com\\\/avatar\\\/7295e7c83b400ef2918cb73e91ab557a3db51c56861709b99942e60df8d2630e?s=96&d=mm&r=g\",\"url\":\"https:\\\/\\\/secure.gravatar.com\\\/avatar\\\/7295e7c83b400ef2918cb73e91ab557a3db51c56861709b99942e60df8d2630e?s=96&d=mm&r=g\",\"contentUrl\":\"https:\\\/\\\/secure.gravatar.com\\\/avatar\\\/7295e7c83b400ef2918cb73e91ab557a3db51c56861709b99942e60df8d2630e?s=96&d=mm&r=g\",\"caption\":\"Direcci\u00f3n Estatal de Deportes CETYS Universidad\"},\"url\":\"https:\\\/\\\/www.cetys.mx\\\/gozorros\\\/author\\\/webmaster-deportes\\\/\"}]}<\/script>\n<!-- \/ Yoast SEO plugin. -->","yoast_head_json":{"title":"Se despide Kiki Valencia de Zorros Femenil y de las duelas - CETYS Deportes","robots":{"index":"index","follow":"follow","max-snippet":"max-snippet:-1","max-image-preview":"max-image-preview:large","max-video-preview":"max-video-preview:-1"},"canonical":"https:\/\/www.cetys.mx\/gozorros\/2021\/05\/28\/se-despide-kiki-valencia-de-zorros-femenil-y-de-las-duelas\/","og_locale":"es_MX","og_type":"article","og_title":"Se despide Kiki Valencia de Zorros Femenil y de las duelas - CETYS Deportes","og_description":"Termin\u00f3 la etapa estudiantil para Mayt\u00e9 \u201cKiki\u201d Valencia en CETYS Universidad, pues en breve finalizar\u00e1 ocho semestres de Contadur\u00eda P\u00fablica Internacional. Al mismo tiempo, pondr\u00e1 fin a su carrera deportiva [&hellip;]","og_url":"https:\/\/www.cetys.mx\/gozorros\/2021\/05\/28\/se-despide-kiki-valencia-de-zorros-femenil-y-de-las-duelas\/","og_site_name":"CETYS Deportes","article_published_time":"2021-05-28T15:59:54+00:00","og_image":[{"width":958,"height":637,"url":"https:\/\/www.cetys.mx\/gozorros\/wp-content\/uploads\/2021\/05\/Mayte-Valencia.jpg","type":"image\/jpeg"}],"author":"Direcci\u00f3n Estatal de Deportes CETYS Universidad","twitter_card":"summary_large_image","twitter_misc":{"Escrito por":"Direcci\u00f3n Estatal de Deportes CETYS Universidad","Tiempo de lectura":"3 minutos"},"schema":{"@context":"https:\/\/schema.org","@graph":[{"@type":"Article","@id":"https:\/\/www.cetys.mx\/gozorros\/2021\/05\/28\/se-despide-kiki-valencia-de-zorros-femenil-y-de-las-duelas\/#article","isPartOf":{"@id":"https:\/\/www.cetys.mx\/gozorros\/2021\/05\/28\/se-despide-kiki-valencia-de-zorros-femenil-y-de-las-duelas\/"},"author":{"name":"Direcci\u00f3n Estatal de Deportes CETYS Universidad","@id":"https:\/\/www.cetys.mx\/gozorros\/#\/schema\/person\/0fbb38fb2de1b59ec112d8eb63d1cb12"},"headline":"Se despide Kiki Valencia de Zorros Femenil y de las duelas","datePublished":"2021-05-28T15:59:54+00:00","mainEntityOfPage":{"@id":"https:\/\/www.cetys.mx\/gozorros\/2021\/05\/28\/se-despide-kiki-valencia-de-zorros-femenil-y-de-las-duelas\/"},"wordCount":527,"commentCount":0,"image":{"@id":"https:\/\/www.cetys.mx\/gozorros\/2021\/05\/28\/se-despide-kiki-valencia-de-zorros-femenil-y-de-las-duelas\/#primaryimage"},"thumbnailUrl":"https:\/\/www.cetys.mx\/gozorros\/wp-content\/uploads\/2021\/05\/Mayte-Valencia.jpg","keywords":["#GoZorros","Basquetbol","CETYS Universidad","Deporte Colegial","Liga ABE","zorros del CETYS","Zorros Femenil B\u00e1squetbol"],"articleSection":["B\u00e1squetbol","Deportes","Portada"],"inLanguage":"es","potentialAction":[{"@type":"CommentAction","name":"Comment","target":["https:\/\/www.cetys.mx\/gozorros\/2021\/05\/28\/se-despide-kiki-valencia-de-zorros-femenil-y-de-las-duelas\/#respond"]}]},{"@type":"WebPage","@id":"https:\/\/www.cetys.mx\/gozorros\/2021\/05\/28\/se-despide-kiki-valencia-de-zorros-femenil-y-de-las-duelas\/","url":"https:\/\/www.cetys.mx\/gozorros\/2021\/05\/28\/se-despide-kiki-valencia-de-zorros-femenil-y-de-las-duelas\/","name":"Se despide Kiki Valencia de Zorros Femenil y de las duelas - CETYS Deportes","isPartOf":{"@id":"https:\/\/www.cetys.mx\/gozorros\/#website"},"primaryImageOfPage":{"@id":"https:\/\/www.cetys.mx\/gozorros\/2021\/05\/28\/se-despide-kiki-valencia-de-zorros-femenil-y-de-las-duelas\/#primaryimage"},"image":{"@id":"https:\/\/www.cetys.mx\/gozorros\/2021\/05\/28\/se-despide-kiki-valencia-de-zorros-femenil-y-de-las-duelas\/#primaryimage"},"thumbnailUrl":"https:\/\/www.cetys.mx\/gozorros\/wp-content\/uploads\/2021\/05\/Mayte-Valencia.jpg","datePublished":"2021-05-28T15:59:54+00:00","author":{"@id":"https:\/\/www.cetys.mx\/gozorros\/#\/schema\/person\/0fbb38fb2de1b59ec112d8eb63d1cb12"},"breadcrumb":{"@id":"https:\/\/www.cetys.mx\/gozorros\/2021\/05\/28\/se-despide-kiki-valencia-de-zorros-femenil-y-de-las-duelas\/#breadcrumb"},"inLanguage":"es","potentialAction":[{"@type":"ReadAction","target":["https:\/\/www.cetys.mx\/gozorros\/2021\/05\/28\/se-despide-kiki-valencia-de-zorros-femenil-y-de-las-duelas\/"]}]},{"@type":"ImageObject","inLanguage":"es","@id":"https:\/\/www.cetys.mx\/gozorros\/2021\/05\/28\/se-despide-kiki-valencia-de-zorros-femenil-y-de-las-duelas\/#primaryimage","url":"https:\/\/www.cetys.mx\/gozorros\/wp-content\/uploads\/2021\/05\/Mayte-Valencia.jpg","contentUrl":"https:\/\/www.cetys.mx\/gozorros\/wp-content\/uploads\/2021\/05\/Mayte-Valencia.jpg","width":958,"height":637},{"@type":"BreadcrumbList","@id":"https:\/\/www.cetys.mx\/gozorros\/2021\/05\/28\/se-despide-kiki-valencia-de-zorros-femenil-y-de-las-duelas\/#breadcrumb","itemListElement":[{"@type":"ListItem","position":1,"name":"Inicio","item":"https:\/\/www.cetys.mx\/gozorros\/"},{"@type":"ListItem","position":2,"name":"Se despide Kiki Valencia de Zorros Femenil y de las duelas"}]},{"@type":"WebSite","@id":"https:\/\/www.cetys.mx\/gozorros\/#website","url":"https:\/\/www.cetys.mx\/gozorros\/","name":"CETYS Deportes","description":"","potentialAction":[{"@type":"SearchAction","target":{"@type":"EntryPoint","urlTemplate":"https:\/\/www.cetys.mx\/gozorros\/?s={search_term_string}"},"query-input":{"@type":"PropertyValueSpecification","valueRequired":true,"valueName":"search_term_string"}}],"inLanguage":"es"},{"@type":"Person","@id":"https:\/\/www.cetys.mx\/gozorros\/#\/schema\/person\/0fbb38fb2de1b59ec112d8eb63d1cb12","name":"Direcci\u00f3n Estatal de Deportes CETYS Universidad","image":{"@type":"ImageObject","inLanguage":"es","@id":"https:\/\/secure.gravatar.com\/avatar\/7295e7c83b400ef2918cb73e91ab557a3db51c56861709b99942e60df8d2630e?s=96&d=mm&r=g","url":"https:\/\/secure.gravatar.com\/avatar\/7295e7c83b400ef2918cb73e91ab557a3db51c56861709b99942e60df8d2630e?s=96&d=mm&r=g","contentUrl":"https:\/\/secure.gravatar.com\/avatar\/7295e7c83b400ef2918cb73e91ab557a3db51c56861709b99942e60df8d2630e?s=96&d=mm&r=g","caption":"Direcci\u00f3n Estatal de Deportes CETYS Universidad"},"url":"https:\/\/www.cetys.mx\/gozorros\/author\/webmaster-deportes\/"}]}},"_links":{"self":[{"href":"https:\/\/www.cetys.mx\/gozorros\/wp-json\/wp\/v2\/posts\/9769","targetHints":{"allow":["GET"]}}],"collection":[{"href":"https:\/\/www.cetys.mx\/gozorros\/wp-json\/wp\/v2\/posts"}],"about":[{"href":"https:\/\/www.cetys.mx\/gozorros\/wp-json\/wp\/v2\/types\/post"}],"author":[{"embeddable":true,"href":"https:\/\/www.cetys.mx\/gozorros\/wp-json\/wp\/v2\/users\/5"}],"replies":[{"embeddable":true,"href":"https:\/\/www.cetys.mx\/gozorros\/wp-json\/wp\/v2\/comments?post=9769"}],"version-history":[{"count":1,"href":"https:\/\/www.cetys.mx\/gozorros\/wp-json\/wp\/v2\/posts\/9769\/revisions"}],"predecessor-version":[{"id":9774,"href":"https:\/\/www.cetys.mx\/gozorros\/wp-json\/wp\/v2\/posts\/9769\/revisions\/9774"}],"wp:featuredmedia":[{"embeddable":true,"href":"https:\/\/www.cetys.mx\/gozorros\/wp-json\/wp\/v2\/media\/9773"}],"wp:attachment":[{"href":"https:\/\/www.cetys.mx\/gozorros\/wp-json\/wp\/v2\/media?parent=9769"}],"wp:term":[{"taxonomy":"category","embeddable":true,"href":"https:\/\/www.cetys.mx\/gozorros\/wp-json\/wp\/v2\/categories?post=9769"},{"taxonomy":"post_tag","embeddable":true,"href":"https:\/\/www.cetys.mx\/gozorros\/wp-json\/wp\/v2\/tags?post=9769"}],"curies":[{"name":"wp","href":"https:\/\/api.w.org\/{rel}","templated":true}]}}