{"id":7959,"date":"2019-12-12T00:00:00","date_gmt":"2019-12-12T06:00:00","guid":{"rendered":"https:\/\/protondigital.xyz\/cetysdeportes\/2019\/12\/12\/talento-cetystij-pmd2019\/"},"modified":"2023-03-21T18:33:12","modified_gmt":"2023-03-22T00:33:12","slug":"talento-cetystij-pmd2019","status":"publish","type":"post","link":"https:\/\/www.cetys.mx\/gozorros\/2019\/12\/12\/talento-cetystij-pmd2019\/","title":{"rendered":"Talento de Campus Tijuana en la entrega del Premio Municipal del Deporte"},"content":{"rendered":"<p>Se llev\u00f3 a cabo la ceremonia del <em>\u00a8Premio Municipal del Deporte y Excelencia Deportiva 2019\u00a8<\/em>, evento organizado por el IMDET (Instituto Municipal del Deporte en Tijuana).<\/p>\n<p>Algunos estudiantes de <strong>CETYS Universidad Campus Tijuana<\/strong> fueron parte de la larga lista de reconocimientos, todos ellos por cosechar un importante palmar\u00e9s a nivel nacional e internacional. Entre ellos<strong> Jorge Hern\u00e1ndez<\/strong>, quien se qued\u00f3 con el tercer lugar dentro de la categor\u00eda de Mejor Deportista Convencional.<\/p>\n<p>El adolescente de 16 a\u00f1os resume el a\u00f1o con un destacado saldo y dos convocatorias: campe\u00f3n del &#8220;Final Four&#8221; (Primera Fuerza CONADEIP), campe\u00f3n Juvenil &#8220;C&#8221; CONADEIP en sala, campe\u00f3n Juvenil &#8220;C&#8221; en playa y medallista de bronce en Juegos Nacionales CONADEMS.<\/p>\n<p><strong>Hern\u00e1ndez<\/strong>\u00a0tambi\u00e9n represent\u00f3 a M\u00e9xico en el Campeonato Mundial FIVB Sub-19 en T\u00fanez y fue recientemente llamado a la Preselecci\u00f3n Mexicana Mayor, rumbo al Preol\u00edmpico NORCECA.<\/p>\n<p><em>&#8220;Primero que nada, le doy gracias a mi entrenador <strong>\u00d3scar Licea<\/strong> por el apoyo que me a dado, ya que sin eso no pude haber logrado esos campeonatos y medallas en el transcurso de este a\u00f1o<\/em> -dijo el preparatoriano-. <em>Por todo ese esfuerzo que he dado en la cancha y entrenamientos se pudo lograr un sue\u00f1o, que es poder representar a mi pa\u00eds con la Selecci\u00f3n Mayor. Eso es un gran honor para m\u00ed ya que, para mi corta edad, es un gran logro y m\u00e9rito&#8221;.<\/em><\/p>\n<p>&nbsp;<\/p>\n<p><img loading=\"lazy\" decoding=\"async\" class=\"alignnone size-full wp-image-138536\" src=\"https:\/\/www.cetys.mx\/gozorros\/wp-content\/uploads\/2020\/01\/PMD19_BASQUET-e1576177038540.jpg\" alt=\"\" width=\"955\" height=\"637\" \/><\/p>\n<p>Adem\u00e1s se reconoci\u00f3 lo hecho por el equipo de baloncesto femenil tras cosechar lo siguiente: Campeonato Nacional Juvenil &#8220;C&#8221; CONADEIP, medalla de oro en Juegos Nacionales CONADEMS y campeonas de Liga Champagnat.<\/p>\n<p><em>&#8220;Muy agradecidas, tanto con<strong> CETYS<\/strong> como con el Municipio, por todo el apoyo que nos han brindado a lo largo de estos torneos. Mi \u00faltimo semestre de Preparatoria fue redondo, me siento muy contenta y motivada para lo que viene ahora en Universidad. Tenemos equipos muy completos, tanto jugadoras como cuerpo t\u00e9cnico&#8221;<\/em>, concluy\u00f3 la baloncestista <strong>Alejandra Arreola<\/strong>.<\/p>\n<p>Otros condecorados, pertenecientes a otras \u00e1reas o instituciones, fueron:\u00a0Esther Camarillo (nataci\u00f3n), Sebasti\u00e1n Ruelas (racquetbol) e Itzia Mej\u00eda (atletismo).<\/p>\n<p>&nbsp;<\/p>\n","protected":false},"excerpt":{"rendered":"<p>Se llev\u00f3 a cabo la ceremonia del \u00a8Premio Municipal del Deporte y Excelencia Deportiva 2019\u00a8, evento organizado por el IMDET (Instituto Municipal del Deporte en Tijuana). Algunos estudiantes de CETYS [&hellip;]<\/p>\n","protected":false},"author":1,"featured_media":7961,"comment_status":"open","ping_status":"open","sticky":false,"template":"","format":"standard","meta":{"footnotes":""},"categories":[90,170,119,120,121],"tags":[125,123,171,124],"class_list":["post-7959","post","type-post","status-publish","format-standard","has-post-thumbnail","hentry","category-basquetbol","category-campus-tijuana","category-deportes","category-portada","category-vocetys","tag-basquetbol","tag-deportes","tag-vocetys-2019-12-12","tag-voleibol"],"yoast_head":"<!-- This site is optimized with the Yoast SEO plugin v27.4 - https:\/\/yoast.com\/product\/yoast-seo-wordpress\/ -->\n<title>Talento de Campus Tijuana en la entrega del Premio Municipal del Deporte - CETYS Deportes<\/title>\n<meta name=\"robots\" content=\"index, follow, max-snippet:-1, max-image-preview:large, max-video-preview:-1\" \/>\n<link rel=\"canonical\" href=\"https:\/\/www.cetys.mx\/gozorros\/2019\/12\/12\/talento-cetystij-pmd2019\/\" \/>\n<meta property=\"og:locale\" content=\"es_MX\" \/>\n<meta property=\"og:type\" content=\"article\" \/>\n<meta property=\"og:title\" content=\"Talento de Campus Tijuana en la entrega del Premio Municipal del Deporte - CETYS Deportes\" \/>\n<meta property=\"og:description\" content=\"Se llev\u00f3 a cabo la ceremonia del \u00a8Premio Municipal del Deporte y Excelencia Deportiva 2019\u00a8, evento organizado por el IMDET (Instituto Municipal del Deporte en Tijuana). Algunos estudiantes de CETYS [&hellip;]\" \/>\n<meta property=\"og:url\" content=\"https:\/\/www.cetys.mx\/gozorros\/2019\/12\/12\/talento-cetystij-pmd2019\/\" \/>\n<meta property=\"og:site_name\" content=\"CETYS Deportes\" \/>\n<meta property=\"article:published_time\" content=\"2019-12-12T06:00:00+00:00\" \/>\n<meta property=\"article:modified_time\" content=\"2023-03-22T00:33:12+00:00\" \/>\n<meta property=\"og:image\" content=\"https:\/\/www.cetys.mx\/gozorros\/wp-content\/uploads\/2020\/01\/pmd19_voley-e1576178047558.jpg\" \/>\n\t<meta property=\"og:image:width\" content=\"953\" \/>\n\t<meta property=\"og:image:height\" content=\"637\" \/>\n\t<meta property=\"og:image:type\" content=\"image\/jpeg\" \/>\n<meta name=\"author\" content=\"Rodrigo\" \/>\n<meta name=\"twitter:card\" content=\"summary_large_image\" \/>\n<meta name=\"twitter:label1\" content=\"Escrito por\" \/>\n\t<meta name=\"twitter:data1\" content=\"Rodrigo\" \/>\n\t<meta name=\"twitter:label2\" content=\"Tiempo de lectura\" \/>\n\t<meta name=\"twitter:data2\" content=\"2 minutos\" \/>\n<script type=\"application\/ld+json\" class=\"yoast-schema-graph\">{\"@context\":\"https:\\\/\\\/schema.org\",\"@graph\":[{\"@type\":\"Article\",\"@id\":\"https:\\\/\\\/www.cetys.mx\\\/gozorros\\\/2019\\\/12\\\/12\\\/talento-cetystij-pmd2019\\\/#article\",\"isPartOf\":{\"@id\":\"https:\\\/\\\/www.cetys.mx\\\/gozorros\\\/2019\\\/12\\\/12\\\/talento-cetystij-pmd2019\\\/\"},\"author\":{\"name\":\"Rodrigo\",\"@id\":\"https:\\\/\\\/www.cetys.mx\\\/gozorros\\\/#\\\/schema\\\/person\\\/17ca9d2982ef45fca04b5bf5911c35e8\"},\"headline\":\"Talento de Campus Tijuana en la entrega del Premio Municipal del Deporte\",\"datePublished\":\"2019-12-12T06:00:00+00:00\",\"dateModified\":\"2023-03-22T00:33:12+00:00\",\"mainEntityOfPage\":{\"@id\":\"https:\\\/\\\/www.cetys.mx\\\/gozorros\\\/2019\\\/12\\\/12\\\/talento-cetystij-pmd2019\\\/\"},\"wordCount\":369,\"commentCount\":0,\"image\":{\"@id\":\"https:\\\/\\\/www.cetys.mx\\\/gozorros\\\/2019\\\/12\\\/12\\\/talento-cetystij-pmd2019\\\/#primaryimage\"},\"thumbnailUrl\":\"https:\\\/\\\/www.cetys.mx\\\/gozorros\\\/wp-content\\\/uploads\\\/2020\\\/01\\\/pmd19_voley-e1576178047558.jpg\",\"keywords\":[\"Basquetbol\",\"Deportes\",\"VoCETYS-2019-12-12\",\"voleibol\"],\"articleSection\":[\"B\u00e1squetbol\",\"Campus Tijuana\",\"Deportes\",\"Portada\",\"VoCETYS\"],\"inLanguage\":\"es\",\"potentialAction\":[{\"@type\":\"CommentAction\",\"name\":\"Comment\",\"target\":[\"https:\\\/\\\/www.cetys.mx\\\/gozorros\\\/2019\\\/12\\\/12\\\/talento-cetystij-pmd2019\\\/#respond\"]}]},{\"@type\":\"WebPage\",\"@id\":\"https:\\\/\\\/www.cetys.mx\\\/gozorros\\\/2019\\\/12\\\/12\\\/talento-cetystij-pmd2019\\\/\",\"url\":\"https:\\\/\\\/www.cetys.mx\\\/gozorros\\\/2019\\\/12\\\/12\\\/talento-cetystij-pmd2019\\\/\",\"name\":\"Talento de Campus Tijuana en la entrega del Premio Municipal del Deporte - CETYS Deportes\",\"isPartOf\":{\"@id\":\"https:\\\/\\\/www.cetys.mx\\\/gozorros\\\/#website\"},\"primaryImageOfPage\":{\"@id\":\"https:\\\/\\\/www.cetys.mx\\\/gozorros\\\/2019\\\/12\\\/12\\\/talento-cetystij-pmd2019\\\/#primaryimage\"},\"image\":{\"@id\":\"https:\\\/\\\/www.cetys.mx\\\/gozorros\\\/2019\\\/12\\\/12\\\/talento-cetystij-pmd2019\\\/#primaryimage\"},\"thumbnailUrl\":\"https:\\\/\\\/www.cetys.mx\\\/gozorros\\\/wp-content\\\/uploads\\\/2020\\\/01\\\/pmd19_voley-e1576178047558.jpg\",\"datePublished\":\"2019-12-12T06:00:00+00:00\",\"dateModified\":\"2023-03-22T00:33:12+00:00\",\"author\":{\"@id\":\"https:\\\/\\\/www.cetys.mx\\\/gozorros\\\/#\\\/schema\\\/person\\\/17ca9d2982ef45fca04b5bf5911c35e8\"},\"breadcrumb\":{\"@id\":\"https:\\\/\\\/www.cetys.mx\\\/gozorros\\\/2019\\\/12\\\/12\\\/talento-cetystij-pmd2019\\\/#breadcrumb\"},\"inLanguage\":\"es\",\"potentialAction\":[{\"@type\":\"ReadAction\",\"target\":[\"https:\\\/\\\/www.cetys.mx\\\/gozorros\\\/2019\\\/12\\\/12\\\/talento-cetystij-pmd2019\\\/\"]}]},{\"@type\":\"ImageObject\",\"inLanguage\":\"es\",\"@id\":\"https:\\\/\\\/www.cetys.mx\\\/gozorros\\\/2019\\\/12\\\/12\\\/talento-cetystij-pmd2019\\\/#primaryimage\",\"url\":\"https:\\\/\\\/www.cetys.mx\\\/gozorros\\\/wp-content\\\/uploads\\\/2020\\\/01\\\/pmd19_voley-e1576178047558.jpg\",\"contentUrl\":\"https:\\\/\\\/www.cetys.mx\\\/gozorros\\\/wp-content\\\/uploads\\\/2020\\\/01\\\/pmd19_voley-e1576178047558.jpg\",\"width\":953,\"height\":637,\"caption\":\"CETYS Universidad - Deportes\"},{\"@type\":\"BreadcrumbList\",\"@id\":\"https:\\\/\\\/www.cetys.mx\\\/gozorros\\\/2019\\\/12\\\/12\\\/talento-cetystij-pmd2019\\\/#breadcrumb\",\"itemListElement\":[{\"@type\":\"ListItem\",\"position\":1,\"name\":\"Inicio\",\"item\":\"https:\\\/\\\/www.cetys.mx\\\/gozorros\\\/\"},{\"@type\":\"ListItem\",\"position\":2,\"name\":\"Talento de Campus Tijuana en la entrega del Premio Municipal del Deporte\"}]},{\"@type\":\"WebSite\",\"@id\":\"https:\\\/\\\/www.cetys.mx\\\/gozorros\\\/#website\",\"url\":\"https:\\\/\\\/www.cetys.mx\\\/gozorros\\\/\",\"name\":\"CETYS Deportes\",\"description\":\"\",\"potentialAction\":[{\"@type\":\"SearchAction\",\"target\":{\"@type\":\"EntryPoint\",\"urlTemplate\":\"https:\\\/\\\/www.cetys.mx\\\/gozorros\\\/?s={search_term_string}\"},\"query-input\":{\"@type\":\"PropertyValueSpecification\",\"valueRequired\":true,\"valueName\":\"search_term_string\"}}],\"inLanguage\":\"es\"},{\"@type\":\"Person\",\"@id\":\"https:\\\/\\\/www.cetys.mx\\\/gozorros\\\/#\\\/schema\\\/person\\\/17ca9d2982ef45fca04b5bf5911c35e8\",\"name\":\"Rodrigo\",\"image\":{\"@type\":\"ImageObject\",\"inLanguage\":\"es\",\"@id\":\"https:\\\/\\\/secure.gravatar.com\\\/avatar\\\/239a81793e089799c886aa55c5c28fdb0c4c7493cda7160c453078091decaa95?s=96&d=mm&r=g\",\"url\":\"https:\\\/\\\/secure.gravatar.com\\\/avatar\\\/239a81793e089799c886aa55c5c28fdb0c4c7493cda7160c453078091decaa95?s=96&d=mm&r=g\",\"contentUrl\":\"https:\\\/\\\/secure.gravatar.com\\\/avatar\\\/239a81793e089799c886aa55c5c28fdb0c4c7493cda7160c453078091decaa95?s=96&d=mm&r=g\",\"caption\":\"Rodrigo\"},\"url\":\"https:\\\/\\\/www.cetys.mx\\\/gozorros\\\/author\\\/rodrigo\\\/\"}]}<\/script>\n<!-- \/ Yoast SEO plugin. -->","yoast_head_json":{"title":"Talento de Campus Tijuana en la entrega del Premio Municipal del Deporte - CETYS Deportes","robots":{"index":"index","follow":"follow","max-snippet":"max-snippet:-1","max-image-preview":"max-image-preview:large","max-video-preview":"max-video-preview:-1"},"canonical":"https:\/\/www.cetys.mx\/gozorros\/2019\/12\/12\/talento-cetystij-pmd2019\/","og_locale":"es_MX","og_type":"article","og_title":"Talento de Campus Tijuana en la entrega del Premio Municipal del Deporte - CETYS Deportes","og_description":"Se llev\u00f3 a cabo la ceremonia del \u00a8Premio Municipal del Deporte y Excelencia Deportiva 2019\u00a8, evento organizado por el IMDET (Instituto Municipal del Deporte en Tijuana). Algunos estudiantes de CETYS [&hellip;]","og_url":"https:\/\/www.cetys.mx\/gozorros\/2019\/12\/12\/talento-cetystij-pmd2019\/","og_site_name":"CETYS Deportes","article_published_time":"2019-12-12T06:00:00+00:00","article_modified_time":"2023-03-22T00:33:12+00:00","og_image":[{"width":953,"height":637,"url":"https:\/\/www.cetys.mx\/gozorros\/wp-content\/uploads\/2020\/01\/pmd19_voley-e1576178047558.jpg","type":"image\/jpeg"}],"author":"Rodrigo","twitter_card":"summary_large_image","twitter_misc":{"Escrito por":"Rodrigo","Tiempo de lectura":"2 minutos"},"schema":{"@context":"https:\/\/schema.org","@graph":[{"@type":"Article","@id":"https:\/\/www.cetys.mx\/gozorros\/2019\/12\/12\/talento-cetystij-pmd2019\/#article","isPartOf":{"@id":"https:\/\/www.cetys.mx\/gozorros\/2019\/12\/12\/talento-cetystij-pmd2019\/"},"author":{"name":"Rodrigo","@id":"https:\/\/www.cetys.mx\/gozorros\/#\/schema\/person\/17ca9d2982ef45fca04b5bf5911c35e8"},"headline":"Talento de Campus Tijuana en la entrega del Premio Municipal del Deporte","datePublished":"2019-12-12T06:00:00+00:00","dateModified":"2023-03-22T00:33:12+00:00","mainEntityOfPage":{"@id":"https:\/\/www.cetys.mx\/gozorros\/2019\/12\/12\/talento-cetystij-pmd2019\/"},"wordCount":369,"commentCount":0,"image":{"@id":"https:\/\/www.cetys.mx\/gozorros\/2019\/12\/12\/talento-cetystij-pmd2019\/#primaryimage"},"thumbnailUrl":"https:\/\/www.cetys.mx\/gozorros\/wp-content\/uploads\/2020\/01\/pmd19_voley-e1576178047558.jpg","keywords":["Basquetbol","Deportes","VoCETYS-2019-12-12","voleibol"],"articleSection":["B\u00e1squetbol","Campus Tijuana","Deportes","Portada","VoCETYS"],"inLanguage":"es","potentialAction":[{"@type":"CommentAction","name":"Comment","target":["https:\/\/www.cetys.mx\/gozorros\/2019\/12\/12\/talento-cetystij-pmd2019\/#respond"]}]},{"@type":"WebPage","@id":"https:\/\/www.cetys.mx\/gozorros\/2019\/12\/12\/talento-cetystij-pmd2019\/","url":"https:\/\/www.cetys.mx\/gozorros\/2019\/12\/12\/talento-cetystij-pmd2019\/","name":"Talento de Campus Tijuana en la entrega del Premio Municipal del Deporte - CETYS Deportes","isPartOf":{"@id":"https:\/\/www.cetys.mx\/gozorros\/#website"},"primaryImageOfPage":{"@id":"https:\/\/www.cetys.mx\/gozorros\/2019\/12\/12\/talento-cetystij-pmd2019\/#primaryimage"},"image":{"@id":"https:\/\/www.cetys.mx\/gozorros\/2019\/12\/12\/talento-cetystij-pmd2019\/#primaryimage"},"thumbnailUrl":"https:\/\/www.cetys.mx\/gozorros\/wp-content\/uploads\/2020\/01\/pmd19_voley-e1576178047558.jpg","datePublished":"2019-12-12T06:00:00+00:00","dateModified":"2023-03-22T00:33:12+00:00","author":{"@id":"https:\/\/www.cetys.mx\/gozorros\/#\/schema\/person\/17ca9d2982ef45fca04b5bf5911c35e8"},"breadcrumb":{"@id":"https:\/\/www.cetys.mx\/gozorros\/2019\/12\/12\/talento-cetystij-pmd2019\/#breadcrumb"},"inLanguage":"es","potentialAction":[{"@type":"ReadAction","target":["https:\/\/www.cetys.mx\/gozorros\/2019\/12\/12\/talento-cetystij-pmd2019\/"]}]},{"@type":"ImageObject","inLanguage":"es","@id":"https:\/\/www.cetys.mx\/gozorros\/2019\/12\/12\/talento-cetystij-pmd2019\/#primaryimage","url":"https:\/\/www.cetys.mx\/gozorros\/wp-content\/uploads\/2020\/01\/pmd19_voley-e1576178047558.jpg","contentUrl":"https:\/\/www.cetys.mx\/gozorros\/wp-content\/uploads\/2020\/01\/pmd19_voley-e1576178047558.jpg","width":953,"height":637,"caption":"CETYS Universidad - Deportes"},{"@type":"BreadcrumbList","@id":"https:\/\/www.cetys.mx\/gozorros\/2019\/12\/12\/talento-cetystij-pmd2019\/#breadcrumb","itemListElement":[{"@type":"ListItem","position":1,"name":"Inicio","item":"https:\/\/www.cetys.mx\/gozorros\/"},{"@type":"ListItem","position":2,"name":"Talento de Campus Tijuana en la entrega del Premio Municipal del Deporte"}]},{"@type":"WebSite","@id":"https:\/\/www.cetys.mx\/gozorros\/#website","url":"https:\/\/www.cetys.mx\/gozorros\/","name":"CETYS Deportes","description":"","potentialAction":[{"@type":"SearchAction","target":{"@type":"EntryPoint","urlTemplate":"https:\/\/www.cetys.mx\/gozorros\/?s={search_term_string}"},"query-input":{"@type":"PropertyValueSpecification","valueRequired":true,"valueName":"search_term_string"}}],"inLanguage":"es"},{"@type":"Person","@id":"https:\/\/www.cetys.mx\/gozorros\/#\/schema\/person\/17ca9d2982ef45fca04b5bf5911c35e8","name":"Rodrigo","image":{"@type":"ImageObject","inLanguage":"es","@id":"https:\/\/secure.gravatar.com\/avatar\/239a81793e089799c886aa55c5c28fdb0c4c7493cda7160c453078091decaa95?s=96&d=mm&r=g","url":"https:\/\/secure.gravatar.com\/avatar\/239a81793e089799c886aa55c5c28fdb0c4c7493cda7160c453078091decaa95?s=96&d=mm&r=g","contentUrl":"https:\/\/secure.gravatar.com\/avatar\/239a81793e089799c886aa55c5c28fdb0c4c7493cda7160c453078091decaa95?s=96&d=mm&r=g","caption":"Rodrigo"},"url":"https:\/\/www.cetys.mx\/gozorros\/author\/rodrigo\/"}]}},"_links":{"self":[{"href":"https:\/\/www.cetys.mx\/gozorros\/wp-json\/wp\/v2\/posts\/7959","targetHints":{"allow":["GET"]}}],"collection":[{"href":"https:\/\/www.cetys.mx\/gozorros\/wp-json\/wp\/v2\/posts"}],"about":[{"href":"https:\/\/www.cetys.mx\/gozorros\/wp-json\/wp\/v2\/types\/post"}],"author":[{"embeddable":true,"href":"https:\/\/www.cetys.mx\/gozorros\/wp-json\/wp\/v2\/users\/1"}],"replies":[{"embeddable":true,"href":"https:\/\/www.cetys.mx\/gozorros\/wp-json\/wp\/v2\/comments?post=7959"}],"version-history":[{"count":1,"href":"https:\/\/www.cetys.mx\/gozorros\/wp-json\/wp\/v2\/posts\/7959\/revisions"}],"predecessor-version":[{"id":11424,"href":"https:\/\/www.cetys.mx\/gozorros\/wp-json\/wp\/v2\/posts\/7959\/revisions\/11424"}],"wp:featuredmedia":[{"embeddable":true,"href":"https:\/\/www.cetys.mx\/gozorros\/wp-json\/wp\/v2\/media\/7961"}],"wp:attachment":[{"href":"https:\/\/www.cetys.mx\/gozorros\/wp-json\/wp\/v2\/media?parent=7959"}],"wp:term":[{"taxonomy":"category","embeddable":true,"href":"https:\/\/www.cetys.mx\/gozorros\/wp-json\/wp\/v2\/categories?post=7959"},{"taxonomy":"post_tag","embeddable":true,"href":"https:\/\/www.cetys.mx\/gozorros\/wp-json\/wp\/v2\/tags?post=7959"}],"curies":[{"name":"wp","href":"https:\/\/api.w.org\/{rel}","templated":true}]}}