{"id":16893,"date":"2025-06-20T18:58:37","date_gmt":"2025-06-21T00:58:37","guid":{"rendered":"https:\/\/www.cetys.mx\/gozorros\/?p=16893"},"modified":"2025-07-16T01:13:29","modified_gmt":"2025-07-16T07:13:29","slug":"destacan-dos-nadadores-de-cetys-en-la-primera-mitad-de-2025","status":"publish","type":"post","link":"https:\/\/www.cetys.mx\/gozorros\/2025\/06\/20\/destacan-dos-nadadores-de-cetys-en-la-primera-mitad-de-2025\/","title":{"rendered":"Destacaron estudiantes nadadores de CETYS en la primera mitad de 2025"},"content":{"rendered":"<p><em><span style=\"font-weight: 400;\">Sharon Guerrero Cho y Alan Gonz\u00e1lez Torres estudiaron en Campus Tijuana, mientras registraban grandes triunfos en aguas abiertas y nataci\u00f3n de fondo.<\/span><\/em><\/p>\n<p>&nbsp;<\/p>\n<p>La nataci\u00f3n de Baja California volvi\u00f3 a dominar las competencias de la Olimpiada Nacional CONADE 2025, luego de llevarse el primer lugar general del presente a\u00f1o; evento realizado en Guadalajara, Jalisco.<\/p>\n<p>Entre las 76 medallas cosechadas por la delegaci\u00f3n bajacaliforniana, aparecen los nombres de dos nadadores que estudiaron en CETYS Universidad Campus Tijuana: <strong>Sharon Guerrero<\/strong> y <strong>Alan Gonz\u00e1lez Torres<\/strong>.<\/p>\n<p><img loading=\"lazy\" decoding=\"async\" class=\" wp-image-16898 alignleft\" src=\"https:\/\/www.cetys.mx\/gozorros\/wp-content\/uploads\/2025\/06\/SHARON1-182x300.jpg\" alt=\"\" width=\"169\" height=\"279\" srcset=\"https:\/\/www.cetys.mx\/gozorros\/wp-content\/uploads\/2025\/06\/SHARON1-182x300.jpg 182w, https:\/\/www.cetys.mx\/gozorros\/wp-content\/uploads\/2025\/06\/SHARON1-320x529.jpg 320w, https:\/\/www.cetys.mx\/gozorros\/wp-content\/uploads\/2025\/06\/SHARON1-480x793.jpg 480w, https:\/\/www.cetys.mx\/gozorros\/wp-content\/uploads\/2025\/06\/SHARON1.jpg 526w\" sizes=\"auto, (max-width: 169px) 100vw, 169px\" \/>\u00a0<strong>Sharon Guerrero<\/strong> es graduada de Preparatoria en 2023 y curs\u00f3 cuatro semestres de Universidad, antes de partir a Estados Unidos. Aport\u00f3 al equipo estatal las siguientes medallas en la categor\u00eda correspondiente:<\/p>\n<ul>\n<li>Oro en Aguas Abiertas 10K<\/li>\n<li>Oro en 1,500 metros libres<\/li>\n<li>Oro en 800 metros libres<\/li>\n<\/ul>\n<p>Mientras tanto, <strong>Alan Gonz\u00e1lez Torres<\/strong> ha cerrado la etapa de Preparatoria en este 2025. Su talento en las piscinas y en las costas ha sido reflejado de manera magistral, dentro de la divisi\u00f3n que domina:<\/p>\n<ul>\n<li>Oro en Aguas Abiertas 10K<\/li>\n<li>Plata en 800 metros libres<\/li>\n<li>Bronce en 1,500 metros libres<\/li>\n<\/ul>\n<p>Cabe mencionar que ambos, en abril de 2025, viajaron a Puerto Morelos, Quintana Roo para encabezar el Selectivo Nacional de Aguas Abiertas, clasificando a estos pr\u00f3ximos eventos de relevancia:<\/p>\n<ul>\n<li><strong>Campeonato Mundial de Deportes Acu\u00e1ticos<\/strong>, del 11 de julio al 3 de agosto en Singapur.<\/li>\n<li><strong>Juegos Panamericanos Junior<\/strong>, del 9 al 23 de agosto en Asunci\u00f3n, Paraguay.<\/li>\n<\/ul>\n<p><img loading=\"lazy\" decoding=\"async\" class=\"size-medium wp-image-16897 aligncenter\" src=\"https:\/\/www.cetys.mx\/gozorros\/wp-content\/uploads\/2025\/06\/aguas2-300x200.jpg\" alt=\"\" width=\"300\" height=\"200\" srcset=\"https:\/\/www.cetys.mx\/gozorros\/wp-content\/uploads\/2025\/06\/aguas2-300x200.jpg 300w, https:\/\/www.cetys.mx\/gozorros\/wp-content\/uploads\/2025\/06\/aguas2-1024x682.jpg 1024w, https:\/\/www.cetys.mx\/gozorros\/wp-content\/uploads\/2025\/06\/aguas2-768x512.jpg 768w, https:\/\/www.cetys.mx\/gozorros\/wp-content\/uploads\/2025\/06\/aguas2-1536x1023.jpg 1536w, https:\/\/www.cetys.mx\/gozorros\/wp-content\/uploads\/2025\/06\/aguas2-320x213.jpg 320w, https:\/\/www.cetys.mx\/gozorros\/wp-content\/uploads\/2025\/06\/aguas2-480x320.jpg 480w, https:\/\/www.cetys.mx\/gozorros\/wp-content\/uploads\/2025\/06\/aguas2-800x533.jpg 800w, https:\/\/www.cetys.mx\/gozorros\/wp-content\/uploads\/2025\/06\/aguas2.jpg 1600w\" sizes=\"auto, (max-width: 300px) 100vw, 300px\" \/><\/p>\n<p>En dicha justa frente a la playa quintanarroense, Alan fue primero en 10K Varonil y Sharon fue segunda en la misma prueba, pero en Femenil.<\/p>\n<p>La primera mitad de 2025 ha sido exitosa para los estudiantes de Campus Tijuana. Un par de nadadores que estiran las manos para <strong>tocar la gloria<\/strong>, mientras cumplen sus compromisos en sus respectivas etapas acad\u00e9micas.<\/p>\n<p>&nbsp;<\/p>\n<p><img loading=\"lazy\" decoding=\"async\" class=\"size-medium wp-image-16896 aligncenter\" src=\"https:\/\/www.cetys.mx\/gozorros\/wp-content\/uploads\/2025\/06\/AGUAS1-300x200.jpg\" alt=\"\" width=\"300\" height=\"200\" srcset=\"https:\/\/www.cetys.mx\/gozorros\/wp-content\/uploads\/2025\/06\/AGUAS1-300x200.jpg 300w, https:\/\/www.cetys.mx\/gozorros\/wp-content\/uploads\/2025\/06\/AGUAS1-1024x682.jpg 1024w, https:\/\/www.cetys.mx\/gozorros\/wp-content\/uploads\/2025\/06\/AGUAS1-768x512.jpg 768w, https:\/\/www.cetys.mx\/gozorros\/wp-content\/uploads\/2025\/06\/AGUAS1-320x213.jpg 320w, https:\/\/www.cetys.mx\/gozorros\/wp-content\/uploads\/2025\/06\/AGUAS1-480x320.jpg 480w, https:\/\/www.cetys.mx\/gozorros\/wp-content\/uploads\/2025\/06\/AGUAS1-800x533.jpg 800w, https:\/\/www.cetys.mx\/gozorros\/wp-content\/uploads\/2025\/06\/AGUAS1.jpg 1280w\" sizes=\"auto, (max-width: 300px) 100vw, 300px\" \/><\/p>\n<p>&nbsp;<\/p>\n<p>&nbsp;<\/p>\n","protected":false},"excerpt":{"rendered":"<p>Sharon Guerrero Cho y Alan Gonz\u00e1lez Torres estudiaron en Campus Tijuana, mientras registraban grandes triunfos en aguas abiertas y nataci\u00f3n de fondo. &nbsp; La nataci\u00f3n de Baja California volvi\u00f3 a [&hellip;]<\/p>\n","protected":false},"author":11,"featured_media":16894,"comment_status":"open","ping_status":"open","sticky":false,"template":"","format":"standard","meta":{"footnotes":""},"categories":[93,166,120],"tags":[568,569,145],"class_list":["post-16893","post","type-post","status-publish","format-standard","has-post-thumbnail","hentry","category-disciplinas-individuales","category-natacion","category-portada","tag-aguas-abiertas","tag-deportes-individuales","tag-natacion"],"yoast_head":"<!-- This site is optimized with the Yoast SEO plugin v27.4 - https:\/\/yoast.com\/product\/yoast-seo-wordpress\/ -->\n<title>Destacaron estudiantes nadadores de CETYS en la primera mitad de 2025 - CETYS Deportes<\/title>\n<meta name=\"robots\" content=\"index, follow, max-snippet:-1, max-image-preview:large, max-video-preview:-1\" \/>\n<link rel=\"canonical\" href=\"https:\/\/www.cetys.mx\/gozorros\/2025\/06\/20\/destacan-dos-nadadores-de-cetys-en-la-primera-mitad-de-2025\/\" \/>\n<meta property=\"og:locale\" content=\"es_MX\" \/>\n<meta property=\"og:type\" content=\"article\" \/>\n<meta property=\"og:title\" content=\"Destacaron estudiantes nadadores de CETYS en la primera mitad de 2025 - CETYS Deportes\" \/>\n<meta property=\"og:description\" content=\"Sharon Guerrero Cho y Alan Gonz\u00e1lez Torres estudiaron en Campus Tijuana, mientras registraban grandes triunfos en aguas abiertas y nataci\u00f3n de fondo. &nbsp; La nataci\u00f3n de Baja California volvi\u00f3 a [&hellip;]\" \/>\n<meta property=\"og:url\" content=\"https:\/\/www.cetys.mx\/gozorros\/2025\/06\/20\/destacan-dos-nadadores-de-cetys-en-la-primera-mitad-de-2025\/\" \/>\n<meta property=\"og:site_name\" content=\"CETYS Deportes\" \/>\n<meta property=\"article:published_time\" content=\"2025-06-21T00:58:37+00:00\" \/>\n<meta property=\"article:modified_time\" content=\"2025-07-16T07:13:29+00:00\" \/>\n<meta property=\"og:image\" content=\"https:\/\/www.cetys.mx\/gozorros\/wp-content\/uploads\/2025\/06\/SHARON-ALAN.jpg\" \/>\n\t<meta property=\"og:image:width\" content=\"1000\" \/>\n\t<meta property=\"og:image:height\" content=\"666\" \/>\n\t<meta property=\"og:image:type\" content=\"image\/jpeg\" \/>\n<meta name=\"author\" content=\"Comunicaci\u00f3n Campus Tijuana\" \/>\n<meta name=\"twitter:card\" content=\"summary_large_image\" \/>\n<meta name=\"twitter:label1\" content=\"Escrito por\" \/>\n\t<meta name=\"twitter:data1\" content=\"Comunicaci\u00f3n Campus Tijuana\" \/>\n\t<meta name=\"twitter:label2\" content=\"Tiempo de lectura\" \/>\n\t<meta name=\"twitter:data2\" content=\"3 minutos\" \/>\n<script type=\"application\/ld+json\" class=\"yoast-schema-graph\">{\"@context\":\"https:\\\/\\\/schema.org\",\"@graph\":[{\"@type\":\"Article\",\"@id\":\"https:\\\/\\\/www.cetys.mx\\\/gozorros\\\/2025\\\/06\\\/20\\\/destacan-dos-nadadores-de-cetys-en-la-primera-mitad-de-2025\\\/#article\",\"isPartOf\":{\"@id\":\"https:\\\/\\\/www.cetys.mx\\\/gozorros\\\/2025\\\/06\\\/20\\\/destacan-dos-nadadores-de-cetys-en-la-primera-mitad-de-2025\\\/\"},\"author\":{\"name\":\"Comunicaci\u00f3n Campus Tijuana\",\"@id\":\"https:\\\/\\\/www.cetys.mx\\\/gozorros\\\/#\\\/schema\\\/person\\\/2df51e85672c68eb6aa5a885a91e9f87\"},\"headline\":\"Destacaron estudiantes nadadores de CETYS en la primera mitad de 2025\",\"datePublished\":\"2025-06-21T00:58:37+00:00\",\"dateModified\":\"2025-07-16T07:13:29+00:00\",\"mainEntityOfPage\":{\"@id\":\"https:\\\/\\\/www.cetys.mx\\\/gozorros\\\/2025\\\/06\\\/20\\\/destacan-dos-nadadores-de-cetys-en-la-primera-mitad-de-2025\\\/\"},\"wordCount\":306,\"commentCount\":0,\"image\":{\"@id\":\"https:\\\/\\\/www.cetys.mx\\\/gozorros\\\/2025\\\/06\\\/20\\\/destacan-dos-nadadores-de-cetys-en-la-primera-mitad-de-2025\\\/#primaryimage\"},\"thumbnailUrl\":\"https:\\\/\\\/www.cetys.mx\\\/gozorros\\\/wp-content\\\/uploads\\\/2025\\\/06\\\/SHARON-ALAN.jpg\",\"keywords\":[\"aguas abiertas\",\"deportes individuales\",\"Nataci\u00f3n\"],\"articleSection\":[\"Disciplinas individuales\",\"Nataci\u00f3n\",\"Portada\"],\"inLanguage\":\"es\",\"potentialAction\":[{\"@type\":\"CommentAction\",\"name\":\"Comment\",\"target\":[\"https:\\\/\\\/www.cetys.mx\\\/gozorros\\\/2025\\\/06\\\/20\\\/destacan-dos-nadadores-de-cetys-en-la-primera-mitad-de-2025\\\/#respond\"]}]},{\"@type\":\"WebPage\",\"@id\":\"https:\\\/\\\/www.cetys.mx\\\/gozorros\\\/2025\\\/06\\\/20\\\/destacan-dos-nadadores-de-cetys-en-la-primera-mitad-de-2025\\\/\",\"url\":\"https:\\\/\\\/www.cetys.mx\\\/gozorros\\\/2025\\\/06\\\/20\\\/destacan-dos-nadadores-de-cetys-en-la-primera-mitad-de-2025\\\/\",\"name\":\"Destacaron estudiantes nadadores de CETYS en la primera mitad de 2025 - CETYS Deportes\",\"isPartOf\":{\"@id\":\"https:\\\/\\\/www.cetys.mx\\\/gozorros\\\/#website\"},\"primaryImageOfPage\":{\"@id\":\"https:\\\/\\\/www.cetys.mx\\\/gozorros\\\/2025\\\/06\\\/20\\\/destacan-dos-nadadores-de-cetys-en-la-primera-mitad-de-2025\\\/#primaryimage\"},\"image\":{\"@id\":\"https:\\\/\\\/www.cetys.mx\\\/gozorros\\\/2025\\\/06\\\/20\\\/destacan-dos-nadadores-de-cetys-en-la-primera-mitad-de-2025\\\/#primaryimage\"},\"thumbnailUrl\":\"https:\\\/\\\/www.cetys.mx\\\/gozorros\\\/wp-content\\\/uploads\\\/2025\\\/06\\\/SHARON-ALAN.jpg\",\"datePublished\":\"2025-06-21T00:58:37+00:00\",\"dateModified\":\"2025-07-16T07:13:29+00:00\",\"author\":{\"@id\":\"https:\\\/\\\/www.cetys.mx\\\/gozorros\\\/#\\\/schema\\\/person\\\/2df51e85672c68eb6aa5a885a91e9f87\"},\"breadcrumb\":{\"@id\":\"https:\\\/\\\/www.cetys.mx\\\/gozorros\\\/2025\\\/06\\\/20\\\/destacan-dos-nadadores-de-cetys-en-la-primera-mitad-de-2025\\\/#breadcrumb\"},\"inLanguage\":\"es\",\"potentialAction\":[{\"@type\":\"ReadAction\",\"target\":[\"https:\\\/\\\/www.cetys.mx\\\/gozorros\\\/2025\\\/06\\\/20\\\/destacan-dos-nadadores-de-cetys-en-la-primera-mitad-de-2025\\\/\"]}]},{\"@type\":\"ImageObject\",\"inLanguage\":\"es\",\"@id\":\"https:\\\/\\\/www.cetys.mx\\\/gozorros\\\/2025\\\/06\\\/20\\\/destacan-dos-nadadores-de-cetys-en-la-primera-mitad-de-2025\\\/#primaryimage\",\"url\":\"https:\\\/\\\/www.cetys.mx\\\/gozorros\\\/wp-content\\\/uploads\\\/2025\\\/06\\\/SHARON-ALAN.jpg\",\"contentUrl\":\"https:\\\/\\\/www.cetys.mx\\\/gozorros\\\/wp-content\\\/uploads\\\/2025\\\/06\\\/SHARON-ALAN.jpg\",\"width\":1000,\"height\":666},{\"@type\":\"BreadcrumbList\",\"@id\":\"https:\\\/\\\/www.cetys.mx\\\/gozorros\\\/2025\\\/06\\\/20\\\/destacan-dos-nadadores-de-cetys-en-la-primera-mitad-de-2025\\\/#breadcrumb\",\"itemListElement\":[{\"@type\":\"ListItem\",\"position\":1,\"name\":\"Inicio\",\"item\":\"https:\\\/\\\/www.cetys.mx\\\/gozorros\\\/\"},{\"@type\":\"ListItem\",\"position\":2,\"name\":\"Destacaron estudiantes nadadores de CETYS en la primera mitad de 2025\"}]},{\"@type\":\"WebSite\",\"@id\":\"https:\\\/\\\/www.cetys.mx\\\/gozorros\\\/#website\",\"url\":\"https:\\\/\\\/www.cetys.mx\\\/gozorros\\\/\",\"name\":\"CETYS Deportes\",\"description\":\"\",\"potentialAction\":[{\"@type\":\"SearchAction\",\"target\":{\"@type\":\"EntryPoint\",\"urlTemplate\":\"https:\\\/\\\/www.cetys.mx\\\/gozorros\\\/?s={search_term_string}\"},\"query-input\":{\"@type\":\"PropertyValueSpecification\",\"valueRequired\":true,\"valueName\":\"search_term_string\"}}],\"inLanguage\":\"es\"},{\"@type\":\"Person\",\"@id\":\"https:\\\/\\\/www.cetys.mx\\\/gozorros\\\/#\\\/schema\\\/person\\\/2df51e85672c68eb6aa5a885a91e9f87\",\"name\":\"Comunicaci\u00f3n Campus Tijuana\",\"image\":{\"@type\":\"ImageObject\",\"inLanguage\":\"es\",\"@id\":\"https:\\\/\\\/secure.gravatar.com\\\/avatar\\\/d6cfe1d1e1b51f5bee95d422388bcf16ecab6583c5a412f5c4c7f32e7c268118?s=96&d=mm&r=g\",\"url\":\"https:\\\/\\\/secure.gravatar.com\\\/avatar\\\/d6cfe1d1e1b51f5bee95d422388bcf16ecab6583c5a412f5c4c7f32e7c268118?s=96&d=mm&r=g\",\"contentUrl\":\"https:\\\/\\\/secure.gravatar.com\\\/avatar\\\/d6cfe1d1e1b51f5bee95d422388bcf16ecab6583c5a412f5c4c7f32e7c268118?s=96&d=mm&r=g\",\"caption\":\"Comunicaci\u00f3n Campus Tijuana\"},\"url\":\"https:\\\/\\\/www.cetys.mx\\\/gozorros\\\/author\\\/comunicacion-tijuana\\\/\"}]}<\/script>\n<!-- \/ Yoast SEO plugin. -->","yoast_head_json":{"title":"Destacaron estudiantes nadadores de CETYS en la primera mitad de 2025 - CETYS Deportes","robots":{"index":"index","follow":"follow","max-snippet":"max-snippet:-1","max-image-preview":"max-image-preview:large","max-video-preview":"max-video-preview:-1"},"canonical":"https:\/\/www.cetys.mx\/gozorros\/2025\/06\/20\/destacan-dos-nadadores-de-cetys-en-la-primera-mitad-de-2025\/","og_locale":"es_MX","og_type":"article","og_title":"Destacaron estudiantes nadadores de CETYS en la primera mitad de 2025 - CETYS Deportes","og_description":"Sharon Guerrero Cho y Alan Gonz\u00e1lez Torres estudiaron en Campus Tijuana, mientras registraban grandes triunfos en aguas abiertas y nataci\u00f3n de fondo. &nbsp; La nataci\u00f3n de Baja California volvi\u00f3 a [&hellip;]","og_url":"https:\/\/www.cetys.mx\/gozorros\/2025\/06\/20\/destacan-dos-nadadores-de-cetys-en-la-primera-mitad-de-2025\/","og_site_name":"CETYS Deportes","article_published_time":"2025-06-21T00:58:37+00:00","article_modified_time":"2025-07-16T07:13:29+00:00","og_image":[{"width":1000,"height":666,"url":"https:\/\/www.cetys.mx\/gozorros\/wp-content\/uploads\/2025\/06\/SHARON-ALAN.jpg","type":"image\/jpeg"}],"author":"Comunicaci\u00f3n Campus Tijuana","twitter_card":"summary_large_image","twitter_misc":{"Escrito por":"Comunicaci\u00f3n Campus Tijuana","Tiempo de lectura":"3 minutos"},"schema":{"@context":"https:\/\/schema.org","@graph":[{"@type":"Article","@id":"https:\/\/www.cetys.mx\/gozorros\/2025\/06\/20\/destacan-dos-nadadores-de-cetys-en-la-primera-mitad-de-2025\/#article","isPartOf":{"@id":"https:\/\/www.cetys.mx\/gozorros\/2025\/06\/20\/destacan-dos-nadadores-de-cetys-en-la-primera-mitad-de-2025\/"},"author":{"name":"Comunicaci\u00f3n Campus Tijuana","@id":"https:\/\/www.cetys.mx\/gozorros\/#\/schema\/person\/2df51e85672c68eb6aa5a885a91e9f87"},"headline":"Destacaron estudiantes nadadores de CETYS en la primera mitad de 2025","datePublished":"2025-06-21T00:58:37+00:00","dateModified":"2025-07-16T07:13:29+00:00","mainEntityOfPage":{"@id":"https:\/\/www.cetys.mx\/gozorros\/2025\/06\/20\/destacan-dos-nadadores-de-cetys-en-la-primera-mitad-de-2025\/"},"wordCount":306,"commentCount":0,"image":{"@id":"https:\/\/www.cetys.mx\/gozorros\/2025\/06\/20\/destacan-dos-nadadores-de-cetys-en-la-primera-mitad-de-2025\/#primaryimage"},"thumbnailUrl":"https:\/\/www.cetys.mx\/gozorros\/wp-content\/uploads\/2025\/06\/SHARON-ALAN.jpg","keywords":["aguas abiertas","deportes individuales","Nataci\u00f3n"],"articleSection":["Disciplinas individuales","Nataci\u00f3n","Portada"],"inLanguage":"es","potentialAction":[{"@type":"CommentAction","name":"Comment","target":["https:\/\/www.cetys.mx\/gozorros\/2025\/06\/20\/destacan-dos-nadadores-de-cetys-en-la-primera-mitad-de-2025\/#respond"]}]},{"@type":"WebPage","@id":"https:\/\/www.cetys.mx\/gozorros\/2025\/06\/20\/destacan-dos-nadadores-de-cetys-en-la-primera-mitad-de-2025\/","url":"https:\/\/www.cetys.mx\/gozorros\/2025\/06\/20\/destacan-dos-nadadores-de-cetys-en-la-primera-mitad-de-2025\/","name":"Destacaron estudiantes nadadores de CETYS en la primera mitad de 2025 - CETYS Deportes","isPartOf":{"@id":"https:\/\/www.cetys.mx\/gozorros\/#website"},"primaryImageOfPage":{"@id":"https:\/\/www.cetys.mx\/gozorros\/2025\/06\/20\/destacan-dos-nadadores-de-cetys-en-la-primera-mitad-de-2025\/#primaryimage"},"image":{"@id":"https:\/\/www.cetys.mx\/gozorros\/2025\/06\/20\/destacan-dos-nadadores-de-cetys-en-la-primera-mitad-de-2025\/#primaryimage"},"thumbnailUrl":"https:\/\/www.cetys.mx\/gozorros\/wp-content\/uploads\/2025\/06\/SHARON-ALAN.jpg","datePublished":"2025-06-21T00:58:37+00:00","dateModified":"2025-07-16T07:13:29+00:00","author":{"@id":"https:\/\/www.cetys.mx\/gozorros\/#\/schema\/person\/2df51e85672c68eb6aa5a885a91e9f87"},"breadcrumb":{"@id":"https:\/\/www.cetys.mx\/gozorros\/2025\/06\/20\/destacan-dos-nadadores-de-cetys-en-la-primera-mitad-de-2025\/#breadcrumb"},"inLanguage":"es","potentialAction":[{"@type":"ReadAction","target":["https:\/\/www.cetys.mx\/gozorros\/2025\/06\/20\/destacan-dos-nadadores-de-cetys-en-la-primera-mitad-de-2025\/"]}]},{"@type":"ImageObject","inLanguage":"es","@id":"https:\/\/www.cetys.mx\/gozorros\/2025\/06\/20\/destacan-dos-nadadores-de-cetys-en-la-primera-mitad-de-2025\/#primaryimage","url":"https:\/\/www.cetys.mx\/gozorros\/wp-content\/uploads\/2025\/06\/SHARON-ALAN.jpg","contentUrl":"https:\/\/www.cetys.mx\/gozorros\/wp-content\/uploads\/2025\/06\/SHARON-ALAN.jpg","width":1000,"height":666},{"@type":"BreadcrumbList","@id":"https:\/\/www.cetys.mx\/gozorros\/2025\/06\/20\/destacan-dos-nadadores-de-cetys-en-la-primera-mitad-de-2025\/#breadcrumb","itemListElement":[{"@type":"ListItem","position":1,"name":"Inicio","item":"https:\/\/www.cetys.mx\/gozorros\/"},{"@type":"ListItem","position":2,"name":"Destacaron estudiantes nadadores de CETYS en la primera mitad de 2025"}]},{"@type":"WebSite","@id":"https:\/\/www.cetys.mx\/gozorros\/#website","url":"https:\/\/www.cetys.mx\/gozorros\/","name":"CETYS Deportes","description":"","potentialAction":[{"@type":"SearchAction","target":{"@type":"EntryPoint","urlTemplate":"https:\/\/www.cetys.mx\/gozorros\/?s={search_term_string}"},"query-input":{"@type":"PropertyValueSpecification","valueRequired":true,"valueName":"search_term_string"}}],"inLanguage":"es"},{"@type":"Person","@id":"https:\/\/www.cetys.mx\/gozorros\/#\/schema\/person\/2df51e85672c68eb6aa5a885a91e9f87","name":"Comunicaci\u00f3n Campus Tijuana","image":{"@type":"ImageObject","inLanguage":"es","@id":"https:\/\/secure.gravatar.com\/avatar\/d6cfe1d1e1b51f5bee95d422388bcf16ecab6583c5a412f5c4c7f32e7c268118?s=96&d=mm&r=g","url":"https:\/\/secure.gravatar.com\/avatar\/d6cfe1d1e1b51f5bee95d422388bcf16ecab6583c5a412f5c4c7f32e7c268118?s=96&d=mm&r=g","contentUrl":"https:\/\/secure.gravatar.com\/avatar\/d6cfe1d1e1b51f5bee95d422388bcf16ecab6583c5a412f5c4c7f32e7c268118?s=96&d=mm&r=g","caption":"Comunicaci\u00f3n Campus Tijuana"},"url":"https:\/\/www.cetys.mx\/gozorros\/author\/comunicacion-tijuana\/"}]}},"_links":{"self":[{"href":"https:\/\/www.cetys.mx\/gozorros\/wp-json\/wp\/v2\/posts\/16893","targetHints":{"allow":["GET"]}}],"collection":[{"href":"https:\/\/www.cetys.mx\/gozorros\/wp-json\/wp\/v2\/posts"}],"about":[{"href":"https:\/\/www.cetys.mx\/gozorros\/wp-json\/wp\/v2\/types\/post"}],"author":[{"embeddable":true,"href":"https:\/\/www.cetys.mx\/gozorros\/wp-json\/wp\/v2\/users\/11"}],"replies":[{"embeddable":true,"href":"https:\/\/www.cetys.mx\/gozorros\/wp-json\/wp\/v2\/comments?post=16893"}],"version-history":[{"count":12,"href":"https:\/\/www.cetys.mx\/gozorros\/wp-json\/wp\/v2\/posts\/16893\/revisions"}],"predecessor-version":[{"id":16955,"href":"https:\/\/www.cetys.mx\/gozorros\/wp-json\/wp\/v2\/posts\/16893\/revisions\/16955"}],"wp:featuredmedia":[{"embeddable":true,"href":"https:\/\/www.cetys.mx\/gozorros\/wp-json\/wp\/v2\/media\/16894"}],"wp:attachment":[{"href":"https:\/\/www.cetys.mx\/gozorros\/wp-json\/wp\/v2\/media?parent=16893"}],"wp:term":[{"taxonomy":"category","embeddable":true,"href":"https:\/\/www.cetys.mx\/gozorros\/wp-json\/wp\/v2\/categories?post=16893"},{"taxonomy":"post_tag","embeddable":true,"href":"https:\/\/www.cetys.mx\/gozorros\/wp-json\/wp\/v2\/tags?post=16893"}],"curies":[{"name":"wp","href":"https:\/\/api.w.org\/{rel}","templated":true}]}}