{"id":16596,"date":"2025-04-29T15:24:18","date_gmt":"2025-04-29T21:24:18","guid":{"rendered":"https:\/\/www.cetys.mx\/gozorros\/?p=16596"},"modified":"2025-04-30T17:09:53","modified_gmt":"2025-04-30T23:09:53","slug":"entrenadores-de-futbol-americano-de-cetys-se-capacitan-en-estados-unidos","status":"publish","type":"post","link":"https:\/\/www.cetys.mx\/gozorros\/2025\/04\/29\/entrenadores-de-futbol-americano-de-cetys-se-capacitan-en-estados-unidos\/","title":{"rendered":"Entrenadores de F\u00fatbol Americano de CETYS se capacitan en Estados Unidos"},"content":{"rendered":"<p>Este martes 29 de abril, entrenadores del programa de F\u00fatbol Americano de CETYS Universidad iniciaron una semana de capacitaci\u00f3n en Estados Unidos, participando en cl\u00ednicas especializadas organizadas por la Universidad de California en Los \u00c1ngeles (UCLA) y la preparatoria Saint John Bosco High School. Las actividades se llevar\u00e1n a cabo hasta el viernes 2 de mayo.<\/p>\n<p>A esta capacitaci\u00f3n asisten entrenadores del equipo de Liga Mayor, as\u00ed como de los programas de Varsity y Juvenil de los tres campus de CETYS: Tijuana, Mexicali y Ensenada. El objetivo es unificar criterios, fortalecer la estructura deportiva y elevar el nivel competitivo desde las categor\u00edas formativas hasta el m\u00e1ximo nivel universitario.<\/p>\n<p>Durante su estancia, los entrenadores asistir\u00e1n a sesiones te\u00f3ricas en oficinas, seguidas de pr\u00e1cticas directamente en el campo. Una de las fortalezas de esta capacitaci\u00f3n es que lo aprendido en las pl\u00e1ticas t\u00e9cnicas se aplicar\u00e1 y observar\u00e1 inmediatamente durante scrimmages entre equipos, lo cual enriquecer\u00e1 su comprensi\u00f3n t\u00e1ctica y operativa del juego.<\/p>\n<p>Como parte destacada del programa, se tuvo la visita del Coordinador Defensivo de los Oregon Ducks, quien comparti\u00f3 detalles sobre su sistema defensivo. Esta charla permiti\u00f3 a los entrenadores conocer de primera mano conceptos y estrategias utilizados en el alto nivel del f\u00fatbol colegial en Estados Unidos.<\/p>\n<p>\u201cLa idea es que lo que vamos a platicar con los entrenadores lo podamos ver reflejado en el campo. Es una experiencia muy completa que sin duda fortalecer\u00e1 nuestro trabajo en CETYS\u201d, coment\u00f3 el Headcoach del equipo de Liga Mayor de CETYS, Luis Cervantes.<\/p>\n<p>Este tipo de experiencias internacionales refuerzan el compromiso institucional con la mejora continua y la profesionalizaci\u00f3n del deporte, beneficiando directamente a los estudiantes-atletas que forman parte de los programas de F\u00fatbol Americano en los tres Campus.<\/p>\n","protected":false},"excerpt":{"rendered":"<p>Este martes 29 de abril, entrenadores del programa de F\u00fatbol Americano de CETYS Universidad iniciaron una semana de capacitaci\u00f3n en Estados Unidos, participando en cl\u00ednicas especializadas organizadas por la Universidad [&hellip;]<\/p>\n","protected":false},"author":9,"featured_media":16597,"comment_status":"open","ping_status":"open","sticky":false,"template":"","format":"standard","meta":{"footnotes":""},"categories":[149,170,119,92,120,150],"tags":[554,123,139,132,215],"class_list":["post-16596","post","type-post","status-publish","format-standard","has-post-thumbnail","hentry","category-campus-mexicali","category-campus-tijuana","category-deportes","category-futbol-americano","category-portada","category-vida-estudiantil","tag-capacitacion","tag-deportes","tag-fba","tag-futbol-americano","tag-onefa"],"yoast_head":"<!-- This site is optimized with the Yoast SEO plugin v27.4 - https:\/\/yoast.com\/product\/yoast-seo-wordpress\/ -->\n<title>Entrenadores de F\u00fatbol Americano de CETYS se capacitan en Estados Unidos - CETYS Deportes<\/title>\n<meta name=\"robots\" content=\"index, follow, max-snippet:-1, max-image-preview:large, max-video-preview:-1\" \/>\n<link rel=\"canonical\" href=\"https:\/\/www.cetys.mx\/gozorros\/2025\/04\/29\/entrenadores-de-futbol-americano-de-cetys-se-capacitan-en-estados-unidos\/\" \/>\n<meta property=\"og:locale\" content=\"es_MX\" \/>\n<meta property=\"og:type\" content=\"article\" \/>\n<meta property=\"og:title\" content=\"Entrenadores de F\u00fatbol Americano de CETYS se capacitan en Estados Unidos - CETYS Deportes\" \/>\n<meta property=\"og:description\" content=\"Este martes 29 de abril, entrenadores del programa de F\u00fatbol Americano de CETYS Universidad iniciaron una semana de capacitaci\u00f3n en Estados Unidos, participando en cl\u00ednicas especializadas organizadas por la Universidad [&hellip;]\" \/>\n<meta property=\"og:url\" content=\"https:\/\/www.cetys.mx\/gozorros\/2025\/04\/29\/entrenadores-de-futbol-americano-de-cetys-se-capacitan-en-estados-unidos\/\" \/>\n<meta property=\"og:site_name\" content=\"CETYS Deportes\" \/>\n<meta property=\"article:published_time\" content=\"2025-04-29T21:24:18+00:00\" \/>\n<meta property=\"article:modified_time\" content=\"2025-04-30T23:09:53+00:00\" \/>\n<meta property=\"og:image\" content=\"https:\/\/www.cetys.mx\/gozorros\/wp-content\/uploads\/2025\/04\/WhatsApp-Image-2025-04-29-at-13.39.01.jpeg\" \/>\n\t<meta property=\"og:image:width\" content=\"1600\" \/>\n\t<meta property=\"og:image:height\" content=\"1200\" \/>\n\t<meta property=\"og:image:type\" content=\"image\/jpeg\" \/>\n<meta name=\"author\" content=\"Comunicaci\u00f3n Campus Mexicali Salazar\" \/>\n<meta name=\"twitter:card\" content=\"summary_large_image\" \/>\n<meta name=\"twitter:label1\" content=\"Escrito por\" \/>\n\t<meta name=\"twitter:data1\" content=\"Comunicaci\u00f3n Campus Mexicali Salazar\" \/>\n\t<meta name=\"twitter:label2\" content=\"Tiempo de lectura\" \/>\n\t<meta name=\"twitter:data2\" content=\"2 minutos\" \/>\n<script type=\"application\/ld+json\" class=\"yoast-schema-graph\">{\"@context\":\"https:\\\/\\\/schema.org\",\"@graph\":[{\"@type\":\"Article\",\"@id\":\"https:\\\/\\\/www.cetys.mx\\\/gozorros\\\/2025\\\/04\\\/29\\\/entrenadores-de-futbol-americano-de-cetys-se-capacitan-en-estados-unidos\\\/#article\",\"isPartOf\":{\"@id\":\"https:\\\/\\\/www.cetys.mx\\\/gozorros\\\/2025\\\/04\\\/29\\\/entrenadores-de-futbol-americano-de-cetys-se-capacitan-en-estados-unidos\\\/\"},\"author\":{\"name\":\"Comunicaci\u00f3n Campus Mexicali Salazar\",\"@id\":\"https:\\\/\\\/www.cetys.mx\\\/gozorros\\\/#\\\/schema\\\/person\\\/1da657126eb5a09a49d7740a5d436fc9\"},\"headline\":\"Entrenadores de F\u00fatbol Americano de CETYS se capacitan en Estados Unidos\",\"datePublished\":\"2025-04-29T21:24:18+00:00\",\"dateModified\":\"2025-04-30T23:09:53+00:00\",\"mainEntityOfPage\":{\"@id\":\"https:\\\/\\\/www.cetys.mx\\\/gozorros\\\/2025\\\/04\\\/29\\\/entrenadores-de-futbol-americano-de-cetys-se-capacitan-en-estados-unidos\\\/\"},\"wordCount\":315,\"commentCount\":0,\"image\":{\"@id\":\"https:\\\/\\\/www.cetys.mx\\\/gozorros\\\/2025\\\/04\\\/29\\\/entrenadores-de-futbol-americano-de-cetys-se-capacitan-en-estados-unidos\\\/#primaryimage\"},\"thumbnailUrl\":\"https:\\\/\\\/www.cetys.mx\\\/gozorros\\\/wp-content\\\/uploads\\\/2025\\\/04\\\/WhatsApp-Image-2025-04-29-at-13.39.01.jpeg\",\"keywords\":[\"capacitaci\u00f3n\",\"Deportes\",\"fba\",\"Futbol Americano\",\"ONEFA\"],\"articleSection\":[\"Campus Mexicali\",\"Campus Tijuana\",\"Deportes\",\"F\u00fatbol americano\",\"Portada\",\"Vida Estudiantil\"],\"inLanguage\":\"es\",\"potentialAction\":[{\"@type\":\"CommentAction\",\"name\":\"Comment\",\"target\":[\"https:\\\/\\\/www.cetys.mx\\\/gozorros\\\/2025\\\/04\\\/29\\\/entrenadores-de-futbol-americano-de-cetys-se-capacitan-en-estados-unidos\\\/#respond\"]}]},{\"@type\":\"WebPage\",\"@id\":\"https:\\\/\\\/www.cetys.mx\\\/gozorros\\\/2025\\\/04\\\/29\\\/entrenadores-de-futbol-americano-de-cetys-se-capacitan-en-estados-unidos\\\/\",\"url\":\"https:\\\/\\\/www.cetys.mx\\\/gozorros\\\/2025\\\/04\\\/29\\\/entrenadores-de-futbol-americano-de-cetys-se-capacitan-en-estados-unidos\\\/\",\"name\":\"Entrenadores de F\u00fatbol Americano de CETYS se capacitan en Estados Unidos - CETYS Deportes\",\"isPartOf\":{\"@id\":\"https:\\\/\\\/www.cetys.mx\\\/gozorros\\\/#website\"},\"primaryImageOfPage\":{\"@id\":\"https:\\\/\\\/www.cetys.mx\\\/gozorros\\\/2025\\\/04\\\/29\\\/entrenadores-de-futbol-americano-de-cetys-se-capacitan-en-estados-unidos\\\/#primaryimage\"},\"image\":{\"@id\":\"https:\\\/\\\/www.cetys.mx\\\/gozorros\\\/2025\\\/04\\\/29\\\/entrenadores-de-futbol-americano-de-cetys-se-capacitan-en-estados-unidos\\\/#primaryimage\"},\"thumbnailUrl\":\"https:\\\/\\\/www.cetys.mx\\\/gozorros\\\/wp-content\\\/uploads\\\/2025\\\/04\\\/WhatsApp-Image-2025-04-29-at-13.39.01.jpeg\",\"datePublished\":\"2025-04-29T21:24:18+00:00\",\"dateModified\":\"2025-04-30T23:09:53+00:00\",\"author\":{\"@id\":\"https:\\\/\\\/www.cetys.mx\\\/gozorros\\\/#\\\/schema\\\/person\\\/1da657126eb5a09a49d7740a5d436fc9\"},\"breadcrumb\":{\"@id\":\"https:\\\/\\\/www.cetys.mx\\\/gozorros\\\/2025\\\/04\\\/29\\\/entrenadores-de-futbol-americano-de-cetys-se-capacitan-en-estados-unidos\\\/#breadcrumb\"},\"inLanguage\":\"es\",\"potentialAction\":[{\"@type\":\"ReadAction\",\"target\":[\"https:\\\/\\\/www.cetys.mx\\\/gozorros\\\/2025\\\/04\\\/29\\\/entrenadores-de-futbol-americano-de-cetys-se-capacitan-en-estados-unidos\\\/\"]}]},{\"@type\":\"ImageObject\",\"inLanguage\":\"es\",\"@id\":\"https:\\\/\\\/www.cetys.mx\\\/gozorros\\\/2025\\\/04\\\/29\\\/entrenadores-de-futbol-americano-de-cetys-se-capacitan-en-estados-unidos\\\/#primaryimage\",\"url\":\"https:\\\/\\\/www.cetys.mx\\\/gozorros\\\/wp-content\\\/uploads\\\/2025\\\/04\\\/WhatsApp-Image-2025-04-29-at-13.39.01.jpeg\",\"contentUrl\":\"https:\\\/\\\/www.cetys.mx\\\/gozorros\\\/wp-content\\\/uploads\\\/2025\\\/04\\\/WhatsApp-Image-2025-04-29-at-13.39.01.jpeg\",\"width\":1600,\"height\":1200},{\"@type\":\"BreadcrumbList\",\"@id\":\"https:\\\/\\\/www.cetys.mx\\\/gozorros\\\/2025\\\/04\\\/29\\\/entrenadores-de-futbol-americano-de-cetys-se-capacitan-en-estados-unidos\\\/#breadcrumb\",\"itemListElement\":[{\"@type\":\"ListItem\",\"position\":1,\"name\":\"Inicio\",\"item\":\"https:\\\/\\\/www.cetys.mx\\\/gozorros\\\/\"},{\"@type\":\"ListItem\",\"position\":2,\"name\":\"Entrenadores de F\u00fatbol Americano de CETYS se capacitan en Estados Unidos\"}]},{\"@type\":\"WebSite\",\"@id\":\"https:\\\/\\\/www.cetys.mx\\\/gozorros\\\/#website\",\"url\":\"https:\\\/\\\/www.cetys.mx\\\/gozorros\\\/\",\"name\":\"CETYS Deportes\",\"description\":\"\",\"potentialAction\":[{\"@type\":\"SearchAction\",\"target\":{\"@type\":\"EntryPoint\",\"urlTemplate\":\"https:\\\/\\\/www.cetys.mx\\\/gozorros\\\/?s={search_term_string}\"},\"query-input\":{\"@type\":\"PropertyValueSpecification\",\"valueRequired\":true,\"valueName\":\"search_term_string\"}}],\"inLanguage\":\"es\"},{\"@type\":\"Person\",\"@id\":\"https:\\\/\\\/www.cetys.mx\\\/gozorros\\\/#\\\/schema\\\/person\\\/1da657126eb5a09a49d7740a5d436fc9\",\"name\":\"Comunicaci\u00f3n Campus Mexicali Salazar\",\"image\":{\"@type\":\"ImageObject\",\"inLanguage\":\"es\",\"@id\":\"https:\\\/\\\/secure.gravatar.com\\\/avatar\\\/a065a2e0daabf500c709d565dfe18e015dc52eed88491e16aef09da708d06ac7?s=96&d=mm&r=g\",\"url\":\"https:\\\/\\\/secure.gravatar.com\\\/avatar\\\/a065a2e0daabf500c709d565dfe18e015dc52eed88491e16aef09da708d06ac7?s=96&d=mm&r=g\",\"contentUrl\":\"https:\\\/\\\/secure.gravatar.com\\\/avatar\\\/a065a2e0daabf500c709d565dfe18e015dc52eed88491e16aef09da708d06ac7?s=96&d=mm&r=g\",\"caption\":\"Comunicaci\u00f3n Campus Mexicali Salazar\"},\"url\":\"https:\\\/\\\/www.cetys.mx\\\/gozorros\\\/author\\\/comunicacion-mexicali\\\/\"}]}<\/script>\n<!-- \/ Yoast SEO plugin. -->","yoast_head_json":{"title":"Entrenadores de F\u00fatbol Americano de CETYS se capacitan en Estados Unidos - CETYS Deportes","robots":{"index":"index","follow":"follow","max-snippet":"max-snippet:-1","max-image-preview":"max-image-preview:large","max-video-preview":"max-video-preview:-1"},"canonical":"https:\/\/www.cetys.mx\/gozorros\/2025\/04\/29\/entrenadores-de-futbol-americano-de-cetys-se-capacitan-en-estados-unidos\/","og_locale":"es_MX","og_type":"article","og_title":"Entrenadores de F\u00fatbol Americano de CETYS se capacitan en Estados Unidos - CETYS Deportes","og_description":"Este martes 29 de abril, entrenadores del programa de F\u00fatbol Americano de CETYS Universidad iniciaron una semana de capacitaci\u00f3n en Estados Unidos, participando en cl\u00ednicas especializadas organizadas por la Universidad [&hellip;]","og_url":"https:\/\/www.cetys.mx\/gozorros\/2025\/04\/29\/entrenadores-de-futbol-americano-de-cetys-se-capacitan-en-estados-unidos\/","og_site_name":"CETYS Deportes","article_published_time":"2025-04-29T21:24:18+00:00","article_modified_time":"2025-04-30T23:09:53+00:00","og_image":[{"width":1600,"height":1200,"url":"https:\/\/www.cetys.mx\/gozorros\/wp-content\/uploads\/2025\/04\/WhatsApp-Image-2025-04-29-at-13.39.01.jpeg","type":"image\/jpeg"}],"author":"Comunicaci\u00f3n Campus Mexicali Salazar","twitter_card":"summary_large_image","twitter_misc":{"Escrito por":"Comunicaci\u00f3n Campus Mexicali Salazar","Tiempo de lectura":"2 minutos"},"schema":{"@context":"https:\/\/schema.org","@graph":[{"@type":"Article","@id":"https:\/\/www.cetys.mx\/gozorros\/2025\/04\/29\/entrenadores-de-futbol-americano-de-cetys-se-capacitan-en-estados-unidos\/#article","isPartOf":{"@id":"https:\/\/www.cetys.mx\/gozorros\/2025\/04\/29\/entrenadores-de-futbol-americano-de-cetys-se-capacitan-en-estados-unidos\/"},"author":{"name":"Comunicaci\u00f3n Campus Mexicali Salazar","@id":"https:\/\/www.cetys.mx\/gozorros\/#\/schema\/person\/1da657126eb5a09a49d7740a5d436fc9"},"headline":"Entrenadores de F\u00fatbol Americano de CETYS se capacitan en Estados Unidos","datePublished":"2025-04-29T21:24:18+00:00","dateModified":"2025-04-30T23:09:53+00:00","mainEntityOfPage":{"@id":"https:\/\/www.cetys.mx\/gozorros\/2025\/04\/29\/entrenadores-de-futbol-americano-de-cetys-se-capacitan-en-estados-unidos\/"},"wordCount":315,"commentCount":0,"image":{"@id":"https:\/\/www.cetys.mx\/gozorros\/2025\/04\/29\/entrenadores-de-futbol-americano-de-cetys-se-capacitan-en-estados-unidos\/#primaryimage"},"thumbnailUrl":"https:\/\/www.cetys.mx\/gozorros\/wp-content\/uploads\/2025\/04\/WhatsApp-Image-2025-04-29-at-13.39.01.jpeg","keywords":["capacitaci\u00f3n","Deportes","fba","Futbol Americano","ONEFA"],"articleSection":["Campus Mexicali","Campus Tijuana","Deportes","F\u00fatbol americano","Portada","Vida Estudiantil"],"inLanguage":"es","potentialAction":[{"@type":"CommentAction","name":"Comment","target":["https:\/\/www.cetys.mx\/gozorros\/2025\/04\/29\/entrenadores-de-futbol-americano-de-cetys-se-capacitan-en-estados-unidos\/#respond"]}]},{"@type":"WebPage","@id":"https:\/\/www.cetys.mx\/gozorros\/2025\/04\/29\/entrenadores-de-futbol-americano-de-cetys-se-capacitan-en-estados-unidos\/","url":"https:\/\/www.cetys.mx\/gozorros\/2025\/04\/29\/entrenadores-de-futbol-americano-de-cetys-se-capacitan-en-estados-unidos\/","name":"Entrenadores de F\u00fatbol Americano de CETYS se capacitan en Estados Unidos - CETYS Deportes","isPartOf":{"@id":"https:\/\/www.cetys.mx\/gozorros\/#website"},"primaryImageOfPage":{"@id":"https:\/\/www.cetys.mx\/gozorros\/2025\/04\/29\/entrenadores-de-futbol-americano-de-cetys-se-capacitan-en-estados-unidos\/#primaryimage"},"image":{"@id":"https:\/\/www.cetys.mx\/gozorros\/2025\/04\/29\/entrenadores-de-futbol-americano-de-cetys-se-capacitan-en-estados-unidos\/#primaryimage"},"thumbnailUrl":"https:\/\/www.cetys.mx\/gozorros\/wp-content\/uploads\/2025\/04\/WhatsApp-Image-2025-04-29-at-13.39.01.jpeg","datePublished":"2025-04-29T21:24:18+00:00","dateModified":"2025-04-30T23:09:53+00:00","author":{"@id":"https:\/\/www.cetys.mx\/gozorros\/#\/schema\/person\/1da657126eb5a09a49d7740a5d436fc9"},"breadcrumb":{"@id":"https:\/\/www.cetys.mx\/gozorros\/2025\/04\/29\/entrenadores-de-futbol-americano-de-cetys-se-capacitan-en-estados-unidos\/#breadcrumb"},"inLanguage":"es","potentialAction":[{"@type":"ReadAction","target":["https:\/\/www.cetys.mx\/gozorros\/2025\/04\/29\/entrenadores-de-futbol-americano-de-cetys-se-capacitan-en-estados-unidos\/"]}]},{"@type":"ImageObject","inLanguage":"es","@id":"https:\/\/www.cetys.mx\/gozorros\/2025\/04\/29\/entrenadores-de-futbol-americano-de-cetys-se-capacitan-en-estados-unidos\/#primaryimage","url":"https:\/\/www.cetys.mx\/gozorros\/wp-content\/uploads\/2025\/04\/WhatsApp-Image-2025-04-29-at-13.39.01.jpeg","contentUrl":"https:\/\/www.cetys.mx\/gozorros\/wp-content\/uploads\/2025\/04\/WhatsApp-Image-2025-04-29-at-13.39.01.jpeg","width":1600,"height":1200},{"@type":"BreadcrumbList","@id":"https:\/\/www.cetys.mx\/gozorros\/2025\/04\/29\/entrenadores-de-futbol-americano-de-cetys-se-capacitan-en-estados-unidos\/#breadcrumb","itemListElement":[{"@type":"ListItem","position":1,"name":"Inicio","item":"https:\/\/www.cetys.mx\/gozorros\/"},{"@type":"ListItem","position":2,"name":"Entrenadores de F\u00fatbol Americano de CETYS se capacitan en Estados Unidos"}]},{"@type":"WebSite","@id":"https:\/\/www.cetys.mx\/gozorros\/#website","url":"https:\/\/www.cetys.mx\/gozorros\/","name":"CETYS Deportes","description":"","potentialAction":[{"@type":"SearchAction","target":{"@type":"EntryPoint","urlTemplate":"https:\/\/www.cetys.mx\/gozorros\/?s={search_term_string}"},"query-input":{"@type":"PropertyValueSpecification","valueRequired":true,"valueName":"search_term_string"}}],"inLanguage":"es"},{"@type":"Person","@id":"https:\/\/www.cetys.mx\/gozorros\/#\/schema\/person\/1da657126eb5a09a49d7740a5d436fc9","name":"Comunicaci\u00f3n Campus Mexicali Salazar","image":{"@type":"ImageObject","inLanguage":"es","@id":"https:\/\/secure.gravatar.com\/avatar\/a065a2e0daabf500c709d565dfe18e015dc52eed88491e16aef09da708d06ac7?s=96&d=mm&r=g","url":"https:\/\/secure.gravatar.com\/avatar\/a065a2e0daabf500c709d565dfe18e015dc52eed88491e16aef09da708d06ac7?s=96&d=mm&r=g","contentUrl":"https:\/\/secure.gravatar.com\/avatar\/a065a2e0daabf500c709d565dfe18e015dc52eed88491e16aef09da708d06ac7?s=96&d=mm&r=g","caption":"Comunicaci\u00f3n Campus Mexicali Salazar"},"url":"https:\/\/www.cetys.mx\/gozorros\/author\/comunicacion-mexicali\/"}]}},"_links":{"self":[{"href":"https:\/\/www.cetys.mx\/gozorros\/wp-json\/wp\/v2\/posts\/16596","targetHints":{"allow":["GET"]}}],"collection":[{"href":"https:\/\/www.cetys.mx\/gozorros\/wp-json\/wp\/v2\/posts"}],"about":[{"href":"https:\/\/www.cetys.mx\/gozorros\/wp-json\/wp\/v2\/types\/post"}],"author":[{"embeddable":true,"href":"https:\/\/www.cetys.mx\/gozorros\/wp-json\/wp\/v2\/users\/9"}],"replies":[{"embeddable":true,"href":"https:\/\/www.cetys.mx\/gozorros\/wp-json\/wp\/v2\/comments?post=16596"}],"version-history":[{"count":3,"href":"https:\/\/www.cetys.mx\/gozorros\/wp-json\/wp\/v2\/posts\/16596\/revisions"}],"predecessor-version":[{"id":16601,"href":"https:\/\/www.cetys.mx\/gozorros\/wp-json\/wp\/v2\/posts\/16596\/revisions\/16601"}],"wp:featuredmedia":[{"embeddable":true,"href":"https:\/\/www.cetys.mx\/gozorros\/wp-json\/wp\/v2\/media\/16597"}],"wp:attachment":[{"href":"https:\/\/www.cetys.mx\/gozorros\/wp-json\/wp\/v2\/media?parent=16596"}],"wp:term":[{"taxonomy":"category","embeddable":true,"href":"https:\/\/www.cetys.mx\/gozorros\/wp-json\/wp\/v2\/categories?post=16596"},{"taxonomy":"post_tag","embeddable":true,"href":"https:\/\/www.cetys.mx\/gozorros\/wp-json\/wp\/v2\/tags?post=16596"}],"curies":[{"name":"wp","href":"https:\/\/api.w.org\/{rel}","templated":true}]}}