{"id":16503,"date":"2025-04-18T00:35:18","date_gmt":"2025-04-18T06:35:18","guid":{"rendered":"https:\/\/www.cetys.mx\/gozorros\/?p=16503"},"modified":"2025-04-18T14:56:10","modified_gmt":"2025-04-18T20:56:10","slug":"celebra-cetys-a-siete-basquetbolistas-en-su-senior-day","status":"publish","type":"post","link":"https:\/\/www.cetys.mx\/gozorros\/2025\/04\/18\/celebra-cetys-a-siete-basquetbolistas-en-su-senior-day\/","title":{"rendered":"Celebra CETYS a siete basquetbolistas en su Senior Day"},"content":{"rendered":"<p><em>Alejandra Arreola, Daryana D\u00edaz, Anayantzi Galv\u00e1n, Alejandra Silva, Aranxa Moguel, Irene Valenzuela y Daniela Garay cerrar\u00e1n su ciclo como integrantes de Zorros Femenil.<\/em><\/p>\n<p>&nbsp;<\/p>\n<p>La tarde del 11 de abril de 2025 fue la ideal para honrar a siete estudiantes-deportistas de <strong>CETYS Universidad<\/strong>, quienes pronto graduar\u00e1n y concluir\u00e1n elegibilidad en el programa de B\u00e1squetbol Femenil Universitario.<\/p>\n<p>Tras la victoria sobre Tec Campus Hidalgo por 68-50 y listas para disputar el <strong>Campeonato de los Ocho Grandes de la Liga ABE<\/strong>, las pr\u00f3ximas a egresar recibieron placa de reconocimiento, retratos especiales para cada una y un ambiente musical para amenizar el momento.<\/p>\n<p>Entre las siete alumnas-atletas hay un <strong>palmar\u00e9s<\/strong> que incluye medallas y podios en eventos como los FISU America Games, la Universiada Nacional, el Campeonato de los Ocho Grandes, Campeonato Juvenil C, Juegos Nacionales CONADEMS y Campeonato Juvenil B de CONADEIP.<\/p>\n<p>Cada integrante de <strong>Zorros Femenil<\/strong> manifest\u00f3 agradecimiento por las experiencias vividas durante el tiempo transcurrido en CETYS.<\/p>\n<p><img loading=\"lazy\" decoding=\"async\" class=\"size-medium wp-image-16509 aligncenter\" src=\"https:\/\/www.cetys.mx\/gozorros\/wp-content\/uploads\/2025\/04\/BLTZ3718-300x200.jpg\" alt=\"\" width=\"300\" height=\"200\" srcset=\"https:\/\/www.cetys.mx\/gozorros\/wp-content\/uploads\/2025\/04\/BLTZ3718-300x200.jpg 300w, https:\/\/www.cetys.mx\/gozorros\/wp-content\/uploads\/2025\/04\/BLTZ3718-1024x683.jpg 1024w, https:\/\/www.cetys.mx\/gozorros\/wp-content\/uploads\/2025\/04\/BLTZ3718-768x512.jpg 768w, https:\/\/www.cetys.mx\/gozorros\/wp-content\/uploads\/2025\/04\/BLTZ3718-1536x1025.jpg 1536w, https:\/\/www.cetys.mx\/gozorros\/wp-content\/uploads\/2025\/04\/BLTZ3718-2048x1366.jpg 2048w, https:\/\/www.cetys.mx\/gozorros\/wp-content\/uploads\/2025\/04\/BLTZ3718-320x213.jpg 320w, https:\/\/www.cetys.mx\/gozorros\/wp-content\/uploads\/2025\/04\/BLTZ3718-480x320.jpg 480w, https:\/\/www.cetys.mx\/gozorros\/wp-content\/uploads\/2025\/04\/BLTZ3718-800x534.jpg 800w\" sizes=\"auto, (max-width: 300px) 100vw, 300px\" \/><\/p>\n<ul>\n<li><strong>ALEJANDRA ARREOLA<\/strong> (nueve a\u00f1os en la instituci\u00f3n): <em>\u201cMuchos recuerdos, muchas victorias, algunas derrotas. Pero con lo m\u00e1s importante que son las relaciones interpersonales. Me quedo principalmente con eso porque CETYS es una familia 24\/7. Tengo sentimientos encontrados porque termino Posgrado, pero me ir\u00e9 del equipo. Cerraremos el ciclo de la mejor forma\u201d.<\/em><\/li>\n<\/ul>\n<p>&nbsp;<\/p>\n<ul>\n<li><strong>DARYANA D\u00cdAZ<\/strong> (seis a\u00f1os): <em>\u201cEl ambiente y el cari\u00f1o en CETYS es inigualable. Este Ocho Grandes que viene ser\u00e1 el m\u00e1s especial, pero lo vivido en los FISU America Games fue tal vez una de mis mejores experiencias. A las nuevas reclutas les deseo mucho \u00e9xito y que disfruten ser parte de CETYS\u201d.<\/em><\/li>\n<\/ul>\n<p>&nbsp;<\/p>\n<ul>\n<li><strong>ANAYANTZI GALV\u00c1N<\/strong> (seis): <em>\u201cSe dice f\u00e1cil este tiempo, pero haber tenido esta oportunidad en CETYS ha sido grandioso. Me siento contenta y realizada como estudiante y deportista. Tengo una carrera, pronto una maestr\u00eda. Jugu\u00e9 b\u00e1squetbol, me lesion\u00e9, me apoyaron para volver y seguir jugando. Amo a CETYS Universidad y le agradezco tanto, tanto, tanto\u201d.<\/em><\/li>\n<\/ul>\n<p>&nbsp;<\/p>\n<ul>\n<li><strong>ALEJANDRA SILVA<\/strong> (dos): <em>\u201cEstudiar Posgrado en CETYS fue una de mis mejores decisiones, nunca tuve un plan B. Aqu\u00ed encontr\u00e9 una nueva familia y me siento muy agradecida por permitirme vivir estos trimestres aqu\u00ed\u201d.<\/em><\/li>\n<\/ul>\n<p>&nbsp;<\/p>\n<ul>\n<li><strong>ARANXA MOGUEL<\/strong> (cuatro): <em>\u201cMe siento muy agradecida y afortunada por haber pertenecido a este equipo. Me ir\u00e9 con una gran sonrisa de este a oeste. CETYS es una gran familia, ni duda cabe. He sido muy feliz estudiando y jugando aqu\u00ed\u201d.<\/em><\/li>\n<\/ul>\n<p>&nbsp;<\/p>\n<ul>\n<li><strong>IRENE VALENZUELA<\/strong> (siete): <em>\u201cSon muchas emociones mezcladas. Recuerdo cuando entr\u00e9 a Preparatoria y no sab\u00eda que deparaba el destino. Una vez so\u00f1\u00e9 con este d\u00eda y ahora estoy aqu\u00ed. E llevo las bonitas experiencias y los logros obtenidos, las amistades, etc. Todo eso se queda en mi coraz\u00f3n\u201d.<\/em><\/li>\n<\/ul>\n<p>&nbsp;<\/p>\n<ul>\n<li><strong>DANIELA GARAY<\/strong> (<em>siete<\/em>): <em>\u201cMe siento feliz y agradecido con CETYS Universidad, emocionada y lista por las oportunidades que vienen. Mi mejor aprendizaje ha sido el trabajo en equipo, disciplina, educaci\u00f3n, amor al deporte y a mi carrera profesional\u201d.<\/em><\/li>\n<\/ul>\n<p>&nbsp;<\/p>\n<p>El equipo en general est\u00e1 listo para encarar el Ocho Grandes 2025, jugando este 21 de abril en contra de Tec Campus Toluca en la Arena Borregos de <strong>Monterrey<\/strong>, Nuevo Le\u00f3n. En caso de ganar, CETYS medir\u00e1 fuerzas el 23 del mismo mes frente al vencedor entre UANL y Tec Campus Guadalajara. La Final Femenil es el viernes 25.<\/p>\n<p>Para mayo, concluir\u00e1 competencias con el Nacional Universitario de la ANUIES.<\/p>\n<p><img loading=\"lazy\" decoding=\"async\" class=\"size-medium wp-image-16508 aligncenter\" src=\"https:\/\/www.cetys.mx\/gozorros\/wp-content\/uploads\/2025\/04\/BLTZ3501-300x200.jpg\" alt=\"\" width=\"300\" height=\"200\" srcset=\"https:\/\/www.cetys.mx\/gozorros\/wp-content\/uploads\/2025\/04\/BLTZ3501-300x200.jpg 300w, https:\/\/www.cetys.mx\/gozorros\/wp-content\/uploads\/2025\/04\/BLTZ3501-1024x683.jpg 1024w, https:\/\/www.cetys.mx\/gozorros\/wp-content\/uploads\/2025\/04\/BLTZ3501-768x512.jpg 768w, https:\/\/www.cetys.mx\/gozorros\/wp-content\/uploads\/2025\/04\/BLTZ3501-1536x1025.jpg 1536w, https:\/\/www.cetys.mx\/gozorros\/wp-content\/uploads\/2025\/04\/BLTZ3501-2048x1366.jpg 2048w, https:\/\/www.cetys.mx\/gozorros\/wp-content\/uploads\/2025\/04\/BLTZ3501-320x213.jpg 320w, https:\/\/www.cetys.mx\/gozorros\/wp-content\/uploads\/2025\/04\/BLTZ3501-480x320.jpg 480w, https:\/\/www.cetys.mx\/gozorros\/wp-content\/uploads\/2025\/04\/BLTZ3501-800x534.jpg 800w\" sizes=\"auto, (max-width: 300px) 100vw, 300px\" \/><\/p>\n","protected":false},"excerpt":{"rendered":"<p>Alejandra Arreola, Daryana D\u00edaz, Anayantzi Galv\u00e1n, Alejandra Silva, Aranxa Moguel, Irene Valenzuela y Daniela Garay cerrar\u00e1n su ciclo como integrantes de Zorros Femenil. &nbsp; La tarde del 11 de abril [&hellip;]<\/p>\n","protected":false},"author":11,"featured_media":16504,"comment_status":"open","ping_status":"open","sticky":false,"template":"","format":"standard","meta":{"footnotes":""},"categories":[90,119,120],"tags":[359,126,545],"class_list":["post-16503","post","type-post","status-publish","format-standard","has-post-thumbnail","hentry","category-basquetbol","category-deportes","category-portada","tag-basquetbol-femenil","tag-liga-abe","tag-senior-day"],"yoast_head":"<!-- This site is optimized with the Yoast SEO plugin v27.4 - https:\/\/yoast.com\/product\/yoast-seo-wordpress\/ -->\n<title>Celebra CETYS a siete basquetbolistas en su Senior Day - CETYS Deportes<\/title>\n<meta name=\"robots\" content=\"index, follow, max-snippet:-1, max-image-preview:large, max-video-preview:-1\" \/>\n<link rel=\"canonical\" href=\"https:\/\/www.cetys.mx\/gozorros\/2025\/04\/18\/celebra-cetys-a-siete-basquetbolistas-en-su-senior-day\/\" \/>\n<meta property=\"og:locale\" content=\"es_MX\" \/>\n<meta property=\"og:type\" content=\"article\" \/>\n<meta property=\"og:title\" content=\"Celebra CETYS a siete basquetbolistas en su Senior Day - CETYS Deportes\" \/>\n<meta property=\"og:description\" content=\"Alejandra Arreola, Daryana D\u00edaz, Anayantzi Galv\u00e1n, Alejandra Silva, Aranxa Moguel, Irene Valenzuela y Daniela Garay cerrar\u00e1n su ciclo como integrantes de Zorros Femenil. &nbsp; La tarde del 11 de abril [&hellip;]\" \/>\n<meta property=\"og:url\" content=\"https:\/\/www.cetys.mx\/gozorros\/2025\/04\/18\/celebra-cetys-a-siete-basquetbolistas-en-su-senior-day\/\" \/>\n<meta property=\"og:site_name\" content=\"CETYS Deportes\" \/>\n<meta property=\"article:published_time\" content=\"2025-04-18T06:35:18+00:00\" \/>\n<meta property=\"article:modified_time\" content=\"2025-04-18T20:56:10+00:00\" \/>\n<meta property=\"og:image\" content=\"https:\/\/www.cetys.mx\/gozorros\/wp-content\/uploads\/2025\/04\/PORTADA-1-scaled.jpg\" \/>\n\t<meta property=\"og:image:width\" content=\"2560\" \/>\n\t<meta property=\"og:image:height\" content=\"1707\" \/>\n\t<meta property=\"og:image:type\" content=\"image\/jpeg\" \/>\n<meta name=\"author\" content=\"Comunicaci\u00f3n Campus Tijuana\" \/>\n<meta name=\"twitter:card\" content=\"summary_large_image\" \/>\n<meta name=\"twitter:label1\" content=\"Escrito por\" \/>\n\t<meta name=\"twitter:data1\" content=\"Comunicaci\u00f3n Campus Tijuana\" \/>\n\t<meta name=\"twitter:label2\" content=\"Tiempo de lectura\" \/>\n\t<meta name=\"twitter:data2\" content=\"4 minutos\" \/>\n<script type=\"application\/ld+json\" class=\"yoast-schema-graph\">{\"@context\":\"https:\\\/\\\/schema.org\",\"@graph\":[{\"@type\":\"Article\",\"@id\":\"https:\\\/\\\/www.cetys.mx\\\/gozorros\\\/2025\\\/04\\\/18\\\/celebra-cetys-a-siete-basquetbolistas-en-su-senior-day\\\/#article\",\"isPartOf\":{\"@id\":\"https:\\\/\\\/www.cetys.mx\\\/gozorros\\\/2025\\\/04\\\/18\\\/celebra-cetys-a-siete-basquetbolistas-en-su-senior-day\\\/\"},\"author\":{\"name\":\"Comunicaci\u00f3n Campus Tijuana\",\"@id\":\"https:\\\/\\\/www.cetys.mx\\\/gozorros\\\/#\\\/schema\\\/person\\\/2df51e85672c68eb6aa5a885a91e9f87\"},\"headline\":\"Celebra CETYS a siete basquetbolistas en su Senior Day\",\"datePublished\":\"2025-04-18T06:35:18+00:00\",\"dateModified\":\"2025-04-18T20:56:10+00:00\",\"mainEntityOfPage\":{\"@id\":\"https:\\\/\\\/www.cetys.mx\\\/gozorros\\\/2025\\\/04\\\/18\\\/celebra-cetys-a-siete-basquetbolistas-en-su-senior-day\\\/\"},\"wordCount\":580,\"commentCount\":0,\"image\":{\"@id\":\"https:\\\/\\\/www.cetys.mx\\\/gozorros\\\/2025\\\/04\\\/18\\\/celebra-cetys-a-siete-basquetbolistas-en-su-senior-day\\\/#primaryimage\"},\"thumbnailUrl\":\"https:\\\/\\\/www.cetys.mx\\\/gozorros\\\/wp-content\\\/uploads\\\/2025\\\/04\\\/PORTADA-1-scaled.jpg\",\"keywords\":[\"B\u00e1squetbol Femenil\",\"Liga ABE\",\"senior day\"],\"articleSection\":[\"B\u00e1squetbol\",\"Deportes\",\"Portada\"],\"inLanguage\":\"es\",\"potentialAction\":[{\"@type\":\"CommentAction\",\"name\":\"Comment\",\"target\":[\"https:\\\/\\\/www.cetys.mx\\\/gozorros\\\/2025\\\/04\\\/18\\\/celebra-cetys-a-siete-basquetbolistas-en-su-senior-day\\\/#respond\"]}]},{\"@type\":\"WebPage\",\"@id\":\"https:\\\/\\\/www.cetys.mx\\\/gozorros\\\/2025\\\/04\\\/18\\\/celebra-cetys-a-siete-basquetbolistas-en-su-senior-day\\\/\",\"url\":\"https:\\\/\\\/www.cetys.mx\\\/gozorros\\\/2025\\\/04\\\/18\\\/celebra-cetys-a-siete-basquetbolistas-en-su-senior-day\\\/\",\"name\":\"Celebra CETYS a siete basquetbolistas en su Senior Day - CETYS Deportes\",\"isPartOf\":{\"@id\":\"https:\\\/\\\/www.cetys.mx\\\/gozorros\\\/#website\"},\"primaryImageOfPage\":{\"@id\":\"https:\\\/\\\/www.cetys.mx\\\/gozorros\\\/2025\\\/04\\\/18\\\/celebra-cetys-a-siete-basquetbolistas-en-su-senior-day\\\/#primaryimage\"},\"image\":{\"@id\":\"https:\\\/\\\/www.cetys.mx\\\/gozorros\\\/2025\\\/04\\\/18\\\/celebra-cetys-a-siete-basquetbolistas-en-su-senior-day\\\/#primaryimage\"},\"thumbnailUrl\":\"https:\\\/\\\/www.cetys.mx\\\/gozorros\\\/wp-content\\\/uploads\\\/2025\\\/04\\\/PORTADA-1-scaled.jpg\",\"datePublished\":\"2025-04-18T06:35:18+00:00\",\"dateModified\":\"2025-04-18T20:56:10+00:00\",\"author\":{\"@id\":\"https:\\\/\\\/www.cetys.mx\\\/gozorros\\\/#\\\/schema\\\/person\\\/2df51e85672c68eb6aa5a885a91e9f87\"},\"breadcrumb\":{\"@id\":\"https:\\\/\\\/www.cetys.mx\\\/gozorros\\\/2025\\\/04\\\/18\\\/celebra-cetys-a-siete-basquetbolistas-en-su-senior-day\\\/#breadcrumb\"},\"inLanguage\":\"es\",\"potentialAction\":[{\"@type\":\"ReadAction\",\"target\":[\"https:\\\/\\\/www.cetys.mx\\\/gozorros\\\/2025\\\/04\\\/18\\\/celebra-cetys-a-siete-basquetbolistas-en-su-senior-day\\\/\"]}]},{\"@type\":\"ImageObject\",\"inLanguage\":\"es\",\"@id\":\"https:\\\/\\\/www.cetys.mx\\\/gozorros\\\/2025\\\/04\\\/18\\\/celebra-cetys-a-siete-basquetbolistas-en-su-senior-day\\\/#primaryimage\",\"url\":\"https:\\\/\\\/www.cetys.mx\\\/gozorros\\\/wp-content\\\/uploads\\\/2025\\\/04\\\/PORTADA-1-scaled.jpg\",\"contentUrl\":\"https:\\\/\\\/www.cetys.mx\\\/gozorros\\\/wp-content\\\/uploads\\\/2025\\\/04\\\/PORTADA-1-scaled.jpg\",\"width\":2560,\"height\":1707},{\"@type\":\"BreadcrumbList\",\"@id\":\"https:\\\/\\\/www.cetys.mx\\\/gozorros\\\/2025\\\/04\\\/18\\\/celebra-cetys-a-siete-basquetbolistas-en-su-senior-day\\\/#breadcrumb\",\"itemListElement\":[{\"@type\":\"ListItem\",\"position\":1,\"name\":\"Inicio\",\"item\":\"https:\\\/\\\/www.cetys.mx\\\/gozorros\\\/\"},{\"@type\":\"ListItem\",\"position\":2,\"name\":\"Celebra CETYS a siete basquetbolistas en su Senior Day\"}]},{\"@type\":\"WebSite\",\"@id\":\"https:\\\/\\\/www.cetys.mx\\\/gozorros\\\/#website\",\"url\":\"https:\\\/\\\/www.cetys.mx\\\/gozorros\\\/\",\"name\":\"CETYS Deportes\",\"description\":\"\",\"potentialAction\":[{\"@type\":\"SearchAction\",\"target\":{\"@type\":\"EntryPoint\",\"urlTemplate\":\"https:\\\/\\\/www.cetys.mx\\\/gozorros\\\/?s={search_term_string}\"},\"query-input\":{\"@type\":\"PropertyValueSpecification\",\"valueRequired\":true,\"valueName\":\"search_term_string\"}}],\"inLanguage\":\"es\"},{\"@type\":\"Person\",\"@id\":\"https:\\\/\\\/www.cetys.mx\\\/gozorros\\\/#\\\/schema\\\/person\\\/2df51e85672c68eb6aa5a885a91e9f87\",\"name\":\"Comunicaci\u00f3n Campus Tijuana\",\"image\":{\"@type\":\"ImageObject\",\"inLanguage\":\"es\",\"@id\":\"https:\\\/\\\/secure.gravatar.com\\\/avatar\\\/d6cfe1d1e1b51f5bee95d422388bcf16ecab6583c5a412f5c4c7f32e7c268118?s=96&d=mm&r=g\",\"url\":\"https:\\\/\\\/secure.gravatar.com\\\/avatar\\\/d6cfe1d1e1b51f5bee95d422388bcf16ecab6583c5a412f5c4c7f32e7c268118?s=96&d=mm&r=g\",\"contentUrl\":\"https:\\\/\\\/secure.gravatar.com\\\/avatar\\\/d6cfe1d1e1b51f5bee95d422388bcf16ecab6583c5a412f5c4c7f32e7c268118?s=96&d=mm&r=g\",\"caption\":\"Comunicaci\u00f3n Campus Tijuana\"},\"url\":\"https:\\\/\\\/www.cetys.mx\\\/gozorros\\\/author\\\/comunicacion-tijuana\\\/\"}]}<\/script>\n<!-- \/ Yoast SEO plugin. -->","yoast_head_json":{"title":"Celebra CETYS a siete basquetbolistas en su Senior Day - CETYS Deportes","robots":{"index":"index","follow":"follow","max-snippet":"max-snippet:-1","max-image-preview":"max-image-preview:large","max-video-preview":"max-video-preview:-1"},"canonical":"https:\/\/www.cetys.mx\/gozorros\/2025\/04\/18\/celebra-cetys-a-siete-basquetbolistas-en-su-senior-day\/","og_locale":"es_MX","og_type":"article","og_title":"Celebra CETYS a siete basquetbolistas en su Senior Day - CETYS Deportes","og_description":"Alejandra Arreola, Daryana D\u00edaz, Anayantzi Galv\u00e1n, Alejandra Silva, Aranxa Moguel, Irene Valenzuela y Daniela Garay cerrar\u00e1n su ciclo como integrantes de Zorros Femenil. &nbsp; La tarde del 11 de abril [&hellip;]","og_url":"https:\/\/www.cetys.mx\/gozorros\/2025\/04\/18\/celebra-cetys-a-siete-basquetbolistas-en-su-senior-day\/","og_site_name":"CETYS Deportes","article_published_time":"2025-04-18T06:35:18+00:00","article_modified_time":"2025-04-18T20:56:10+00:00","og_image":[{"width":2560,"height":1707,"url":"https:\/\/www.cetys.mx\/gozorros\/wp-content\/uploads\/2025\/04\/PORTADA-1-scaled.jpg","type":"image\/jpeg"}],"author":"Comunicaci\u00f3n Campus Tijuana","twitter_card":"summary_large_image","twitter_misc":{"Escrito por":"Comunicaci\u00f3n Campus Tijuana","Tiempo de lectura":"4 minutos"},"schema":{"@context":"https:\/\/schema.org","@graph":[{"@type":"Article","@id":"https:\/\/www.cetys.mx\/gozorros\/2025\/04\/18\/celebra-cetys-a-siete-basquetbolistas-en-su-senior-day\/#article","isPartOf":{"@id":"https:\/\/www.cetys.mx\/gozorros\/2025\/04\/18\/celebra-cetys-a-siete-basquetbolistas-en-su-senior-day\/"},"author":{"name":"Comunicaci\u00f3n Campus Tijuana","@id":"https:\/\/www.cetys.mx\/gozorros\/#\/schema\/person\/2df51e85672c68eb6aa5a885a91e9f87"},"headline":"Celebra CETYS a siete basquetbolistas en su Senior Day","datePublished":"2025-04-18T06:35:18+00:00","dateModified":"2025-04-18T20:56:10+00:00","mainEntityOfPage":{"@id":"https:\/\/www.cetys.mx\/gozorros\/2025\/04\/18\/celebra-cetys-a-siete-basquetbolistas-en-su-senior-day\/"},"wordCount":580,"commentCount":0,"image":{"@id":"https:\/\/www.cetys.mx\/gozorros\/2025\/04\/18\/celebra-cetys-a-siete-basquetbolistas-en-su-senior-day\/#primaryimage"},"thumbnailUrl":"https:\/\/www.cetys.mx\/gozorros\/wp-content\/uploads\/2025\/04\/PORTADA-1-scaled.jpg","keywords":["B\u00e1squetbol Femenil","Liga ABE","senior day"],"articleSection":["B\u00e1squetbol","Deportes","Portada"],"inLanguage":"es","potentialAction":[{"@type":"CommentAction","name":"Comment","target":["https:\/\/www.cetys.mx\/gozorros\/2025\/04\/18\/celebra-cetys-a-siete-basquetbolistas-en-su-senior-day\/#respond"]}]},{"@type":"WebPage","@id":"https:\/\/www.cetys.mx\/gozorros\/2025\/04\/18\/celebra-cetys-a-siete-basquetbolistas-en-su-senior-day\/","url":"https:\/\/www.cetys.mx\/gozorros\/2025\/04\/18\/celebra-cetys-a-siete-basquetbolistas-en-su-senior-day\/","name":"Celebra CETYS a siete basquetbolistas en su Senior Day - CETYS Deportes","isPartOf":{"@id":"https:\/\/www.cetys.mx\/gozorros\/#website"},"primaryImageOfPage":{"@id":"https:\/\/www.cetys.mx\/gozorros\/2025\/04\/18\/celebra-cetys-a-siete-basquetbolistas-en-su-senior-day\/#primaryimage"},"image":{"@id":"https:\/\/www.cetys.mx\/gozorros\/2025\/04\/18\/celebra-cetys-a-siete-basquetbolistas-en-su-senior-day\/#primaryimage"},"thumbnailUrl":"https:\/\/www.cetys.mx\/gozorros\/wp-content\/uploads\/2025\/04\/PORTADA-1-scaled.jpg","datePublished":"2025-04-18T06:35:18+00:00","dateModified":"2025-04-18T20:56:10+00:00","author":{"@id":"https:\/\/www.cetys.mx\/gozorros\/#\/schema\/person\/2df51e85672c68eb6aa5a885a91e9f87"},"breadcrumb":{"@id":"https:\/\/www.cetys.mx\/gozorros\/2025\/04\/18\/celebra-cetys-a-siete-basquetbolistas-en-su-senior-day\/#breadcrumb"},"inLanguage":"es","potentialAction":[{"@type":"ReadAction","target":["https:\/\/www.cetys.mx\/gozorros\/2025\/04\/18\/celebra-cetys-a-siete-basquetbolistas-en-su-senior-day\/"]}]},{"@type":"ImageObject","inLanguage":"es","@id":"https:\/\/www.cetys.mx\/gozorros\/2025\/04\/18\/celebra-cetys-a-siete-basquetbolistas-en-su-senior-day\/#primaryimage","url":"https:\/\/www.cetys.mx\/gozorros\/wp-content\/uploads\/2025\/04\/PORTADA-1-scaled.jpg","contentUrl":"https:\/\/www.cetys.mx\/gozorros\/wp-content\/uploads\/2025\/04\/PORTADA-1-scaled.jpg","width":2560,"height":1707},{"@type":"BreadcrumbList","@id":"https:\/\/www.cetys.mx\/gozorros\/2025\/04\/18\/celebra-cetys-a-siete-basquetbolistas-en-su-senior-day\/#breadcrumb","itemListElement":[{"@type":"ListItem","position":1,"name":"Inicio","item":"https:\/\/www.cetys.mx\/gozorros\/"},{"@type":"ListItem","position":2,"name":"Celebra CETYS a siete basquetbolistas en su Senior Day"}]},{"@type":"WebSite","@id":"https:\/\/www.cetys.mx\/gozorros\/#website","url":"https:\/\/www.cetys.mx\/gozorros\/","name":"CETYS Deportes","description":"","potentialAction":[{"@type":"SearchAction","target":{"@type":"EntryPoint","urlTemplate":"https:\/\/www.cetys.mx\/gozorros\/?s={search_term_string}"},"query-input":{"@type":"PropertyValueSpecification","valueRequired":true,"valueName":"search_term_string"}}],"inLanguage":"es"},{"@type":"Person","@id":"https:\/\/www.cetys.mx\/gozorros\/#\/schema\/person\/2df51e85672c68eb6aa5a885a91e9f87","name":"Comunicaci\u00f3n Campus Tijuana","image":{"@type":"ImageObject","inLanguage":"es","@id":"https:\/\/secure.gravatar.com\/avatar\/d6cfe1d1e1b51f5bee95d422388bcf16ecab6583c5a412f5c4c7f32e7c268118?s=96&d=mm&r=g","url":"https:\/\/secure.gravatar.com\/avatar\/d6cfe1d1e1b51f5bee95d422388bcf16ecab6583c5a412f5c4c7f32e7c268118?s=96&d=mm&r=g","contentUrl":"https:\/\/secure.gravatar.com\/avatar\/d6cfe1d1e1b51f5bee95d422388bcf16ecab6583c5a412f5c4c7f32e7c268118?s=96&d=mm&r=g","caption":"Comunicaci\u00f3n Campus Tijuana"},"url":"https:\/\/www.cetys.mx\/gozorros\/author\/comunicacion-tijuana\/"}]}},"_links":{"self":[{"href":"https:\/\/www.cetys.mx\/gozorros\/wp-json\/wp\/v2\/posts\/16503","targetHints":{"allow":["GET"]}}],"collection":[{"href":"https:\/\/www.cetys.mx\/gozorros\/wp-json\/wp\/v2\/posts"}],"about":[{"href":"https:\/\/www.cetys.mx\/gozorros\/wp-json\/wp\/v2\/types\/post"}],"author":[{"embeddable":true,"href":"https:\/\/www.cetys.mx\/gozorros\/wp-json\/wp\/v2\/users\/11"}],"replies":[{"embeddable":true,"href":"https:\/\/www.cetys.mx\/gozorros\/wp-json\/wp\/v2\/comments?post=16503"}],"version-history":[{"count":4,"href":"https:\/\/www.cetys.mx\/gozorros\/wp-json\/wp\/v2\/posts\/16503\/revisions"}],"predecessor-version":[{"id":16510,"href":"https:\/\/www.cetys.mx\/gozorros\/wp-json\/wp\/v2\/posts\/16503\/revisions\/16510"}],"wp:featuredmedia":[{"embeddable":true,"href":"https:\/\/www.cetys.mx\/gozorros\/wp-json\/wp\/v2\/media\/16504"}],"wp:attachment":[{"href":"https:\/\/www.cetys.mx\/gozorros\/wp-json\/wp\/v2\/media?parent=16503"}],"wp:term":[{"taxonomy":"category","embeddable":true,"href":"https:\/\/www.cetys.mx\/gozorros\/wp-json\/wp\/v2\/categories?post=16503"},{"taxonomy":"post_tag","embeddable":true,"href":"https:\/\/www.cetys.mx\/gozorros\/wp-json\/wp\/v2\/tags?post=16503"}],"curies":[{"name":"wp","href":"https:\/\/api.w.org\/{rel}","templated":true}]}}