{"id":16447,"date":"2025-04-08T15:39:13","date_gmt":"2025-04-08T21:39:13","guid":{"rendered":"https:\/\/www.cetys.mx\/gozorros\/?p=16447"},"modified":"2025-04-08T18:17:28","modified_gmt":"2025-04-09T00:17:28","slug":"atletismo-cetys-monterrey25","status":"publish","type":"post","link":"https:\/\/www.cetys.mx\/gozorros\/2025\/04\/08\/atletismo-cetys-monterrey25\/","title":{"rendered":"El atletismo de los Zorros hizo ruido de nuevo en la Sultana del Norte"},"content":{"rendered":"<p><em>La delegaci\u00f3n de CETYS Universidad tuvo otra excelente participaci\u00f3n en el Campeonato Nacional que avala la CONADEIP.\u00a0<\/em><\/p>\n<p>&nbsp;<\/p>\n<p>Seis primeros, trece segundos y seis terceros lugares fueron el saldo final de la delegaci\u00f3n <strong>CETYS Universidad<\/strong> en el pasado <strong>Campeonato Nacional de Atletismo CONADEIP<\/strong>, realizado nuevamente en Monterrey, Nuevo Le\u00f3n entre el 28 y 30 de marzo de 2025. Un total de 25 visitas al podio que cumple nuevamente con las expectativas.<\/p>\n<p style=\"text-align: left;\">Esta vez en la categor\u00eda de Primera Fuerza, <strong>Diosty Carrillo<\/strong> fue la \u00fanica integrante de los Zorros que volvi\u00f3 a consagrarse como campeona nacional. Pablo Vargas, Natasha L\u00f3pez, Stephanie Miranda, Javier Rodarte y Alejandro Mart\u00ednez se quedaron muy cerca de la cumbre al quedarse con subcampeonatos.<\/p>\n<p style=\"text-align: left;\">En cuanto a la divisi\u00f3n Juvenil C, fueron cinco representantes subieron a lo alto del podio. La heptatleta <strong>Leah Anabelle<\/strong> (Campus Ensenada) fue una revelaci\u00f3n al debutar en la justa nacional como ganadora absoluta y <strong>Yael Le\u00f3n<\/strong> fue el \u00fanico atleta de Campus Tijuana que cosech\u00f3 metal \u00e1ureo.<\/p>\n<p><strong>Alexia Reyna<\/strong> fue quien obtuvo m\u00e1s preseas por CETYS con tres en Juvenil C: dos t\u00edtulos nacionales y un subt\u00edtulo. Hizo equipo con <strong>F\u00e1tima Cort\u00e9s<\/strong>, <strong>Luz Shanti Magos<\/strong> y <strong>Mar\u00eda Canizales<\/strong> para ganar el Relevo 4&#215;400, estableciendo nueva marca del evento con tiempo de 4:04.29.<\/p>\n<p>Finalmente, hubo un reconocimiento para la representaci\u00f3n de Campus Mexicali como segundo lugar femenil por equipos en la categor\u00eda Juvenil C.<\/p>\n<div id=\"attachment_16448\" style=\"width: 292px\" class=\"wp-caption aligncenter\"><img loading=\"lazy\" decoding=\"async\" aria-describedby=\"caption-attachment-16448\" class=\"size-medium wp-image-16448\" src=\"https:\/\/www.cetys.mx\/gozorros\/wp-content\/uploads\/2025\/04\/ATL_CARRILLO-282x300.jpg\" alt=\"\" width=\"282\" height=\"300\" srcset=\"https:\/\/www.cetys.mx\/gozorros\/wp-content\/uploads\/2025\/04\/ATL_CARRILLO-282x300.jpg 282w, https:\/\/www.cetys.mx\/gozorros\/wp-content\/uploads\/2025\/04\/ATL_CARRILLO-962x1024.jpg 962w, https:\/\/www.cetys.mx\/gozorros\/wp-content\/uploads\/2025\/04\/ATL_CARRILLO-768x817.jpg 768w, https:\/\/www.cetys.mx\/gozorros\/wp-content\/uploads\/2025\/04\/ATL_CARRILLO-1443x1536.jpg 1443w, https:\/\/www.cetys.mx\/gozorros\/wp-content\/uploads\/2025\/04\/ATL_CARRILLO-320x341.jpg 320w, https:\/\/www.cetys.mx\/gozorros\/wp-content\/uploads\/2025\/04\/ATL_CARRILLO-480x511.jpg 480w, https:\/\/www.cetys.mx\/gozorros\/wp-content\/uploads\/2025\/04\/ATL_CARRILLO-800x852.jpg 800w, https:\/\/www.cetys.mx\/gozorros\/wp-content\/uploads\/2025\/04\/ATL_CARRILLO.jpg 1924w\" sizes=\"auto, (max-width: 282px) 100vw, 282px\" \/><p id=\"caption-attachment-16448\" class=\"wp-caption-text\">Diosty Carrillo<\/p><\/div>\n<p>He aqu\u00ed todos los resultados:<\/p>\n<p><strong>CAMPEONES NACIONALES<\/strong><\/p>\n<ul>\n<li>Diosty Carrillo | Impulso de Bala | Primera Fuerza | Mexicali<\/li>\n<li>Martha Covarrubias | Lanzamiento de Jabalina | Juvenil C | Mexicali<\/li>\n<li>Alexa Reyna | Salto de Altura | Juvenil C | Mexicali<\/li>\n<li>F\u00e1tima Cort\u00e9s, Luz Shanti Magos, Mar\u00eda Canizales y Alexia Reyna | Relevo 4&#215;400 Libre | Juvenil C | Mexicali<\/li>\n<li>Leah Anabelle | Heptatl\u00f3n | Juvenil C | Ensenada<\/li>\n<li>Yael Le\u00f3n | Salto con Garrocha | Juvenil C | Tijuana<\/li>\n<\/ul>\n<div id=\"attachment_16449\" style=\"width: 235px\" class=\"wp-caption aligncenter\"><img loading=\"lazy\" decoding=\"async\" aria-describedby=\"caption-attachment-16449\" class=\"size-medium wp-image-16449\" src=\"https:\/\/www.cetys.mx\/gozorros\/wp-content\/uploads\/2025\/04\/ATL_ANABELLE-225x300.jpeg\" alt=\"\" width=\"225\" height=\"300\" srcset=\"https:\/\/www.cetys.mx\/gozorros\/wp-content\/uploads\/2025\/04\/ATL_ANABELLE-225x300.jpeg 225w, https:\/\/www.cetys.mx\/gozorros\/wp-content\/uploads\/2025\/04\/ATL_ANABELLE-768x1024.jpeg 768w, https:\/\/www.cetys.mx\/gozorros\/wp-content\/uploads\/2025\/04\/ATL_ANABELLE-1152x1536.jpeg 1152w, https:\/\/www.cetys.mx\/gozorros\/wp-content\/uploads\/2025\/04\/ATL_ANABELLE-320x427.jpeg 320w, https:\/\/www.cetys.mx\/gozorros\/wp-content\/uploads\/2025\/04\/ATL_ANABELLE-480x640.jpeg 480w, https:\/\/www.cetys.mx\/gozorros\/wp-content\/uploads\/2025\/04\/ATL_ANABELLE-800x1067.jpeg 800w, https:\/\/www.cetys.mx\/gozorros\/wp-content\/uploads\/2025\/04\/ATL_ANABELLE.jpeg 1200w\" sizes=\"auto, (max-width: 225px) 100vw, 225px\" \/><p id=\"caption-attachment-16449\" class=\"wp-caption-text\">Leah Anabelle<\/p><\/div>\n<p><strong>SUBCAMPEONES NACIONALES<\/strong><\/p>\n<ul>\n<li>Alejandro Mart\u00ednez | Lanzamiento de Disco | Primera Fuerza | Mexicali<\/li>\n<li>Javier Rodarte | Lanzamiento de Jabalina | Primera Fuerza | Ensenada<\/li>\n<li>Pablo Vargas | 400 Metros Libres | Primera Fuerza | Ensenada<\/li>\n<li>Stephanie Miranda | Heptatl\u00f3n | Primera Fuerza | Tijuana<\/li>\n<li>Natasha L\u00f3pez | Lanzamiento de Disco | Primera Fuerza | Tijuana<\/li>\n<li>Alejandra Ruiz | Lanzamiento de Jabalina | Juvenil C | Mexicali<\/li>\n<li>Ana Paula Abril | Heptatl\u00f3n | Juvenil C | Mexicali<\/li>\n<li>Alexia Olivarria | 400 Metros con Vallas | Juvenil C | Mexicali<\/li>\n<li>Luz Shanti Magos, F\u00e1tima Cort\u00e9s, Emmanuel Liz\u00e1rraga y Carlos Yac | Relevo Mixto 4&#215;400 | Juvenil C | Mexicali<\/li>\n<li>Marco Somadosi | Salto con Garrocha | Juvenil C | Ensenada<\/li>\n<li>Ren\u00e9 Vizcarra | 110 m con Vallas | Juvenil C | Ensenada<\/li>\n<li>Danna Herrera | 800 Metros Libres | Juvenil C | Tijuana<\/li>\n<li>Mariana \u00c1vila | Salto con Garrocha | Juvenil C | Tijuana<\/li>\n<\/ul>\n<div id=\"attachment_16450\" style=\"width: 214px\" class=\"wp-caption aligncenter\"><img loading=\"lazy\" decoding=\"async\" aria-describedby=\"caption-attachment-16450\" class=\" wp-image-16450\" src=\"https:\/\/www.cetys.mx\/gozorros\/wp-content\/uploads\/2025\/04\/ALETISMO_LEON-YAEL-1-225x300.jpeg\" alt=\"\" width=\"204\" height=\"272\" srcset=\"https:\/\/www.cetys.mx\/gozorros\/wp-content\/uploads\/2025\/04\/ALETISMO_LEON-YAEL-1-225x300.jpeg 225w, https:\/\/www.cetys.mx\/gozorros\/wp-content\/uploads\/2025\/04\/ALETISMO_LEON-YAEL-1-768x1024.jpeg 768w, https:\/\/www.cetys.mx\/gozorros\/wp-content\/uploads\/2025\/04\/ALETISMO_LEON-YAEL-1-1152x1536.jpeg 1152w, https:\/\/www.cetys.mx\/gozorros\/wp-content\/uploads\/2025\/04\/ALETISMO_LEON-YAEL-1-320x427.jpeg 320w, https:\/\/www.cetys.mx\/gozorros\/wp-content\/uploads\/2025\/04\/ALETISMO_LEON-YAEL-1-480x640.jpeg 480w, https:\/\/www.cetys.mx\/gozorros\/wp-content\/uploads\/2025\/04\/ALETISMO_LEON-YAEL-1-800x1067.jpeg 800w, https:\/\/www.cetys.mx\/gozorros\/wp-content\/uploads\/2025\/04\/ALETISMO_LEON-YAEL-1.jpeg 1200w\" sizes=\"auto, (max-width: 204px) 100vw, 204px\" \/><p id=\"caption-attachment-16450\" class=\"wp-caption-text\">Yael Le\u00f3n<\/p><\/div>\n<p><strong>TERCEROS LUGARES<\/strong><\/p>\n<ul>\n<li>Alejandro Mart\u00ednez | Impulso de Bala | Primera Fuerza | Mexicali<\/li>\n<li>Ashley Fern\u00e1ndez | 400 Metros con Vallas | Primera Fuerza | Ensenada<\/li>\n<li>Alejandra Ruiz | Impulso de Bala | Juvenil C | Mexicali<\/li>\n<li>Luz Shanti Magos | 400 Metros con Vallas | Juvenil C | Mexicali<\/li>\n<li>Carlos Yac | Salto de Longitud | Juvenil C | Mexicali<\/li>\n<li>Izabella Monz\u00f3n | 200 Metros Libres | Juvenil C | Tijuana<\/li>\n<\/ul>\n<div id=\"attachment_16451\" style=\"width: 310px\" class=\"wp-caption aligncenter\"><img loading=\"lazy\" decoding=\"async\" aria-describedby=\"caption-attachment-16451\" class=\"size-medium wp-image-16451\" src=\"https:\/\/www.cetys.mx\/gozorros\/wp-content\/uploads\/2025\/04\/ATL_OLIVARRIA-300x300.jpg\" alt=\"\" width=\"300\" height=\"300\" srcset=\"https:\/\/www.cetys.mx\/gozorros\/wp-content\/uploads\/2025\/04\/ATL_OLIVARRIA-300x300.jpg 300w, https:\/\/www.cetys.mx\/gozorros\/wp-content\/uploads\/2025\/04\/ATL_OLIVARRIA-150x150.jpg 150w, https:\/\/www.cetys.mx\/gozorros\/wp-content\/uploads\/2025\/04\/ATL_OLIVARRIA-768x767.jpg 768w, https:\/\/www.cetys.mx\/gozorros\/wp-content\/uploads\/2025\/04\/ATL_OLIVARRIA-320x320.jpg 320w, https:\/\/www.cetys.mx\/gozorros\/wp-content\/uploads\/2025\/04\/ATL_OLIVARRIA-480x479.jpg 480w, https:\/\/www.cetys.mx\/gozorros\/wp-content\/uploads\/2025\/04\/ATL_OLIVARRIA-800x799.jpg 800w, https:\/\/www.cetys.mx\/gozorros\/wp-content\/uploads\/2025\/04\/ATL_OLIVARRIA.jpg 821w\" sizes=\"auto, (max-width: 300px) 100vw, 300px\" \/><p id=\"caption-attachment-16451\" class=\"wp-caption-text\"><em>Alexia Olivarria<\/em><\/p><\/div>\n<p>Cabe recordar que, previamente al Campeonato Nacional de Atletismo, la pista del Centro de Alto Rendimiento de Baja California fue sede del primer <strong>CETYS Last Chance<\/strong>, evento organizado por Campus Tijuana y que reuni\u00f3 a los tres frentes de la instituci\u00f3n y clubes invitados.<\/p>\n<p>Esta cita sirvi\u00f3 como preparativo para quienes despu\u00e9s viajaron a la capital neoleonesa, volviendo a casa con estos sobresalientes resultados.<\/p>\n<p>&nbsp;<\/p>\n","protected":false},"excerpt":{"rendered":"<p>La delegaci\u00f3n de CETYS Universidad tuvo otra excelente participaci\u00f3n en el Campeonato Nacional que avala la CONADEIP.\u00a0 &nbsp; Seis primeros, trece segundos y seis terceros lugares fueron el saldo final [&hellip;]<\/p>\n","protected":false},"author":11,"featured_media":16452,"comment_status":"open","ping_status":"open","sticky":false,"template":"","format":"standard","meta":{"footnotes":""},"categories":[89,119,120],"tags":[353,550,122],"class_list":["post-16447","post","type-post","status-publish","format-standard","has-post-thumbnail","hentry","category-atletismo","category-deportes","category-portada","tag-atletismo","tag-cetys-last-chance","tag-conadeip"],"yoast_head":"<!-- This site is optimized with the Yoast SEO plugin v27.4 - https:\/\/yoast.com\/product\/yoast-seo-wordpress\/ -->\n<title>El atletismo de los Zorros hizo ruido de nuevo en la Sultana del Norte - CETYS Deportes<\/title>\n<meta name=\"robots\" content=\"index, follow, max-snippet:-1, max-image-preview:large, max-video-preview:-1\" \/>\n<link rel=\"canonical\" href=\"https:\/\/www.cetys.mx\/gozorros\/2025\/04\/08\/atletismo-cetys-monterrey25\/\" \/>\n<meta property=\"og:locale\" content=\"es_MX\" \/>\n<meta property=\"og:type\" content=\"article\" \/>\n<meta property=\"og:title\" content=\"El atletismo de los Zorros hizo ruido de nuevo en la Sultana del Norte - CETYS Deportes\" \/>\n<meta property=\"og:description\" content=\"La delegaci\u00f3n de CETYS Universidad tuvo otra excelente participaci\u00f3n en el Campeonato Nacional que avala la CONADEIP.\u00a0 &nbsp; Seis primeros, trece segundos y seis terceros lugares fueron el saldo final [&hellip;]\" \/>\n<meta property=\"og:url\" content=\"https:\/\/www.cetys.mx\/gozorros\/2025\/04\/08\/atletismo-cetys-monterrey25\/\" \/>\n<meta property=\"og:site_name\" content=\"CETYS Deportes\" \/>\n<meta property=\"article:published_time\" content=\"2025-04-08T21:39:13+00:00\" \/>\n<meta property=\"article:modified_time\" content=\"2025-04-09T00:17:28+00:00\" \/>\n<meta property=\"og:image\" content=\"https:\/\/www.cetys.mx\/gozorros\/wp-content\/uploads\/2025\/04\/487249206_965782389085452_6463816161769576573_n.jpg\" \/>\n\t<meta property=\"og:image:width\" content=\"1280\" \/>\n\t<meta property=\"og:image:height\" content=\"960\" \/>\n\t<meta property=\"og:image:type\" content=\"image\/jpeg\" \/>\n<meta name=\"author\" content=\"Comunicaci\u00f3n Campus Tijuana\" \/>\n<meta name=\"twitter:card\" content=\"summary_large_image\" \/>\n<meta name=\"twitter:label1\" content=\"Escrito por\" \/>\n\t<meta name=\"twitter:data1\" content=\"Comunicaci\u00f3n Campus Tijuana\" \/>\n\t<meta name=\"twitter:label2\" content=\"Tiempo de lectura\" \/>\n\t<meta name=\"twitter:data2\" content=\"4 minutos\" \/>\n<script type=\"application\/ld+json\" class=\"yoast-schema-graph\">{\"@context\":\"https:\\\/\\\/schema.org\",\"@graph\":[{\"@type\":\"Article\",\"@id\":\"https:\\\/\\\/www.cetys.mx\\\/gozorros\\\/2025\\\/04\\\/08\\\/atletismo-cetys-monterrey25\\\/#article\",\"isPartOf\":{\"@id\":\"https:\\\/\\\/www.cetys.mx\\\/gozorros\\\/2025\\\/04\\\/08\\\/atletismo-cetys-monterrey25\\\/\"},\"author\":{\"name\":\"Comunicaci\u00f3n Campus Tijuana\",\"@id\":\"https:\\\/\\\/www.cetys.mx\\\/gozorros\\\/#\\\/schema\\\/person\\\/2df51e85672c68eb6aa5a885a91e9f87\"},\"headline\":\"El atletismo de los Zorros hizo ruido de nuevo en la Sultana del Norte\",\"datePublished\":\"2025-04-08T21:39:13+00:00\",\"dateModified\":\"2025-04-09T00:17:28+00:00\",\"mainEntityOfPage\":{\"@id\":\"https:\\\/\\\/www.cetys.mx\\\/gozorros\\\/2025\\\/04\\\/08\\\/atletismo-cetys-monterrey25\\\/\"},\"wordCount\":597,\"commentCount\":0,\"image\":{\"@id\":\"https:\\\/\\\/www.cetys.mx\\\/gozorros\\\/2025\\\/04\\\/08\\\/atletismo-cetys-monterrey25\\\/#primaryimage\"},\"thumbnailUrl\":\"https:\\\/\\\/www.cetys.mx\\\/gozorros\\\/wp-content\\\/uploads\\\/2025\\\/04\\\/487249206_965782389085452_6463816161769576573_n.jpg\",\"keywords\":[\"Atletismo\",\"CETYS Last Chance\",\"CONADEIP\"],\"articleSection\":[\"Atletismo\",\"Deportes\",\"Portada\"],\"inLanguage\":\"es\",\"potentialAction\":[{\"@type\":\"CommentAction\",\"name\":\"Comment\",\"target\":[\"https:\\\/\\\/www.cetys.mx\\\/gozorros\\\/2025\\\/04\\\/08\\\/atletismo-cetys-monterrey25\\\/#respond\"]}]},{\"@type\":\"WebPage\",\"@id\":\"https:\\\/\\\/www.cetys.mx\\\/gozorros\\\/2025\\\/04\\\/08\\\/atletismo-cetys-monterrey25\\\/\",\"url\":\"https:\\\/\\\/www.cetys.mx\\\/gozorros\\\/2025\\\/04\\\/08\\\/atletismo-cetys-monterrey25\\\/\",\"name\":\"El atletismo de los Zorros hizo ruido de nuevo en la Sultana del Norte - CETYS Deportes\",\"isPartOf\":{\"@id\":\"https:\\\/\\\/www.cetys.mx\\\/gozorros\\\/#website\"},\"primaryImageOfPage\":{\"@id\":\"https:\\\/\\\/www.cetys.mx\\\/gozorros\\\/2025\\\/04\\\/08\\\/atletismo-cetys-monterrey25\\\/#primaryimage\"},\"image\":{\"@id\":\"https:\\\/\\\/www.cetys.mx\\\/gozorros\\\/2025\\\/04\\\/08\\\/atletismo-cetys-monterrey25\\\/#primaryimage\"},\"thumbnailUrl\":\"https:\\\/\\\/www.cetys.mx\\\/gozorros\\\/wp-content\\\/uploads\\\/2025\\\/04\\\/487249206_965782389085452_6463816161769576573_n.jpg\",\"datePublished\":\"2025-04-08T21:39:13+00:00\",\"dateModified\":\"2025-04-09T00:17:28+00:00\",\"author\":{\"@id\":\"https:\\\/\\\/www.cetys.mx\\\/gozorros\\\/#\\\/schema\\\/person\\\/2df51e85672c68eb6aa5a885a91e9f87\"},\"breadcrumb\":{\"@id\":\"https:\\\/\\\/www.cetys.mx\\\/gozorros\\\/2025\\\/04\\\/08\\\/atletismo-cetys-monterrey25\\\/#breadcrumb\"},\"inLanguage\":\"es\",\"potentialAction\":[{\"@type\":\"ReadAction\",\"target\":[\"https:\\\/\\\/www.cetys.mx\\\/gozorros\\\/2025\\\/04\\\/08\\\/atletismo-cetys-monterrey25\\\/\"]}]},{\"@type\":\"ImageObject\",\"inLanguage\":\"es\",\"@id\":\"https:\\\/\\\/www.cetys.mx\\\/gozorros\\\/2025\\\/04\\\/08\\\/atletismo-cetys-monterrey25\\\/#primaryimage\",\"url\":\"https:\\\/\\\/www.cetys.mx\\\/gozorros\\\/wp-content\\\/uploads\\\/2025\\\/04\\\/487249206_965782389085452_6463816161769576573_n.jpg\",\"contentUrl\":\"https:\\\/\\\/www.cetys.mx\\\/gozorros\\\/wp-content\\\/uploads\\\/2025\\\/04\\\/487249206_965782389085452_6463816161769576573_n.jpg\",\"width\":1280,\"height\":960},{\"@type\":\"BreadcrumbList\",\"@id\":\"https:\\\/\\\/www.cetys.mx\\\/gozorros\\\/2025\\\/04\\\/08\\\/atletismo-cetys-monterrey25\\\/#breadcrumb\",\"itemListElement\":[{\"@type\":\"ListItem\",\"position\":1,\"name\":\"Inicio\",\"item\":\"https:\\\/\\\/www.cetys.mx\\\/gozorros\\\/\"},{\"@type\":\"ListItem\",\"position\":2,\"name\":\"El atletismo de los Zorros hizo ruido de nuevo en la Sultana del Norte\"}]},{\"@type\":\"WebSite\",\"@id\":\"https:\\\/\\\/www.cetys.mx\\\/gozorros\\\/#website\",\"url\":\"https:\\\/\\\/www.cetys.mx\\\/gozorros\\\/\",\"name\":\"CETYS Deportes\",\"description\":\"\",\"potentialAction\":[{\"@type\":\"SearchAction\",\"target\":{\"@type\":\"EntryPoint\",\"urlTemplate\":\"https:\\\/\\\/www.cetys.mx\\\/gozorros\\\/?s={search_term_string}\"},\"query-input\":{\"@type\":\"PropertyValueSpecification\",\"valueRequired\":true,\"valueName\":\"search_term_string\"}}],\"inLanguage\":\"es\"},{\"@type\":\"Person\",\"@id\":\"https:\\\/\\\/www.cetys.mx\\\/gozorros\\\/#\\\/schema\\\/person\\\/2df51e85672c68eb6aa5a885a91e9f87\",\"name\":\"Comunicaci\u00f3n Campus Tijuana\",\"image\":{\"@type\":\"ImageObject\",\"inLanguage\":\"es\",\"@id\":\"https:\\\/\\\/secure.gravatar.com\\\/avatar\\\/d6cfe1d1e1b51f5bee95d422388bcf16ecab6583c5a412f5c4c7f32e7c268118?s=96&d=mm&r=g\",\"url\":\"https:\\\/\\\/secure.gravatar.com\\\/avatar\\\/d6cfe1d1e1b51f5bee95d422388bcf16ecab6583c5a412f5c4c7f32e7c268118?s=96&d=mm&r=g\",\"contentUrl\":\"https:\\\/\\\/secure.gravatar.com\\\/avatar\\\/d6cfe1d1e1b51f5bee95d422388bcf16ecab6583c5a412f5c4c7f32e7c268118?s=96&d=mm&r=g\",\"caption\":\"Comunicaci\u00f3n Campus Tijuana\"},\"url\":\"https:\\\/\\\/www.cetys.mx\\\/gozorros\\\/author\\\/comunicacion-tijuana\\\/\"}]}<\/script>\n<!-- \/ Yoast SEO plugin. -->","yoast_head_json":{"title":"El atletismo de los Zorros hizo ruido de nuevo en la Sultana del Norte - CETYS Deportes","robots":{"index":"index","follow":"follow","max-snippet":"max-snippet:-1","max-image-preview":"max-image-preview:large","max-video-preview":"max-video-preview:-1"},"canonical":"https:\/\/www.cetys.mx\/gozorros\/2025\/04\/08\/atletismo-cetys-monterrey25\/","og_locale":"es_MX","og_type":"article","og_title":"El atletismo de los Zorros hizo ruido de nuevo en la Sultana del Norte - CETYS Deportes","og_description":"La delegaci\u00f3n de CETYS Universidad tuvo otra excelente participaci\u00f3n en el Campeonato Nacional que avala la CONADEIP.\u00a0 &nbsp; Seis primeros, trece segundos y seis terceros lugares fueron el saldo final [&hellip;]","og_url":"https:\/\/www.cetys.mx\/gozorros\/2025\/04\/08\/atletismo-cetys-monterrey25\/","og_site_name":"CETYS Deportes","article_published_time":"2025-04-08T21:39:13+00:00","article_modified_time":"2025-04-09T00:17:28+00:00","og_image":[{"width":1280,"height":960,"url":"https:\/\/www.cetys.mx\/gozorros\/wp-content\/uploads\/2025\/04\/487249206_965782389085452_6463816161769576573_n.jpg","type":"image\/jpeg"}],"author":"Comunicaci\u00f3n Campus Tijuana","twitter_card":"summary_large_image","twitter_misc":{"Escrito por":"Comunicaci\u00f3n Campus Tijuana","Tiempo de lectura":"4 minutos"},"schema":{"@context":"https:\/\/schema.org","@graph":[{"@type":"Article","@id":"https:\/\/www.cetys.mx\/gozorros\/2025\/04\/08\/atletismo-cetys-monterrey25\/#article","isPartOf":{"@id":"https:\/\/www.cetys.mx\/gozorros\/2025\/04\/08\/atletismo-cetys-monterrey25\/"},"author":{"name":"Comunicaci\u00f3n Campus Tijuana","@id":"https:\/\/www.cetys.mx\/gozorros\/#\/schema\/person\/2df51e85672c68eb6aa5a885a91e9f87"},"headline":"El atletismo de los Zorros hizo ruido de nuevo en la Sultana del Norte","datePublished":"2025-04-08T21:39:13+00:00","dateModified":"2025-04-09T00:17:28+00:00","mainEntityOfPage":{"@id":"https:\/\/www.cetys.mx\/gozorros\/2025\/04\/08\/atletismo-cetys-monterrey25\/"},"wordCount":597,"commentCount":0,"image":{"@id":"https:\/\/www.cetys.mx\/gozorros\/2025\/04\/08\/atletismo-cetys-monterrey25\/#primaryimage"},"thumbnailUrl":"https:\/\/www.cetys.mx\/gozorros\/wp-content\/uploads\/2025\/04\/487249206_965782389085452_6463816161769576573_n.jpg","keywords":["Atletismo","CETYS Last Chance","CONADEIP"],"articleSection":["Atletismo","Deportes","Portada"],"inLanguage":"es","potentialAction":[{"@type":"CommentAction","name":"Comment","target":["https:\/\/www.cetys.mx\/gozorros\/2025\/04\/08\/atletismo-cetys-monterrey25\/#respond"]}]},{"@type":"WebPage","@id":"https:\/\/www.cetys.mx\/gozorros\/2025\/04\/08\/atletismo-cetys-monterrey25\/","url":"https:\/\/www.cetys.mx\/gozorros\/2025\/04\/08\/atletismo-cetys-monterrey25\/","name":"El atletismo de los Zorros hizo ruido de nuevo en la Sultana del Norte - CETYS Deportes","isPartOf":{"@id":"https:\/\/www.cetys.mx\/gozorros\/#website"},"primaryImageOfPage":{"@id":"https:\/\/www.cetys.mx\/gozorros\/2025\/04\/08\/atletismo-cetys-monterrey25\/#primaryimage"},"image":{"@id":"https:\/\/www.cetys.mx\/gozorros\/2025\/04\/08\/atletismo-cetys-monterrey25\/#primaryimage"},"thumbnailUrl":"https:\/\/www.cetys.mx\/gozorros\/wp-content\/uploads\/2025\/04\/487249206_965782389085452_6463816161769576573_n.jpg","datePublished":"2025-04-08T21:39:13+00:00","dateModified":"2025-04-09T00:17:28+00:00","author":{"@id":"https:\/\/www.cetys.mx\/gozorros\/#\/schema\/person\/2df51e85672c68eb6aa5a885a91e9f87"},"breadcrumb":{"@id":"https:\/\/www.cetys.mx\/gozorros\/2025\/04\/08\/atletismo-cetys-monterrey25\/#breadcrumb"},"inLanguage":"es","potentialAction":[{"@type":"ReadAction","target":["https:\/\/www.cetys.mx\/gozorros\/2025\/04\/08\/atletismo-cetys-monterrey25\/"]}]},{"@type":"ImageObject","inLanguage":"es","@id":"https:\/\/www.cetys.mx\/gozorros\/2025\/04\/08\/atletismo-cetys-monterrey25\/#primaryimage","url":"https:\/\/www.cetys.mx\/gozorros\/wp-content\/uploads\/2025\/04\/487249206_965782389085452_6463816161769576573_n.jpg","contentUrl":"https:\/\/www.cetys.mx\/gozorros\/wp-content\/uploads\/2025\/04\/487249206_965782389085452_6463816161769576573_n.jpg","width":1280,"height":960},{"@type":"BreadcrumbList","@id":"https:\/\/www.cetys.mx\/gozorros\/2025\/04\/08\/atletismo-cetys-monterrey25\/#breadcrumb","itemListElement":[{"@type":"ListItem","position":1,"name":"Inicio","item":"https:\/\/www.cetys.mx\/gozorros\/"},{"@type":"ListItem","position":2,"name":"El atletismo de los Zorros hizo ruido de nuevo en la Sultana del Norte"}]},{"@type":"WebSite","@id":"https:\/\/www.cetys.mx\/gozorros\/#website","url":"https:\/\/www.cetys.mx\/gozorros\/","name":"CETYS Deportes","description":"","potentialAction":[{"@type":"SearchAction","target":{"@type":"EntryPoint","urlTemplate":"https:\/\/www.cetys.mx\/gozorros\/?s={search_term_string}"},"query-input":{"@type":"PropertyValueSpecification","valueRequired":true,"valueName":"search_term_string"}}],"inLanguage":"es"},{"@type":"Person","@id":"https:\/\/www.cetys.mx\/gozorros\/#\/schema\/person\/2df51e85672c68eb6aa5a885a91e9f87","name":"Comunicaci\u00f3n Campus Tijuana","image":{"@type":"ImageObject","inLanguage":"es","@id":"https:\/\/secure.gravatar.com\/avatar\/d6cfe1d1e1b51f5bee95d422388bcf16ecab6583c5a412f5c4c7f32e7c268118?s=96&d=mm&r=g","url":"https:\/\/secure.gravatar.com\/avatar\/d6cfe1d1e1b51f5bee95d422388bcf16ecab6583c5a412f5c4c7f32e7c268118?s=96&d=mm&r=g","contentUrl":"https:\/\/secure.gravatar.com\/avatar\/d6cfe1d1e1b51f5bee95d422388bcf16ecab6583c5a412f5c4c7f32e7c268118?s=96&d=mm&r=g","caption":"Comunicaci\u00f3n Campus Tijuana"},"url":"https:\/\/www.cetys.mx\/gozorros\/author\/comunicacion-tijuana\/"}]}},"_links":{"self":[{"href":"https:\/\/www.cetys.mx\/gozorros\/wp-json\/wp\/v2\/posts\/16447","targetHints":{"allow":["GET"]}}],"collection":[{"href":"https:\/\/www.cetys.mx\/gozorros\/wp-json\/wp\/v2\/posts"}],"about":[{"href":"https:\/\/www.cetys.mx\/gozorros\/wp-json\/wp\/v2\/types\/post"}],"author":[{"embeddable":true,"href":"https:\/\/www.cetys.mx\/gozorros\/wp-json\/wp\/v2\/users\/11"}],"replies":[{"embeddable":true,"href":"https:\/\/www.cetys.mx\/gozorros\/wp-json\/wp\/v2\/comments?post=16447"}],"version-history":[{"count":8,"href":"https:\/\/www.cetys.mx\/gozorros\/wp-json\/wp\/v2\/posts\/16447\/revisions"}],"predecessor-version":[{"id":16460,"href":"https:\/\/www.cetys.mx\/gozorros\/wp-json\/wp\/v2\/posts\/16447\/revisions\/16460"}],"wp:featuredmedia":[{"embeddable":true,"href":"https:\/\/www.cetys.mx\/gozorros\/wp-json\/wp\/v2\/media\/16452"}],"wp:attachment":[{"href":"https:\/\/www.cetys.mx\/gozorros\/wp-json\/wp\/v2\/media?parent=16447"}],"wp:term":[{"taxonomy":"category","embeddable":true,"href":"https:\/\/www.cetys.mx\/gozorros\/wp-json\/wp\/v2\/categories?post=16447"},{"taxonomy":"post_tag","embeddable":true,"href":"https:\/\/www.cetys.mx\/gozorros\/wp-json\/wp\/v2\/tags?post=16447"}],"curies":[{"name":"wp","href":"https:\/\/api.w.org\/{rel}","templated":true}]}}