{"id":16250,"date":"2025-03-19T13:32:28","date_gmt":"2025-03-19T19:32:28","guid":{"rendered":"https:\/\/www.cetys.mx\/gozorros\/?p=16250"},"modified":"2025-03-19T13:34:07","modified_gmt":"2025-03-19T19:34:07","slug":"regresa-campeon-cetys-mexicali-a-la-accion-en-temporada-juvenil-de-oefa-2025","status":"publish","type":"post","link":"https:\/\/www.cetys.mx\/gozorros\/2025\/03\/19\/regresa-campeon-cetys-mexicali-a-la-accion-en-temporada-juvenil-de-oefa-2025\/","title":{"rendered":"Regresa Campe\u00f3n CETYS Mexicali a la acci\u00f3n en Temporada Juvenil de OEFA 2025"},"content":{"rendered":"<p>Los campeones defensores de Juvenil \u201cA\u201d, Zorros de CETYS Mexicali, tendr\u00e1n su primera acci\u00f3n de la Temporada Israel Quintero Angulo 2025 este viernes 21 de marzo en la segunda jornada de la Organizaci\u00f3n Estudiantil de F\u00fatbol Americano de Baja California (OEFA).<\/p>\n<p>En el campo del Centro de Ense\u00f1anza T\u00e9cnica y Superior (CETYS) Campus Mexicali, los pupilos de Hermann Roeniger L\u00e1rraga recibir\u00e1n a las 19:00 horas a la Escuela de F\u00fatbol Americano Titanes de la ciudad de Tijuana.<\/p>\n<p>Los cachanillas ganaron su campeonato n\u00famero diez el a\u00f1o pasado tras superar a Instituto M\u00e9xico en la final y la defensa de su cetro arranca este viernes en contra de los tijuanenses, dirigidos por \u00c1ngel G\u00f3mez Ceja, quienes tambi\u00e9n buscan su primera victoria de la campa\u00f1a.<\/p>\n<p>Para el s\u00e1bado 22 de marzo a las 16:00 horas la actividad se va al campo de la Unidad Deportiva Valle Dorado en Ensenada, donde chocar\u00e1n cascos el Colegio Argentino Los Pibes (CALP), con head coach Eduardo Carrasco, y CETYS Ensenada, dirigido por Abdel Bueno Zamarripa.<\/p>\n<p>*Con informaci\u00f3n de OEFA<\/p>\n","protected":false},"excerpt":{"rendered":"<p>Los campeones defensores de Juvenil \u201cA\u201d, Zorros de CETYS Mexicali, tendr\u00e1n su primera acci\u00f3n de la Temporada Israel Quintero Angulo 2025 este viernes 21 de marzo en la segunda jornada [&hellip;]<\/p>\n","protected":false},"author":9,"featured_media":16251,"comment_status":"open","ping_status":"open","sticky":false,"template":"","format":"standard","meta":{"footnotes":""},"categories":[149,119,92,120],"tags":[132,543,544,154],"class_list":["post-16250","post","type-post","status-publish","format-standard","has-post-thumbnail","hentry","category-campus-mexicali","category-deportes","category-futbol-americano","category-portada","tag-futbol-americano","tag-juvenil","tag-jv","tag-oefa"],"yoast_head":"<!-- This site is optimized with the Yoast SEO plugin v27.4 - https:\/\/yoast.com\/product\/yoast-seo-wordpress\/ -->\n<title>Regresa Campe\u00f3n CETYS Mexicali a la acci\u00f3n en Temporada Juvenil de OEFA 2025 - CETYS Deportes<\/title>\n<meta name=\"robots\" content=\"index, follow, max-snippet:-1, max-image-preview:large, max-video-preview:-1\" \/>\n<link rel=\"canonical\" href=\"https:\/\/www.cetys.mx\/gozorros\/2025\/03\/19\/regresa-campeon-cetys-mexicali-a-la-accion-en-temporada-juvenil-de-oefa-2025\/\" \/>\n<meta property=\"og:locale\" content=\"es_MX\" \/>\n<meta property=\"og:type\" content=\"article\" \/>\n<meta property=\"og:title\" content=\"Regresa Campe\u00f3n CETYS Mexicali a la acci\u00f3n en Temporada Juvenil de OEFA 2025 - CETYS Deportes\" \/>\n<meta property=\"og:description\" content=\"Los campeones defensores de Juvenil \u201cA\u201d, Zorros de CETYS Mexicali, tendr\u00e1n su primera acci\u00f3n de la Temporada Israel Quintero Angulo 2025 este viernes 21 de marzo en la segunda jornada [&hellip;]\" \/>\n<meta property=\"og:url\" content=\"https:\/\/www.cetys.mx\/gozorros\/2025\/03\/19\/regresa-campeon-cetys-mexicali-a-la-accion-en-temporada-juvenil-de-oefa-2025\/\" \/>\n<meta property=\"og:site_name\" content=\"CETYS Deportes\" \/>\n<meta property=\"article:published_time\" content=\"2025-03-19T19:32:28+00:00\" \/>\n<meta property=\"article:modified_time\" content=\"2025-03-19T19:34:07+00:00\" \/>\n<meta property=\"og:image\" content=\"https:\/\/www.cetys.mx\/gozorros\/wp-content\/uploads\/2025\/03\/02-1-scaled.jpg\" \/>\n\t<meta property=\"og:image:width\" content=\"2560\" \/>\n\t<meta property=\"og:image:height\" content=\"1709\" \/>\n\t<meta property=\"og:image:type\" content=\"image\/jpeg\" \/>\n<meta name=\"author\" content=\"Comunicaci\u00f3n Campus Mexicali Salazar\" \/>\n<meta name=\"twitter:card\" content=\"summary_large_image\" \/>\n<meta name=\"twitter:label1\" content=\"Escrito por\" \/>\n\t<meta name=\"twitter:data1\" content=\"Comunicaci\u00f3n Campus Mexicali Salazar\" \/>\n\t<meta name=\"twitter:label2\" content=\"Tiempo de lectura\" \/>\n\t<meta name=\"twitter:data2\" content=\"1 minuto\" \/>\n<script type=\"application\/ld+json\" class=\"yoast-schema-graph\">{\"@context\":\"https:\\\/\\\/schema.org\",\"@graph\":[{\"@type\":\"Article\",\"@id\":\"https:\\\/\\\/www.cetys.mx\\\/gozorros\\\/2025\\\/03\\\/19\\\/regresa-campeon-cetys-mexicali-a-la-accion-en-temporada-juvenil-de-oefa-2025\\\/#article\",\"isPartOf\":{\"@id\":\"https:\\\/\\\/www.cetys.mx\\\/gozorros\\\/2025\\\/03\\\/19\\\/regresa-campeon-cetys-mexicali-a-la-accion-en-temporada-juvenil-de-oefa-2025\\\/\"},\"author\":{\"name\":\"Comunicaci\u00f3n Campus Mexicali Salazar\",\"@id\":\"https:\\\/\\\/www.cetys.mx\\\/gozorros\\\/#\\\/schema\\\/person\\\/1da657126eb5a09a49d7740a5d436fc9\"},\"headline\":\"Regresa Campe\u00f3n CETYS Mexicali a la acci\u00f3n en Temporada Juvenil de OEFA 2025\",\"datePublished\":\"2025-03-19T19:32:28+00:00\",\"dateModified\":\"2025-03-19T19:34:07+00:00\",\"mainEntityOfPage\":{\"@id\":\"https:\\\/\\\/www.cetys.mx\\\/gozorros\\\/2025\\\/03\\\/19\\\/regresa-campeon-cetys-mexicali-a-la-accion-en-temporada-juvenil-de-oefa-2025\\\/\"},\"wordCount\":200,\"commentCount\":0,\"image\":{\"@id\":\"https:\\\/\\\/www.cetys.mx\\\/gozorros\\\/2025\\\/03\\\/19\\\/regresa-campeon-cetys-mexicali-a-la-accion-en-temporada-juvenil-de-oefa-2025\\\/#primaryimage\"},\"thumbnailUrl\":\"https:\\\/\\\/www.cetys.mx\\\/gozorros\\\/wp-content\\\/uploads\\\/2025\\\/03\\\/02-1-scaled.jpg\",\"keywords\":[\"Futbol Americano\",\"Juvenil\",\"JV\",\"OEFA\"],\"articleSection\":[\"Campus Mexicali\",\"Deportes\",\"F\u00fatbol americano\",\"Portada\"],\"inLanguage\":\"es\",\"potentialAction\":[{\"@type\":\"CommentAction\",\"name\":\"Comment\",\"target\":[\"https:\\\/\\\/www.cetys.mx\\\/gozorros\\\/2025\\\/03\\\/19\\\/regresa-campeon-cetys-mexicali-a-la-accion-en-temporada-juvenil-de-oefa-2025\\\/#respond\"]}]},{\"@type\":\"WebPage\",\"@id\":\"https:\\\/\\\/www.cetys.mx\\\/gozorros\\\/2025\\\/03\\\/19\\\/regresa-campeon-cetys-mexicali-a-la-accion-en-temporada-juvenil-de-oefa-2025\\\/\",\"url\":\"https:\\\/\\\/www.cetys.mx\\\/gozorros\\\/2025\\\/03\\\/19\\\/regresa-campeon-cetys-mexicali-a-la-accion-en-temporada-juvenil-de-oefa-2025\\\/\",\"name\":\"Regresa Campe\u00f3n CETYS Mexicali a la acci\u00f3n en Temporada Juvenil de OEFA 2025 - CETYS Deportes\",\"isPartOf\":{\"@id\":\"https:\\\/\\\/www.cetys.mx\\\/gozorros\\\/#website\"},\"primaryImageOfPage\":{\"@id\":\"https:\\\/\\\/www.cetys.mx\\\/gozorros\\\/2025\\\/03\\\/19\\\/regresa-campeon-cetys-mexicali-a-la-accion-en-temporada-juvenil-de-oefa-2025\\\/#primaryimage\"},\"image\":{\"@id\":\"https:\\\/\\\/www.cetys.mx\\\/gozorros\\\/2025\\\/03\\\/19\\\/regresa-campeon-cetys-mexicali-a-la-accion-en-temporada-juvenil-de-oefa-2025\\\/#primaryimage\"},\"thumbnailUrl\":\"https:\\\/\\\/www.cetys.mx\\\/gozorros\\\/wp-content\\\/uploads\\\/2025\\\/03\\\/02-1-scaled.jpg\",\"datePublished\":\"2025-03-19T19:32:28+00:00\",\"dateModified\":\"2025-03-19T19:34:07+00:00\",\"author\":{\"@id\":\"https:\\\/\\\/www.cetys.mx\\\/gozorros\\\/#\\\/schema\\\/person\\\/1da657126eb5a09a49d7740a5d436fc9\"},\"breadcrumb\":{\"@id\":\"https:\\\/\\\/www.cetys.mx\\\/gozorros\\\/2025\\\/03\\\/19\\\/regresa-campeon-cetys-mexicali-a-la-accion-en-temporada-juvenil-de-oefa-2025\\\/#breadcrumb\"},\"inLanguage\":\"es\",\"potentialAction\":[{\"@type\":\"ReadAction\",\"target\":[\"https:\\\/\\\/www.cetys.mx\\\/gozorros\\\/2025\\\/03\\\/19\\\/regresa-campeon-cetys-mexicali-a-la-accion-en-temporada-juvenil-de-oefa-2025\\\/\"]}]},{\"@type\":\"ImageObject\",\"inLanguage\":\"es\",\"@id\":\"https:\\\/\\\/www.cetys.mx\\\/gozorros\\\/2025\\\/03\\\/19\\\/regresa-campeon-cetys-mexicali-a-la-accion-en-temporada-juvenil-de-oefa-2025\\\/#primaryimage\",\"url\":\"https:\\\/\\\/www.cetys.mx\\\/gozorros\\\/wp-content\\\/uploads\\\/2025\\\/03\\\/02-1-scaled.jpg\",\"contentUrl\":\"https:\\\/\\\/www.cetys.mx\\\/gozorros\\\/wp-content\\\/uploads\\\/2025\\\/03\\\/02-1-scaled.jpg\",\"width\":2560,\"height\":1709},{\"@type\":\"BreadcrumbList\",\"@id\":\"https:\\\/\\\/www.cetys.mx\\\/gozorros\\\/2025\\\/03\\\/19\\\/regresa-campeon-cetys-mexicali-a-la-accion-en-temporada-juvenil-de-oefa-2025\\\/#breadcrumb\",\"itemListElement\":[{\"@type\":\"ListItem\",\"position\":1,\"name\":\"Inicio\",\"item\":\"https:\\\/\\\/www.cetys.mx\\\/gozorros\\\/\"},{\"@type\":\"ListItem\",\"position\":2,\"name\":\"Regresa Campe\u00f3n CETYS Mexicali a la acci\u00f3n en Temporada Juvenil de OEFA 2025\"}]},{\"@type\":\"WebSite\",\"@id\":\"https:\\\/\\\/www.cetys.mx\\\/gozorros\\\/#website\",\"url\":\"https:\\\/\\\/www.cetys.mx\\\/gozorros\\\/\",\"name\":\"CETYS Deportes\",\"description\":\"\",\"potentialAction\":[{\"@type\":\"SearchAction\",\"target\":{\"@type\":\"EntryPoint\",\"urlTemplate\":\"https:\\\/\\\/www.cetys.mx\\\/gozorros\\\/?s={search_term_string}\"},\"query-input\":{\"@type\":\"PropertyValueSpecification\",\"valueRequired\":true,\"valueName\":\"search_term_string\"}}],\"inLanguage\":\"es\"},{\"@type\":\"Person\",\"@id\":\"https:\\\/\\\/www.cetys.mx\\\/gozorros\\\/#\\\/schema\\\/person\\\/1da657126eb5a09a49d7740a5d436fc9\",\"name\":\"Comunicaci\u00f3n Campus Mexicali Salazar\",\"image\":{\"@type\":\"ImageObject\",\"inLanguage\":\"es\",\"@id\":\"https:\\\/\\\/secure.gravatar.com\\\/avatar\\\/a065a2e0daabf500c709d565dfe18e015dc52eed88491e16aef09da708d06ac7?s=96&d=mm&r=g\",\"url\":\"https:\\\/\\\/secure.gravatar.com\\\/avatar\\\/a065a2e0daabf500c709d565dfe18e015dc52eed88491e16aef09da708d06ac7?s=96&d=mm&r=g\",\"contentUrl\":\"https:\\\/\\\/secure.gravatar.com\\\/avatar\\\/a065a2e0daabf500c709d565dfe18e015dc52eed88491e16aef09da708d06ac7?s=96&d=mm&r=g\",\"caption\":\"Comunicaci\u00f3n Campus Mexicali Salazar\"},\"url\":\"https:\\\/\\\/www.cetys.mx\\\/gozorros\\\/author\\\/comunicacion-mexicali\\\/\"}]}<\/script>\n<!-- \/ Yoast SEO plugin. -->","yoast_head_json":{"title":"Regresa Campe\u00f3n CETYS Mexicali a la acci\u00f3n en Temporada Juvenil de OEFA 2025 - CETYS Deportes","robots":{"index":"index","follow":"follow","max-snippet":"max-snippet:-1","max-image-preview":"max-image-preview:large","max-video-preview":"max-video-preview:-1"},"canonical":"https:\/\/www.cetys.mx\/gozorros\/2025\/03\/19\/regresa-campeon-cetys-mexicali-a-la-accion-en-temporada-juvenil-de-oefa-2025\/","og_locale":"es_MX","og_type":"article","og_title":"Regresa Campe\u00f3n CETYS Mexicali a la acci\u00f3n en Temporada Juvenil de OEFA 2025 - CETYS Deportes","og_description":"Los campeones defensores de Juvenil \u201cA\u201d, Zorros de CETYS Mexicali, tendr\u00e1n su primera acci\u00f3n de la Temporada Israel Quintero Angulo 2025 este viernes 21 de marzo en la segunda jornada [&hellip;]","og_url":"https:\/\/www.cetys.mx\/gozorros\/2025\/03\/19\/regresa-campeon-cetys-mexicali-a-la-accion-en-temporada-juvenil-de-oefa-2025\/","og_site_name":"CETYS Deportes","article_published_time":"2025-03-19T19:32:28+00:00","article_modified_time":"2025-03-19T19:34:07+00:00","og_image":[{"width":2560,"height":1709,"url":"https:\/\/www.cetys.mx\/gozorros\/wp-content\/uploads\/2025\/03\/02-1-scaled.jpg","type":"image\/jpeg"}],"author":"Comunicaci\u00f3n Campus Mexicali Salazar","twitter_card":"summary_large_image","twitter_misc":{"Escrito por":"Comunicaci\u00f3n Campus Mexicali Salazar","Tiempo de lectura":"1 minuto"},"schema":{"@context":"https:\/\/schema.org","@graph":[{"@type":"Article","@id":"https:\/\/www.cetys.mx\/gozorros\/2025\/03\/19\/regresa-campeon-cetys-mexicali-a-la-accion-en-temporada-juvenil-de-oefa-2025\/#article","isPartOf":{"@id":"https:\/\/www.cetys.mx\/gozorros\/2025\/03\/19\/regresa-campeon-cetys-mexicali-a-la-accion-en-temporada-juvenil-de-oefa-2025\/"},"author":{"name":"Comunicaci\u00f3n Campus Mexicali Salazar","@id":"https:\/\/www.cetys.mx\/gozorros\/#\/schema\/person\/1da657126eb5a09a49d7740a5d436fc9"},"headline":"Regresa Campe\u00f3n CETYS Mexicali a la acci\u00f3n en Temporada Juvenil de OEFA 2025","datePublished":"2025-03-19T19:32:28+00:00","dateModified":"2025-03-19T19:34:07+00:00","mainEntityOfPage":{"@id":"https:\/\/www.cetys.mx\/gozorros\/2025\/03\/19\/regresa-campeon-cetys-mexicali-a-la-accion-en-temporada-juvenil-de-oefa-2025\/"},"wordCount":200,"commentCount":0,"image":{"@id":"https:\/\/www.cetys.mx\/gozorros\/2025\/03\/19\/regresa-campeon-cetys-mexicali-a-la-accion-en-temporada-juvenil-de-oefa-2025\/#primaryimage"},"thumbnailUrl":"https:\/\/www.cetys.mx\/gozorros\/wp-content\/uploads\/2025\/03\/02-1-scaled.jpg","keywords":["Futbol Americano","Juvenil","JV","OEFA"],"articleSection":["Campus Mexicali","Deportes","F\u00fatbol americano","Portada"],"inLanguage":"es","potentialAction":[{"@type":"CommentAction","name":"Comment","target":["https:\/\/www.cetys.mx\/gozorros\/2025\/03\/19\/regresa-campeon-cetys-mexicali-a-la-accion-en-temporada-juvenil-de-oefa-2025\/#respond"]}]},{"@type":"WebPage","@id":"https:\/\/www.cetys.mx\/gozorros\/2025\/03\/19\/regresa-campeon-cetys-mexicali-a-la-accion-en-temporada-juvenil-de-oefa-2025\/","url":"https:\/\/www.cetys.mx\/gozorros\/2025\/03\/19\/regresa-campeon-cetys-mexicali-a-la-accion-en-temporada-juvenil-de-oefa-2025\/","name":"Regresa Campe\u00f3n CETYS Mexicali a la acci\u00f3n en Temporada Juvenil de OEFA 2025 - CETYS Deportes","isPartOf":{"@id":"https:\/\/www.cetys.mx\/gozorros\/#website"},"primaryImageOfPage":{"@id":"https:\/\/www.cetys.mx\/gozorros\/2025\/03\/19\/regresa-campeon-cetys-mexicali-a-la-accion-en-temporada-juvenil-de-oefa-2025\/#primaryimage"},"image":{"@id":"https:\/\/www.cetys.mx\/gozorros\/2025\/03\/19\/regresa-campeon-cetys-mexicali-a-la-accion-en-temporada-juvenil-de-oefa-2025\/#primaryimage"},"thumbnailUrl":"https:\/\/www.cetys.mx\/gozorros\/wp-content\/uploads\/2025\/03\/02-1-scaled.jpg","datePublished":"2025-03-19T19:32:28+00:00","dateModified":"2025-03-19T19:34:07+00:00","author":{"@id":"https:\/\/www.cetys.mx\/gozorros\/#\/schema\/person\/1da657126eb5a09a49d7740a5d436fc9"},"breadcrumb":{"@id":"https:\/\/www.cetys.mx\/gozorros\/2025\/03\/19\/regresa-campeon-cetys-mexicali-a-la-accion-en-temporada-juvenil-de-oefa-2025\/#breadcrumb"},"inLanguage":"es","potentialAction":[{"@type":"ReadAction","target":["https:\/\/www.cetys.mx\/gozorros\/2025\/03\/19\/regresa-campeon-cetys-mexicali-a-la-accion-en-temporada-juvenil-de-oefa-2025\/"]}]},{"@type":"ImageObject","inLanguage":"es","@id":"https:\/\/www.cetys.mx\/gozorros\/2025\/03\/19\/regresa-campeon-cetys-mexicali-a-la-accion-en-temporada-juvenil-de-oefa-2025\/#primaryimage","url":"https:\/\/www.cetys.mx\/gozorros\/wp-content\/uploads\/2025\/03\/02-1-scaled.jpg","contentUrl":"https:\/\/www.cetys.mx\/gozorros\/wp-content\/uploads\/2025\/03\/02-1-scaled.jpg","width":2560,"height":1709},{"@type":"BreadcrumbList","@id":"https:\/\/www.cetys.mx\/gozorros\/2025\/03\/19\/regresa-campeon-cetys-mexicali-a-la-accion-en-temporada-juvenil-de-oefa-2025\/#breadcrumb","itemListElement":[{"@type":"ListItem","position":1,"name":"Inicio","item":"https:\/\/www.cetys.mx\/gozorros\/"},{"@type":"ListItem","position":2,"name":"Regresa Campe\u00f3n CETYS Mexicali a la acci\u00f3n en Temporada Juvenil de OEFA 2025"}]},{"@type":"WebSite","@id":"https:\/\/www.cetys.mx\/gozorros\/#website","url":"https:\/\/www.cetys.mx\/gozorros\/","name":"CETYS Deportes","description":"","potentialAction":[{"@type":"SearchAction","target":{"@type":"EntryPoint","urlTemplate":"https:\/\/www.cetys.mx\/gozorros\/?s={search_term_string}"},"query-input":{"@type":"PropertyValueSpecification","valueRequired":true,"valueName":"search_term_string"}}],"inLanguage":"es"},{"@type":"Person","@id":"https:\/\/www.cetys.mx\/gozorros\/#\/schema\/person\/1da657126eb5a09a49d7740a5d436fc9","name":"Comunicaci\u00f3n Campus Mexicali Salazar","image":{"@type":"ImageObject","inLanguage":"es","@id":"https:\/\/secure.gravatar.com\/avatar\/a065a2e0daabf500c709d565dfe18e015dc52eed88491e16aef09da708d06ac7?s=96&d=mm&r=g","url":"https:\/\/secure.gravatar.com\/avatar\/a065a2e0daabf500c709d565dfe18e015dc52eed88491e16aef09da708d06ac7?s=96&d=mm&r=g","contentUrl":"https:\/\/secure.gravatar.com\/avatar\/a065a2e0daabf500c709d565dfe18e015dc52eed88491e16aef09da708d06ac7?s=96&d=mm&r=g","caption":"Comunicaci\u00f3n Campus Mexicali Salazar"},"url":"https:\/\/www.cetys.mx\/gozorros\/author\/comunicacion-mexicali\/"}]}},"_links":{"self":[{"href":"https:\/\/www.cetys.mx\/gozorros\/wp-json\/wp\/v2\/posts\/16250","targetHints":{"allow":["GET"]}}],"collection":[{"href":"https:\/\/www.cetys.mx\/gozorros\/wp-json\/wp\/v2\/posts"}],"about":[{"href":"https:\/\/www.cetys.mx\/gozorros\/wp-json\/wp\/v2\/types\/post"}],"author":[{"embeddable":true,"href":"https:\/\/www.cetys.mx\/gozorros\/wp-json\/wp\/v2\/users\/9"}],"replies":[{"embeddable":true,"href":"https:\/\/www.cetys.mx\/gozorros\/wp-json\/wp\/v2\/comments?post=16250"}],"version-history":[{"count":2,"href":"https:\/\/www.cetys.mx\/gozorros\/wp-json\/wp\/v2\/posts\/16250\/revisions"}],"predecessor-version":[{"id":16254,"href":"https:\/\/www.cetys.mx\/gozorros\/wp-json\/wp\/v2\/posts\/16250\/revisions\/16254"}],"wp:featuredmedia":[{"embeddable":true,"href":"https:\/\/www.cetys.mx\/gozorros\/wp-json\/wp\/v2\/media\/16251"}],"wp:attachment":[{"href":"https:\/\/www.cetys.mx\/gozorros\/wp-json\/wp\/v2\/media?parent=16250"}],"wp:term":[{"taxonomy":"category","embeddable":true,"href":"https:\/\/www.cetys.mx\/gozorros\/wp-json\/wp\/v2\/categories?post=16250"},{"taxonomy":"post_tag","embeddable":true,"href":"https:\/\/www.cetys.mx\/gozorros\/wp-json\/wp\/v2\/tags?post=16250"}],"curies":[{"name":"wp","href":"https:\/\/api.w.org\/{rel}","templated":true}]}}