{"id":16222,"date":"2025-03-11T18:03:43","date_gmt":"2025-03-12T00:03:43","guid":{"rendered":"https:\/\/www.cetys.mx\/gozorros\/?p=16222"},"modified":"2025-03-11T18:22:51","modified_gmt":"2025-03-12T00:22:51","slug":"carlos-burrito-boxeo","status":"publish","type":"post","link":"https:\/\/www.cetys.mx\/gozorros\/2025\/03\/11\/carlos-burrito-boxeo\/","title":{"rendered":"Ofrece Carlos Alberto Garc\u00eda una conferencia y cl\u00ednica de boxeo en CETYS"},"content":{"rendered":"<p>El pasado 26 de febrero de 2025, <strong>CETYS Universidad Campus Tijuana<\/strong> tuvo la visita del boxeador profesional <strong>Carlos Alberto Garc\u00eda Castillo<\/strong> para ofrecer una conferencia y cl\u00ednica de su disciplina en el Gimnasio-Auditorio \u201cRodrigo Valle Hern\u00e1ndez\u201d.<\/p>\n<p>La base de esta visita fue el <strong>Taller de Defensa Personal<\/strong>, que es impartido por el <strong>Profr. Jorge Salazar Rivera<\/strong>. El evento fue organizado por la Coordinaci\u00f3n de Bienestar Integral y, durante estos minutos vespertinos, se habl\u00f3 de c\u00f3mo el boxeo no es solo un recurso para defenderse en una circunstancia dif\u00edcil.<\/p>\n<p>El tambi\u00e9n apodado \u201c<em>Arte de Fistiana<\/em>\u201d es una estupenda opci\u00f3n para el acondicionamiento f\u00edsico o entrenamiento diario. Su pr\u00e1ctica implica correr o trotar, saltar la cuerda, golpear el costal o la pera y la simulaci\u00f3n box\u00edstica o sparring. Todo esto conlleva una constante quema de calor\u00edas, p\u00e9rdida adecuada de peso y el desarrollo de la<strong> disciplina propia<\/strong>.<\/p>\n<p>Garc\u00eda Castillo, popularmente apodado \u201cEl Burrito\u201d, tiene 23 a\u00f1os de edad y lleva una <strong>marca invicta<\/strong> de 18 peleas (14 de sus triunfos por la v\u00eda del nocaut). Su duelo m\u00e1s reciente fue el pasado 14 de diciembre, cuando venci\u00f3 a Juan Ram\u00f3n Guzm\u00e1n en la cancha del Estadio de Club Tijuana Xoloitzcuintles.<\/p>\n<p>Como dato especial, es <strong>Licenciado en Derecho<\/strong> por la Universidad Aut\u00f3noma de Baja California (UABC).<\/p>\n<p><img loading=\"lazy\" decoding=\"async\" class=\" wp-image-16224 aligncenter\" src=\"https:\/\/www.cetys.mx\/gozorros\/wp-content\/uploads\/2025\/03\/CRP_0687-300x200.jpg\" alt=\"\" width=\"372\" height=\"248\" \/><\/p>\n","protected":false},"excerpt":{"rendered":"<p>El pasado 26 de febrero de 2025, CETYS Universidad Campus Tijuana tuvo la visita del boxeador profesional Carlos Alberto Garc\u00eda Castillo para ofrecer una conferencia y cl\u00ednica de su disciplina [&hellip;]<\/p>\n","protected":false},"author":11,"featured_media":16225,"comment_status":"open","ping_status":"open","sticky":false,"template":"","format":"standard","meta":{"footnotes":""},"categories":[170,119,93,120],"tags":[538,537,123,539],"class_list":["post-16222","post","type-post","status-publish","format-standard","has-post-thumbnail","hentry","category-campus-tijuana","category-deportes","category-disciplinas-individuales","category-portada","tag-boxeo","tag-defensa-personal","tag-deportes","tag-disciplina"],"yoast_head":"<!-- This site is optimized with the Yoast SEO plugin v27.4 - https:\/\/yoast.com\/product\/yoast-seo-wordpress\/ -->\n<title>Ofrece Carlos Alberto Garc\u00eda una conferencia y cl\u00ednica de boxeo en CETYS - CETYS Deportes<\/title>\n<meta name=\"robots\" content=\"index, follow, max-snippet:-1, max-image-preview:large, max-video-preview:-1\" \/>\n<link rel=\"canonical\" href=\"https:\/\/www.cetys.mx\/gozorros\/2025\/03\/11\/carlos-burrito-boxeo\/\" \/>\n<meta property=\"og:locale\" content=\"es_MX\" \/>\n<meta property=\"og:type\" content=\"article\" \/>\n<meta property=\"og:title\" content=\"Ofrece Carlos Alberto Garc\u00eda una conferencia y cl\u00ednica de boxeo en CETYS - CETYS Deportes\" \/>\n<meta property=\"og:description\" content=\"El pasado 26 de febrero de 2025, CETYS Universidad Campus Tijuana tuvo la visita del boxeador profesional Carlos Alberto Garc\u00eda Castillo para ofrecer una conferencia y cl\u00ednica de su disciplina [&hellip;]\" \/>\n<meta property=\"og:url\" content=\"https:\/\/www.cetys.mx\/gozorros\/2025\/03\/11\/carlos-burrito-boxeo\/\" \/>\n<meta property=\"og:site_name\" content=\"CETYS Deportes\" \/>\n<meta property=\"article:published_time\" content=\"2025-03-12T00:03:43+00:00\" \/>\n<meta property=\"article:modified_time\" content=\"2025-03-12T00:22:51+00:00\" \/>\n<meta property=\"og:image\" content=\"https:\/\/www.cetys.mx\/gozorros\/wp-content\/uploads\/2025\/03\/CRP_0666-scaled.jpg\" \/>\n\t<meta property=\"og:image:width\" content=\"2560\" \/>\n\t<meta property=\"og:image:height\" content=\"1707\" \/>\n\t<meta property=\"og:image:type\" content=\"image\/jpeg\" \/>\n<meta name=\"author\" content=\"Comunicaci\u00f3n Campus Tijuana\" \/>\n<meta name=\"twitter:card\" content=\"summary_large_image\" \/>\n<meta name=\"twitter:label1\" content=\"Escrito por\" \/>\n\t<meta name=\"twitter:data1\" content=\"Comunicaci\u00f3n Campus Tijuana\" \/>\n\t<meta name=\"twitter:label2\" content=\"Tiempo de lectura\" \/>\n\t<meta name=\"twitter:data2\" content=\"2 minutos\" \/>\n<script type=\"application\/ld+json\" class=\"yoast-schema-graph\">{\"@context\":\"https:\\\/\\\/schema.org\",\"@graph\":[{\"@type\":\"Article\",\"@id\":\"https:\\\/\\\/www.cetys.mx\\\/gozorros\\\/2025\\\/03\\\/11\\\/carlos-burrito-boxeo\\\/#article\",\"isPartOf\":{\"@id\":\"https:\\\/\\\/www.cetys.mx\\\/gozorros\\\/2025\\\/03\\\/11\\\/carlos-burrito-boxeo\\\/\"},\"author\":{\"name\":\"Comunicaci\u00f3n Campus Tijuana\",\"@id\":\"https:\\\/\\\/www.cetys.mx\\\/gozorros\\\/#\\\/schema\\\/person\\\/2df51e85672c68eb6aa5a885a91e9f87\"},\"headline\":\"Ofrece Carlos Alberto Garc\u00eda una conferencia y cl\u00ednica de boxeo en CETYS\",\"datePublished\":\"2025-03-12T00:03:43+00:00\",\"dateModified\":\"2025-03-12T00:22:51+00:00\",\"mainEntityOfPage\":{\"@id\":\"https:\\\/\\\/www.cetys.mx\\\/gozorros\\\/2025\\\/03\\\/11\\\/carlos-burrito-boxeo\\\/\"},\"wordCount\":242,\"commentCount\":0,\"image\":{\"@id\":\"https:\\\/\\\/www.cetys.mx\\\/gozorros\\\/2025\\\/03\\\/11\\\/carlos-burrito-boxeo\\\/#primaryimage\"},\"thumbnailUrl\":\"https:\\\/\\\/www.cetys.mx\\\/gozorros\\\/wp-content\\\/uploads\\\/2025\\\/03\\\/CRP_0666-scaled.jpg\",\"keywords\":[\"boxeo\",\"defensa personal\",\"Deportes\",\"disciplina\"],\"articleSection\":[\"Campus Tijuana\",\"Deportes\",\"Disciplinas individuales\",\"Portada\"],\"inLanguage\":\"es\",\"potentialAction\":[{\"@type\":\"CommentAction\",\"name\":\"Comment\",\"target\":[\"https:\\\/\\\/www.cetys.mx\\\/gozorros\\\/2025\\\/03\\\/11\\\/carlos-burrito-boxeo\\\/#respond\"]}]},{\"@type\":\"WebPage\",\"@id\":\"https:\\\/\\\/www.cetys.mx\\\/gozorros\\\/2025\\\/03\\\/11\\\/carlos-burrito-boxeo\\\/\",\"url\":\"https:\\\/\\\/www.cetys.mx\\\/gozorros\\\/2025\\\/03\\\/11\\\/carlos-burrito-boxeo\\\/\",\"name\":\"Ofrece Carlos Alberto Garc\u00eda una conferencia y cl\u00ednica de boxeo en CETYS - CETYS Deportes\",\"isPartOf\":{\"@id\":\"https:\\\/\\\/www.cetys.mx\\\/gozorros\\\/#website\"},\"primaryImageOfPage\":{\"@id\":\"https:\\\/\\\/www.cetys.mx\\\/gozorros\\\/2025\\\/03\\\/11\\\/carlos-burrito-boxeo\\\/#primaryimage\"},\"image\":{\"@id\":\"https:\\\/\\\/www.cetys.mx\\\/gozorros\\\/2025\\\/03\\\/11\\\/carlos-burrito-boxeo\\\/#primaryimage\"},\"thumbnailUrl\":\"https:\\\/\\\/www.cetys.mx\\\/gozorros\\\/wp-content\\\/uploads\\\/2025\\\/03\\\/CRP_0666-scaled.jpg\",\"datePublished\":\"2025-03-12T00:03:43+00:00\",\"dateModified\":\"2025-03-12T00:22:51+00:00\",\"author\":{\"@id\":\"https:\\\/\\\/www.cetys.mx\\\/gozorros\\\/#\\\/schema\\\/person\\\/2df51e85672c68eb6aa5a885a91e9f87\"},\"breadcrumb\":{\"@id\":\"https:\\\/\\\/www.cetys.mx\\\/gozorros\\\/2025\\\/03\\\/11\\\/carlos-burrito-boxeo\\\/#breadcrumb\"},\"inLanguage\":\"es\",\"potentialAction\":[{\"@type\":\"ReadAction\",\"target\":[\"https:\\\/\\\/www.cetys.mx\\\/gozorros\\\/2025\\\/03\\\/11\\\/carlos-burrito-boxeo\\\/\"]}]},{\"@type\":\"ImageObject\",\"inLanguage\":\"es\",\"@id\":\"https:\\\/\\\/www.cetys.mx\\\/gozorros\\\/2025\\\/03\\\/11\\\/carlos-burrito-boxeo\\\/#primaryimage\",\"url\":\"https:\\\/\\\/www.cetys.mx\\\/gozorros\\\/wp-content\\\/uploads\\\/2025\\\/03\\\/CRP_0666-scaled.jpg\",\"contentUrl\":\"https:\\\/\\\/www.cetys.mx\\\/gozorros\\\/wp-content\\\/uploads\\\/2025\\\/03\\\/CRP_0666-scaled.jpg\",\"width\":2560,\"height\":1707},{\"@type\":\"BreadcrumbList\",\"@id\":\"https:\\\/\\\/www.cetys.mx\\\/gozorros\\\/2025\\\/03\\\/11\\\/carlos-burrito-boxeo\\\/#breadcrumb\",\"itemListElement\":[{\"@type\":\"ListItem\",\"position\":1,\"name\":\"Inicio\",\"item\":\"https:\\\/\\\/www.cetys.mx\\\/gozorros\\\/\"},{\"@type\":\"ListItem\",\"position\":2,\"name\":\"Ofrece Carlos Alberto Garc\u00eda una conferencia y cl\u00ednica de boxeo en CETYS\"}]},{\"@type\":\"WebSite\",\"@id\":\"https:\\\/\\\/www.cetys.mx\\\/gozorros\\\/#website\",\"url\":\"https:\\\/\\\/www.cetys.mx\\\/gozorros\\\/\",\"name\":\"CETYS Deportes\",\"description\":\"\",\"potentialAction\":[{\"@type\":\"SearchAction\",\"target\":{\"@type\":\"EntryPoint\",\"urlTemplate\":\"https:\\\/\\\/www.cetys.mx\\\/gozorros\\\/?s={search_term_string}\"},\"query-input\":{\"@type\":\"PropertyValueSpecification\",\"valueRequired\":true,\"valueName\":\"search_term_string\"}}],\"inLanguage\":\"es\"},{\"@type\":\"Person\",\"@id\":\"https:\\\/\\\/www.cetys.mx\\\/gozorros\\\/#\\\/schema\\\/person\\\/2df51e85672c68eb6aa5a885a91e9f87\",\"name\":\"Comunicaci\u00f3n Campus Tijuana\",\"image\":{\"@type\":\"ImageObject\",\"inLanguage\":\"es\",\"@id\":\"https:\\\/\\\/secure.gravatar.com\\\/avatar\\\/d6cfe1d1e1b51f5bee95d422388bcf16ecab6583c5a412f5c4c7f32e7c268118?s=96&d=mm&r=g\",\"url\":\"https:\\\/\\\/secure.gravatar.com\\\/avatar\\\/d6cfe1d1e1b51f5bee95d422388bcf16ecab6583c5a412f5c4c7f32e7c268118?s=96&d=mm&r=g\",\"contentUrl\":\"https:\\\/\\\/secure.gravatar.com\\\/avatar\\\/d6cfe1d1e1b51f5bee95d422388bcf16ecab6583c5a412f5c4c7f32e7c268118?s=96&d=mm&r=g\",\"caption\":\"Comunicaci\u00f3n Campus Tijuana\"},\"url\":\"https:\\\/\\\/www.cetys.mx\\\/gozorros\\\/author\\\/comunicacion-tijuana\\\/\"}]}<\/script>\n<!-- \/ Yoast SEO plugin. -->","yoast_head_json":{"title":"Ofrece Carlos Alberto Garc\u00eda una conferencia y cl\u00ednica de boxeo en CETYS - CETYS Deportes","robots":{"index":"index","follow":"follow","max-snippet":"max-snippet:-1","max-image-preview":"max-image-preview:large","max-video-preview":"max-video-preview:-1"},"canonical":"https:\/\/www.cetys.mx\/gozorros\/2025\/03\/11\/carlos-burrito-boxeo\/","og_locale":"es_MX","og_type":"article","og_title":"Ofrece Carlos Alberto Garc\u00eda una conferencia y cl\u00ednica de boxeo en CETYS - CETYS Deportes","og_description":"El pasado 26 de febrero de 2025, CETYS Universidad Campus Tijuana tuvo la visita del boxeador profesional Carlos Alberto Garc\u00eda Castillo para ofrecer una conferencia y cl\u00ednica de su disciplina [&hellip;]","og_url":"https:\/\/www.cetys.mx\/gozorros\/2025\/03\/11\/carlos-burrito-boxeo\/","og_site_name":"CETYS Deportes","article_published_time":"2025-03-12T00:03:43+00:00","article_modified_time":"2025-03-12T00:22:51+00:00","og_image":[{"width":2560,"height":1707,"url":"https:\/\/www.cetys.mx\/gozorros\/wp-content\/uploads\/2025\/03\/CRP_0666-scaled.jpg","type":"image\/jpeg"}],"author":"Comunicaci\u00f3n Campus Tijuana","twitter_card":"summary_large_image","twitter_misc":{"Escrito por":"Comunicaci\u00f3n Campus Tijuana","Tiempo de lectura":"2 minutos"},"schema":{"@context":"https:\/\/schema.org","@graph":[{"@type":"Article","@id":"https:\/\/www.cetys.mx\/gozorros\/2025\/03\/11\/carlos-burrito-boxeo\/#article","isPartOf":{"@id":"https:\/\/www.cetys.mx\/gozorros\/2025\/03\/11\/carlos-burrito-boxeo\/"},"author":{"name":"Comunicaci\u00f3n Campus Tijuana","@id":"https:\/\/www.cetys.mx\/gozorros\/#\/schema\/person\/2df51e85672c68eb6aa5a885a91e9f87"},"headline":"Ofrece Carlos Alberto Garc\u00eda una conferencia y cl\u00ednica de boxeo en CETYS","datePublished":"2025-03-12T00:03:43+00:00","dateModified":"2025-03-12T00:22:51+00:00","mainEntityOfPage":{"@id":"https:\/\/www.cetys.mx\/gozorros\/2025\/03\/11\/carlos-burrito-boxeo\/"},"wordCount":242,"commentCount":0,"image":{"@id":"https:\/\/www.cetys.mx\/gozorros\/2025\/03\/11\/carlos-burrito-boxeo\/#primaryimage"},"thumbnailUrl":"https:\/\/www.cetys.mx\/gozorros\/wp-content\/uploads\/2025\/03\/CRP_0666-scaled.jpg","keywords":["boxeo","defensa personal","Deportes","disciplina"],"articleSection":["Campus Tijuana","Deportes","Disciplinas individuales","Portada"],"inLanguage":"es","potentialAction":[{"@type":"CommentAction","name":"Comment","target":["https:\/\/www.cetys.mx\/gozorros\/2025\/03\/11\/carlos-burrito-boxeo\/#respond"]}]},{"@type":"WebPage","@id":"https:\/\/www.cetys.mx\/gozorros\/2025\/03\/11\/carlos-burrito-boxeo\/","url":"https:\/\/www.cetys.mx\/gozorros\/2025\/03\/11\/carlos-burrito-boxeo\/","name":"Ofrece Carlos Alberto Garc\u00eda una conferencia y cl\u00ednica de boxeo en CETYS - CETYS Deportes","isPartOf":{"@id":"https:\/\/www.cetys.mx\/gozorros\/#website"},"primaryImageOfPage":{"@id":"https:\/\/www.cetys.mx\/gozorros\/2025\/03\/11\/carlos-burrito-boxeo\/#primaryimage"},"image":{"@id":"https:\/\/www.cetys.mx\/gozorros\/2025\/03\/11\/carlos-burrito-boxeo\/#primaryimage"},"thumbnailUrl":"https:\/\/www.cetys.mx\/gozorros\/wp-content\/uploads\/2025\/03\/CRP_0666-scaled.jpg","datePublished":"2025-03-12T00:03:43+00:00","dateModified":"2025-03-12T00:22:51+00:00","author":{"@id":"https:\/\/www.cetys.mx\/gozorros\/#\/schema\/person\/2df51e85672c68eb6aa5a885a91e9f87"},"breadcrumb":{"@id":"https:\/\/www.cetys.mx\/gozorros\/2025\/03\/11\/carlos-burrito-boxeo\/#breadcrumb"},"inLanguage":"es","potentialAction":[{"@type":"ReadAction","target":["https:\/\/www.cetys.mx\/gozorros\/2025\/03\/11\/carlos-burrito-boxeo\/"]}]},{"@type":"ImageObject","inLanguage":"es","@id":"https:\/\/www.cetys.mx\/gozorros\/2025\/03\/11\/carlos-burrito-boxeo\/#primaryimage","url":"https:\/\/www.cetys.mx\/gozorros\/wp-content\/uploads\/2025\/03\/CRP_0666-scaled.jpg","contentUrl":"https:\/\/www.cetys.mx\/gozorros\/wp-content\/uploads\/2025\/03\/CRP_0666-scaled.jpg","width":2560,"height":1707},{"@type":"BreadcrumbList","@id":"https:\/\/www.cetys.mx\/gozorros\/2025\/03\/11\/carlos-burrito-boxeo\/#breadcrumb","itemListElement":[{"@type":"ListItem","position":1,"name":"Inicio","item":"https:\/\/www.cetys.mx\/gozorros\/"},{"@type":"ListItem","position":2,"name":"Ofrece Carlos Alberto Garc\u00eda una conferencia y cl\u00ednica de boxeo en CETYS"}]},{"@type":"WebSite","@id":"https:\/\/www.cetys.mx\/gozorros\/#website","url":"https:\/\/www.cetys.mx\/gozorros\/","name":"CETYS Deportes","description":"","potentialAction":[{"@type":"SearchAction","target":{"@type":"EntryPoint","urlTemplate":"https:\/\/www.cetys.mx\/gozorros\/?s={search_term_string}"},"query-input":{"@type":"PropertyValueSpecification","valueRequired":true,"valueName":"search_term_string"}}],"inLanguage":"es"},{"@type":"Person","@id":"https:\/\/www.cetys.mx\/gozorros\/#\/schema\/person\/2df51e85672c68eb6aa5a885a91e9f87","name":"Comunicaci\u00f3n Campus Tijuana","image":{"@type":"ImageObject","inLanguage":"es","@id":"https:\/\/secure.gravatar.com\/avatar\/d6cfe1d1e1b51f5bee95d422388bcf16ecab6583c5a412f5c4c7f32e7c268118?s=96&d=mm&r=g","url":"https:\/\/secure.gravatar.com\/avatar\/d6cfe1d1e1b51f5bee95d422388bcf16ecab6583c5a412f5c4c7f32e7c268118?s=96&d=mm&r=g","contentUrl":"https:\/\/secure.gravatar.com\/avatar\/d6cfe1d1e1b51f5bee95d422388bcf16ecab6583c5a412f5c4c7f32e7c268118?s=96&d=mm&r=g","caption":"Comunicaci\u00f3n Campus Tijuana"},"url":"https:\/\/www.cetys.mx\/gozorros\/author\/comunicacion-tijuana\/"}]}},"_links":{"self":[{"href":"https:\/\/www.cetys.mx\/gozorros\/wp-json\/wp\/v2\/posts\/16222","targetHints":{"allow":["GET"]}}],"collection":[{"href":"https:\/\/www.cetys.mx\/gozorros\/wp-json\/wp\/v2\/posts"}],"about":[{"href":"https:\/\/www.cetys.mx\/gozorros\/wp-json\/wp\/v2\/types\/post"}],"author":[{"embeddable":true,"href":"https:\/\/www.cetys.mx\/gozorros\/wp-json\/wp\/v2\/users\/11"}],"replies":[{"embeddable":true,"href":"https:\/\/www.cetys.mx\/gozorros\/wp-json\/wp\/v2\/comments?post=16222"}],"version-history":[{"count":4,"href":"https:\/\/www.cetys.mx\/gozorros\/wp-json\/wp\/v2\/posts\/16222\/revisions"}],"predecessor-version":[{"id":16229,"href":"https:\/\/www.cetys.mx\/gozorros\/wp-json\/wp\/v2\/posts\/16222\/revisions\/16229"}],"wp:featuredmedia":[{"embeddable":true,"href":"https:\/\/www.cetys.mx\/gozorros\/wp-json\/wp\/v2\/media\/16225"}],"wp:attachment":[{"href":"https:\/\/www.cetys.mx\/gozorros\/wp-json\/wp\/v2\/media?parent=16222"}],"wp:term":[{"taxonomy":"category","embeddable":true,"href":"https:\/\/www.cetys.mx\/gozorros\/wp-json\/wp\/v2\/categories?post=16222"},{"taxonomy":"post_tag","embeddable":true,"href":"https:\/\/www.cetys.mx\/gozorros\/wp-json\/wp\/v2\/tags?post=16222"}],"curies":[{"name":"wp","href":"https:\/\/api.w.org\/{rel}","templated":true}]}}