{"id":13227,"date":"2024-08-07T16:21:10","date_gmt":"2024-08-07T22:21:10","guid":{"rendered":"https:\/\/www.cetys.mx\/gozorros\/?p=13227"},"modified":"2024-08-08T11:11:37","modified_gmt":"2024-08-08T17:11:37","slug":"combinar_escuela_deporte","status":"publish","type":"post","link":"https:\/\/www.cetys.mx\/gozorros\/2024\/08\/07\/combinar_escuela_deporte\/","title":{"rendered":"\u00bfC\u00f3mo combinar tu horario escolar con el gimnasio y el deporte?"},"content":{"rendered":"<p>Con el inicio de ciclo escolar es indispensable que los estudiantes encuentren un equilibrio entre las actividades acad\u00e9micas que exige cada semestre, el deporte y su vida personal.<\/p>\n<p>De acuerdo con datos de la Subsecretar\u00eda de Educaci\u00f3n del Gobierno de M\u00e9xico, en nuestro pa\u00eds existen poco m\u00e1s de 5 millones y medio alumnos nivel Preparatoria y 5 millones 307 mil 471 estudiantes de Profesional.<\/p>\n<p>Aunque cada una de estas casi 11 millones de historias son distintas, todas tienen en com\u00fan la necesidad de lograr un equilibrio entre la vida personal y lo acad\u00e9mico. \u00bfY c\u00f3mo mantienen este balance los alumnos atletas que deben tener estabilidad entre la vida personal, buen promedio escolar y los entrenamientos?<\/p>\n<p><img loading=\"lazy\" decoding=\"async\" class=\" wp-image-13228 alignleft\" src=\"https:\/\/www.cetys.mx\/gozorros\/wp-content\/uploads\/2024\/08\/Alumno-Atleta-Dante.jpg\" alt=\"\" width=\"387\" height=\"257\" srcset=\"https:\/\/www.cetys.mx\/gozorros\/wp-content\/uploads\/2024\/08\/Alumno-Atleta-Dante.jpg 958w, https:\/\/www.cetys.mx\/gozorros\/wp-content\/uploads\/2024\/08\/Alumno-Atleta-Dante-300x200.jpg 300w, https:\/\/www.cetys.mx\/gozorros\/wp-content\/uploads\/2024\/08\/Alumno-Atleta-Dante-768x511.jpg 768w, https:\/\/www.cetys.mx\/gozorros\/wp-content\/uploads\/2024\/08\/Alumno-Atleta-Dante-320x213.jpg 320w, https:\/\/www.cetys.mx\/gozorros\/wp-content\/uploads\/2024\/08\/Alumno-Atleta-Dante-480x319.jpg 480w, https:\/\/www.cetys.mx\/gozorros\/wp-content\/uploads\/2024\/08\/Alumno-Atleta-Dante-800x532.jpg 800w\" sizes=\"auto, (max-width: 387px) 100vw, 387px\" \/>Respecto a esto, Dante Mart\u00ednez, alumno atleta de CETYS Universidad que registra entre sus m\u00e1s recientes reconocimientos la medalla de bronce en Atletismo de la prueba Decatl\u00f3n en la Universiada Nacional, explica:<\/p>\n<p>\u201cPrincipalmente creo que se deben tener claros los objetivos acad\u00e9micos y deportivos para poder establecer organizaci\u00f3n y cumplir con los tiempos de entrenamientos y tener un espacio para ti\u201d..<\/p>\n<p>Para Dante, un d\u00eda normal inicia a las 6:00 a.m. para estar en clases de 8:00 am a 3:30pm. \u201cLuego me toca asistir a mi entrenamiento de 4:00 a 6:00 de la tarde. De ah\u00ed mi segunda jornada ser\u00eda ir al gym de 6:30 a 9:00 de la noche, para luego irme a mi casa a descansar\u201d.<\/p>\n<p>Aunque no todos los estudiantes tienen esta vocaci\u00f3n deportiva ni son atletas de alto rendimiento como Dante, es indispensable realizar alguna actividad f\u00edsica y evitar lo m\u00e1s posible caer en el sedentarismo, indic\u00f3 el Lic. En Actividad F\u00edsica y Deportes por la Universidad Aut\u00f3noma de Baja California (UABC), Aldair Bueno Zamarripa, encargado del \u00e1rea de pesas como preparador f\u00edsico en CETYS Universidad Campus Internacional Ensenada.<\/p>\n<p>\u201cCaminar, como por ejemplo el hiking, sentadillas, lagartijas en casa, siempre y cuando se hagan con conocimiento para evitar lastimarse. Lo m\u00e1s sencillo siempre es acercarse con los entrenadores para asesor\u00eda, estoy seguro que esto va a impactar de forma positiva en la forma en la que van a vivir su vejez\u201d.<\/p>\n<p><img loading=\"lazy\" decoding=\"async\" class=\" wp-image-13229 aligncenter\" src=\"https:\/\/www.cetys.mx\/gozorros\/wp-content\/uploads\/2024\/08\/Lic.-Aldair-Bueno.jpg\" alt=\"\" width=\"522\" height=\"347\" srcset=\"https:\/\/www.cetys.mx\/gozorros\/wp-content\/uploads\/2024\/08\/Lic.-Aldair-Bueno.jpg 958w, https:\/\/www.cetys.mx\/gozorros\/wp-content\/uploads\/2024\/08\/Lic.-Aldair-Bueno-300x200.jpg 300w, https:\/\/www.cetys.mx\/gozorros\/wp-content\/uploads\/2024\/08\/Lic.-Aldair-Bueno-768x511.jpg 768w, https:\/\/www.cetys.mx\/gozorros\/wp-content\/uploads\/2024\/08\/Lic.-Aldair-Bueno-320x213.jpg 320w, https:\/\/www.cetys.mx\/gozorros\/wp-content\/uploads\/2024\/08\/Lic.-Aldair-Bueno-480x319.jpg 480w, https:\/\/www.cetys.mx\/gozorros\/wp-content\/uploads\/2024\/08\/Lic.-Aldair-Bueno-800x532.jpg 800w\" sizes=\"auto, (max-width: 522px) 100vw, 522px\" \/><\/p>\n<p>Es importante no perder de vista esta recomendaci\u00f3n, ya que seg\u00fan datos de la Organizaci\u00f3n Mundial de la Salud (OMS), la actividad f\u00edsica en ni\u00f1os y adolescentes, promueve la salud de los huesos, estimula el crecimiento y el desarrollo saludables de los m\u00fasculos y mejora el desarrollo motor y cognitivo.<\/p>\n<p>Aunque actualmente el ajetreado ritmo de vida y el iniciar un nuevo ciclo escolar pueda generar angustia y mucha expectativa, lo indispensable para lograr el triunfo en cualquier aspecto en la vida es la organizaci\u00f3n, mantener los objetivos en mente y cuando sea necesario tener un buen y merecido descanso de entre 8 y 9 horas, tiempo recomendado para un adolecente por la Secretar\u00eda de Salud.<\/p>\n<p>Respecto a esto Aldair enfatiza: \u201cAlgo muy importante que he aprendido es la gesti\u00f3n del tiempo, tampoco se trata de ser rob\u00f3ticos. Aprende a distribuir tu intensidad y tu intenci\u00f3n a lo que quieres. Tambi\u00e9n es importante, que si te sientes rebasado no temas pedir ayuda psicol\u00f3gica\u201d.<\/p>\n<p>La lecci\u00f3n es aprender a integrar de forma positiva nuestras las actividades, seamos deportistas o no, es indispensable mantener el objetivo en mente, logrando un equilibrio en la vida para sentirse pleno; y sobre todo, siempre es indispensable realizar una actividad f\u00edsica que ayude a evitar el sedentarismo.<\/p>\n<p>Combinar el horario escolar con el gimnasio y el deporte puede parecer un reto, pero con una buena organizaci\u00f3n y disciplina, es totalmente posible. Recuerda que mantener un equilibrio entre tus estudios y tu bienestar f\u00edsico te ayudar\u00e1 a tener un mejor rendimiento en ambas \u00e1reas. \u00a1Prep\u00e1rate para un nuevo ciclo escolar lleno de \u00e9xito y salud!<\/p>\n<p><em>Fuentes de consulta:<\/em><\/p>\n<ul>\n<li>\n<h6><strong>SEP (Secretar\u00eda de Educaci\u00f3n P\u00fablica).<\/strong> (2023). <em>M\u00e1s de 24 millones de estudiantes de educaci\u00f3n b\u00e1sica inician el ciclo escolar 2023-2024<\/em>. Secretar\u00eda de Educaci\u00f3n P\u00fablica. <a href=\"https:\/\/educacionmediasuperior.sep.gob.mx\/es_mx\/sems\/Mas_de_24_millones_de_estudiantes_de_Educacion_Basica_inician_el_ciclo_escolar_2023-2024#:~:text=Del%20total%2C%2024%20millones%2093,profesores%20y%20ocho%20mil%20952\" target=\"_new\" rel=\"noreferrer noopener\">https:\/\/educacionmediasuperior.sep.gob.mx\/es_mx\/sems\/Mas_de_24_millones_de_estudiantes_de_Educacion_Basica_inician_el_ciclo_escolar_2023-2024#:~:text=Del%20total%2C%2024%20millones%2093,profesores%20y%20ocho%20mil%20952<\/a><\/h6>\n<\/li>\n<li>\n<h6><strong>World Health Organization (WHO).<\/strong> (2023). <em>Physical activity<\/em>. World Health Organization. <a href=\"https:\/\/www.who.int\/es\/news-room\/fact-sheets\/detail\/physical-activity\" target=\"_new\" rel=\"noreferrer noopener\">https:\/\/www.who.int\/es\/news-room\/fact-sheets\/detail\/physical-activity<\/a><\/h6>\n<\/li>\n<\/ul>\n","protected":false},"excerpt":{"rendered":"<p>Con el inicio de ciclo escolar es indispensable que los estudiantes encuentren un equilibrio entre las actividades acad\u00e9micas que exige cada semestre, el deporte y su vida personal. De acuerdo [&hellip;]<\/p>\n","protected":false},"author":5,"featured_media":13230,"comment_status":"open","ping_status":"open","sticky":false,"template":"","format":"standard","meta":{"footnotes":""},"categories":[119,120],"tags":[],"class_list":["post-13227","post","type-post","status-publish","format-standard","has-post-thumbnail","hentry","category-deportes","category-portada"],"yoast_head":"<!-- This site is optimized with the Yoast SEO plugin v27.4 - https:\/\/yoast.com\/product\/yoast-seo-wordpress\/ -->\n<title>\u00bfC\u00f3mo combinar tu horario escolar con el gimnasio y el deporte? - CETYS Deportes<\/title>\n<meta name=\"robots\" content=\"index, follow, max-snippet:-1, max-image-preview:large, max-video-preview:-1\" \/>\n<link rel=\"canonical\" href=\"https:\/\/www.cetys.mx\/gozorros\/2024\/08\/07\/combinar_escuela_deporte\/\" \/>\n<meta property=\"og:locale\" content=\"es_MX\" \/>\n<meta property=\"og:type\" content=\"article\" \/>\n<meta property=\"og:title\" content=\"\u00bfC\u00f3mo combinar tu horario escolar con el gimnasio y el deporte? - CETYS Deportes\" \/>\n<meta property=\"og:description\" content=\"Con el inicio de ciclo escolar es indispensable que los estudiantes encuentren un equilibrio entre las actividades acad\u00e9micas que exige cada semestre, el deporte y su vida personal. De acuerdo [&hellip;]\" \/>\n<meta property=\"og:url\" content=\"https:\/\/www.cetys.mx\/gozorros\/2024\/08\/07\/combinar_escuela_deporte\/\" \/>\n<meta property=\"og:site_name\" content=\"CETYS Deportes\" \/>\n<meta property=\"article:published_time\" content=\"2024-08-07T22:21:10+00:00\" \/>\n<meta property=\"article:modified_time\" content=\"2024-08-08T17:11:37+00:00\" \/>\n<meta property=\"og:image\" content=\"https:\/\/www.cetys.mx\/gozorros\/wp-content\/uploads\/2024\/08\/Es-importante-lograr-un-equilibrio-entre-la-vida-estudiantil-y-el-deporte.jpg\" \/>\n\t<meta property=\"og:image:width\" content=\"958\" \/>\n\t<meta property=\"og:image:height\" content=\"637\" \/>\n\t<meta property=\"og:image:type\" content=\"image\/jpeg\" \/>\n<meta name=\"author\" content=\"Direcci\u00f3n Estatal de Deportes CETYS Universidad\" \/>\n<meta name=\"twitter:card\" content=\"summary_large_image\" \/>\n<meta name=\"twitter:label1\" content=\"Escrito por\" \/>\n\t<meta name=\"twitter:data1\" content=\"Direcci\u00f3n Estatal de Deportes CETYS Universidad\" \/>\n\t<meta name=\"twitter:label2\" content=\"Tiempo de lectura\" \/>\n\t<meta name=\"twitter:data2\" content=\"4 minutos\" \/>\n<script type=\"application\/ld+json\" class=\"yoast-schema-graph\">{\"@context\":\"https:\\\/\\\/schema.org\",\"@graph\":[{\"@type\":\"Article\",\"@id\":\"https:\\\/\\\/www.cetys.mx\\\/gozorros\\\/2024\\\/08\\\/07\\\/combinar_escuela_deporte\\\/#article\",\"isPartOf\":{\"@id\":\"https:\\\/\\\/www.cetys.mx\\\/gozorros\\\/2024\\\/08\\\/07\\\/combinar_escuela_deporte\\\/\"},\"author\":{\"name\":\"Direcci\u00f3n Estatal de Deportes CETYS Universidad\",\"@id\":\"https:\\\/\\\/www.cetys.mx\\\/gozorros\\\/#\\\/schema\\\/person\\\/0fbb38fb2de1b59ec112d8eb63d1cb12\"},\"headline\":\"\u00bfC\u00f3mo combinar tu horario escolar con el gimnasio y el deporte?\",\"datePublished\":\"2024-08-07T22:21:10+00:00\",\"dateModified\":\"2024-08-08T17:11:37+00:00\",\"mainEntityOfPage\":{\"@id\":\"https:\\\/\\\/www.cetys.mx\\\/gozorros\\\/2024\\\/08\\\/07\\\/combinar_escuela_deporte\\\/\"},\"wordCount\":742,\"commentCount\":0,\"image\":{\"@id\":\"https:\\\/\\\/www.cetys.mx\\\/gozorros\\\/2024\\\/08\\\/07\\\/combinar_escuela_deporte\\\/#primaryimage\"},\"thumbnailUrl\":\"https:\\\/\\\/www.cetys.mx\\\/gozorros\\\/wp-content\\\/uploads\\\/2024\\\/08\\\/Es-importante-lograr-un-equilibrio-entre-la-vida-estudiantil-y-el-deporte.jpg\",\"articleSection\":[\"Deportes\",\"Portada\"],\"inLanguage\":\"es\",\"potentialAction\":[{\"@type\":\"CommentAction\",\"name\":\"Comment\",\"target\":[\"https:\\\/\\\/www.cetys.mx\\\/gozorros\\\/2024\\\/08\\\/07\\\/combinar_escuela_deporte\\\/#respond\"]}]},{\"@type\":\"WebPage\",\"@id\":\"https:\\\/\\\/www.cetys.mx\\\/gozorros\\\/2024\\\/08\\\/07\\\/combinar_escuela_deporte\\\/\",\"url\":\"https:\\\/\\\/www.cetys.mx\\\/gozorros\\\/2024\\\/08\\\/07\\\/combinar_escuela_deporte\\\/\",\"name\":\"\u00bfC\u00f3mo combinar tu horario escolar con el gimnasio y el deporte? - CETYS Deportes\",\"isPartOf\":{\"@id\":\"https:\\\/\\\/www.cetys.mx\\\/gozorros\\\/#website\"},\"primaryImageOfPage\":{\"@id\":\"https:\\\/\\\/www.cetys.mx\\\/gozorros\\\/2024\\\/08\\\/07\\\/combinar_escuela_deporte\\\/#primaryimage\"},\"image\":{\"@id\":\"https:\\\/\\\/www.cetys.mx\\\/gozorros\\\/2024\\\/08\\\/07\\\/combinar_escuela_deporte\\\/#primaryimage\"},\"thumbnailUrl\":\"https:\\\/\\\/www.cetys.mx\\\/gozorros\\\/wp-content\\\/uploads\\\/2024\\\/08\\\/Es-importante-lograr-un-equilibrio-entre-la-vida-estudiantil-y-el-deporte.jpg\",\"datePublished\":\"2024-08-07T22:21:10+00:00\",\"dateModified\":\"2024-08-08T17:11:37+00:00\",\"author\":{\"@id\":\"https:\\\/\\\/www.cetys.mx\\\/gozorros\\\/#\\\/schema\\\/person\\\/0fbb38fb2de1b59ec112d8eb63d1cb12\"},\"breadcrumb\":{\"@id\":\"https:\\\/\\\/www.cetys.mx\\\/gozorros\\\/2024\\\/08\\\/07\\\/combinar_escuela_deporte\\\/#breadcrumb\"},\"inLanguage\":\"es\",\"potentialAction\":[{\"@type\":\"ReadAction\",\"target\":[\"https:\\\/\\\/www.cetys.mx\\\/gozorros\\\/2024\\\/08\\\/07\\\/combinar_escuela_deporte\\\/\"]}]},{\"@type\":\"ImageObject\",\"inLanguage\":\"es\",\"@id\":\"https:\\\/\\\/www.cetys.mx\\\/gozorros\\\/2024\\\/08\\\/07\\\/combinar_escuela_deporte\\\/#primaryimage\",\"url\":\"https:\\\/\\\/www.cetys.mx\\\/gozorros\\\/wp-content\\\/uploads\\\/2024\\\/08\\\/Es-importante-lograr-un-equilibrio-entre-la-vida-estudiantil-y-el-deporte.jpg\",\"contentUrl\":\"https:\\\/\\\/www.cetys.mx\\\/gozorros\\\/wp-content\\\/uploads\\\/2024\\\/08\\\/Es-importante-lograr-un-equilibrio-entre-la-vida-estudiantil-y-el-deporte.jpg\",\"width\":958,\"height\":637},{\"@type\":\"BreadcrumbList\",\"@id\":\"https:\\\/\\\/www.cetys.mx\\\/gozorros\\\/2024\\\/08\\\/07\\\/combinar_escuela_deporte\\\/#breadcrumb\",\"itemListElement\":[{\"@type\":\"ListItem\",\"position\":1,\"name\":\"Inicio\",\"item\":\"https:\\\/\\\/www.cetys.mx\\\/gozorros\\\/\"},{\"@type\":\"ListItem\",\"position\":2,\"name\":\"\u00bfC\u00f3mo combinar tu horario escolar con el gimnasio y el deporte?\"}]},{\"@type\":\"WebSite\",\"@id\":\"https:\\\/\\\/www.cetys.mx\\\/gozorros\\\/#website\",\"url\":\"https:\\\/\\\/www.cetys.mx\\\/gozorros\\\/\",\"name\":\"CETYS Deportes\",\"description\":\"\",\"potentialAction\":[{\"@type\":\"SearchAction\",\"target\":{\"@type\":\"EntryPoint\",\"urlTemplate\":\"https:\\\/\\\/www.cetys.mx\\\/gozorros\\\/?s={search_term_string}\"},\"query-input\":{\"@type\":\"PropertyValueSpecification\",\"valueRequired\":true,\"valueName\":\"search_term_string\"}}],\"inLanguage\":\"es\"},{\"@type\":\"Person\",\"@id\":\"https:\\\/\\\/www.cetys.mx\\\/gozorros\\\/#\\\/schema\\\/person\\\/0fbb38fb2de1b59ec112d8eb63d1cb12\",\"name\":\"Direcci\u00f3n Estatal de Deportes CETYS Universidad\",\"image\":{\"@type\":\"ImageObject\",\"inLanguage\":\"es\",\"@id\":\"https:\\\/\\\/secure.gravatar.com\\\/avatar\\\/7295e7c83b400ef2918cb73e91ab557a3db51c56861709b99942e60df8d2630e?s=96&d=mm&r=g\",\"url\":\"https:\\\/\\\/secure.gravatar.com\\\/avatar\\\/7295e7c83b400ef2918cb73e91ab557a3db51c56861709b99942e60df8d2630e?s=96&d=mm&r=g\",\"contentUrl\":\"https:\\\/\\\/secure.gravatar.com\\\/avatar\\\/7295e7c83b400ef2918cb73e91ab557a3db51c56861709b99942e60df8d2630e?s=96&d=mm&r=g\",\"caption\":\"Direcci\u00f3n Estatal de Deportes CETYS Universidad\"},\"url\":\"https:\\\/\\\/www.cetys.mx\\\/gozorros\\\/author\\\/webmaster-deportes\\\/\"}]}<\/script>\n<!-- \/ Yoast SEO plugin. -->","yoast_head_json":{"title":"\u00bfC\u00f3mo combinar tu horario escolar con el gimnasio y el deporte? - CETYS Deportes","robots":{"index":"index","follow":"follow","max-snippet":"max-snippet:-1","max-image-preview":"max-image-preview:large","max-video-preview":"max-video-preview:-1"},"canonical":"https:\/\/www.cetys.mx\/gozorros\/2024\/08\/07\/combinar_escuela_deporte\/","og_locale":"es_MX","og_type":"article","og_title":"\u00bfC\u00f3mo combinar tu horario escolar con el gimnasio y el deporte? - CETYS Deportes","og_description":"Con el inicio de ciclo escolar es indispensable que los estudiantes encuentren un equilibrio entre las actividades acad\u00e9micas que exige cada semestre, el deporte y su vida personal. De acuerdo [&hellip;]","og_url":"https:\/\/www.cetys.mx\/gozorros\/2024\/08\/07\/combinar_escuela_deporte\/","og_site_name":"CETYS Deportes","article_published_time":"2024-08-07T22:21:10+00:00","article_modified_time":"2024-08-08T17:11:37+00:00","og_image":[{"width":958,"height":637,"url":"https:\/\/www.cetys.mx\/gozorros\/wp-content\/uploads\/2024\/08\/Es-importante-lograr-un-equilibrio-entre-la-vida-estudiantil-y-el-deporte.jpg","type":"image\/jpeg"}],"author":"Direcci\u00f3n Estatal de Deportes CETYS Universidad","twitter_card":"summary_large_image","twitter_misc":{"Escrito por":"Direcci\u00f3n Estatal de Deportes CETYS Universidad","Tiempo de lectura":"4 minutos"},"schema":{"@context":"https:\/\/schema.org","@graph":[{"@type":"Article","@id":"https:\/\/www.cetys.mx\/gozorros\/2024\/08\/07\/combinar_escuela_deporte\/#article","isPartOf":{"@id":"https:\/\/www.cetys.mx\/gozorros\/2024\/08\/07\/combinar_escuela_deporte\/"},"author":{"name":"Direcci\u00f3n Estatal de Deportes CETYS Universidad","@id":"https:\/\/www.cetys.mx\/gozorros\/#\/schema\/person\/0fbb38fb2de1b59ec112d8eb63d1cb12"},"headline":"\u00bfC\u00f3mo combinar tu horario escolar con el gimnasio y el deporte?","datePublished":"2024-08-07T22:21:10+00:00","dateModified":"2024-08-08T17:11:37+00:00","mainEntityOfPage":{"@id":"https:\/\/www.cetys.mx\/gozorros\/2024\/08\/07\/combinar_escuela_deporte\/"},"wordCount":742,"commentCount":0,"image":{"@id":"https:\/\/www.cetys.mx\/gozorros\/2024\/08\/07\/combinar_escuela_deporte\/#primaryimage"},"thumbnailUrl":"https:\/\/www.cetys.mx\/gozorros\/wp-content\/uploads\/2024\/08\/Es-importante-lograr-un-equilibrio-entre-la-vida-estudiantil-y-el-deporte.jpg","articleSection":["Deportes","Portada"],"inLanguage":"es","potentialAction":[{"@type":"CommentAction","name":"Comment","target":["https:\/\/www.cetys.mx\/gozorros\/2024\/08\/07\/combinar_escuela_deporte\/#respond"]}]},{"@type":"WebPage","@id":"https:\/\/www.cetys.mx\/gozorros\/2024\/08\/07\/combinar_escuela_deporte\/","url":"https:\/\/www.cetys.mx\/gozorros\/2024\/08\/07\/combinar_escuela_deporte\/","name":"\u00bfC\u00f3mo combinar tu horario escolar con el gimnasio y el deporte? - CETYS Deportes","isPartOf":{"@id":"https:\/\/www.cetys.mx\/gozorros\/#website"},"primaryImageOfPage":{"@id":"https:\/\/www.cetys.mx\/gozorros\/2024\/08\/07\/combinar_escuela_deporte\/#primaryimage"},"image":{"@id":"https:\/\/www.cetys.mx\/gozorros\/2024\/08\/07\/combinar_escuela_deporte\/#primaryimage"},"thumbnailUrl":"https:\/\/www.cetys.mx\/gozorros\/wp-content\/uploads\/2024\/08\/Es-importante-lograr-un-equilibrio-entre-la-vida-estudiantil-y-el-deporte.jpg","datePublished":"2024-08-07T22:21:10+00:00","dateModified":"2024-08-08T17:11:37+00:00","author":{"@id":"https:\/\/www.cetys.mx\/gozorros\/#\/schema\/person\/0fbb38fb2de1b59ec112d8eb63d1cb12"},"breadcrumb":{"@id":"https:\/\/www.cetys.mx\/gozorros\/2024\/08\/07\/combinar_escuela_deporte\/#breadcrumb"},"inLanguage":"es","potentialAction":[{"@type":"ReadAction","target":["https:\/\/www.cetys.mx\/gozorros\/2024\/08\/07\/combinar_escuela_deporte\/"]}]},{"@type":"ImageObject","inLanguage":"es","@id":"https:\/\/www.cetys.mx\/gozorros\/2024\/08\/07\/combinar_escuela_deporte\/#primaryimage","url":"https:\/\/www.cetys.mx\/gozorros\/wp-content\/uploads\/2024\/08\/Es-importante-lograr-un-equilibrio-entre-la-vida-estudiantil-y-el-deporte.jpg","contentUrl":"https:\/\/www.cetys.mx\/gozorros\/wp-content\/uploads\/2024\/08\/Es-importante-lograr-un-equilibrio-entre-la-vida-estudiantil-y-el-deporte.jpg","width":958,"height":637},{"@type":"BreadcrumbList","@id":"https:\/\/www.cetys.mx\/gozorros\/2024\/08\/07\/combinar_escuela_deporte\/#breadcrumb","itemListElement":[{"@type":"ListItem","position":1,"name":"Inicio","item":"https:\/\/www.cetys.mx\/gozorros\/"},{"@type":"ListItem","position":2,"name":"\u00bfC\u00f3mo combinar tu horario escolar con el gimnasio y el deporte?"}]},{"@type":"WebSite","@id":"https:\/\/www.cetys.mx\/gozorros\/#website","url":"https:\/\/www.cetys.mx\/gozorros\/","name":"CETYS Deportes","description":"","potentialAction":[{"@type":"SearchAction","target":{"@type":"EntryPoint","urlTemplate":"https:\/\/www.cetys.mx\/gozorros\/?s={search_term_string}"},"query-input":{"@type":"PropertyValueSpecification","valueRequired":true,"valueName":"search_term_string"}}],"inLanguage":"es"},{"@type":"Person","@id":"https:\/\/www.cetys.mx\/gozorros\/#\/schema\/person\/0fbb38fb2de1b59ec112d8eb63d1cb12","name":"Direcci\u00f3n Estatal de Deportes CETYS Universidad","image":{"@type":"ImageObject","inLanguage":"es","@id":"https:\/\/secure.gravatar.com\/avatar\/7295e7c83b400ef2918cb73e91ab557a3db51c56861709b99942e60df8d2630e?s=96&d=mm&r=g","url":"https:\/\/secure.gravatar.com\/avatar\/7295e7c83b400ef2918cb73e91ab557a3db51c56861709b99942e60df8d2630e?s=96&d=mm&r=g","contentUrl":"https:\/\/secure.gravatar.com\/avatar\/7295e7c83b400ef2918cb73e91ab557a3db51c56861709b99942e60df8d2630e?s=96&d=mm&r=g","caption":"Direcci\u00f3n Estatal de Deportes CETYS Universidad"},"url":"https:\/\/www.cetys.mx\/gozorros\/author\/webmaster-deportes\/"}]}},"_links":{"self":[{"href":"https:\/\/www.cetys.mx\/gozorros\/wp-json\/wp\/v2\/posts\/13227","targetHints":{"allow":["GET"]}}],"collection":[{"href":"https:\/\/www.cetys.mx\/gozorros\/wp-json\/wp\/v2\/posts"}],"about":[{"href":"https:\/\/www.cetys.mx\/gozorros\/wp-json\/wp\/v2\/types\/post"}],"author":[{"embeddable":true,"href":"https:\/\/www.cetys.mx\/gozorros\/wp-json\/wp\/v2\/users\/5"}],"replies":[{"embeddable":true,"href":"https:\/\/www.cetys.mx\/gozorros\/wp-json\/wp\/v2\/comments?post=13227"}],"version-history":[{"count":3,"href":"https:\/\/www.cetys.mx\/gozorros\/wp-json\/wp\/v2\/posts\/13227\/revisions"}],"predecessor-version":[{"id":13241,"href":"https:\/\/www.cetys.mx\/gozorros\/wp-json\/wp\/v2\/posts\/13227\/revisions\/13241"}],"wp:featuredmedia":[{"embeddable":true,"href":"https:\/\/www.cetys.mx\/gozorros\/wp-json\/wp\/v2\/media\/13230"}],"wp:attachment":[{"href":"https:\/\/www.cetys.mx\/gozorros\/wp-json\/wp\/v2\/media?parent=13227"}],"wp:term":[{"taxonomy":"category","embeddable":true,"href":"https:\/\/www.cetys.mx\/gozorros\/wp-json\/wp\/v2\/categories?post=13227"},{"taxonomy":"post_tag","embeddable":true,"href":"https:\/\/www.cetys.mx\/gozorros\/wp-json\/wp\/v2\/tags?post=13227"}],"curies":[{"name":"wp","href":"https:\/\/api.w.org\/{rel}","templated":true}]}}