{"id":13104,"date":"2024-07-30T14:06:47","date_gmt":"2024-07-30T20:06:47","guid":{"rendered":"https:\/\/www.cetys.mx\/gozorros\/?p=13104"},"modified":"2024-07-30T14:06:47","modified_gmt":"2024-07-30T20:06:47","slug":"entrenadores-deportivos-de-cetys-reciben-capacitacion-durante-encuentro-estatal","status":"publish","type":"post","link":"https:\/\/www.cetys.mx\/gozorros\/2024\/07\/30\/entrenadores-deportivos-de-cetys-reciben-capacitacion-durante-encuentro-estatal\/","title":{"rendered":"Entrenadores deportivos de CETYS reciben capacitaci\u00f3n durante encuentro estatal"},"content":{"rendered":"<p style=\"text-align: center;\"><strong><em>Al evento acudieron 46 entrenadores de los 3 campus e invitados especiales que fungieron como expositores y personal administrativo para aprender sobre el manejo de emociones y la planificaci\u00f3n del entrenamiento deportivo.<\/em><\/strong><\/p>\n<p><span style=\"font-weight: 400;\">Con el objetivo de brindar capacitaci\u00f3n a los entrenadores deportivos y actualizaci\u00f3n sobre el manejo de emociones y la planificaci\u00f3n del entrenamiento deportivo, se realiz\u00f3 la Reuni\u00f3n Estatal de Deportes en las instalaciones de CETYS Universidad Campus Internacional Ensenada.<\/span><\/p>\n<p><span style=\"font-weight: 400;\">\u201cEstamos muy honrados de contar con la presencia de cada uno de ustedes, reconocemos la labor y la trascendencia que tienen la vida de los estudiantes como deportistas, eso es algo que deja mucho en la vida de los muchachos\u201d, coment\u00f3 durante la inauguraci\u00f3n el Dr. Francisco V\u00e9lez, director del Campus Internacional Ensenada.<\/span><\/p>\n<p><span style=\"font-weight: 400;\">Por su parte, el\u00a0 Mtro. Luis Batista, responsable de Asuntos Estudiantiles agradeci\u00f3 la asistencia de los entrenadores. \u201cPara nosotros es importante que vengan aqu\u00ed, porque el hecho de que est\u00e9n los entrenadores de los tres campus, nos sirve para conocernos y hacer equipo \u201d.<\/span><\/p>\n<p><span style=\"font-weight: 400;\">En lo referente a la tem\u00e1tica, explic\u00f3 durante la inauguraci\u00f3n la Mtra Jessica Ibarra Ramonet, Vicerrectora de Desarrollo y Experiencia Estudiantil, en esta edici\u00f3n se expusieron temas muy importantes relacionados con la salud mental. \u201cTuvimos dos expositores para los temas Manejo de Emociones y Grupos Despu\u00e9s de Temporada de Competencia, as\u00ed como sesiones pr\u00e1cticas y te\u00f3ricas de Planeaci\u00f3n Deportiva\u201d.\u00a0<\/span><\/p>\n<p><img loading=\"lazy\" decoding=\"async\" class=\" wp-image-13106 aligncenter\" src=\"https:\/\/www.cetys.mx\/gozorros\/wp-content\/uploads\/2024\/07\/Mtra-Jessica-Ibarra-Ramonet-agradecio-la-asistencia-de-los-entrenadores.jpg\" alt=\"\" width=\"558\" height=\"371\" srcset=\"https:\/\/www.cetys.mx\/gozorros\/wp-content\/uploads\/2024\/07\/Mtra-Jessica-Ibarra-Ramonet-agradecio-la-asistencia-de-los-entrenadores.jpg 958w, https:\/\/www.cetys.mx\/gozorros\/wp-content\/uploads\/2024\/07\/Mtra-Jessica-Ibarra-Ramonet-agradecio-la-asistencia-de-los-entrenadores-300x200.jpg 300w, https:\/\/www.cetys.mx\/gozorros\/wp-content\/uploads\/2024\/07\/Mtra-Jessica-Ibarra-Ramonet-agradecio-la-asistencia-de-los-entrenadores-768x511.jpg 768w, https:\/\/www.cetys.mx\/gozorros\/wp-content\/uploads\/2024\/07\/Mtra-Jessica-Ibarra-Ramonet-agradecio-la-asistencia-de-los-entrenadores-320x213.jpg 320w, https:\/\/www.cetys.mx\/gozorros\/wp-content\/uploads\/2024\/07\/Mtra-Jessica-Ibarra-Ramonet-agradecio-la-asistencia-de-los-entrenadores-480x319.jpg 480w, https:\/\/www.cetys.mx\/gozorros\/wp-content\/uploads\/2024\/07\/Mtra-Jessica-Ibarra-Ramonet-agradecio-la-asistencia-de-los-entrenadores-800x532.jpg 800w\" sizes=\"auto, (max-width: 558px) 100vw, 558px\" \/><\/p>\n<p><b>Importancia de reconocer los estados emocionales en los grupos deportivos\u00a0<\/b><\/p>\n<p><span style=\"font-weight: 400;\">Al evento acudieron 46 entrenadores de los 3 campus e invitados especiales que fungieron como expositores, as\u00ed como personal administrativo y los Coordinadores Deportivos de cada Campus.\u00a0<\/span><\/p>\n<p><span style=\"font-weight: 400;\">En la primera conferencia, Manejo de Emociones y Grupos Despu\u00e9s de Temporada de Competencia, a cargo del psic\u00f3logo Adam Flores, se explic\u00f3 la importancia de identificar emociones, debido a su impacto en los deportistas, al clima deportivo en general y a su influencia en los resultados y la salud mental de los atletas.<\/span><\/p>\n<p><img loading=\"lazy\" decoding=\"async\" class=\" wp-image-13107 aligncenter\" src=\"https:\/\/www.cetys.mx\/gozorros\/wp-content\/uploads\/2024\/07\/Psic.-Adam-Flores-hablo-respecto-al-manejo-de-las-emociones.jpg\" alt=\"\" width=\"544\" height=\"362\" srcset=\"https:\/\/www.cetys.mx\/gozorros\/wp-content\/uploads\/2024\/07\/Psic.-Adam-Flores-hablo-respecto-al-manejo-de-las-emociones.jpg 958w, https:\/\/www.cetys.mx\/gozorros\/wp-content\/uploads\/2024\/07\/Psic.-Adam-Flores-hablo-respecto-al-manejo-de-las-emociones-300x200.jpg 300w, https:\/\/www.cetys.mx\/gozorros\/wp-content\/uploads\/2024\/07\/Psic.-Adam-Flores-hablo-respecto-al-manejo-de-las-emociones-768x511.jpg 768w, https:\/\/www.cetys.mx\/gozorros\/wp-content\/uploads\/2024\/07\/Psic.-Adam-Flores-hablo-respecto-al-manejo-de-las-emociones-320x213.jpg 320w, https:\/\/www.cetys.mx\/gozorros\/wp-content\/uploads\/2024\/07\/Psic.-Adam-Flores-hablo-respecto-al-manejo-de-las-emociones-480x319.jpg 480w, https:\/\/www.cetys.mx\/gozorros\/wp-content\/uploads\/2024\/07\/Psic.-Adam-Flores-hablo-respecto-al-manejo-de-las-emociones-800x532.jpg 800w\" sizes=\"auto, (max-width: 544px) 100vw, 544px\" \/><\/p>\n<p><span style=\"font-weight: 400;\">\u201cLas emociones del entrenador se transmiten a los deportistas y afectan su motivaci\u00f3n, confianza y rendimiento\u201d, puntualiz\u00f3 el psic\u00f3logo, por lo que invit\u00f3 a los asistentes a implementar t\u00e9cnicas de inteligencia emocional, relajaci\u00f3n, reestructuraci\u00f3n cognitiva y comunicaci\u00f3n asertiva para lograr un buen desempe\u00f1o deportivo y buena cohesi\u00f3n en los equipos. Posterior a esto, el Mtro. Carlos Borb\u00f3n ofreci\u00f3 una sesi\u00f3n te\u00f3rica y pr\u00e1ctica respecto a la planeaci\u00f3n t\u00e9cnica deportiva.<\/span><\/p>\n<p><img loading=\"lazy\" decoding=\"async\" class=\" wp-image-13108 aligncenter\" src=\"https:\/\/www.cetys.mx\/gozorros\/wp-content\/uploads\/2024\/07\/Reunion-Estatal-de-Deportes-en-CETYS-Universidad-Campus-Internacional-Ensenada.jpg\" alt=\"\" width=\"546\" height=\"363\" srcset=\"https:\/\/www.cetys.mx\/gozorros\/wp-content\/uploads\/2024\/07\/Reunion-Estatal-de-Deportes-en-CETYS-Universidad-Campus-Internacional-Ensenada.jpg 958w, https:\/\/www.cetys.mx\/gozorros\/wp-content\/uploads\/2024\/07\/Reunion-Estatal-de-Deportes-en-CETYS-Universidad-Campus-Internacional-Ensenada-300x200.jpg 300w, https:\/\/www.cetys.mx\/gozorros\/wp-content\/uploads\/2024\/07\/Reunion-Estatal-de-Deportes-en-CETYS-Universidad-Campus-Internacional-Ensenada-768x511.jpg 768w, https:\/\/www.cetys.mx\/gozorros\/wp-content\/uploads\/2024\/07\/Reunion-Estatal-de-Deportes-en-CETYS-Universidad-Campus-Internacional-Ensenada-320x213.jpg 320w, https:\/\/www.cetys.mx\/gozorros\/wp-content\/uploads\/2024\/07\/Reunion-Estatal-de-Deportes-en-CETYS-Universidad-Campus-Internacional-Ensenada-480x319.jpg 480w, https:\/\/www.cetys.mx\/gozorros\/wp-content\/uploads\/2024\/07\/Reunion-Estatal-de-Deportes-en-CETYS-Universidad-Campus-Internacional-Ensenada-800x532.jpg 800w\" sizes=\"auto, (max-width: 546px) 100vw, 546px\" \/><\/p>\n","protected":false},"excerpt":{"rendered":"<p>Al evento acudieron 46 entrenadores de los 3 campus e invitados especiales que fungieron como expositores y personal administrativo para aprender sobre el manejo de emociones y la planificaci\u00f3n del [&hellip;]<\/p>\n","protected":false},"author":5,"featured_media":13105,"comment_status":"open","ping_status":"open","sticky":false,"template":"","format":"standard","meta":{"footnotes":""},"categories":[119,120],"tags":[],"class_list":["post-13104","post","type-post","status-publish","format-standard","has-post-thumbnail","hentry","category-deportes","category-portada"],"yoast_head":"<!-- This site is optimized with the Yoast SEO plugin v27.4 - https:\/\/yoast.com\/product\/yoast-seo-wordpress\/ -->\n<title>Entrenadores deportivos de CETYS reciben capacitaci\u00f3n durante encuentro estatal - CETYS Deportes<\/title>\n<meta name=\"robots\" content=\"index, follow, max-snippet:-1, max-image-preview:large, max-video-preview:-1\" \/>\n<link rel=\"canonical\" href=\"https:\/\/www.cetys.mx\/gozorros\/2024\/07\/30\/entrenadores-deportivos-de-cetys-reciben-capacitacion-durante-encuentro-estatal\/\" \/>\n<meta property=\"og:locale\" content=\"es_MX\" \/>\n<meta property=\"og:type\" content=\"article\" \/>\n<meta property=\"og:title\" content=\"Entrenadores deportivos de CETYS reciben capacitaci\u00f3n durante encuentro estatal - CETYS Deportes\" \/>\n<meta property=\"og:description\" content=\"Al evento acudieron 46 entrenadores de los 3 campus e invitados especiales que fungieron como expositores y personal administrativo para aprender sobre el manejo de emociones y la planificaci\u00f3n del [&hellip;]\" \/>\n<meta property=\"og:url\" content=\"https:\/\/www.cetys.mx\/gozorros\/2024\/07\/30\/entrenadores-deportivos-de-cetys-reciben-capacitacion-durante-encuentro-estatal\/\" \/>\n<meta property=\"og:site_name\" content=\"CETYS Deportes\" \/>\n<meta property=\"article:published_time\" content=\"2024-07-30T20:06:47+00:00\" \/>\n<meta property=\"og:image\" content=\"https:\/\/www.cetys.mx\/gozorros\/wp-content\/uploads\/2024\/07\/Entrenadores-de-los-tres-campus-de-CETYS-Universidad-acudieron-a-la-capacitacion.jpg\" \/>\n\t<meta property=\"og:image:width\" content=\"958\" \/>\n\t<meta property=\"og:image:height\" content=\"637\" \/>\n\t<meta property=\"og:image:type\" content=\"image\/jpeg\" \/>\n<meta name=\"author\" content=\"Direcci\u00f3n Estatal de Deportes CETYS Universidad\" \/>\n<meta name=\"twitter:card\" content=\"summary_large_image\" \/>\n<meta name=\"twitter:label1\" content=\"Escrito por\" \/>\n\t<meta name=\"twitter:data1\" content=\"Direcci\u00f3n Estatal de Deportes CETYS Universidad\" \/>\n\t<meta name=\"twitter:label2\" content=\"Tiempo de lectura\" \/>\n\t<meta name=\"twitter:data2\" content=\"3 minutos\" \/>\n<script type=\"application\/ld+json\" class=\"yoast-schema-graph\">{\"@context\":\"https:\\\/\\\/schema.org\",\"@graph\":[{\"@type\":\"Article\",\"@id\":\"https:\\\/\\\/www.cetys.mx\\\/gozorros\\\/2024\\\/07\\\/30\\\/entrenadores-deportivos-de-cetys-reciben-capacitacion-durante-encuentro-estatal\\\/#article\",\"isPartOf\":{\"@id\":\"https:\\\/\\\/www.cetys.mx\\\/gozorros\\\/2024\\\/07\\\/30\\\/entrenadores-deportivos-de-cetys-reciben-capacitacion-durante-encuentro-estatal\\\/\"},\"author\":{\"name\":\"Direcci\u00f3n Estatal de Deportes CETYS Universidad\",\"@id\":\"https:\\\/\\\/www.cetys.mx\\\/gozorros\\\/#\\\/schema\\\/person\\\/0fbb38fb2de1b59ec112d8eb63d1cb12\"},\"headline\":\"Entrenadores deportivos de CETYS reciben capacitaci\u00f3n durante encuentro estatal\",\"datePublished\":\"2024-07-30T20:06:47+00:00\",\"mainEntityOfPage\":{\"@id\":\"https:\\\/\\\/www.cetys.mx\\\/gozorros\\\/2024\\\/07\\\/30\\\/entrenadores-deportivos-de-cetys-reciben-capacitacion-durante-encuentro-estatal\\\/\"},\"wordCount\":422,\"commentCount\":0,\"image\":{\"@id\":\"https:\\\/\\\/www.cetys.mx\\\/gozorros\\\/2024\\\/07\\\/30\\\/entrenadores-deportivos-de-cetys-reciben-capacitacion-durante-encuentro-estatal\\\/#primaryimage\"},\"thumbnailUrl\":\"https:\\\/\\\/www.cetys.mx\\\/gozorros\\\/wp-content\\\/uploads\\\/2024\\\/07\\\/Entrenadores-de-los-tres-campus-de-CETYS-Universidad-acudieron-a-la-capacitacion.jpg\",\"articleSection\":[\"Deportes\",\"Portada\"],\"inLanguage\":\"es\",\"potentialAction\":[{\"@type\":\"CommentAction\",\"name\":\"Comment\",\"target\":[\"https:\\\/\\\/www.cetys.mx\\\/gozorros\\\/2024\\\/07\\\/30\\\/entrenadores-deportivos-de-cetys-reciben-capacitacion-durante-encuentro-estatal\\\/#respond\"]}]},{\"@type\":\"WebPage\",\"@id\":\"https:\\\/\\\/www.cetys.mx\\\/gozorros\\\/2024\\\/07\\\/30\\\/entrenadores-deportivos-de-cetys-reciben-capacitacion-durante-encuentro-estatal\\\/\",\"url\":\"https:\\\/\\\/www.cetys.mx\\\/gozorros\\\/2024\\\/07\\\/30\\\/entrenadores-deportivos-de-cetys-reciben-capacitacion-durante-encuentro-estatal\\\/\",\"name\":\"Entrenadores deportivos de CETYS reciben capacitaci\u00f3n durante encuentro estatal - CETYS Deportes\",\"isPartOf\":{\"@id\":\"https:\\\/\\\/www.cetys.mx\\\/gozorros\\\/#website\"},\"primaryImageOfPage\":{\"@id\":\"https:\\\/\\\/www.cetys.mx\\\/gozorros\\\/2024\\\/07\\\/30\\\/entrenadores-deportivos-de-cetys-reciben-capacitacion-durante-encuentro-estatal\\\/#primaryimage\"},\"image\":{\"@id\":\"https:\\\/\\\/www.cetys.mx\\\/gozorros\\\/2024\\\/07\\\/30\\\/entrenadores-deportivos-de-cetys-reciben-capacitacion-durante-encuentro-estatal\\\/#primaryimage\"},\"thumbnailUrl\":\"https:\\\/\\\/www.cetys.mx\\\/gozorros\\\/wp-content\\\/uploads\\\/2024\\\/07\\\/Entrenadores-de-los-tres-campus-de-CETYS-Universidad-acudieron-a-la-capacitacion.jpg\",\"datePublished\":\"2024-07-30T20:06:47+00:00\",\"author\":{\"@id\":\"https:\\\/\\\/www.cetys.mx\\\/gozorros\\\/#\\\/schema\\\/person\\\/0fbb38fb2de1b59ec112d8eb63d1cb12\"},\"breadcrumb\":{\"@id\":\"https:\\\/\\\/www.cetys.mx\\\/gozorros\\\/2024\\\/07\\\/30\\\/entrenadores-deportivos-de-cetys-reciben-capacitacion-durante-encuentro-estatal\\\/#breadcrumb\"},\"inLanguage\":\"es\",\"potentialAction\":[{\"@type\":\"ReadAction\",\"target\":[\"https:\\\/\\\/www.cetys.mx\\\/gozorros\\\/2024\\\/07\\\/30\\\/entrenadores-deportivos-de-cetys-reciben-capacitacion-durante-encuentro-estatal\\\/\"]}]},{\"@type\":\"ImageObject\",\"inLanguage\":\"es\",\"@id\":\"https:\\\/\\\/www.cetys.mx\\\/gozorros\\\/2024\\\/07\\\/30\\\/entrenadores-deportivos-de-cetys-reciben-capacitacion-durante-encuentro-estatal\\\/#primaryimage\",\"url\":\"https:\\\/\\\/www.cetys.mx\\\/gozorros\\\/wp-content\\\/uploads\\\/2024\\\/07\\\/Entrenadores-de-los-tres-campus-de-CETYS-Universidad-acudieron-a-la-capacitacion.jpg\",\"contentUrl\":\"https:\\\/\\\/www.cetys.mx\\\/gozorros\\\/wp-content\\\/uploads\\\/2024\\\/07\\\/Entrenadores-de-los-tres-campus-de-CETYS-Universidad-acudieron-a-la-capacitacion.jpg\",\"width\":958,\"height\":637},{\"@type\":\"BreadcrumbList\",\"@id\":\"https:\\\/\\\/www.cetys.mx\\\/gozorros\\\/2024\\\/07\\\/30\\\/entrenadores-deportivos-de-cetys-reciben-capacitacion-durante-encuentro-estatal\\\/#breadcrumb\",\"itemListElement\":[{\"@type\":\"ListItem\",\"position\":1,\"name\":\"Inicio\",\"item\":\"https:\\\/\\\/www.cetys.mx\\\/gozorros\\\/\"},{\"@type\":\"ListItem\",\"position\":2,\"name\":\"Entrenadores deportivos de CETYS reciben capacitaci\u00f3n durante encuentro estatal\"}]},{\"@type\":\"WebSite\",\"@id\":\"https:\\\/\\\/www.cetys.mx\\\/gozorros\\\/#website\",\"url\":\"https:\\\/\\\/www.cetys.mx\\\/gozorros\\\/\",\"name\":\"CETYS Deportes\",\"description\":\"\",\"potentialAction\":[{\"@type\":\"SearchAction\",\"target\":{\"@type\":\"EntryPoint\",\"urlTemplate\":\"https:\\\/\\\/www.cetys.mx\\\/gozorros\\\/?s={search_term_string}\"},\"query-input\":{\"@type\":\"PropertyValueSpecification\",\"valueRequired\":true,\"valueName\":\"search_term_string\"}}],\"inLanguage\":\"es\"},{\"@type\":\"Person\",\"@id\":\"https:\\\/\\\/www.cetys.mx\\\/gozorros\\\/#\\\/schema\\\/person\\\/0fbb38fb2de1b59ec112d8eb63d1cb12\",\"name\":\"Direcci\u00f3n Estatal de Deportes CETYS Universidad\",\"image\":{\"@type\":\"ImageObject\",\"inLanguage\":\"es\",\"@id\":\"https:\\\/\\\/secure.gravatar.com\\\/avatar\\\/7295e7c83b400ef2918cb73e91ab557a3db51c56861709b99942e60df8d2630e?s=96&d=mm&r=g\",\"url\":\"https:\\\/\\\/secure.gravatar.com\\\/avatar\\\/7295e7c83b400ef2918cb73e91ab557a3db51c56861709b99942e60df8d2630e?s=96&d=mm&r=g\",\"contentUrl\":\"https:\\\/\\\/secure.gravatar.com\\\/avatar\\\/7295e7c83b400ef2918cb73e91ab557a3db51c56861709b99942e60df8d2630e?s=96&d=mm&r=g\",\"caption\":\"Direcci\u00f3n Estatal de Deportes CETYS Universidad\"},\"url\":\"https:\\\/\\\/www.cetys.mx\\\/gozorros\\\/author\\\/webmaster-deportes\\\/\"}]}<\/script>\n<!-- \/ Yoast SEO plugin. -->","yoast_head_json":{"title":"Entrenadores deportivos de CETYS reciben capacitaci\u00f3n durante encuentro estatal - CETYS Deportes","robots":{"index":"index","follow":"follow","max-snippet":"max-snippet:-1","max-image-preview":"max-image-preview:large","max-video-preview":"max-video-preview:-1"},"canonical":"https:\/\/www.cetys.mx\/gozorros\/2024\/07\/30\/entrenadores-deportivos-de-cetys-reciben-capacitacion-durante-encuentro-estatal\/","og_locale":"es_MX","og_type":"article","og_title":"Entrenadores deportivos de CETYS reciben capacitaci\u00f3n durante encuentro estatal - CETYS Deportes","og_description":"Al evento acudieron 46 entrenadores de los 3 campus e invitados especiales que fungieron como expositores y personal administrativo para aprender sobre el manejo de emociones y la planificaci\u00f3n del [&hellip;]","og_url":"https:\/\/www.cetys.mx\/gozorros\/2024\/07\/30\/entrenadores-deportivos-de-cetys-reciben-capacitacion-durante-encuentro-estatal\/","og_site_name":"CETYS Deportes","article_published_time":"2024-07-30T20:06:47+00:00","og_image":[{"width":958,"height":637,"url":"https:\/\/www.cetys.mx\/gozorros\/wp-content\/uploads\/2024\/07\/Entrenadores-de-los-tres-campus-de-CETYS-Universidad-acudieron-a-la-capacitacion.jpg","type":"image\/jpeg"}],"author":"Direcci\u00f3n Estatal de Deportes CETYS Universidad","twitter_card":"summary_large_image","twitter_misc":{"Escrito por":"Direcci\u00f3n Estatal de Deportes CETYS Universidad","Tiempo de lectura":"3 minutos"},"schema":{"@context":"https:\/\/schema.org","@graph":[{"@type":"Article","@id":"https:\/\/www.cetys.mx\/gozorros\/2024\/07\/30\/entrenadores-deportivos-de-cetys-reciben-capacitacion-durante-encuentro-estatal\/#article","isPartOf":{"@id":"https:\/\/www.cetys.mx\/gozorros\/2024\/07\/30\/entrenadores-deportivos-de-cetys-reciben-capacitacion-durante-encuentro-estatal\/"},"author":{"name":"Direcci\u00f3n Estatal de Deportes CETYS Universidad","@id":"https:\/\/www.cetys.mx\/gozorros\/#\/schema\/person\/0fbb38fb2de1b59ec112d8eb63d1cb12"},"headline":"Entrenadores deportivos de CETYS reciben capacitaci\u00f3n durante encuentro estatal","datePublished":"2024-07-30T20:06:47+00:00","mainEntityOfPage":{"@id":"https:\/\/www.cetys.mx\/gozorros\/2024\/07\/30\/entrenadores-deportivos-de-cetys-reciben-capacitacion-durante-encuentro-estatal\/"},"wordCount":422,"commentCount":0,"image":{"@id":"https:\/\/www.cetys.mx\/gozorros\/2024\/07\/30\/entrenadores-deportivos-de-cetys-reciben-capacitacion-durante-encuentro-estatal\/#primaryimage"},"thumbnailUrl":"https:\/\/www.cetys.mx\/gozorros\/wp-content\/uploads\/2024\/07\/Entrenadores-de-los-tres-campus-de-CETYS-Universidad-acudieron-a-la-capacitacion.jpg","articleSection":["Deportes","Portada"],"inLanguage":"es","potentialAction":[{"@type":"CommentAction","name":"Comment","target":["https:\/\/www.cetys.mx\/gozorros\/2024\/07\/30\/entrenadores-deportivos-de-cetys-reciben-capacitacion-durante-encuentro-estatal\/#respond"]}]},{"@type":"WebPage","@id":"https:\/\/www.cetys.mx\/gozorros\/2024\/07\/30\/entrenadores-deportivos-de-cetys-reciben-capacitacion-durante-encuentro-estatal\/","url":"https:\/\/www.cetys.mx\/gozorros\/2024\/07\/30\/entrenadores-deportivos-de-cetys-reciben-capacitacion-durante-encuentro-estatal\/","name":"Entrenadores deportivos de CETYS reciben capacitaci\u00f3n durante encuentro estatal - CETYS Deportes","isPartOf":{"@id":"https:\/\/www.cetys.mx\/gozorros\/#website"},"primaryImageOfPage":{"@id":"https:\/\/www.cetys.mx\/gozorros\/2024\/07\/30\/entrenadores-deportivos-de-cetys-reciben-capacitacion-durante-encuentro-estatal\/#primaryimage"},"image":{"@id":"https:\/\/www.cetys.mx\/gozorros\/2024\/07\/30\/entrenadores-deportivos-de-cetys-reciben-capacitacion-durante-encuentro-estatal\/#primaryimage"},"thumbnailUrl":"https:\/\/www.cetys.mx\/gozorros\/wp-content\/uploads\/2024\/07\/Entrenadores-de-los-tres-campus-de-CETYS-Universidad-acudieron-a-la-capacitacion.jpg","datePublished":"2024-07-30T20:06:47+00:00","author":{"@id":"https:\/\/www.cetys.mx\/gozorros\/#\/schema\/person\/0fbb38fb2de1b59ec112d8eb63d1cb12"},"breadcrumb":{"@id":"https:\/\/www.cetys.mx\/gozorros\/2024\/07\/30\/entrenadores-deportivos-de-cetys-reciben-capacitacion-durante-encuentro-estatal\/#breadcrumb"},"inLanguage":"es","potentialAction":[{"@type":"ReadAction","target":["https:\/\/www.cetys.mx\/gozorros\/2024\/07\/30\/entrenadores-deportivos-de-cetys-reciben-capacitacion-durante-encuentro-estatal\/"]}]},{"@type":"ImageObject","inLanguage":"es","@id":"https:\/\/www.cetys.mx\/gozorros\/2024\/07\/30\/entrenadores-deportivos-de-cetys-reciben-capacitacion-durante-encuentro-estatal\/#primaryimage","url":"https:\/\/www.cetys.mx\/gozorros\/wp-content\/uploads\/2024\/07\/Entrenadores-de-los-tres-campus-de-CETYS-Universidad-acudieron-a-la-capacitacion.jpg","contentUrl":"https:\/\/www.cetys.mx\/gozorros\/wp-content\/uploads\/2024\/07\/Entrenadores-de-los-tres-campus-de-CETYS-Universidad-acudieron-a-la-capacitacion.jpg","width":958,"height":637},{"@type":"BreadcrumbList","@id":"https:\/\/www.cetys.mx\/gozorros\/2024\/07\/30\/entrenadores-deportivos-de-cetys-reciben-capacitacion-durante-encuentro-estatal\/#breadcrumb","itemListElement":[{"@type":"ListItem","position":1,"name":"Inicio","item":"https:\/\/www.cetys.mx\/gozorros\/"},{"@type":"ListItem","position":2,"name":"Entrenadores deportivos de CETYS reciben capacitaci\u00f3n durante encuentro estatal"}]},{"@type":"WebSite","@id":"https:\/\/www.cetys.mx\/gozorros\/#website","url":"https:\/\/www.cetys.mx\/gozorros\/","name":"CETYS Deportes","description":"","potentialAction":[{"@type":"SearchAction","target":{"@type":"EntryPoint","urlTemplate":"https:\/\/www.cetys.mx\/gozorros\/?s={search_term_string}"},"query-input":{"@type":"PropertyValueSpecification","valueRequired":true,"valueName":"search_term_string"}}],"inLanguage":"es"},{"@type":"Person","@id":"https:\/\/www.cetys.mx\/gozorros\/#\/schema\/person\/0fbb38fb2de1b59ec112d8eb63d1cb12","name":"Direcci\u00f3n Estatal de Deportes CETYS Universidad","image":{"@type":"ImageObject","inLanguage":"es","@id":"https:\/\/secure.gravatar.com\/avatar\/7295e7c83b400ef2918cb73e91ab557a3db51c56861709b99942e60df8d2630e?s=96&d=mm&r=g","url":"https:\/\/secure.gravatar.com\/avatar\/7295e7c83b400ef2918cb73e91ab557a3db51c56861709b99942e60df8d2630e?s=96&d=mm&r=g","contentUrl":"https:\/\/secure.gravatar.com\/avatar\/7295e7c83b400ef2918cb73e91ab557a3db51c56861709b99942e60df8d2630e?s=96&d=mm&r=g","caption":"Direcci\u00f3n Estatal de Deportes CETYS Universidad"},"url":"https:\/\/www.cetys.mx\/gozorros\/author\/webmaster-deportes\/"}]}},"_links":{"self":[{"href":"https:\/\/www.cetys.mx\/gozorros\/wp-json\/wp\/v2\/posts\/13104","targetHints":{"allow":["GET"]}}],"collection":[{"href":"https:\/\/www.cetys.mx\/gozorros\/wp-json\/wp\/v2\/posts"}],"about":[{"href":"https:\/\/www.cetys.mx\/gozorros\/wp-json\/wp\/v2\/types\/post"}],"author":[{"embeddable":true,"href":"https:\/\/www.cetys.mx\/gozorros\/wp-json\/wp\/v2\/users\/5"}],"replies":[{"embeddable":true,"href":"https:\/\/www.cetys.mx\/gozorros\/wp-json\/wp\/v2\/comments?post=13104"}],"version-history":[{"count":1,"href":"https:\/\/www.cetys.mx\/gozorros\/wp-json\/wp\/v2\/posts\/13104\/revisions"}],"predecessor-version":[{"id":13109,"href":"https:\/\/www.cetys.mx\/gozorros\/wp-json\/wp\/v2\/posts\/13104\/revisions\/13109"}],"wp:featuredmedia":[{"embeddable":true,"href":"https:\/\/www.cetys.mx\/gozorros\/wp-json\/wp\/v2\/media\/13105"}],"wp:attachment":[{"href":"https:\/\/www.cetys.mx\/gozorros\/wp-json\/wp\/v2\/media?parent=13104"}],"wp:term":[{"taxonomy":"category","embeddable":true,"href":"https:\/\/www.cetys.mx\/gozorros\/wp-json\/wp\/v2\/categories?post=13104"},{"taxonomy":"post_tag","embeddable":true,"href":"https:\/\/www.cetys.mx\/gozorros\/wp-json\/wp\/v2\/tags?post=13104"}],"curies":[{"name":"wp","href":"https:\/\/api.w.org\/{rel}","templated":true}]}}