{"id":12496,"date":"2024-02-02T14:07:30","date_gmt":"2024-02-02T20:07:30","guid":{"rendered":"https:\/\/www.cetys.mx\/gozorros\/?p=12496"},"modified":"2024-02-02T14:07:30","modified_gmt":"2024-02-02T20:07:30","slug":"cesar-alcantar-llega-al-equipo-profesional-de-softbol-femenil-de-veracruz","status":"publish","type":"post","link":"https:\/\/www.cetys.mx\/gozorros\/2024\/02\/02\/cesar-alcantar-llega-al-equipo-profesional-de-softbol-femenil-de-veracruz\/","title":{"rendered":"C\u00e9sar Alc\u00e1ntar llega al equipo profesional de s\u00f3ftbol femenil de Veracruz"},"content":{"rendered":"<p style=\"text-align: center;\"><strong><em>El entrenador de CETYS Universidad fue llamado a El \u00c1guila de Veracruz de la Liga Mexicana de S\u00f3ftbol<\/em><\/strong><\/p>\n<p><span style=\"font-weight: 400;\">El entrenador del equipo de s\u00f3ftbol femenil de Zorros de CETYS Universidad, C\u00e9sar Alc\u00e1ntar Ch\u00e1vez, se une como Coach en el equipo profesional de s\u00f3ftbol El \u00c1guila de Veracruz en esta hist\u00f3rica primera temporada de la Liga Mexicana de S\u00f3ftbol.<\/span><\/p>\n<p><span style=\"font-weight: 400;\">Como parte de su crecimiento profesional y demostrando la calidad y experiencia de los entrenadores de CETYS Universidad, Alc\u00e1ntar acept\u00f3 la invitaci\u00f3n del equipo veracruzano, llegando al puerto mexicano la ma\u00f1ana del jueves 2 de febrero y ganando el primer juego en casa para Veracruz, ese mismo d\u00eda contra Olmecas de Tabasco en el estadio Beto \u00c1vila.<\/span><\/p>\n<p><span style=\"font-weight: 400;\">Alc\u00e1ntar es Licenciado en Actividad F\u00edsica y Deporte y entre sus logros como entrenador de Baja California es contar con 6 t\u00edtulos nacionales: En Olimpiada Nacional 2016, en el Campeonato Nacional Sub 22 y Olimpiada Nacional en 2017, Campeonato Nacional Sub 25 2018, Campeonato Nacional Sub 22 y Olimpiada Nacional 2019.<\/span><\/p>\n<p><span style=\"font-weight: 400;\">Con 7 a\u00f1os en la familia CETYS, Alc\u00e1ntar ha consolidado al equipo de s\u00f3ftbol femenil con el apoyo de los entrenadores Fabiola Rodr\u00edguez y Erik Carrillo (que ahora dirige los equipos de b\u00e9isbol), logrando el primer lugar en las Copas CETYS de 2019 y 2021, Copa Mazatl\u00e1n 2019, Copa Unison 2020, Estatal Universitario CONDDE 2023 y Copa Zorros 2023.<\/span><\/p>\n<p><span style=\"font-weight: 400;\">El entrenador cachanilla estar\u00e1 en tierras jarochas hasta marzo y regresar\u00e1 a Mexicali para seguir dirigiendo al equipo de estudiantes atletas de CETYS Universidad.\u00a0<\/span><\/p>\n<p><img loading=\"lazy\" decoding=\"async\" class=\" wp-image-12497 aligncenter\" src=\"https:\/\/www.cetys.mx\/gozorros\/wp-content\/uploads\/2024\/02\/Cortesia_El_Aguila_de_Veracruz-scaled.jpg\" alt=\"\" width=\"536\" height=\"358\" srcset=\"https:\/\/www.cetys.mx\/gozorros\/wp-content\/uploads\/2024\/02\/Cortesia_El_Aguila_de_Veracruz-scaled.jpg 2560w, https:\/\/www.cetys.mx\/gozorros\/wp-content\/uploads\/2024\/02\/Cortesia_El_Aguila_de_Veracruz-300x200.jpg 300w, https:\/\/www.cetys.mx\/gozorros\/wp-content\/uploads\/2024\/02\/Cortesia_El_Aguila_de_Veracruz-1024x684.jpg 1024w, https:\/\/www.cetys.mx\/gozorros\/wp-content\/uploads\/2024\/02\/Cortesia_El_Aguila_de_Veracruz-768x513.jpg 768w, https:\/\/www.cetys.mx\/gozorros\/wp-content\/uploads\/2024\/02\/Cortesia_El_Aguila_de_Veracruz-1536x1025.jpg 1536w, https:\/\/www.cetys.mx\/gozorros\/wp-content\/uploads\/2024\/02\/Cortesia_El_Aguila_de_Veracruz-2048x1367.jpg 2048w, https:\/\/www.cetys.mx\/gozorros\/wp-content\/uploads\/2024\/02\/Cortesia_El_Aguila_de_Veracruz-320x214.jpg 320w, https:\/\/www.cetys.mx\/gozorros\/wp-content\/uploads\/2024\/02\/Cortesia_El_Aguila_de_Veracruz-480x320.jpg 480w, https:\/\/www.cetys.mx\/gozorros\/wp-content\/uploads\/2024\/02\/Cortesia_El_Aguila_de_Veracruz-800x534.jpg 800w\" sizes=\"auto, (max-width: 536px) 100vw, 536px\" \/><\/p>\n","protected":false},"excerpt":{"rendered":"<p>El entrenador de CETYS Universidad fue llamado a El \u00c1guila de Veracruz de la Liga Mexicana de S\u00f3ftbol El entrenador del equipo de s\u00f3ftbol femenil de Zorros de CETYS Universidad, [&hellip;]<\/p>\n","protected":false},"author":5,"featured_media":12498,"comment_status":"open","ping_status":"open","sticky":false,"template":"","format":"standard","meta":{"footnotes":""},"categories":[119,120,100],"tags":[],"class_list":["post-12496","post","type-post","status-publish","format-standard","has-post-thumbnail","hentry","category-deportes","category-portada","category-softbol"],"yoast_head":"<!-- This site is optimized with the Yoast SEO plugin v27.4 - https:\/\/yoast.com\/product\/yoast-seo-wordpress\/ -->\n<title>C\u00e9sar Alc\u00e1ntar llega al equipo profesional de s\u00f3ftbol femenil de Veracruz - CETYS Deportes<\/title>\n<meta name=\"robots\" content=\"index, follow, max-snippet:-1, max-image-preview:large, max-video-preview:-1\" \/>\n<link rel=\"canonical\" href=\"https:\/\/www.cetys.mx\/gozorros\/2024\/02\/02\/cesar-alcantar-llega-al-equipo-profesional-de-softbol-femenil-de-veracruz\/\" \/>\n<meta property=\"og:locale\" content=\"es_MX\" \/>\n<meta property=\"og:type\" content=\"article\" \/>\n<meta property=\"og:title\" content=\"C\u00e9sar Alc\u00e1ntar llega al equipo profesional de s\u00f3ftbol femenil de Veracruz - CETYS Deportes\" \/>\n<meta property=\"og:description\" content=\"El entrenador de CETYS Universidad fue llamado a El \u00c1guila de Veracruz de la Liga Mexicana de S\u00f3ftbol El entrenador del equipo de s\u00f3ftbol femenil de Zorros de CETYS Universidad, [&hellip;]\" \/>\n<meta property=\"og:url\" content=\"https:\/\/www.cetys.mx\/gozorros\/2024\/02\/02\/cesar-alcantar-llega-al-equipo-profesional-de-softbol-femenil-de-veracruz\/\" \/>\n<meta property=\"og:site_name\" content=\"CETYS Deportes\" \/>\n<meta property=\"article:published_time\" content=\"2024-02-02T20:07:30+00:00\" \/>\n<meta property=\"og:image\" content=\"https:\/\/www.cetys.mx\/gozorros\/wp-content\/uploads\/2024\/02\/Cesar-Alcantar.jpg\" \/>\n\t<meta property=\"og:image:width\" content=\"958\" \/>\n\t<meta property=\"og:image:height\" content=\"637\" \/>\n\t<meta property=\"og:image:type\" content=\"image\/jpeg\" \/>\n<meta name=\"author\" content=\"Direcci\u00f3n Estatal de Deportes CETYS Universidad\" \/>\n<meta name=\"twitter:card\" content=\"summary_large_image\" \/>\n<meta name=\"twitter:label1\" content=\"Escrito por\" \/>\n\t<meta name=\"twitter:data1\" content=\"Direcci\u00f3n Estatal de Deportes CETYS Universidad\" \/>\n\t<meta name=\"twitter:label2\" content=\"Tiempo de lectura\" \/>\n\t<meta name=\"twitter:data2\" content=\"2 minutos\" \/>\n<script type=\"application\/ld+json\" class=\"yoast-schema-graph\">{\"@context\":\"https:\\\/\\\/schema.org\",\"@graph\":[{\"@type\":\"Article\",\"@id\":\"https:\\\/\\\/www.cetys.mx\\\/gozorros\\\/2024\\\/02\\\/02\\\/cesar-alcantar-llega-al-equipo-profesional-de-softbol-femenil-de-veracruz\\\/#article\",\"isPartOf\":{\"@id\":\"https:\\\/\\\/www.cetys.mx\\\/gozorros\\\/2024\\\/02\\\/02\\\/cesar-alcantar-llega-al-equipo-profesional-de-softbol-femenil-de-veracruz\\\/\"},\"author\":{\"name\":\"Direcci\u00f3n Estatal de Deportes CETYS Universidad\",\"@id\":\"https:\\\/\\\/www.cetys.mx\\\/gozorros\\\/#\\\/schema\\\/person\\\/0fbb38fb2de1b59ec112d8eb63d1cb12\"},\"headline\":\"C\u00e9sar Alc\u00e1ntar llega al equipo profesional de s\u00f3ftbol femenil de Veracruz\",\"datePublished\":\"2024-02-02T20:07:30+00:00\",\"mainEntityOfPage\":{\"@id\":\"https:\\\/\\\/www.cetys.mx\\\/gozorros\\\/2024\\\/02\\\/02\\\/cesar-alcantar-llega-al-equipo-profesional-de-softbol-femenil-de-veracruz\\\/\"},\"wordCount\":268,\"commentCount\":0,\"image\":{\"@id\":\"https:\\\/\\\/www.cetys.mx\\\/gozorros\\\/2024\\\/02\\\/02\\\/cesar-alcantar-llega-al-equipo-profesional-de-softbol-femenil-de-veracruz\\\/#primaryimage\"},\"thumbnailUrl\":\"https:\\\/\\\/www.cetys.mx\\\/gozorros\\\/wp-content\\\/uploads\\\/2024\\\/02\\\/Cesar-Alcantar.jpg\",\"articleSection\":[\"Deportes\",\"Portada\",\"S\u00f3ftbol\"],\"inLanguage\":\"es\",\"potentialAction\":[{\"@type\":\"CommentAction\",\"name\":\"Comment\",\"target\":[\"https:\\\/\\\/www.cetys.mx\\\/gozorros\\\/2024\\\/02\\\/02\\\/cesar-alcantar-llega-al-equipo-profesional-de-softbol-femenil-de-veracruz\\\/#respond\"]}]},{\"@type\":\"WebPage\",\"@id\":\"https:\\\/\\\/www.cetys.mx\\\/gozorros\\\/2024\\\/02\\\/02\\\/cesar-alcantar-llega-al-equipo-profesional-de-softbol-femenil-de-veracruz\\\/\",\"url\":\"https:\\\/\\\/www.cetys.mx\\\/gozorros\\\/2024\\\/02\\\/02\\\/cesar-alcantar-llega-al-equipo-profesional-de-softbol-femenil-de-veracruz\\\/\",\"name\":\"C\u00e9sar Alc\u00e1ntar llega al equipo profesional de s\u00f3ftbol femenil de Veracruz - CETYS Deportes\",\"isPartOf\":{\"@id\":\"https:\\\/\\\/www.cetys.mx\\\/gozorros\\\/#website\"},\"primaryImageOfPage\":{\"@id\":\"https:\\\/\\\/www.cetys.mx\\\/gozorros\\\/2024\\\/02\\\/02\\\/cesar-alcantar-llega-al-equipo-profesional-de-softbol-femenil-de-veracruz\\\/#primaryimage\"},\"image\":{\"@id\":\"https:\\\/\\\/www.cetys.mx\\\/gozorros\\\/2024\\\/02\\\/02\\\/cesar-alcantar-llega-al-equipo-profesional-de-softbol-femenil-de-veracruz\\\/#primaryimage\"},\"thumbnailUrl\":\"https:\\\/\\\/www.cetys.mx\\\/gozorros\\\/wp-content\\\/uploads\\\/2024\\\/02\\\/Cesar-Alcantar.jpg\",\"datePublished\":\"2024-02-02T20:07:30+00:00\",\"author\":{\"@id\":\"https:\\\/\\\/www.cetys.mx\\\/gozorros\\\/#\\\/schema\\\/person\\\/0fbb38fb2de1b59ec112d8eb63d1cb12\"},\"breadcrumb\":{\"@id\":\"https:\\\/\\\/www.cetys.mx\\\/gozorros\\\/2024\\\/02\\\/02\\\/cesar-alcantar-llega-al-equipo-profesional-de-softbol-femenil-de-veracruz\\\/#breadcrumb\"},\"inLanguage\":\"es\",\"potentialAction\":[{\"@type\":\"ReadAction\",\"target\":[\"https:\\\/\\\/www.cetys.mx\\\/gozorros\\\/2024\\\/02\\\/02\\\/cesar-alcantar-llega-al-equipo-profesional-de-softbol-femenil-de-veracruz\\\/\"]}]},{\"@type\":\"ImageObject\",\"inLanguage\":\"es\",\"@id\":\"https:\\\/\\\/www.cetys.mx\\\/gozorros\\\/2024\\\/02\\\/02\\\/cesar-alcantar-llega-al-equipo-profesional-de-softbol-femenil-de-veracruz\\\/#primaryimage\",\"url\":\"https:\\\/\\\/www.cetys.mx\\\/gozorros\\\/wp-content\\\/uploads\\\/2024\\\/02\\\/Cesar-Alcantar.jpg\",\"contentUrl\":\"https:\\\/\\\/www.cetys.mx\\\/gozorros\\\/wp-content\\\/uploads\\\/2024\\\/02\\\/Cesar-Alcantar.jpg\",\"width\":958,\"height\":637},{\"@type\":\"BreadcrumbList\",\"@id\":\"https:\\\/\\\/www.cetys.mx\\\/gozorros\\\/2024\\\/02\\\/02\\\/cesar-alcantar-llega-al-equipo-profesional-de-softbol-femenil-de-veracruz\\\/#breadcrumb\",\"itemListElement\":[{\"@type\":\"ListItem\",\"position\":1,\"name\":\"Inicio\",\"item\":\"https:\\\/\\\/www.cetys.mx\\\/gozorros\\\/\"},{\"@type\":\"ListItem\",\"position\":2,\"name\":\"C\u00e9sar Alc\u00e1ntar llega al equipo profesional de s\u00f3ftbol femenil de Veracruz\"}]},{\"@type\":\"WebSite\",\"@id\":\"https:\\\/\\\/www.cetys.mx\\\/gozorros\\\/#website\",\"url\":\"https:\\\/\\\/www.cetys.mx\\\/gozorros\\\/\",\"name\":\"CETYS Deportes\",\"description\":\"\",\"potentialAction\":[{\"@type\":\"SearchAction\",\"target\":{\"@type\":\"EntryPoint\",\"urlTemplate\":\"https:\\\/\\\/www.cetys.mx\\\/gozorros\\\/?s={search_term_string}\"},\"query-input\":{\"@type\":\"PropertyValueSpecification\",\"valueRequired\":true,\"valueName\":\"search_term_string\"}}],\"inLanguage\":\"es\"},{\"@type\":\"Person\",\"@id\":\"https:\\\/\\\/www.cetys.mx\\\/gozorros\\\/#\\\/schema\\\/person\\\/0fbb38fb2de1b59ec112d8eb63d1cb12\",\"name\":\"Direcci\u00f3n Estatal de Deportes CETYS Universidad\",\"image\":{\"@type\":\"ImageObject\",\"inLanguage\":\"es\",\"@id\":\"https:\\\/\\\/secure.gravatar.com\\\/avatar\\\/7295e7c83b400ef2918cb73e91ab557a3db51c56861709b99942e60df8d2630e?s=96&d=mm&r=g\",\"url\":\"https:\\\/\\\/secure.gravatar.com\\\/avatar\\\/7295e7c83b400ef2918cb73e91ab557a3db51c56861709b99942e60df8d2630e?s=96&d=mm&r=g\",\"contentUrl\":\"https:\\\/\\\/secure.gravatar.com\\\/avatar\\\/7295e7c83b400ef2918cb73e91ab557a3db51c56861709b99942e60df8d2630e?s=96&d=mm&r=g\",\"caption\":\"Direcci\u00f3n Estatal de Deportes CETYS Universidad\"},\"url\":\"https:\\\/\\\/www.cetys.mx\\\/gozorros\\\/author\\\/webmaster-deportes\\\/\"}]}<\/script>\n<!-- \/ Yoast SEO plugin. -->","yoast_head_json":{"title":"C\u00e9sar Alc\u00e1ntar llega al equipo profesional de s\u00f3ftbol femenil de Veracruz - CETYS Deportes","robots":{"index":"index","follow":"follow","max-snippet":"max-snippet:-1","max-image-preview":"max-image-preview:large","max-video-preview":"max-video-preview:-1"},"canonical":"https:\/\/www.cetys.mx\/gozorros\/2024\/02\/02\/cesar-alcantar-llega-al-equipo-profesional-de-softbol-femenil-de-veracruz\/","og_locale":"es_MX","og_type":"article","og_title":"C\u00e9sar Alc\u00e1ntar llega al equipo profesional de s\u00f3ftbol femenil de Veracruz - CETYS Deportes","og_description":"El entrenador de CETYS Universidad fue llamado a El \u00c1guila de Veracruz de la Liga Mexicana de S\u00f3ftbol El entrenador del equipo de s\u00f3ftbol femenil de Zorros de CETYS Universidad, [&hellip;]","og_url":"https:\/\/www.cetys.mx\/gozorros\/2024\/02\/02\/cesar-alcantar-llega-al-equipo-profesional-de-softbol-femenil-de-veracruz\/","og_site_name":"CETYS Deportes","article_published_time":"2024-02-02T20:07:30+00:00","og_image":[{"width":958,"height":637,"url":"https:\/\/www.cetys.mx\/gozorros\/wp-content\/uploads\/2024\/02\/Cesar-Alcantar.jpg","type":"image\/jpeg"}],"author":"Direcci\u00f3n Estatal de Deportes CETYS Universidad","twitter_card":"summary_large_image","twitter_misc":{"Escrito por":"Direcci\u00f3n Estatal de Deportes CETYS Universidad","Tiempo de lectura":"2 minutos"},"schema":{"@context":"https:\/\/schema.org","@graph":[{"@type":"Article","@id":"https:\/\/www.cetys.mx\/gozorros\/2024\/02\/02\/cesar-alcantar-llega-al-equipo-profesional-de-softbol-femenil-de-veracruz\/#article","isPartOf":{"@id":"https:\/\/www.cetys.mx\/gozorros\/2024\/02\/02\/cesar-alcantar-llega-al-equipo-profesional-de-softbol-femenil-de-veracruz\/"},"author":{"name":"Direcci\u00f3n Estatal de Deportes CETYS Universidad","@id":"https:\/\/www.cetys.mx\/gozorros\/#\/schema\/person\/0fbb38fb2de1b59ec112d8eb63d1cb12"},"headline":"C\u00e9sar Alc\u00e1ntar llega al equipo profesional de s\u00f3ftbol femenil de Veracruz","datePublished":"2024-02-02T20:07:30+00:00","mainEntityOfPage":{"@id":"https:\/\/www.cetys.mx\/gozorros\/2024\/02\/02\/cesar-alcantar-llega-al-equipo-profesional-de-softbol-femenil-de-veracruz\/"},"wordCount":268,"commentCount":0,"image":{"@id":"https:\/\/www.cetys.mx\/gozorros\/2024\/02\/02\/cesar-alcantar-llega-al-equipo-profesional-de-softbol-femenil-de-veracruz\/#primaryimage"},"thumbnailUrl":"https:\/\/www.cetys.mx\/gozorros\/wp-content\/uploads\/2024\/02\/Cesar-Alcantar.jpg","articleSection":["Deportes","Portada","S\u00f3ftbol"],"inLanguage":"es","potentialAction":[{"@type":"CommentAction","name":"Comment","target":["https:\/\/www.cetys.mx\/gozorros\/2024\/02\/02\/cesar-alcantar-llega-al-equipo-profesional-de-softbol-femenil-de-veracruz\/#respond"]}]},{"@type":"WebPage","@id":"https:\/\/www.cetys.mx\/gozorros\/2024\/02\/02\/cesar-alcantar-llega-al-equipo-profesional-de-softbol-femenil-de-veracruz\/","url":"https:\/\/www.cetys.mx\/gozorros\/2024\/02\/02\/cesar-alcantar-llega-al-equipo-profesional-de-softbol-femenil-de-veracruz\/","name":"C\u00e9sar Alc\u00e1ntar llega al equipo profesional de s\u00f3ftbol femenil de Veracruz - CETYS Deportes","isPartOf":{"@id":"https:\/\/www.cetys.mx\/gozorros\/#website"},"primaryImageOfPage":{"@id":"https:\/\/www.cetys.mx\/gozorros\/2024\/02\/02\/cesar-alcantar-llega-al-equipo-profesional-de-softbol-femenil-de-veracruz\/#primaryimage"},"image":{"@id":"https:\/\/www.cetys.mx\/gozorros\/2024\/02\/02\/cesar-alcantar-llega-al-equipo-profesional-de-softbol-femenil-de-veracruz\/#primaryimage"},"thumbnailUrl":"https:\/\/www.cetys.mx\/gozorros\/wp-content\/uploads\/2024\/02\/Cesar-Alcantar.jpg","datePublished":"2024-02-02T20:07:30+00:00","author":{"@id":"https:\/\/www.cetys.mx\/gozorros\/#\/schema\/person\/0fbb38fb2de1b59ec112d8eb63d1cb12"},"breadcrumb":{"@id":"https:\/\/www.cetys.mx\/gozorros\/2024\/02\/02\/cesar-alcantar-llega-al-equipo-profesional-de-softbol-femenil-de-veracruz\/#breadcrumb"},"inLanguage":"es","potentialAction":[{"@type":"ReadAction","target":["https:\/\/www.cetys.mx\/gozorros\/2024\/02\/02\/cesar-alcantar-llega-al-equipo-profesional-de-softbol-femenil-de-veracruz\/"]}]},{"@type":"ImageObject","inLanguage":"es","@id":"https:\/\/www.cetys.mx\/gozorros\/2024\/02\/02\/cesar-alcantar-llega-al-equipo-profesional-de-softbol-femenil-de-veracruz\/#primaryimage","url":"https:\/\/www.cetys.mx\/gozorros\/wp-content\/uploads\/2024\/02\/Cesar-Alcantar.jpg","contentUrl":"https:\/\/www.cetys.mx\/gozorros\/wp-content\/uploads\/2024\/02\/Cesar-Alcantar.jpg","width":958,"height":637},{"@type":"BreadcrumbList","@id":"https:\/\/www.cetys.mx\/gozorros\/2024\/02\/02\/cesar-alcantar-llega-al-equipo-profesional-de-softbol-femenil-de-veracruz\/#breadcrumb","itemListElement":[{"@type":"ListItem","position":1,"name":"Inicio","item":"https:\/\/www.cetys.mx\/gozorros\/"},{"@type":"ListItem","position":2,"name":"C\u00e9sar Alc\u00e1ntar llega al equipo profesional de s\u00f3ftbol femenil de Veracruz"}]},{"@type":"WebSite","@id":"https:\/\/www.cetys.mx\/gozorros\/#website","url":"https:\/\/www.cetys.mx\/gozorros\/","name":"CETYS Deportes","description":"","potentialAction":[{"@type":"SearchAction","target":{"@type":"EntryPoint","urlTemplate":"https:\/\/www.cetys.mx\/gozorros\/?s={search_term_string}"},"query-input":{"@type":"PropertyValueSpecification","valueRequired":true,"valueName":"search_term_string"}}],"inLanguage":"es"},{"@type":"Person","@id":"https:\/\/www.cetys.mx\/gozorros\/#\/schema\/person\/0fbb38fb2de1b59ec112d8eb63d1cb12","name":"Direcci\u00f3n Estatal de Deportes CETYS Universidad","image":{"@type":"ImageObject","inLanguage":"es","@id":"https:\/\/secure.gravatar.com\/avatar\/7295e7c83b400ef2918cb73e91ab557a3db51c56861709b99942e60df8d2630e?s=96&d=mm&r=g","url":"https:\/\/secure.gravatar.com\/avatar\/7295e7c83b400ef2918cb73e91ab557a3db51c56861709b99942e60df8d2630e?s=96&d=mm&r=g","contentUrl":"https:\/\/secure.gravatar.com\/avatar\/7295e7c83b400ef2918cb73e91ab557a3db51c56861709b99942e60df8d2630e?s=96&d=mm&r=g","caption":"Direcci\u00f3n Estatal de Deportes CETYS Universidad"},"url":"https:\/\/www.cetys.mx\/gozorros\/author\/webmaster-deportes\/"}]}},"_links":{"self":[{"href":"https:\/\/www.cetys.mx\/gozorros\/wp-json\/wp\/v2\/posts\/12496","targetHints":{"allow":["GET"]}}],"collection":[{"href":"https:\/\/www.cetys.mx\/gozorros\/wp-json\/wp\/v2\/posts"}],"about":[{"href":"https:\/\/www.cetys.mx\/gozorros\/wp-json\/wp\/v2\/types\/post"}],"author":[{"embeddable":true,"href":"https:\/\/www.cetys.mx\/gozorros\/wp-json\/wp\/v2\/users\/5"}],"replies":[{"embeddable":true,"href":"https:\/\/www.cetys.mx\/gozorros\/wp-json\/wp\/v2\/comments?post=12496"}],"version-history":[{"count":1,"href":"https:\/\/www.cetys.mx\/gozorros\/wp-json\/wp\/v2\/posts\/12496\/revisions"}],"predecessor-version":[{"id":12499,"href":"https:\/\/www.cetys.mx\/gozorros\/wp-json\/wp\/v2\/posts\/12496\/revisions\/12499"}],"wp:featuredmedia":[{"embeddable":true,"href":"https:\/\/www.cetys.mx\/gozorros\/wp-json\/wp\/v2\/media\/12498"}],"wp:attachment":[{"href":"https:\/\/www.cetys.mx\/gozorros\/wp-json\/wp\/v2\/media?parent=12496"}],"wp:term":[{"taxonomy":"category","embeddable":true,"href":"https:\/\/www.cetys.mx\/gozorros\/wp-json\/wp\/v2\/categories?post=12496"},{"taxonomy":"post_tag","embeddable":true,"href":"https:\/\/www.cetys.mx\/gozorros\/wp-json\/wp\/v2\/tags?post=12496"}],"curies":[{"name":"wp","href":"https:\/\/api.w.org\/{rel}","templated":true}]}}