{"id":12141,"date":"2023-10-26T13:24:41","date_gmt":"2023-10-26T19:24:41","guid":{"rendered":"https:\/\/www.cetys.mx\/gozorros\/?p=12141"},"modified":"2023-10-26T13:50:35","modified_gmt":"2023-10-26T19:50:35","slug":"alann-salas-headcoach-flag-panama","status":"publish","type":"post","link":"https:\/\/www.cetys.mx\/gozorros\/2023\/10\/26\/alann-salas-headcoach-flag-panama\/","title":{"rendered":"Alann Salas ser\u00e1 headcoach de Panam\u00e1 en el Mundial de Flag Femenil"},"content":{"rendered":"<p style=\"text-align: center;\"><strong><em>El entrenador de CETYS Universidad fue elegido para comandar a la Selecci\u00f3n Nacional paname\u00f1a<\/em><\/strong><\/p>\n<p>El headcoach de los equipos femeniles de Flag de CETYS Universidad Campus Mexicali, Alann Salas Olmedo, fue seleccionado para dirigir al equipo femenil mayor de Panam\u00e1 para el Campeonato Mundial de F\u00fatbol de Banderas IFAF 2024, a realizarse en Finlandia.<\/p>\n<p>Luego de haber sido contactado por la Federaci\u00f3n de F\u00fatbol Americano de Panam\u00e1 (AFFP por sus siglas en ingl\u00e9s) para saber si estaba interesado en ser el entrenador en jefe del pa\u00eds centroamericano y de varios d\u00edas de deliberaciones, fue seleccionado entre otros candidatos.<\/p>\n<p>\u201cEl \u00fanico acercamiento que hab\u00eda tenido con Panam\u00e1 hab\u00eda sido como rival a nivel de clubes en 2020 cuando tuve la oportunidad de participar en un torneo internacional en Dallas (International Bowl by USA Football), la final la jugamos un equipo de Baja California contra un equipo de Panam\u00e1 y ganamos; despu\u00e9s de ah\u00ed ellos me ubicaron y siguieron mi trayectoria hasta la fecha\u201d, coment\u00f3 Salas Olmedo.<\/p>\n<p>Para el headcoach, estar a cargo del proyecto deportivo que representa a todo un pa\u00eds es una gran responsabilidad; m\u00e1s en una justa mundial en donde la competencia es muy fuerte, dado que el deporte de Flag va en camino a los Juegos Ol\u00edmpicos de 2028.<\/p>\n<p>Salas Olmedo estar\u00e1 viajando constantemente a Panam\u00e1 para hacer concentraciones y trabajar con la Selecci\u00f3n Femenil, sin descuidar las competencias estudiantiles de los equipos de CETYS Preparatoria y Universidad.<\/p>\n<p>\u201cAfortunadamente las fechas del mundial son del 27 al 30 de agosto de 2024 que es fuera del periodo competitivo con CETYS y se acomoda muy bien para poder cumplir los compromisos tanto de la instituci\u00f3n como la Selecci\u00f3n de Panam\u00e1.<\/p>\n<p>Agradezco a mi familia y mi novia por siempre apoyarme en todos mis proyectos y objetivos que me propongo, a CETYS por su apoyo y la confianza durante el tiempo que he estado trabajando aqu\u00ed y darme la flexibilidad de tomar este compromiso, as\u00ed como a la Asociaci\u00f3n de Panam\u00e1 por elegirme para hacerme cargo de este proyecto, estoy muy emocionado por trabajar en equipo con ellos\u201d, finaliz\u00f3 el headcoach.<\/p>\n<p><img loading=\"lazy\" decoding=\"async\" class=\" wp-image-12142 aligncenter\" src=\"https:\/\/www.cetys.mx\/gozorros\/wp-content\/uploads\/2023\/10\/EquipoCETYSsistema-scaled.jpg\" alt=\"\" width=\"632\" height=\"422\" srcset=\"https:\/\/www.cetys.mx\/gozorros\/wp-content\/uploads\/2023\/10\/EquipoCETYSsistema-scaled.jpg 2560w, https:\/\/www.cetys.mx\/gozorros\/wp-content\/uploads\/2023\/10\/EquipoCETYSsistema-300x200.jpg 300w, https:\/\/www.cetys.mx\/gozorros\/wp-content\/uploads\/2023\/10\/EquipoCETYSsistema-1024x684.jpg 1024w, https:\/\/www.cetys.mx\/gozorros\/wp-content\/uploads\/2023\/10\/EquipoCETYSsistema-768x513.jpg 768w, https:\/\/www.cetys.mx\/gozorros\/wp-content\/uploads\/2023\/10\/EquipoCETYSsistema-1536x1025.jpg 1536w, https:\/\/www.cetys.mx\/gozorros\/wp-content\/uploads\/2023\/10\/EquipoCETYSsistema-2048x1367.jpg 2048w, https:\/\/www.cetys.mx\/gozorros\/wp-content\/uploads\/2023\/10\/EquipoCETYSsistema-320x214.jpg 320w, https:\/\/www.cetys.mx\/gozorros\/wp-content\/uploads\/2023\/10\/EquipoCETYSsistema-480x320.jpg 480w, https:\/\/www.cetys.mx\/gozorros\/wp-content\/uploads\/2023\/10\/EquipoCETYSsistema-800x534.jpg 800w\" sizes=\"auto, (max-width: 632px) 100vw, 632px\" \/><\/p>\n","protected":false},"excerpt":{"rendered":"<p>El entrenador de CETYS Universidad fue elegido para comandar a la Selecci\u00f3n Nacional paname\u00f1a El headcoach de los equipos femeniles de Flag de CETYS Universidad Campus Mexicali, Alann Salas Olmedo, [&hellip;]<\/p>\n","protected":false},"author":5,"featured_media":12143,"comment_status":"open","ping_status":"open","sticky":false,"template":"","format":"standard","meta":{"footnotes":""},"categories":[98,119,120],"tags":[128,464,448,454,465,447],"class_list":["post-12141","post","type-post","status-publish","format-standard","has-post-thumbnail","hentry","category-banderitas","category-deportes","category-portada","tag-gozorros","tag-affp","tag-deportecetys","tag-flagfemenil","tag-ifaf2024","tag-zorroscetys"],"yoast_head":"<!-- This site is optimized with the Yoast SEO plugin v27.4 - https:\/\/yoast.com\/product\/yoast-seo-wordpress\/ -->\n<title>Alann Salas ser\u00e1 headcoach de Panam\u00e1 en el Mundial de Flag Femenil - CETYS Deportes<\/title>\n<meta name=\"robots\" content=\"index, follow, max-snippet:-1, max-image-preview:large, max-video-preview:-1\" \/>\n<link rel=\"canonical\" href=\"https:\/\/www.cetys.mx\/gozorros\/2023\/10\/26\/alann-salas-headcoach-flag-panama\/\" \/>\n<meta property=\"og:locale\" content=\"es_MX\" \/>\n<meta property=\"og:type\" content=\"article\" \/>\n<meta property=\"og:title\" content=\"Alann Salas ser\u00e1 headcoach de Panam\u00e1 en el Mundial de Flag Femenil - CETYS Deportes\" \/>\n<meta property=\"og:description\" content=\"El entrenador de CETYS Universidad fue elegido para comandar a la Selecci\u00f3n Nacional paname\u00f1a El headcoach de los equipos femeniles de Flag de CETYS Universidad Campus Mexicali, Alann Salas Olmedo, [&hellip;]\" \/>\n<meta property=\"og:url\" content=\"https:\/\/www.cetys.mx\/gozorros\/2023\/10\/26\/alann-salas-headcoach-flag-panama\/\" \/>\n<meta property=\"og:site_name\" content=\"CETYS Deportes\" \/>\n<meta property=\"article:published_time\" content=\"2023-10-26T19:24:41+00:00\" \/>\n<meta property=\"article:modified_time\" content=\"2023-10-26T19:50:35+00:00\" \/>\n<meta property=\"og:image\" content=\"https:\/\/www.cetys.mx\/gozorros\/wp-content\/uploads\/2023\/10\/Coach-Alann-Salas.jpg\" \/>\n\t<meta property=\"og:image:width\" content=\"958\" \/>\n\t<meta property=\"og:image:height\" content=\"637\" \/>\n\t<meta property=\"og:image:type\" content=\"image\/jpeg\" \/>\n<meta name=\"author\" content=\"Direcci\u00f3n Estatal de Deportes CETYS Universidad\" \/>\n<meta name=\"twitter:card\" content=\"summary_large_image\" \/>\n<meta name=\"twitter:label1\" content=\"Escrito por\" \/>\n\t<meta name=\"twitter:data1\" content=\"Direcci\u00f3n Estatal de Deportes CETYS Universidad\" \/>\n\t<meta name=\"twitter:label2\" content=\"Tiempo de lectura\" \/>\n\t<meta name=\"twitter:data2\" content=\"2 minutos\" \/>\n<script type=\"application\/ld+json\" class=\"yoast-schema-graph\">{\"@context\":\"https:\\\/\\\/schema.org\",\"@graph\":[{\"@type\":\"Article\",\"@id\":\"https:\\\/\\\/www.cetys.mx\\\/gozorros\\\/2023\\\/10\\\/26\\\/alann-salas-headcoach-flag-panama\\\/#article\",\"isPartOf\":{\"@id\":\"https:\\\/\\\/www.cetys.mx\\\/gozorros\\\/2023\\\/10\\\/26\\\/alann-salas-headcoach-flag-panama\\\/\"},\"author\":{\"name\":\"Direcci\u00f3n Estatal de Deportes CETYS Universidad\",\"@id\":\"https:\\\/\\\/www.cetys.mx\\\/gozorros\\\/#\\\/schema\\\/person\\\/0fbb38fb2de1b59ec112d8eb63d1cb12\"},\"headline\":\"Alann Salas ser\u00e1 headcoach de Panam\u00e1 en el Mundial de Flag Femenil\",\"datePublished\":\"2023-10-26T19:24:41+00:00\",\"dateModified\":\"2023-10-26T19:50:35+00:00\",\"mainEntityOfPage\":{\"@id\":\"https:\\\/\\\/www.cetys.mx\\\/gozorros\\\/2023\\\/10\\\/26\\\/alann-salas-headcoach-flag-panama\\\/\"},\"wordCount\":375,\"commentCount\":0,\"image\":{\"@id\":\"https:\\\/\\\/www.cetys.mx\\\/gozorros\\\/2023\\\/10\\\/26\\\/alann-salas-headcoach-flag-panama\\\/#primaryimage\"},\"thumbnailUrl\":\"https:\\\/\\\/www.cetys.mx\\\/gozorros\\\/wp-content\\\/uploads\\\/2023\\\/10\\\/Coach-Alann-Salas.jpg\",\"keywords\":[\"#GoZorros\",\"AFFP\",\"DeporteCETYS\",\"FlagFemenil\",\"IFAF2024\",\"ZorrosCETYS\"],\"articleSection\":[\"Banderitas\",\"Deportes\",\"Portada\"],\"inLanguage\":\"es\",\"potentialAction\":[{\"@type\":\"CommentAction\",\"name\":\"Comment\",\"target\":[\"https:\\\/\\\/www.cetys.mx\\\/gozorros\\\/2023\\\/10\\\/26\\\/alann-salas-headcoach-flag-panama\\\/#respond\"]}]},{\"@type\":\"WebPage\",\"@id\":\"https:\\\/\\\/www.cetys.mx\\\/gozorros\\\/2023\\\/10\\\/26\\\/alann-salas-headcoach-flag-panama\\\/\",\"url\":\"https:\\\/\\\/www.cetys.mx\\\/gozorros\\\/2023\\\/10\\\/26\\\/alann-salas-headcoach-flag-panama\\\/\",\"name\":\"Alann Salas ser\u00e1 headcoach de Panam\u00e1 en el Mundial de Flag Femenil - CETYS Deportes\",\"isPartOf\":{\"@id\":\"https:\\\/\\\/www.cetys.mx\\\/gozorros\\\/#website\"},\"primaryImageOfPage\":{\"@id\":\"https:\\\/\\\/www.cetys.mx\\\/gozorros\\\/2023\\\/10\\\/26\\\/alann-salas-headcoach-flag-panama\\\/#primaryimage\"},\"image\":{\"@id\":\"https:\\\/\\\/www.cetys.mx\\\/gozorros\\\/2023\\\/10\\\/26\\\/alann-salas-headcoach-flag-panama\\\/#primaryimage\"},\"thumbnailUrl\":\"https:\\\/\\\/www.cetys.mx\\\/gozorros\\\/wp-content\\\/uploads\\\/2023\\\/10\\\/Coach-Alann-Salas.jpg\",\"datePublished\":\"2023-10-26T19:24:41+00:00\",\"dateModified\":\"2023-10-26T19:50:35+00:00\",\"author\":{\"@id\":\"https:\\\/\\\/www.cetys.mx\\\/gozorros\\\/#\\\/schema\\\/person\\\/0fbb38fb2de1b59ec112d8eb63d1cb12\"},\"breadcrumb\":{\"@id\":\"https:\\\/\\\/www.cetys.mx\\\/gozorros\\\/2023\\\/10\\\/26\\\/alann-salas-headcoach-flag-panama\\\/#breadcrumb\"},\"inLanguage\":\"es\",\"potentialAction\":[{\"@type\":\"ReadAction\",\"target\":[\"https:\\\/\\\/www.cetys.mx\\\/gozorros\\\/2023\\\/10\\\/26\\\/alann-salas-headcoach-flag-panama\\\/\"]}]},{\"@type\":\"ImageObject\",\"inLanguage\":\"es\",\"@id\":\"https:\\\/\\\/www.cetys.mx\\\/gozorros\\\/2023\\\/10\\\/26\\\/alann-salas-headcoach-flag-panama\\\/#primaryimage\",\"url\":\"https:\\\/\\\/www.cetys.mx\\\/gozorros\\\/wp-content\\\/uploads\\\/2023\\\/10\\\/Coach-Alann-Salas.jpg\",\"contentUrl\":\"https:\\\/\\\/www.cetys.mx\\\/gozorros\\\/wp-content\\\/uploads\\\/2023\\\/10\\\/Coach-Alann-Salas.jpg\",\"width\":958,\"height\":637},{\"@type\":\"BreadcrumbList\",\"@id\":\"https:\\\/\\\/www.cetys.mx\\\/gozorros\\\/2023\\\/10\\\/26\\\/alann-salas-headcoach-flag-panama\\\/#breadcrumb\",\"itemListElement\":[{\"@type\":\"ListItem\",\"position\":1,\"name\":\"Inicio\",\"item\":\"https:\\\/\\\/www.cetys.mx\\\/gozorros\\\/\"},{\"@type\":\"ListItem\",\"position\":2,\"name\":\"Alann Salas ser\u00e1 headcoach de Panam\u00e1 en el Mundial de Flag Femenil\"}]},{\"@type\":\"WebSite\",\"@id\":\"https:\\\/\\\/www.cetys.mx\\\/gozorros\\\/#website\",\"url\":\"https:\\\/\\\/www.cetys.mx\\\/gozorros\\\/\",\"name\":\"CETYS Deportes\",\"description\":\"\",\"potentialAction\":[{\"@type\":\"SearchAction\",\"target\":{\"@type\":\"EntryPoint\",\"urlTemplate\":\"https:\\\/\\\/www.cetys.mx\\\/gozorros\\\/?s={search_term_string}\"},\"query-input\":{\"@type\":\"PropertyValueSpecification\",\"valueRequired\":true,\"valueName\":\"search_term_string\"}}],\"inLanguage\":\"es\"},{\"@type\":\"Person\",\"@id\":\"https:\\\/\\\/www.cetys.mx\\\/gozorros\\\/#\\\/schema\\\/person\\\/0fbb38fb2de1b59ec112d8eb63d1cb12\",\"name\":\"Direcci\u00f3n Estatal de Deportes CETYS Universidad\",\"image\":{\"@type\":\"ImageObject\",\"inLanguage\":\"es\",\"@id\":\"https:\\\/\\\/secure.gravatar.com\\\/avatar\\\/7295e7c83b400ef2918cb73e91ab557a3db51c56861709b99942e60df8d2630e?s=96&d=mm&r=g\",\"url\":\"https:\\\/\\\/secure.gravatar.com\\\/avatar\\\/7295e7c83b400ef2918cb73e91ab557a3db51c56861709b99942e60df8d2630e?s=96&d=mm&r=g\",\"contentUrl\":\"https:\\\/\\\/secure.gravatar.com\\\/avatar\\\/7295e7c83b400ef2918cb73e91ab557a3db51c56861709b99942e60df8d2630e?s=96&d=mm&r=g\",\"caption\":\"Direcci\u00f3n Estatal de Deportes CETYS Universidad\"},\"url\":\"https:\\\/\\\/www.cetys.mx\\\/gozorros\\\/author\\\/webmaster-deportes\\\/\"}]}<\/script>\n<!-- \/ Yoast SEO plugin. -->","yoast_head_json":{"title":"Alann Salas ser\u00e1 headcoach de Panam\u00e1 en el Mundial de Flag Femenil - CETYS Deportes","robots":{"index":"index","follow":"follow","max-snippet":"max-snippet:-1","max-image-preview":"max-image-preview:large","max-video-preview":"max-video-preview:-1"},"canonical":"https:\/\/www.cetys.mx\/gozorros\/2023\/10\/26\/alann-salas-headcoach-flag-panama\/","og_locale":"es_MX","og_type":"article","og_title":"Alann Salas ser\u00e1 headcoach de Panam\u00e1 en el Mundial de Flag Femenil - CETYS Deportes","og_description":"El entrenador de CETYS Universidad fue elegido para comandar a la Selecci\u00f3n Nacional paname\u00f1a El headcoach de los equipos femeniles de Flag de CETYS Universidad Campus Mexicali, Alann Salas Olmedo, [&hellip;]","og_url":"https:\/\/www.cetys.mx\/gozorros\/2023\/10\/26\/alann-salas-headcoach-flag-panama\/","og_site_name":"CETYS Deportes","article_published_time":"2023-10-26T19:24:41+00:00","article_modified_time":"2023-10-26T19:50:35+00:00","og_image":[{"width":958,"height":637,"url":"https:\/\/www.cetys.mx\/gozorros\/wp-content\/uploads\/2023\/10\/Coach-Alann-Salas.jpg","type":"image\/jpeg"}],"author":"Direcci\u00f3n Estatal de Deportes CETYS Universidad","twitter_card":"summary_large_image","twitter_misc":{"Escrito por":"Direcci\u00f3n Estatal de Deportes CETYS Universidad","Tiempo de lectura":"2 minutos"},"schema":{"@context":"https:\/\/schema.org","@graph":[{"@type":"Article","@id":"https:\/\/www.cetys.mx\/gozorros\/2023\/10\/26\/alann-salas-headcoach-flag-panama\/#article","isPartOf":{"@id":"https:\/\/www.cetys.mx\/gozorros\/2023\/10\/26\/alann-salas-headcoach-flag-panama\/"},"author":{"name":"Direcci\u00f3n Estatal de Deportes CETYS Universidad","@id":"https:\/\/www.cetys.mx\/gozorros\/#\/schema\/person\/0fbb38fb2de1b59ec112d8eb63d1cb12"},"headline":"Alann Salas ser\u00e1 headcoach de Panam\u00e1 en el Mundial de Flag Femenil","datePublished":"2023-10-26T19:24:41+00:00","dateModified":"2023-10-26T19:50:35+00:00","mainEntityOfPage":{"@id":"https:\/\/www.cetys.mx\/gozorros\/2023\/10\/26\/alann-salas-headcoach-flag-panama\/"},"wordCount":375,"commentCount":0,"image":{"@id":"https:\/\/www.cetys.mx\/gozorros\/2023\/10\/26\/alann-salas-headcoach-flag-panama\/#primaryimage"},"thumbnailUrl":"https:\/\/www.cetys.mx\/gozorros\/wp-content\/uploads\/2023\/10\/Coach-Alann-Salas.jpg","keywords":["#GoZorros","AFFP","DeporteCETYS","FlagFemenil","IFAF2024","ZorrosCETYS"],"articleSection":["Banderitas","Deportes","Portada"],"inLanguage":"es","potentialAction":[{"@type":"CommentAction","name":"Comment","target":["https:\/\/www.cetys.mx\/gozorros\/2023\/10\/26\/alann-salas-headcoach-flag-panama\/#respond"]}]},{"@type":"WebPage","@id":"https:\/\/www.cetys.mx\/gozorros\/2023\/10\/26\/alann-salas-headcoach-flag-panama\/","url":"https:\/\/www.cetys.mx\/gozorros\/2023\/10\/26\/alann-salas-headcoach-flag-panama\/","name":"Alann Salas ser\u00e1 headcoach de Panam\u00e1 en el Mundial de Flag Femenil - CETYS Deportes","isPartOf":{"@id":"https:\/\/www.cetys.mx\/gozorros\/#website"},"primaryImageOfPage":{"@id":"https:\/\/www.cetys.mx\/gozorros\/2023\/10\/26\/alann-salas-headcoach-flag-panama\/#primaryimage"},"image":{"@id":"https:\/\/www.cetys.mx\/gozorros\/2023\/10\/26\/alann-salas-headcoach-flag-panama\/#primaryimage"},"thumbnailUrl":"https:\/\/www.cetys.mx\/gozorros\/wp-content\/uploads\/2023\/10\/Coach-Alann-Salas.jpg","datePublished":"2023-10-26T19:24:41+00:00","dateModified":"2023-10-26T19:50:35+00:00","author":{"@id":"https:\/\/www.cetys.mx\/gozorros\/#\/schema\/person\/0fbb38fb2de1b59ec112d8eb63d1cb12"},"breadcrumb":{"@id":"https:\/\/www.cetys.mx\/gozorros\/2023\/10\/26\/alann-salas-headcoach-flag-panama\/#breadcrumb"},"inLanguage":"es","potentialAction":[{"@type":"ReadAction","target":["https:\/\/www.cetys.mx\/gozorros\/2023\/10\/26\/alann-salas-headcoach-flag-panama\/"]}]},{"@type":"ImageObject","inLanguage":"es","@id":"https:\/\/www.cetys.mx\/gozorros\/2023\/10\/26\/alann-salas-headcoach-flag-panama\/#primaryimage","url":"https:\/\/www.cetys.mx\/gozorros\/wp-content\/uploads\/2023\/10\/Coach-Alann-Salas.jpg","contentUrl":"https:\/\/www.cetys.mx\/gozorros\/wp-content\/uploads\/2023\/10\/Coach-Alann-Salas.jpg","width":958,"height":637},{"@type":"BreadcrumbList","@id":"https:\/\/www.cetys.mx\/gozorros\/2023\/10\/26\/alann-salas-headcoach-flag-panama\/#breadcrumb","itemListElement":[{"@type":"ListItem","position":1,"name":"Inicio","item":"https:\/\/www.cetys.mx\/gozorros\/"},{"@type":"ListItem","position":2,"name":"Alann Salas ser\u00e1 headcoach de Panam\u00e1 en el Mundial de Flag Femenil"}]},{"@type":"WebSite","@id":"https:\/\/www.cetys.mx\/gozorros\/#website","url":"https:\/\/www.cetys.mx\/gozorros\/","name":"CETYS Deportes","description":"","potentialAction":[{"@type":"SearchAction","target":{"@type":"EntryPoint","urlTemplate":"https:\/\/www.cetys.mx\/gozorros\/?s={search_term_string}"},"query-input":{"@type":"PropertyValueSpecification","valueRequired":true,"valueName":"search_term_string"}}],"inLanguage":"es"},{"@type":"Person","@id":"https:\/\/www.cetys.mx\/gozorros\/#\/schema\/person\/0fbb38fb2de1b59ec112d8eb63d1cb12","name":"Direcci\u00f3n Estatal de Deportes CETYS Universidad","image":{"@type":"ImageObject","inLanguage":"es","@id":"https:\/\/secure.gravatar.com\/avatar\/7295e7c83b400ef2918cb73e91ab557a3db51c56861709b99942e60df8d2630e?s=96&d=mm&r=g","url":"https:\/\/secure.gravatar.com\/avatar\/7295e7c83b400ef2918cb73e91ab557a3db51c56861709b99942e60df8d2630e?s=96&d=mm&r=g","contentUrl":"https:\/\/secure.gravatar.com\/avatar\/7295e7c83b400ef2918cb73e91ab557a3db51c56861709b99942e60df8d2630e?s=96&d=mm&r=g","caption":"Direcci\u00f3n Estatal de Deportes CETYS Universidad"},"url":"https:\/\/www.cetys.mx\/gozorros\/author\/webmaster-deportes\/"}]}},"_links":{"self":[{"href":"https:\/\/www.cetys.mx\/gozorros\/wp-json\/wp\/v2\/posts\/12141","targetHints":{"allow":["GET"]}}],"collection":[{"href":"https:\/\/www.cetys.mx\/gozorros\/wp-json\/wp\/v2\/posts"}],"about":[{"href":"https:\/\/www.cetys.mx\/gozorros\/wp-json\/wp\/v2\/types\/post"}],"author":[{"embeddable":true,"href":"https:\/\/www.cetys.mx\/gozorros\/wp-json\/wp\/v2\/users\/5"}],"replies":[{"embeddable":true,"href":"https:\/\/www.cetys.mx\/gozorros\/wp-json\/wp\/v2\/comments?post=12141"}],"version-history":[{"count":2,"href":"https:\/\/www.cetys.mx\/gozorros\/wp-json\/wp\/v2\/posts\/12141\/revisions"}],"predecessor-version":[{"id":12145,"href":"https:\/\/www.cetys.mx\/gozorros\/wp-json\/wp\/v2\/posts\/12141\/revisions\/12145"}],"wp:featuredmedia":[{"embeddable":true,"href":"https:\/\/www.cetys.mx\/gozorros\/wp-json\/wp\/v2\/media\/12143"}],"wp:attachment":[{"href":"https:\/\/www.cetys.mx\/gozorros\/wp-json\/wp\/v2\/media?parent=12141"}],"wp:term":[{"taxonomy":"category","embeddable":true,"href":"https:\/\/www.cetys.mx\/gozorros\/wp-json\/wp\/v2\/categories?post=12141"},{"taxonomy":"post_tag","embeddable":true,"href":"https:\/\/www.cetys.mx\/gozorros\/wp-json\/wp\/v2\/tags?post=12141"}],"curies":[{"name":"wp","href":"https:\/\/api.w.org\/{rel}","templated":true}]}}