{"id":11877,"date":"2023-09-15T18:28:12","date_gmt":"2023-09-16T00:28:12","guid":{"rendered":"https:\/\/www.cetys.mx\/gozorros\/?p=11877"},"modified":"2023-09-18T11:47:58","modified_gmt":"2023-09-18T17:47:58","slug":"zorros-tijuana-representativos-2023","status":"publish","type":"post","link":"https:\/\/www.cetys.mx\/gozorros\/2023\/09\/15\/zorros-tijuana-representativos-2023\/","title":{"rendered":"Zorros del Campus Tijuana presentan a equipos representativos para el per\u00edodo 2023-2"},"content":{"rendered":"<p style=\"text-align: center;\"><b><i>Atletas sobresalientes recibieron galardones durante la presentaci\u00f3n de los equipos representativos para el per\u00edodo 2023-2\u00a0<\/i><\/b><\/p>\n<p><span style=\"font-weight: 400;\">En presencia de autoridades educativas, as\u00ed como de representantes del Gobierno del Estado de Baja California, medios de comunicaci\u00f3n, invitados especiales, estudiantes y padres de familia, se llev\u00f3 a cabo la ceremonia de reconocimiento a deportistas destacados en el ciclo 2022-2023 y presentaci\u00f3n de equipos representativos de CETYS Universidad Campus Tijuana para el per\u00edodo 2023-2.<\/span><\/p>\n<p><span style=\"font-weight: 400;\">El evento se desarroll\u00f3 en el Gimnasio-Auditorio Rodrigo Valle Hern\u00e1ndez, donde la Mtra. Jessica Ibarra Ramonet, vicerrectora de Desarrollo y Experiencia Estudiantil y directora estatal de Deportes del Sistema CETYS Universidad, invit\u00f3 a apoyar a los Zorros y a disfrutar los encuentros deportivos que se avecinan.<\/span><\/p>\n<p><span style=\"font-weight: 400;\">\u201cDe manera directa o indirecta, todos representamos a CETYS Universidad en cada evento deportivo. Ojal\u00e1 que siempre cada uno de nosotros colabore en todos los proyectos deportivos, partiendo desde su presencia como comunidad estudiantil en el gimnasio o en el estadio. Deseamos \u00e9xito a todos los equipos que compiten este semestre y reiteramos nuestra felicitaci\u00f3n a quienes pusieron el nombre de una instituci\u00f3n en el podio\u201d, dijo la Mtra. Ibarra.\u00a0\u00a0\u00a0<\/span><\/p>\n<p><img loading=\"lazy\" decoding=\"async\" class=\" wp-image-11879 aligncenter\" src=\"https:\/\/www.cetys.mx\/gozorros\/wp-content\/uploads\/2023\/09\/CET_0780-scaled.jpg\" alt=\"\" width=\"598\" height=\"399\" srcset=\"https:\/\/www.cetys.mx\/gozorros\/wp-content\/uploads\/2023\/09\/CET_0780-scaled.jpg 2560w, https:\/\/www.cetys.mx\/gozorros\/wp-content\/uploads\/2023\/09\/CET_0780-300x200.jpg 300w, https:\/\/www.cetys.mx\/gozorros\/wp-content\/uploads\/2023\/09\/CET_0780-1024x683.jpg 1024w, https:\/\/www.cetys.mx\/gozorros\/wp-content\/uploads\/2023\/09\/CET_0780-768x513.jpg 768w, https:\/\/www.cetys.mx\/gozorros\/wp-content\/uploads\/2023\/09\/CET_0780-1536x1025.jpg 1536w, https:\/\/www.cetys.mx\/gozorros\/wp-content\/uploads\/2023\/09\/CET_0780-2048x1367.jpg 2048w, https:\/\/www.cetys.mx\/gozorros\/wp-content\/uploads\/2023\/09\/CET_0780-320x214.jpg 320w, https:\/\/www.cetys.mx\/gozorros\/wp-content\/uploads\/2023\/09\/CET_0780-480x320.jpg 480w, https:\/\/www.cetys.mx\/gozorros\/wp-content\/uploads\/2023\/09\/CET_0780-800x534.jpg 800w\" sizes=\"auto, (max-width: 598px) 100vw, 598px\" \/><\/p>\n<p><span style=\"font-weight: 400;\">Los logros estudiantiles-deportivos por equipos, cosechados en el per\u00edodo 2022-2023 son:<\/span><\/p>\n<ul>\n<li style=\"font-weight: 400;\" aria-level=\"1\"><span style=\"font-weight: 400;\">B\u00e9isbol: campeones de la Conferencia Nacional CONADEIP, Final 8.<\/span><\/li>\n<li style=\"font-weight: 400;\" aria-level=\"1\"><span style=\"font-weight: 400;\">Flag Football: medalla de bronce en la Universiada Nacional CONDDE.<\/span><\/li>\n<li style=\"font-weight: 400;\" aria-level=\"1\"><span style=\"font-weight: 400;\">B\u00e1squetbol Femenil: segundo lugar en el Nacional Juvenil C de CONADEIP.<\/span><\/li>\n<li style=\"font-weight: 400;\" aria-level=\"1\"><span style=\"font-weight: 400;\">B\u00e1squetbol Varonil: medalla de bronce en los Juegos Nacionales CONADEMS.<\/span><\/li>\n<li style=\"font-weight: 400;\" aria-level=\"1\"><span style=\"font-weight: 400;\">Voleibol Varonil: tercer lugar en el Final Four de la Conferencia Nacional CONADEIP (antes Liga CUTT), campeones del Nacional Juvenil C de CONADEIP y campeones del Nacional Juvenil B.<\/span><\/li>\n<li style=\"font-weight: 400;\" aria-level=\"1\"><span style=\"font-weight: 400;\">Voleibol Femenil: campeonas del Nacional Juvenil B de CONADEIP y segundo lugar del Nacional Juvenil C de CONADEIP.<\/span><\/li>\n<li style=\"font-weight: 400;\" aria-level=\"1\"><span style=\"font-weight: 400;\">F\u00fatbol R\u00e1pido Varonil: segundo lugar del Nacional Primera Fuerza de CONADEIP.<\/span><\/li>\n<\/ul>\n<p><span style=\"font-weight: 400;\">En disciplinas individuales, los estudiantes-atletas del Campus Tijuana tambi\u00e9n obtuvieron buenos resultados:<\/span><\/p>\n<ul>\n<li style=\"font-weight: 400;\" aria-level=\"1\"><span style=\"font-weight: 400;\">Ingrid Almada (Taekwondo): segundo lugar en el Campeonato Nacional Primera Fuerza de CONADEIP.<\/span><\/li>\n<li style=\"font-weight: 400;\" aria-level=\"1\"><span style=\"font-weight: 400;\">Natasha L\u00f3pez (Atletismo): medalla de bronce en Lanzamiento de Disco de la Universiada Nacional CONDDE y tercer lugar del Nacional Primera Fuerza de CONADEIP.<\/span><\/li>\n<li style=\"font-weight: 400;\" aria-level=\"1\"><span style=\"font-weight: 400;\">Stephanie Miranda (Atletismo): campeona del Nacional Juvenil C de CONADEIP en Heptatl\u00f3n.<\/span><\/li>\n<li style=\"font-weight: 400;\" aria-level=\"1\"><span style=\"font-weight: 400;\">Mar\u00eda R\u00edos (Atletismo): tercer lugar en el Nacional Juvenil C de CONADEIP en Salto con Garrocha.\u00a0<\/span><\/li>\n<li style=\"font-weight: 400;\" aria-level=\"1\"><span style=\"font-weight: 400;\">Ulises Soto (Esgrima): medalla de plata en Florete de la Universiada Nacional CONDDE.<\/span><\/li>\n<li style=\"font-weight: 400;\" aria-level=\"1\"><span style=\"font-weight: 400;\">Mariana Guzm\u00e1n (Esgrima): medalla de bronce en Sable de la Universiada Nacional CONDDE.<\/span><\/li>\n<li style=\"font-weight: 400;\" aria-level=\"1\"><span style=\"font-weight: 400;\">Ingrid Mendiola (Esgrima): medalla de bronce en Sable de la Universiada Nacional CONDDE.<\/span><\/li>\n<li style=\"font-weight: 400;\" aria-level=\"1\"><span style=\"font-weight: 400;\">Alejandro Garc\u00eda (Judo): dos medallas de oro en los FISU Am\u00e9rica Games, divisi\u00f3n -90kg.<\/span><\/li>\n<\/ul>\n<p><span style=\"font-weight: 400;\">\u201cHoy no solo celebramos sus logros individuales, sino que tambi\u00e9n celebramos a los entrenadores, familias y todos los que forman parte de la instituci\u00f3n y que est\u00e1n siempre con nosotros a lo largo de nuestros procesos. Es un recordatorio de que, juntos, podemos lograr grandes cosas y construir un futuro brillante. Aprovechemos los privilegios que se nos brindan. Somos muy afortunados de ser talentosos y contar con el apoyo de tantas personas\u201d, comparti\u00f3 la atleta Natasha L\u00f3pez.<\/span><\/p>\n<p><span style=\"font-weight: 400;\">Por segunda ocasi\u00f3n, se otorgaron reconocimientos a algunos deportistas que generaron grandes resultados en eventos como los Nacionales CONADE y\/o representaron a M\u00e9xico en competencias internacionales, en disciplinas como B\u00e1squetbol, Voleibol y B\u00e9isbol, por mencionar algunas.<\/span><\/p>\n<p><img loading=\"lazy\" decoding=\"async\" class=\" wp-image-11878 aligncenter\" src=\"https:\/\/www.cetys.mx\/gozorros\/wp-content\/uploads\/2023\/09\/CET_0722-scaled.jpg\" alt=\"\" width=\"582\" height=\"389\" srcset=\"https:\/\/www.cetys.mx\/gozorros\/wp-content\/uploads\/2023\/09\/CET_0722-scaled.jpg 2560w, https:\/\/www.cetys.mx\/gozorros\/wp-content\/uploads\/2023\/09\/CET_0722-300x200.jpg 300w, https:\/\/www.cetys.mx\/gozorros\/wp-content\/uploads\/2023\/09\/CET_0722-1024x683.jpg 1024w, https:\/\/www.cetys.mx\/gozorros\/wp-content\/uploads\/2023\/09\/CET_0722-768x512.jpg 768w, https:\/\/www.cetys.mx\/gozorros\/wp-content\/uploads\/2023\/09\/CET_0722-1536x1025.jpg 1536w, https:\/\/www.cetys.mx\/gozorros\/wp-content\/uploads\/2023\/09\/CET_0722-2048x1367.jpg 2048w, https:\/\/www.cetys.mx\/gozorros\/wp-content\/uploads\/2023\/09\/CET_0722-320x214.jpg 320w, https:\/\/www.cetys.mx\/gozorros\/wp-content\/uploads\/2023\/09\/CET_0722-480x320.jpg 480w, https:\/\/www.cetys.mx\/gozorros\/wp-content\/uploads\/2023\/09\/CET_0722-800x534.jpg 800w\" sizes=\"auto, (max-width: 582px) 100vw, 582px\" \/><\/p>\n<p><span style=\"font-weight: 400;\">Tambi\u00e9n desfilaron los equipos que tendr\u00e1n competencias estudiantiles oficiales en F\u00fatbol Americano, Voleibol, B\u00e1squetbol, F\u00fatbol R\u00e1pido, Taekwondo y Tiro con Arco. La Mtra. Ver\u00f3nica Mac\u00edas habl\u00f3 en nombre de los entrenadores:<\/span><\/p>\n<p><span style=\"font-weight: 400;\">\u201cHoy celebramos el comienzo de una nueva etapa, un nuevo ciclo, una nueva temporada, una nueva oportunidad de ser mejores, de lograr m\u00e1s que la temporada pasada, de seguir en lo m\u00e1s alto, de llegar a donde queremos o a donde no hab\u00edamos podido llegar. Vamos a seguir con ese entusiasmo del inicio, con esa hambre de triunfo. Demostremos que podemos lograr lo que nos proponemos y que podemos utilizar nuestros recursos de la mejor manera; levant\u00e9monos de cada ca\u00edda y llevemos a nuestros equipos a la cima\u201d.<\/span><\/p>\n<p><span style=\"font-weight: 400;\">Al final del evento se tom\u00f3 la tradicional fotograf\u00eda, dando as\u00ed el banderazo a las actividades deportivas del semestre en marcha.<\/span><\/p>\n","protected":false},"excerpt":{"rendered":"<p>Atletas sobresalientes recibieron galardones durante la presentaci\u00f3n de los equipos representativos para el per\u00edodo 2023-2\u00a0 En presencia de autoridades educativas, as\u00ed como de representantes del Gobierno del Estado de Baja [&hellip;]<\/p>\n","protected":false},"author":5,"featured_media":11880,"comment_status":"open","ping_status":"open","sticky":false,"template":"","format":"standard","meta":{"footnotes":""},"categories":[119,120],"tags":[128,451,123],"class_list":["post-11877","post","type-post","status-publish","format-standard","has-post-thumbnail","hentry","category-deportes","category-portada","tag-gozorros","tag-cetysdeportes","tag-deportes"],"yoast_head":"<!-- This site is optimized with the Yoast SEO plugin v27.4 - https:\/\/yoast.com\/product\/yoast-seo-wordpress\/ -->\n<title>Zorros del Campus Tijuana presentan a equipos representativos para el per\u00edodo 2023-2 - CETYS Deportes<\/title>\n<meta name=\"robots\" content=\"index, follow, max-snippet:-1, max-image-preview:large, max-video-preview:-1\" \/>\n<link rel=\"canonical\" href=\"https:\/\/www.cetys.mx\/gozorros\/2023\/09\/15\/zorros-tijuana-representativos-2023\/\" \/>\n<meta property=\"og:locale\" content=\"es_MX\" \/>\n<meta property=\"og:type\" content=\"article\" \/>\n<meta property=\"og:title\" content=\"Zorros del Campus Tijuana presentan a equipos representativos para el per\u00edodo 2023-2 - CETYS Deportes\" \/>\n<meta property=\"og:description\" content=\"Atletas sobresalientes recibieron galardones durante la presentaci\u00f3n de los equipos representativos para el per\u00edodo 2023-2\u00a0 En presencia de autoridades educativas, as\u00ed como de representantes del Gobierno del Estado de Baja [&hellip;]\" \/>\n<meta property=\"og:url\" content=\"https:\/\/www.cetys.mx\/gozorros\/2023\/09\/15\/zorros-tijuana-representativos-2023\/\" \/>\n<meta property=\"og:site_name\" content=\"CETYS Deportes\" \/>\n<meta property=\"article:published_time\" content=\"2023-09-16T00:28:12+00:00\" \/>\n<meta property=\"article:modified_time\" content=\"2023-09-18T17:47:58+00:00\" \/>\n<meta property=\"og:image\" content=\"https:\/\/www.cetys.mx\/gozorros\/wp-content\/uploads\/2023\/09\/Presentacion-de-equipos-campus-Tijuana.jpg\" \/>\n\t<meta property=\"og:image:width\" content=\"958\" \/>\n\t<meta property=\"og:image:height\" content=\"637\" \/>\n\t<meta property=\"og:image:type\" content=\"image\/jpeg\" \/>\n<meta name=\"author\" content=\"Direcci\u00f3n Estatal de Deportes CETYS Universidad\" \/>\n<meta name=\"twitter:card\" content=\"summary_large_image\" \/>\n<meta name=\"twitter:label1\" content=\"Escrito por\" \/>\n\t<meta name=\"twitter:data1\" content=\"Direcci\u00f3n Estatal de Deportes CETYS Universidad\" \/>\n\t<meta name=\"twitter:label2\" content=\"Tiempo de lectura\" \/>\n\t<meta name=\"twitter:data2\" content=\"4 minutos\" \/>\n<script type=\"application\/ld+json\" class=\"yoast-schema-graph\">{\"@context\":\"https:\\\/\\\/schema.org\",\"@graph\":[{\"@type\":\"Article\",\"@id\":\"https:\\\/\\\/www.cetys.mx\\\/gozorros\\\/2023\\\/09\\\/15\\\/zorros-tijuana-representativos-2023\\\/#article\",\"isPartOf\":{\"@id\":\"https:\\\/\\\/www.cetys.mx\\\/gozorros\\\/2023\\\/09\\\/15\\\/zorros-tijuana-representativos-2023\\\/\"},\"author\":{\"name\":\"Direcci\u00f3n Estatal de Deportes CETYS Universidad\",\"@id\":\"https:\\\/\\\/www.cetys.mx\\\/gozorros\\\/#\\\/schema\\\/person\\\/0fbb38fb2de1b59ec112d8eb63d1cb12\"},\"headline\":\"Zorros del Campus Tijuana presentan a equipos representativos para el per\u00edodo 2023-2\",\"datePublished\":\"2023-09-16T00:28:12+00:00\",\"dateModified\":\"2023-09-18T17:47:58+00:00\",\"mainEntityOfPage\":{\"@id\":\"https:\\\/\\\/www.cetys.mx\\\/gozorros\\\/2023\\\/09\\\/15\\\/zorros-tijuana-representativos-2023\\\/\"},\"wordCount\":737,\"commentCount\":0,\"image\":{\"@id\":\"https:\\\/\\\/www.cetys.mx\\\/gozorros\\\/2023\\\/09\\\/15\\\/zorros-tijuana-representativos-2023\\\/#primaryimage\"},\"thumbnailUrl\":\"https:\\\/\\\/www.cetys.mx\\\/gozorros\\\/wp-content\\\/uploads\\\/2023\\\/09\\\/Presentacion-de-equipos-campus-Tijuana.jpg\",\"keywords\":[\"#GoZorros\",\"CETYSDeportes\",\"Deportes\"],\"articleSection\":[\"Deportes\",\"Portada\"],\"inLanguage\":\"es\",\"potentialAction\":[{\"@type\":\"CommentAction\",\"name\":\"Comment\",\"target\":[\"https:\\\/\\\/www.cetys.mx\\\/gozorros\\\/2023\\\/09\\\/15\\\/zorros-tijuana-representativos-2023\\\/#respond\"]}]},{\"@type\":\"WebPage\",\"@id\":\"https:\\\/\\\/www.cetys.mx\\\/gozorros\\\/2023\\\/09\\\/15\\\/zorros-tijuana-representativos-2023\\\/\",\"url\":\"https:\\\/\\\/www.cetys.mx\\\/gozorros\\\/2023\\\/09\\\/15\\\/zorros-tijuana-representativos-2023\\\/\",\"name\":\"Zorros del Campus Tijuana presentan a equipos representativos para el per\u00edodo 2023-2 - CETYS Deportes\",\"isPartOf\":{\"@id\":\"https:\\\/\\\/www.cetys.mx\\\/gozorros\\\/#website\"},\"primaryImageOfPage\":{\"@id\":\"https:\\\/\\\/www.cetys.mx\\\/gozorros\\\/2023\\\/09\\\/15\\\/zorros-tijuana-representativos-2023\\\/#primaryimage\"},\"image\":{\"@id\":\"https:\\\/\\\/www.cetys.mx\\\/gozorros\\\/2023\\\/09\\\/15\\\/zorros-tijuana-representativos-2023\\\/#primaryimage\"},\"thumbnailUrl\":\"https:\\\/\\\/www.cetys.mx\\\/gozorros\\\/wp-content\\\/uploads\\\/2023\\\/09\\\/Presentacion-de-equipos-campus-Tijuana.jpg\",\"datePublished\":\"2023-09-16T00:28:12+00:00\",\"dateModified\":\"2023-09-18T17:47:58+00:00\",\"author\":{\"@id\":\"https:\\\/\\\/www.cetys.mx\\\/gozorros\\\/#\\\/schema\\\/person\\\/0fbb38fb2de1b59ec112d8eb63d1cb12\"},\"breadcrumb\":{\"@id\":\"https:\\\/\\\/www.cetys.mx\\\/gozorros\\\/2023\\\/09\\\/15\\\/zorros-tijuana-representativos-2023\\\/#breadcrumb\"},\"inLanguage\":\"es\",\"potentialAction\":[{\"@type\":\"ReadAction\",\"target\":[\"https:\\\/\\\/www.cetys.mx\\\/gozorros\\\/2023\\\/09\\\/15\\\/zorros-tijuana-representativos-2023\\\/\"]}]},{\"@type\":\"ImageObject\",\"inLanguage\":\"es\",\"@id\":\"https:\\\/\\\/www.cetys.mx\\\/gozorros\\\/2023\\\/09\\\/15\\\/zorros-tijuana-representativos-2023\\\/#primaryimage\",\"url\":\"https:\\\/\\\/www.cetys.mx\\\/gozorros\\\/wp-content\\\/uploads\\\/2023\\\/09\\\/Presentacion-de-equipos-campus-Tijuana.jpg\",\"contentUrl\":\"https:\\\/\\\/www.cetys.mx\\\/gozorros\\\/wp-content\\\/uploads\\\/2023\\\/09\\\/Presentacion-de-equipos-campus-Tijuana.jpg\",\"width\":958,\"height\":637},{\"@type\":\"BreadcrumbList\",\"@id\":\"https:\\\/\\\/www.cetys.mx\\\/gozorros\\\/2023\\\/09\\\/15\\\/zorros-tijuana-representativos-2023\\\/#breadcrumb\",\"itemListElement\":[{\"@type\":\"ListItem\",\"position\":1,\"name\":\"Inicio\",\"item\":\"https:\\\/\\\/www.cetys.mx\\\/gozorros\\\/\"},{\"@type\":\"ListItem\",\"position\":2,\"name\":\"Zorros del Campus Tijuana presentan a equipos representativos para el per\u00edodo 2023-2\"}]},{\"@type\":\"WebSite\",\"@id\":\"https:\\\/\\\/www.cetys.mx\\\/gozorros\\\/#website\",\"url\":\"https:\\\/\\\/www.cetys.mx\\\/gozorros\\\/\",\"name\":\"CETYS Deportes\",\"description\":\"\",\"potentialAction\":[{\"@type\":\"SearchAction\",\"target\":{\"@type\":\"EntryPoint\",\"urlTemplate\":\"https:\\\/\\\/www.cetys.mx\\\/gozorros\\\/?s={search_term_string}\"},\"query-input\":{\"@type\":\"PropertyValueSpecification\",\"valueRequired\":true,\"valueName\":\"search_term_string\"}}],\"inLanguage\":\"es\"},{\"@type\":\"Person\",\"@id\":\"https:\\\/\\\/www.cetys.mx\\\/gozorros\\\/#\\\/schema\\\/person\\\/0fbb38fb2de1b59ec112d8eb63d1cb12\",\"name\":\"Direcci\u00f3n Estatal de Deportes CETYS Universidad\",\"image\":{\"@type\":\"ImageObject\",\"inLanguage\":\"es\",\"@id\":\"https:\\\/\\\/secure.gravatar.com\\\/avatar\\\/7295e7c83b400ef2918cb73e91ab557a3db51c56861709b99942e60df8d2630e?s=96&d=mm&r=g\",\"url\":\"https:\\\/\\\/secure.gravatar.com\\\/avatar\\\/7295e7c83b400ef2918cb73e91ab557a3db51c56861709b99942e60df8d2630e?s=96&d=mm&r=g\",\"contentUrl\":\"https:\\\/\\\/secure.gravatar.com\\\/avatar\\\/7295e7c83b400ef2918cb73e91ab557a3db51c56861709b99942e60df8d2630e?s=96&d=mm&r=g\",\"caption\":\"Direcci\u00f3n Estatal de Deportes CETYS Universidad\"},\"url\":\"https:\\\/\\\/www.cetys.mx\\\/gozorros\\\/author\\\/webmaster-deportes\\\/\"}]}<\/script>\n<!-- \/ Yoast SEO plugin. -->","yoast_head_json":{"title":"Zorros del Campus Tijuana presentan a equipos representativos para el per\u00edodo 2023-2 - CETYS Deportes","robots":{"index":"index","follow":"follow","max-snippet":"max-snippet:-1","max-image-preview":"max-image-preview:large","max-video-preview":"max-video-preview:-1"},"canonical":"https:\/\/www.cetys.mx\/gozorros\/2023\/09\/15\/zorros-tijuana-representativos-2023\/","og_locale":"es_MX","og_type":"article","og_title":"Zorros del Campus Tijuana presentan a equipos representativos para el per\u00edodo 2023-2 - CETYS Deportes","og_description":"Atletas sobresalientes recibieron galardones durante la presentaci\u00f3n de los equipos representativos para el per\u00edodo 2023-2\u00a0 En presencia de autoridades educativas, as\u00ed como de representantes del Gobierno del Estado de Baja [&hellip;]","og_url":"https:\/\/www.cetys.mx\/gozorros\/2023\/09\/15\/zorros-tijuana-representativos-2023\/","og_site_name":"CETYS Deportes","article_published_time":"2023-09-16T00:28:12+00:00","article_modified_time":"2023-09-18T17:47:58+00:00","og_image":[{"width":958,"height":637,"url":"https:\/\/www.cetys.mx\/gozorros\/wp-content\/uploads\/2023\/09\/Presentacion-de-equipos-campus-Tijuana.jpg","type":"image\/jpeg"}],"author":"Direcci\u00f3n Estatal de Deportes CETYS Universidad","twitter_card":"summary_large_image","twitter_misc":{"Escrito por":"Direcci\u00f3n Estatal de Deportes CETYS Universidad","Tiempo de lectura":"4 minutos"},"schema":{"@context":"https:\/\/schema.org","@graph":[{"@type":"Article","@id":"https:\/\/www.cetys.mx\/gozorros\/2023\/09\/15\/zorros-tijuana-representativos-2023\/#article","isPartOf":{"@id":"https:\/\/www.cetys.mx\/gozorros\/2023\/09\/15\/zorros-tijuana-representativos-2023\/"},"author":{"name":"Direcci\u00f3n Estatal de Deportes CETYS Universidad","@id":"https:\/\/www.cetys.mx\/gozorros\/#\/schema\/person\/0fbb38fb2de1b59ec112d8eb63d1cb12"},"headline":"Zorros del Campus Tijuana presentan a equipos representativos para el per\u00edodo 2023-2","datePublished":"2023-09-16T00:28:12+00:00","dateModified":"2023-09-18T17:47:58+00:00","mainEntityOfPage":{"@id":"https:\/\/www.cetys.mx\/gozorros\/2023\/09\/15\/zorros-tijuana-representativos-2023\/"},"wordCount":737,"commentCount":0,"image":{"@id":"https:\/\/www.cetys.mx\/gozorros\/2023\/09\/15\/zorros-tijuana-representativos-2023\/#primaryimage"},"thumbnailUrl":"https:\/\/www.cetys.mx\/gozorros\/wp-content\/uploads\/2023\/09\/Presentacion-de-equipos-campus-Tijuana.jpg","keywords":["#GoZorros","CETYSDeportes","Deportes"],"articleSection":["Deportes","Portada"],"inLanguage":"es","potentialAction":[{"@type":"CommentAction","name":"Comment","target":["https:\/\/www.cetys.mx\/gozorros\/2023\/09\/15\/zorros-tijuana-representativos-2023\/#respond"]}]},{"@type":"WebPage","@id":"https:\/\/www.cetys.mx\/gozorros\/2023\/09\/15\/zorros-tijuana-representativos-2023\/","url":"https:\/\/www.cetys.mx\/gozorros\/2023\/09\/15\/zorros-tijuana-representativos-2023\/","name":"Zorros del Campus Tijuana presentan a equipos representativos para el per\u00edodo 2023-2 - CETYS Deportes","isPartOf":{"@id":"https:\/\/www.cetys.mx\/gozorros\/#website"},"primaryImageOfPage":{"@id":"https:\/\/www.cetys.mx\/gozorros\/2023\/09\/15\/zorros-tijuana-representativos-2023\/#primaryimage"},"image":{"@id":"https:\/\/www.cetys.mx\/gozorros\/2023\/09\/15\/zorros-tijuana-representativos-2023\/#primaryimage"},"thumbnailUrl":"https:\/\/www.cetys.mx\/gozorros\/wp-content\/uploads\/2023\/09\/Presentacion-de-equipos-campus-Tijuana.jpg","datePublished":"2023-09-16T00:28:12+00:00","dateModified":"2023-09-18T17:47:58+00:00","author":{"@id":"https:\/\/www.cetys.mx\/gozorros\/#\/schema\/person\/0fbb38fb2de1b59ec112d8eb63d1cb12"},"breadcrumb":{"@id":"https:\/\/www.cetys.mx\/gozorros\/2023\/09\/15\/zorros-tijuana-representativos-2023\/#breadcrumb"},"inLanguage":"es","potentialAction":[{"@type":"ReadAction","target":["https:\/\/www.cetys.mx\/gozorros\/2023\/09\/15\/zorros-tijuana-representativos-2023\/"]}]},{"@type":"ImageObject","inLanguage":"es","@id":"https:\/\/www.cetys.mx\/gozorros\/2023\/09\/15\/zorros-tijuana-representativos-2023\/#primaryimage","url":"https:\/\/www.cetys.mx\/gozorros\/wp-content\/uploads\/2023\/09\/Presentacion-de-equipos-campus-Tijuana.jpg","contentUrl":"https:\/\/www.cetys.mx\/gozorros\/wp-content\/uploads\/2023\/09\/Presentacion-de-equipos-campus-Tijuana.jpg","width":958,"height":637},{"@type":"BreadcrumbList","@id":"https:\/\/www.cetys.mx\/gozorros\/2023\/09\/15\/zorros-tijuana-representativos-2023\/#breadcrumb","itemListElement":[{"@type":"ListItem","position":1,"name":"Inicio","item":"https:\/\/www.cetys.mx\/gozorros\/"},{"@type":"ListItem","position":2,"name":"Zorros del Campus Tijuana presentan a equipos representativos para el per\u00edodo 2023-2"}]},{"@type":"WebSite","@id":"https:\/\/www.cetys.mx\/gozorros\/#website","url":"https:\/\/www.cetys.mx\/gozorros\/","name":"CETYS Deportes","description":"","potentialAction":[{"@type":"SearchAction","target":{"@type":"EntryPoint","urlTemplate":"https:\/\/www.cetys.mx\/gozorros\/?s={search_term_string}"},"query-input":{"@type":"PropertyValueSpecification","valueRequired":true,"valueName":"search_term_string"}}],"inLanguage":"es"},{"@type":"Person","@id":"https:\/\/www.cetys.mx\/gozorros\/#\/schema\/person\/0fbb38fb2de1b59ec112d8eb63d1cb12","name":"Direcci\u00f3n Estatal de Deportes CETYS Universidad","image":{"@type":"ImageObject","inLanguage":"es","@id":"https:\/\/secure.gravatar.com\/avatar\/7295e7c83b400ef2918cb73e91ab557a3db51c56861709b99942e60df8d2630e?s=96&d=mm&r=g","url":"https:\/\/secure.gravatar.com\/avatar\/7295e7c83b400ef2918cb73e91ab557a3db51c56861709b99942e60df8d2630e?s=96&d=mm&r=g","contentUrl":"https:\/\/secure.gravatar.com\/avatar\/7295e7c83b400ef2918cb73e91ab557a3db51c56861709b99942e60df8d2630e?s=96&d=mm&r=g","caption":"Direcci\u00f3n Estatal de Deportes CETYS Universidad"},"url":"https:\/\/www.cetys.mx\/gozorros\/author\/webmaster-deportes\/"}]}},"_links":{"self":[{"href":"https:\/\/www.cetys.mx\/gozorros\/wp-json\/wp\/v2\/posts\/11877","targetHints":{"allow":["GET"]}}],"collection":[{"href":"https:\/\/www.cetys.mx\/gozorros\/wp-json\/wp\/v2\/posts"}],"about":[{"href":"https:\/\/www.cetys.mx\/gozorros\/wp-json\/wp\/v2\/types\/post"}],"author":[{"embeddable":true,"href":"https:\/\/www.cetys.mx\/gozorros\/wp-json\/wp\/v2\/users\/5"}],"replies":[{"embeddable":true,"href":"https:\/\/www.cetys.mx\/gozorros\/wp-json\/wp\/v2\/comments?post=11877"}],"version-history":[{"count":2,"href":"https:\/\/www.cetys.mx\/gozorros\/wp-json\/wp\/v2\/posts\/11877\/revisions"}],"predecessor-version":[{"id":11896,"href":"https:\/\/www.cetys.mx\/gozorros\/wp-json\/wp\/v2\/posts\/11877\/revisions\/11896"}],"wp:featuredmedia":[{"embeddable":true,"href":"https:\/\/www.cetys.mx\/gozorros\/wp-json\/wp\/v2\/media\/11880"}],"wp:attachment":[{"href":"https:\/\/www.cetys.mx\/gozorros\/wp-json\/wp\/v2\/media?parent=11877"}],"wp:term":[{"taxonomy":"category","embeddable":true,"href":"https:\/\/www.cetys.mx\/gozorros\/wp-json\/wp\/v2\/categories?post=11877"},{"taxonomy":"post_tag","embeddable":true,"href":"https:\/\/www.cetys.mx\/gozorros\/wp-json\/wp\/v2\/tags?post=11877"}],"curies":[{"name":"wp","href":"https:\/\/api.w.org\/{rel}","templated":true}]}}