{"id":10430,"date":"2022-03-30T13:58:13","date_gmt":"2022-03-30T19:58:13","guid":{"rendered":"https:\/\/www.cetys.mx\/gozorros\/?p=10430"},"modified":"2022-03-30T13:58:13","modified_gmt":"2022-03-30T19:58:13","slug":"lista-la-delegacion-cetys-para-la-fase-regional-de-la-universiada-nacional-2022","status":"publish","type":"post","link":"https:\/\/www.cetys.mx\/gozorros\/2022\/03\/30\/lista-la-delegacion-cetys-para-la-fase-regional-de-la-universiada-nacional-2022\/","title":{"rendered":"Lista la delegaci\u00f3n CETYS para la fase regional de la Universiada Nacional 2022"},"content":{"rendered":"<p><span style=\"font-weight: 400;\">Casi un centenar de alumnos-atletas buscar\u00e1n sus pases al magno evento que se celebrar\u00e1 durante el mes de mayo<\/span><\/p>\n<p>&nbsp;<\/p>\n<p><span style=\"font-weight: 400;\">Los Zorros del CETYS Universidad est\u00e1n listos para encarar la etapa regional de la Universiada Nacional 2022, avalada por el Consejo Nacional del Deporte de la Educaci\u00f3n (CONDDE), con una delegaci\u00f3n integrada por 94 estudiantes-deportistas.<\/span><\/p>\n<p>&nbsp;<\/p>\n<p><span style=\"font-weight: 400;\">\u00a0Se trata de un evento especial porque es el primero en realizarse desde hace tres a\u00f1os, el correspondiente al 2020 fue cancelado ante la emergencia sanitaria por COVID-19. Doce son las disciplinas que se pondr\u00e1n a prueba en canchas del noroeste y centro de M\u00e9xico.<\/span><\/p>\n<p>&nbsp;<\/p>\n<p><span style=\"font-weight: 400;\"><img loading=\"lazy\" decoding=\"async\" class=\" wp-image-10431 alignleft\" src=\"https:\/\/www.cetys.mx\/gozorros\/wp-content\/uploads\/2022\/03\/DSC_0124-scaled.jpg\" alt=\"\" width=\"302\" height=\"201\" srcset=\"https:\/\/www.cetys.mx\/gozorros\/wp-content\/uploads\/2022\/03\/DSC_0124-scaled.jpg 2560w, https:\/\/www.cetys.mx\/gozorros\/wp-content\/uploads\/2022\/03\/DSC_0124-300x200.jpg 300w, https:\/\/www.cetys.mx\/gozorros\/wp-content\/uploads\/2022\/03\/DSC_0124-1024x683.jpg 1024w, https:\/\/www.cetys.mx\/gozorros\/wp-content\/uploads\/2022\/03\/DSC_0124-768x512.jpg 768w, https:\/\/www.cetys.mx\/gozorros\/wp-content\/uploads\/2022\/03\/DSC_0124-1536x1024.jpg 1536w, https:\/\/www.cetys.mx\/gozorros\/wp-content\/uploads\/2022\/03\/DSC_0124-2048x1365.jpg 2048w\" sizes=\"auto, (max-width: 302px) 100vw, 302px\" \/>La primera parte de esta etapa se desarrollar\u00e1 en Tijuana los d\u00edas 31 de marzo y 1 de abril con cuatro deportes: B\u00e1squetbol Femenil, B\u00e1squetbol Varonil, F\u00fatbol R\u00e1pido (F\u00fatbol Bardas) y Tiro con Arco. Las sedes son el Centro de Alto Rendimiento y el Gimnasio de la UABC.<\/span><\/p>\n<p>&nbsp;<\/p>\n<p><span style=\"font-weight: 400;\">Luego, en Cd. Obreg\u00f3n, Sonora, los Zorros tendr\u00e1n representaci\u00f3n en Taekwondo, en la competencia programada para desarrollarse el 3 y 4 de abril en las instalaciones deportivas del ITSON.<\/span><\/p>\n<p><img loading=\"lazy\" decoding=\"async\" class=\" wp-image-10435 aligncenter\" src=\"https:\/\/www.cetys.mx\/gozorros\/wp-content\/uploads\/2022\/03\/IMG_20220330_112400-scaled.jpg\" alt=\"\" width=\"545\" height=\"306\" srcset=\"https:\/\/www.cetys.mx\/gozorros\/wp-content\/uploads\/2022\/03\/IMG_20220330_112400-scaled.jpg 2560w, https:\/\/www.cetys.mx\/gozorros\/wp-content\/uploads\/2022\/03\/IMG_20220330_112400-300x169.jpg 300w, https:\/\/www.cetys.mx\/gozorros\/wp-content\/uploads\/2022\/03\/IMG_20220330_112400-1024x576.jpg 1024w, https:\/\/www.cetys.mx\/gozorros\/wp-content\/uploads\/2022\/03\/IMG_20220330_112400-768x432.jpg 768w, https:\/\/www.cetys.mx\/gozorros\/wp-content\/uploads\/2022\/03\/IMG_20220330_112400-1536x864.jpg 1536w, https:\/\/www.cetys.mx\/gozorros\/wp-content\/uploads\/2022\/03\/IMG_20220330_112400-2048x1152.jpg 2048w\" sizes=\"auto, (max-width: 545px) 100vw, 545px\" \/><\/p>\n<p>&nbsp;<\/p>\n<p><span style=\"font-weight: 400;\">La \u00faltima parte de la fase regional se efectuar\u00e1 en Culiac\u00e1n, Sinaloa, donde los deportistas de CETYS ver\u00e1n acci\u00f3n en cuatro deportes: B\u00e9isbol, Flag Football (Tochito), Atletismo y Ajedrez, cuyos encuentros se disputar\u00e1n del 5 al 7 de abril.\u00a0<\/span><\/p>\n<p><img loading=\"lazy\" decoding=\"async\" class=\" wp-image-10433 aligncenter\" src=\"https:\/\/www.cetys.mx\/gozorros\/wp-content\/uploads\/2022\/03\/DSC_0295-1-scaled.jpg\" alt=\"\" width=\"644\" height=\"430\" srcset=\"https:\/\/www.cetys.mx\/gozorros\/wp-content\/uploads\/2022\/03\/DSC_0295-1-scaled.jpg 2560w, https:\/\/www.cetys.mx\/gozorros\/wp-content\/uploads\/2022\/03\/DSC_0295-1-300x200.jpg 300w, https:\/\/www.cetys.mx\/gozorros\/wp-content\/uploads\/2022\/03\/DSC_0295-1-1024x683.jpg 1024w, https:\/\/www.cetys.mx\/gozorros\/wp-content\/uploads\/2022\/03\/DSC_0295-1-768x512.jpg 768w, https:\/\/www.cetys.mx\/gozorros\/wp-content\/uploads\/2022\/03\/DSC_0295-1-1536x1025.jpg 1536w, https:\/\/www.cetys.mx\/gozorros\/wp-content\/uploads\/2022\/03\/DSC_0295-1-2048x1367.jpg 2048w\" sizes=\"auto, (max-width: 644px) 100vw, 644px\" \/><\/p>\n<p>&nbsp;<\/p>\n<p><span style=\"font-weight: 400;\">Finalmente, m\u00e1s alumnos-atletas de CETYS Universidad acceder\u00e1n a la Universiada Nacional, disputando pases en los siguientes clasificatorios del mes de abril:<\/span><\/p>\n<p><span style=\"font-weight: 400;\">\u00a0<\/span><\/p>\n<ul>\n<li><span style=\"font-weight: 400;\">Taekwondo: del 7 al 9 en San Luis Potos\u00ed, SLP<\/span><\/li>\n<li><span style=\"font-weight: 400;\">Karate: del 18 al 21 en Oaxtepec, Morelos<\/span><\/li>\n<li><span style=\"font-weight: 400;\">Judo: del 21 al 24 en Oaxtepec, Morelos<\/span><\/li>\n<li><span style=\"font-weight: 400;\">Esgrima: del 23 al 26 en Santiago de Quer\u00e9taro<\/span><\/li>\n<\/ul>\n<p><img loading=\"lazy\" decoding=\"async\" class=\" wp-image-10432 aligncenter\" src=\"https:\/\/www.cetys.mx\/gozorros\/wp-content\/uploads\/2022\/03\/ESGRIMA-CARLOS2.jpeg\" alt=\"\" width=\"713\" height=\"475\" srcset=\"https:\/\/www.cetys.mx\/gozorros\/wp-content\/uploads\/2022\/03\/ESGRIMA-CARLOS2.jpeg 1080w, https:\/\/www.cetys.mx\/gozorros\/wp-content\/uploads\/2022\/03\/ESGRIMA-CARLOS2-300x200.jpeg 300w, https:\/\/www.cetys.mx\/gozorros\/wp-content\/uploads\/2022\/03\/ESGRIMA-CARLOS2-1024x683.jpeg 1024w, https:\/\/www.cetys.mx\/gozorros\/wp-content\/uploads\/2022\/03\/ESGRIMA-CARLOS2-768x512.jpeg 768w\" sizes=\"auto, (max-width: 713px) 100vw, 713px\" \/><\/p>\n<p><span style=\"font-weight: 400;\">\u00a0<\/span><\/p>\n<p><span style=\"font-weight: 400;\">La Universiada Nacional tendr\u00e1 por sede Cd. Ju\u00e1rez, Chihuahua del 12 al 28 de mayo.<\/span><\/p>\n","protected":false},"excerpt":{"rendered":"<p>Casi un centenar de alumnos-atletas buscar\u00e1n sus pases al magno evento que se celebrar\u00e1 durante el mes de mayo &nbsp; Los Zorros del CETYS Universidad est\u00e1n listos para encarar la [&hellip;]<\/p>\n","protected":false},"author":5,"featured_media":10434,"comment_status":"open","ping_status":"open","sticky":false,"template":"","format":"standard","meta":{"footnotes":""},"categories":[119,87,120],"tags":[128,131,142,223,341],"class_list":["post-10430","post","type-post","status-publish","format-standard","has-post-thumbnail","hentry","category-deportes","category-destacados","category-portada","tag-gozorros","tag-cetys-universidad","tag-condde","tag-deporte-colegial","tag-universiada-2022"],"yoast_head":"<!-- This site is optimized with the Yoast SEO plugin v27.4 - https:\/\/yoast.com\/product\/yoast-seo-wordpress\/ -->\n<title>Lista la delegaci\u00f3n CETYS para la fase regional de la Universiada Nacional 2022 - CETYS Deportes<\/title>\n<meta name=\"robots\" content=\"index, follow, max-snippet:-1, max-image-preview:large, max-video-preview:-1\" \/>\n<link rel=\"canonical\" href=\"https:\/\/www.cetys.mx\/gozorros\/2022\/03\/30\/lista-la-delegacion-cetys-para-la-fase-regional-de-la-universiada-nacional-2022\/\" \/>\n<meta property=\"og:locale\" content=\"es_MX\" \/>\n<meta property=\"og:type\" content=\"article\" \/>\n<meta property=\"og:title\" content=\"Lista la delegaci\u00f3n CETYS para la fase regional de la Universiada Nacional 2022 - CETYS Deportes\" \/>\n<meta property=\"og:description\" content=\"Casi un centenar de alumnos-atletas buscar\u00e1n sus pases al magno evento que se celebrar\u00e1 durante el mes de mayo &nbsp; Los Zorros del CETYS Universidad est\u00e1n listos para encarar la [&hellip;]\" \/>\n<meta property=\"og:url\" content=\"https:\/\/www.cetys.mx\/gozorros\/2022\/03\/30\/lista-la-delegacion-cetys-para-la-fase-regional-de-la-universiada-nacional-2022\/\" \/>\n<meta property=\"og:site_name\" content=\"CETYS Deportes\" \/>\n<meta property=\"article:published_time\" content=\"2022-03-30T19:58:13+00:00\" \/>\n<meta property=\"og:image\" content=\"https:\/\/www.cetys.mx\/gozorros\/wp-content\/uploads\/2022\/03\/Universiada-2022.jpg\" \/>\n\t<meta property=\"og:image:width\" content=\"958\" \/>\n\t<meta property=\"og:image:height\" content=\"637\" \/>\n\t<meta property=\"og:image:type\" content=\"image\/jpeg\" \/>\n<meta name=\"author\" content=\"Direcci\u00f3n Estatal de Deportes CETYS Universidad\" \/>\n<meta name=\"twitter:card\" content=\"summary_large_image\" \/>\n<meta name=\"twitter:label1\" content=\"Escrito por\" \/>\n\t<meta name=\"twitter:data1\" content=\"Direcci\u00f3n Estatal de Deportes CETYS Universidad\" \/>\n\t<meta name=\"twitter:label2\" content=\"Tiempo de lectura\" \/>\n\t<meta name=\"twitter:data2\" content=\"1 minuto\" \/>\n<script type=\"application\/ld+json\" class=\"yoast-schema-graph\">{\"@context\":\"https:\\\/\\\/schema.org\",\"@graph\":[{\"@type\":\"Article\",\"@id\":\"https:\\\/\\\/www.cetys.mx\\\/gozorros\\\/2022\\\/03\\\/30\\\/lista-la-delegacion-cetys-para-la-fase-regional-de-la-universiada-nacional-2022\\\/#article\",\"isPartOf\":{\"@id\":\"https:\\\/\\\/www.cetys.mx\\\/gozorros\\\/2022\\\/03\\\/30\\\/lista-la-delegacion-cetys-para-la-fase-regional-de-la-universiada-nacional-2022\\\/\"},\"author\":{\"name\":\"Direcci\u00f3n Estatal de Deportes CETYS Universidad\",\"@id\":\"https:\\\/\\\/www.cetys.mx\\\/gozorros\\\/#\\\/schema\\\/person\\\/0fbb38fb2de1b59ec112d8eb63d1cb12\"},\"headline\":\"Lista la delegaci\u00f3n CETYS para la fase regional de la Universiada Nacional 2022\",\"datePublished\":\"2022-03-30T19:58:13+00:00\",\"mainEntityOfPage\":{\"@id\":\"https:\\\/\\\/www.cetys.mx\\\/gozorros\\\/2022\\\/03\\\/30\\\/lista-la-delegacion-cetys-para-la-fase-regional-de-la-universiada-nacional-2022\\\/\"},\"wordCount\":311,\"commentCount\":0,\"image\":{\"@id\":\"https:\\\/\\\/www.cetys.mx\\\/gozorros\\\/2022\\\/03\\\/30\\\/lista-la-delegacion-cetys-para-la-fase-regional-de-la-universiada-nacional-2022\\\/#primaryimage\"},\"thumbnailUrl\":\"https:\\\/\\\/www.cetys.mx\\\/gozorros\\\/wp-content\\\/uploads\\\/2022\\\/03\\\/Universiada-2022.jpg\",\"keywords\":[\"#GoZorros\",\"CETYS Universidad\",\"condde\",\"Deporte Colegial\",\"Universiada 2022\"],\"articleSection\":[\"Deportes\",\"Destacados\",\"Portada\"],\"inLanguage\":\"es\",\"potentialAction\":[{\"@type\":\"CommentAction\",\"name\":\"Comment\",\"target\":[\"https:\\\/\\\/www.cetys.mx\\\/gozorros\\\/2022\\\/03\\\/30\\\/lista-la-delegacion-cetys-para-la-fase-regional-de-la-universiada-nacional-2022\\\/#respond\"]}]},{\"@type\":\"WebPage\",\"@id\":\"https:\\\/\\\/www.cetys.mx\\\/gozorros\\\/2022\\\/03\\\/30\\\/lista-la-delegacion-cetys-para-la-fase-regional-de-la-universiada-nacional-2022\\\/\",\"url\":\"https:\\\/\\\/www.cetys.mx\\\/gozorros\\\/2022\\\/03\\\/30\\\/lista-la-delegacion-cetys-para-la-fase-regional-de-la-universiada-nacional-2022\\\/\",\"name\":\"Lista la delegaci\u00f3n CETYS para la fase regional de la Universiada Nacional 2022 - CETYS Deportes\",\"isPartOf\":{\"@id\":\"https:\\\/\\\/www.cetys.mx\\\/gozorros\\\/#website\"},\"primaryImageOfPage\":{\"@id\":\"https:\\\/\\\/www.cetys.mx\\\/gozorros\\\/2022\\\/03\\\/30\\\/lista-la-delegacion-cetys-para-la-fase-regional-de-la-universiada-nacional-2022\\\/#primaryimage\"},\"image\":{\"@id\":\"https:\\\/\\\/www.cetys.mx\\\/gozorros\\\/2022\\\/03\\\/30\\\/lista-la-delegacion-cetys-para-la-fase-regional-de-la-universiada-nacional-2022\\\/#primaryimage\"},\"thumbnailUrl\":\"https:\\\/\\\/www.cetys.mx\\\/gozorros\\\/wp-content\\\/uploads\\\/2022\\\/03\\\/Universiada-2022.jpg\",\"datePublished\":\"2022-03-30T19:58:13+00:00\",\"author\":{\"@id\":\"https:\\\/\\\/www.cetys.mx\\\/gozorros\\\/#\\\/schema\\\/person\\\/0fbb38fb2de1b59ec112d8eb63d1cb12\"},\"breadcrumb\":{\"@id\":\"https:\\\/\\\/www.cetys.mx\\\/gozorros\\\/2022\\\/03\\\/30\\\/lista-la-delegacion-cetys-para-la-fase-regional-de-la-universiada-nacional-2022\\\/#breadcrumb\"},\"inLanguage\":\"es\",\"potentialAction\":[{\"@type\":\"ReadAction\",\"target\":[\"https:\\\/\\\/www.cetys.mx\\\/gozorros\\\/2022\\\/03\\\/30\\\/lista-la-delegacion-cetys-para-la-fase-regional-de-la-universiada-nacional-2022\\\/\"]}]},{\"@type\":\"ImageObject\",\"inLanguage\":\"es\",\"@id\":\"https:\\\/\\\/www.cetys.mx\\\/gozorros\\\/2022\\\/03\\\/30\\\/lista-la-delegacion-cetys-para-la-fase-regional-de-la-universiada-nacional-2022\\\/#primaryimage\",\"url\":\"https:\\\/\\\/www.cetys.mx\\\/gozorros\\\/wp-content\\\/uploads\\\/2022\\\/03\\\/Universiada-2022.jpg\",\"contentUrl\":\"https:\\\/\\\/www.cetys.mx\\\/gozorros\\\/wp-content\\\/uploads\\\/2022\\\/03\\\/Universiada-2022.jpg\",\"width\":958,\"height\":637},{\"@type\":\"BreadcrumbList\",\"@id\":\"https:\\\/\\\/www.cetys.mx\\\/gozorros\\\/2022\\\/03\\\/30\\\/lista-la-delegacion-cetys-para-la-fase-regional-de-la-universiada-nacional-2022\\\/#breadcrumb\",\"itemListElement\":[{\"@type\":\"ListItem\",\"position\":1,\"name\":\"Inicio\",\"item\":\"https:\\\/\\\/www.cetys.mx\\\/gozorros\\\/\"},{\"@type\":\"ListItem\",\"position\":2,\"name\":\"Lista la delegaci\u00f3n CETYS para la fase regional de la Universiada Nacional 2022\"}]},{\"@type\":\"WebSite\",\"@id\":\"https:\\\/\\\/www.cetys.mx\\\/gozorros\\\/#website\",\"url\":\"https:\\\/\\\/www.cetys.mx\\\/gozorros\\\/\",\"name\":\"CETYS Deportes\",\"description\":\"\",\"potentialAction\":[{\"@type\":\"SearchAction\",\"target\":{\"@type\":\"EntryPoint\",\"urlTemplate\":\"https:\\\/\\\/www.cetys.mx\\\/gozorros\\\/?s={search_term_string}\"},\"query-input\":{\"@type\":\"PropertyValueSpecification\",\"valueRequired\":true,\"valueName\":\"search_term_string\"}}],\"inLanguage\":\"es\"},{\"@type\":\"Person\",\"@id\":\"https:\\\/\\\/www.cetys.mx\\\/gozorros\\\/#\\\/schema\\\/person\\\/0fbb38fb2de1b59ec112d8eb63d1cb12\",\"name\":\"Direcci\u00f3n Estatal de Deportes CETYS Universidad\",\"image\":{\"@type\":\"ImageObject\",\"inLanguage\":\"es\",\"@id\":\"https:\\\/\\\/secure.gravatar.com\\\/avatar\\\/7295e7c83b400ef2918cb73e91ab557a3db51c56861709b99942e60df8d2630e?s=96&d=mm&r=g\",\"url\":\"https:\\\/\\\/secure.gravatar.com\\\/avatar\\\/7295e7c83b400ef2918cb73e91ab557a3db51c56861709b99942e60df8d2630e?s=96&d=mm&r=g\",\"contentUrl\":\"https:\\\/\\\/secure.gravatar.com\\\/avatar\\\/7295e7c83b400ef2918cb73e91ab557a3db51c56861709b99942e60df8d2630e?s=96&d=mm&r=g\",\"caption\":\"Direcci\u00f3n Estatal de Deportes CETYS Universidad\"},\"url\":\"https:\\\/\\\/www.cetys.mx\\\/gozorros\\\/author\\\/webmaster-deportes\\\/\"}]}<\/script>\n<!-- \/ Yoast SEO plugin. -->","yoast_head_json":{"title":"Lista la delegaci\u00f3n CETYS para la fase regional de la Universiada Nacional 2022 - CETYS Deportes","robots":{"index":"index","follow":"follow","max-snippet":"max-snippet:-1","max-image-preview":"max-image-preview:large","max-video-preview":"max-video-preview:-1"},"canonical":"https:\/\/www.cetys.mx\/gozorros\/2022\/03\/30\/lista-la-delegacion-cetys-para-la-fase-regional-de-la-universiada-nacional-2022\/","og_locale":"es_MX","og_type":"article","og_title":"Lista la delegaci\u00f3n CETYS para la fase regional de la Universiada Nacional 2022 - CETYS Deportes","og_description":"Casi un centenar de alumnos-atletas buscar\u00e1n sus pases al magno evento que se celebrar\u00e1 durante el mes de mayo &nbsp; Los Zorros del CETYS Universidad est\u00e1n listos para encarar la [&hellip;]","og_url":"https:\/\/www.cetys.mx\/gozorros\/2022\/03\/30\/lista-la-delegacion-cetys-para-la-fase-regional-de-la-universiada-nacional-2022\/","og_site_name":"CETYS Deportes","article_published_time":"2022-03-30T19:58:13+00:00","og_image":[{"width":958,"height":637,"url":"https:\/\/www.cetys.mx\/gozorros\/wp-content\/uploads\/2022\/03\/Universiada-2022.jpg","type":"image\/jpeg"}],"author":"Direcci\u00f3n Estatal de Deportes CETYS Universidad","twitter_card":"summary_large_image","twitter_misc":{"Escrito por":"Direcci\u00f3n Estatal de Deportes CETYS Universidad","Tiempo de lectura":"1 minuto"},"schema":{"@context":"https:\/\/schema.org","@graph":[{"@type":"Article","@id":"https:\/\/www.cetys.mx\/gozorros\/2022\/03\/30\/lista-la-delegacion-cetys-para-la-fase-regional-de-la-universiada-nacional-2022\/#article","isPartOf":{"@id":"https:\/\/www.cetys.mx\/gozorros\/2022\/03\/30\/lista-la-delegacion-cetys-para-la-fase-regional-de-la-universiada-nacional-2022\/"},"author":{"name":"Direcci\u00f3n Estatal de Deportes CETYS Universidad","@id":"https:\/\/www.cetys.mx\/gozorros\/#\/schema\/person\/0fbb38fb2de1b59ec112d8eb63d1cb12"},"headline":"Lista la delegaci\u00f3n CETYS para la fase regional de la Universiada Nacional 2022","datePublished":"2022-03-30T19:58:13+00:00","mainEntityOfPage":{"@id":"https:\/\/www.cetys.mx\/gozorros\/2022\/03\/30\/lista-la-delegacion-cetys-para-la-fase-regional-de-la-universiada-nacional-2022\/"},"wordCount":311,"commentCount":0,"image":{"@id":"https:\/\/www.cetys.mx\/gozorros\/2022\/03\/30\/lista-la-delegacion-cetys-para-la-fase-regional-de-la-universiada-nacional-2022\/#primaryimage"},"thumbnailUrl":"https:\/\/www.cetys.mx\/gozorros\/wp-content\/uploads\/2022\/03\/Universiada-2022.jpg","keywords":["#GoZorros","CETYS Universidad","condde","Deporte Colegial","Universiada 2022"],"articleSection":["Deportes","Destacados","Portada"],"inLanguage":"es","potentialAction":[{"@type":"CommentAction","name":"Comment","target":["https:\/\/www.cetys.mx\/gozorros\/2022\/03\/30\/lista-la-delegacion-cetys-para-la-fase-regional-de-la-universiada-nacional-2022\/#respond"]}]},{"@type":"WebPage","@id":"https:\/\/www.cetys.mx\/gozorros\/2022\/03\/30\/lista-la-delegacion-cetys-para-la-fase-regional-de-la-universiada-nacional-2022\/","url":"https:\/\/www.cetys.mx\/gozorros\/2022\/03\/30\/lista-la-delegacion-cetys-para-la-fase-regional-de-la-universiada-nacional-2022\/","name":"Lista la delegaci\u00f3n CETYS para la fase regional de la Universiada Nacional 2022 - CETYS Deportes","isPartOf":{"@id":"https:\/\/www.cetys.mx\/gozorros\/#website"},"primaryImageOfPage":{"@id":"https:\/\/www.cetys.mx\/gozorros\/2022\/03\/30\/lista-la-delegacion-cetys-para-la-fase-regional-de-la-universiada-nacional-2022\/#primaryimage"},"image":{"@id":"https:\/\/www.cetys.mx\/gozorros\/2022\/03\/30\/lista-la-delegacion-cetys-para-la-fase-regional-de-la-universiada-nacional-2022\/#primaryimage"},"thumbnailUrl":"https:\/\/www.cetys.mx\/gozorros\/wp-content\/uploads\/2022\/03\/Universiada-2022.jpg","datePublished":"2022-03-30T19:58:13+00:00","author":{"@id":"https:\/\/www.cetys.mx\/gozorros\/#\/schema\/person\/0fbb38fb2de1b59ec112d8eb63d1cb12"},"breadcrumb":{"@id":"https:\/\/www.cetys.mx\/gozorros\/2022\/03\/30\/lista-la-delegacion-cetys-para-la-fase-regional-de-la-universiada-nacional-2022\/#breadcrumb"},"inLanguage":"es","potentialAction":[{"@type":"ReadAction","target":["https:\/\/www.cetys.mx\/gozorros\/2022\/03\/30\/lista-la-delegacion-cetys-para-la-fase-regional-de-la-universiada-nacional-2022\/"]}]},{"@type":"ImageObject","inLanguage":"es","@id":"https:\/\/www.cetys.mx\/gozorros\/2022\/03\/30\/lista-la-delegacion-cetys-para-la-fase-regional-de-la-universiada-nacional-2022\/#primaryimage","url":"https:\/\/www.cetys.mx\/gozorros\/wp-content\/uploads\/2022\/03\/Universiada-2022.jpg","contentUrl":"https:\/\/www.cetys.mx\/gozorros\/wp-content\/uploads\/2022\/03\/Universiada-2022.jpg","width":958,"height":637},{"@type":"BreadcrumbList","@id":"https:\/\/www.cetys.mx\/gozorros\/2022\/03\/30\/lista-la-delegacion-cetys-para-la-fase-regional-de-la-universiada-nacional-2022\/#breadcrumb","itemListElement":[{"@type":"ListItem","position":1,"name":"Inicio","item":"https:\/\/www.cetys.mx\/gozorros\/"},{"@type":"ListItem","position":2,"name":"Lista la delegaci\u00f3n CETYS para la fase regional de la Universiada Nacional 2022"}]},{"@type":"WebSite","@id":"https:\/\/www.cetys.mx\/gozorros\/#website","url":"https:\/\/www.cetys.mx\/gozorros\/","name":"CETYS Deportes","description":"","potentialAction":[{"@type":"SearchAction","target":{"@type":"EntryPoint","urlTemplate":"https:\/\/www.cetys.mx\/gozorros\/?s={search_term_string}"},"query-input":{"@type":"PropertyValueSpecification","valueRequired":true,"valueName":"search_term_string"}}],"inLanguage":"es"},{"@type":"Person","@id":"https:\/\/www.cetys.mx\/gozorros\/#\/schema\/person\/0fbb38fb2de1b59ec112d8eb63d1cb12","name":"Direcci\u00f3n Estatal de Deportes CETYS Universidad","image":{"@type":"ImageObject","inLanguage":"es","@id":"https:\/\/secure.gravatar.com\/avatar\/7295e7c83b400ef2918cb73e91ab557a3db51c56861709b99942e60df8d2630e?s=96&d=mm&r=g","url":"https:\/\/secure.gravatar.com\/avatar\/7295e7c83b400ef2918cb73e91ab557a3db51c56861709b99942e60df8d2630e?s=96&d=mm&r=g","contentUrl":"https:\/\/secure.gravatar.com\/avatar\/7295e7c83b400ef2918cb73e91ab557a3db51c56861709b99942e60df8d2630e?s=96&d=mm&r=g","caption":"Direcci\u00f3n Estatal de Deportes CETYS Universidad"},"url":"https:\/\/www.cetys.mx\/gozorros\/author\/webmaster-deportes\/"}]}},"_links":{"self":[{"href":"https:\/\/www.cetys.mx\/gozorros\/wp-json\/wp\/v2\/posts\/10430","targetHints":{"allow":["GET"]}}],"collection":[{"href":"https:\/\/www.cetys.mx\/gozorros\/wp-json\/wp\/v2\/posts"}],"about":[{"href":"https:\/\/www.cetys.mx\/gozorros\/wp-json\/wp\/v2\/types\/post"}],"author":[{"embeddable":true,"href":"https:\/\/www.cetys.mx\/gozorros\/wp-json\/wp\/v2\/users\/5"}],"replies":[{"embeddable":true,"href":"https:\/\/www.cetys.mx\/gozorros\/wp-json\/wp\/v2\/comments?post=10430"}],"version-history":[{"count":1,"href":"https:\/\/www.cetys.mx\/gozorros\/wp-json\/wp\/v2\/posts\/10430\/revisions"}],"predecessor-version":[{"id":10436,"href":"https:\/\/www.cetys.mx\/gozorros\/wp-json\/wp\/v2\/posts\/10430\/revisions\/10436"}],"wp:featuredmedia":[{"embeddable":true,"href":"https:\/\/www.cetys.mx\/gozorros\/wp-json\/wp\/v2\/media\/10434"}],"wp:attachment":[{"href":"https:\/\/www.cetys.mx\/gozorros\/wp-json\/wp\/v2\/media?parent=10430"}],"wp:term":[{"taxonomy":"category","embeddable":true,"href":"https:\/\/www.cetys.mx\/gozorros\/wp-json\/wp\/v2\/categories?post=10430"},{"taxonomy":"post_tag","embeddable":true,"href":"https:\/\/www.cetys.mx\/gozorros\/wp-json\/wp\/v2\/tags?post=10430"}],"curies":[{"name":"wp","href":"https:\/\/api.w.org\/{rel}","templated":true}]}}