{"id":7764,"date":"2025-09-11T16:12:00","date_gmt":"2025-09-11T23:12:00","guid":{"rendered":"https:\/\/www.cetys.mx\/educon\/?p=7764"},"modified":"2025-10-06T15:22:29","modified_gmt":"2025-10-06T22:22:29","slug":"como-fortalecer-el-compromiso-y-la-motivacion-del-personal-claves-para-el-exito-organizacional","status":"publish","type":"post","link":"https:\/\/www.cetys.mx\/educon\/como-fortalecer-el-compromiso-y-la-motivacion-del-personal-claves-para-el-exito-organizacional\/","title":{"rendered":"C\u00f3mo fortalecer el compromiso y la motivaci\u00f3n del personal: claves para el \u00e9xito organizacional"},"content":{"rendered":"\n<p>En un entorno empresarial cada vez m\u00e1s competitivo, el compromiso organizacional y la motivaci\u00f3n laboral se han convertido en factores esenciales para el \u00e9xito. Las organizaciones que logran inspirar a sus colaboradores no solo incrementan su productividad, sino que tambi\u00e9n fortalecen su cultura interna, reducen la rotaci\u00f3n y construyen equipos m\u00e1s resilientes frente al cambio.<\/p>\n\n\n\n<p>Fomentar un ambiente en el que las personas se sientan valoradas, escuchadas y alineadas con los objetivos institucionales no es tarea sencilla, pero s\u00ed es posible con estrategias bien dise\u00f1adas dentro de un plan de desarrollo organizacional.<\/p>\n\n\n\n<h2 class=\"wp-block-heading\"><strong>La motivaci\u00f3n como motor del rendimiento<\/strong><\/h2>\n\n\n\n<p>La motivaci\u00f3n laboral no solo depende de incentivos econ\u00f3micos. Estudios recientes muestran que los colaboradores se comprometen m\u00e1s cuando perciben un prop\u00f3sito claro en su trabajo, oportunidades reales de crecimiento y reconocimiento por su esfuerzo.<\/p>\n\n\n\n<p>Por ello, las empresas m\u00e1s exitosas son aquellas que comprenden que la motivaci\u00f3n se construye desde la cultura: promoviendo la confianza, la comunicaci\u00f3n abierta y el sentido de pertenencia.<\/p>\n\n\n\n<h2 class=\"wp-block-heading\"><strong>Crear una cultura de reconocimiento y prop\u00f3sito<\/strong><\/h2>\n\n\n\n<ol start=\"2\" class=\"wp-block-list\"><\/ol>\n\n\n\n<p>Una de las estrategias m\u00e1s efectivas para elevar el compromiso organizacional es desarrollar una cultura de reconocimiento constante. Esto no significa \u00fanicamente otorgar premios o bonos, sino tambi\u00e9n generar espacios donde los logros individuales y colectivos sean celebrados.<\/p>\n\n\n\n<p>Cuando los empleados entienden c\u00f3mo su trabajo contribuye al prop\u00f3sito general de la organizaci\u00f3n, se sienten parte de algo m\u00e1s grande. Esta conexi\u00f3n emocional impulsa su compromiso y refuerza su deseo de aportar al crecimiento del equipo.<\/p>\n\n\n\n<h2 class=\"wp-block-heading\"><strong>Fomentar el bienestar integral en el trabajo<\/strong><\/h2>\n\n\n\n<ol start=\"3\" class=\"wp-block-list\"><\/ol>\n\n\n\n<p>El bienestar en el trabajo es otro pilar clave para mantener una fuerza laboral comprometida. Esto incluye promover un equilibrio saludable entre la vida profesional y personal, ofrecer entornos ergon\u00f3micos, programas de salud mental y actividades de integraci\u00f3n.<\/p>\n\n\n\n<p>Las empresas que apuestan por el bienestar integral demuestran que valoran a su gente m\u00e1s all\u00e1 de su productividad, y eso se traduce en lealtad, satisfacci\u00f3n y mejores resultados a largo plazo.<\/p>\n\n\n\n<h2 class=\"wp-block-heading\">Formaci\u00f3n y desarrollo continuo<\/h2>\n\n\n\n<ol start=\"4\" class=\"wp-block-list\"><\/ol>\n\n\n\n<p>Invertir en el desarrollo profesional de los colaboradores no solo aumenta sus competencias, sino tambi\u00e9n su nivel de compromiso. Los programas de capacitaci\u00f3n, mentoring y certificaciones son una herramienta poderosa para demostrar que la organizaci\u00f3n cree en su crecimiento.<\/p>\n\n\n\n<p>El desarrollo organizacional no ocurre de forma aislada; requiere que las personas evolucionen junto con la empresa. Cuando los l\u00edderes promueven el aprendizaje constante, est\u00e1n fortaleciendo la estructura misma de la organizaci\u00f3n.<\/p>\n\n\n\n<h2 class=\"wp-block-heading\"><strong>El liderazgo emp\u00e1tico y la comunicaci\u00f3n efectiva<\/strong><\/h2>\n\n\n\n<ol start=\"5\" class=\"wp-block-list\"><\/ol>\n\n\n\n<p>Un l\u00edder emp\u00e1tico y transparente puede marcar la diferencia entre un equipo desmotivado y uno altamente comprometido. La comunicaci\u00f3n efectiva permite resolver conflictos, generar confianza y alinear esfuerzos hacia objetivos comunes.<\/p>\n\n\n\n<p>Los l\u00edderes que escuchan activamente, retroalimentan con respeto y promueven la colaboraci\u00f3n construyen equipos m\u00e1s cohesionados y productivos, sentando las bases para un clima laboral saludable.<\/p>\n\n\n\n<h2 class=\"wp-block-heading\"><strong>Medir el compromiso para mejorar continuamente<\/strong><\/h2>\n\n\n\n<ol start=\"6\" class=\"wp-block-list\"><\/ol>\n\n\n\n<p>Finalmente, ninguna estrategia de motivaci\u00f3n o compromiso ser\u00e1 sostenible si no se mide. Aplicar encuestas de clima laboral, entrevistas y mecanismos de retroalimentaci\u00f3n continua permite identificar \u00e1reas de oportunidad y ajustar acciones de mejora.<\/p>\n\n\n\n<p>El compromiso organizacional no es est\u00e1tico; evoluciona con las personas y las condiciones del entorno. Por eso, las empresas deben adoptar una mentalidad de mejora continua para mantenerlo vivo.<\/p>\n\n\n\n<h2 class=\"wp-block-heading\"><strong>Conclusi\u00f3n<\/strong><\/h2>\n\n\n\n<p>Fortalecer la motivaci\u00f3n laboral y el compromiso organizacional no solo mejora los resultados, sino que transforma la cultura interna y posiciona a la empresa como un lugar donde las personas quieren estar y crecer.<\/p>\n\n\n\n<hr class=\"wp-block-separator has-alpha-channel-opacity\"\/>\n\n\n\n<p>Si te interesa aprender a implementar estrategias efectivas para desarrollar equipos comprometidos y mejorar el clima organizacional de tu empresa, te invitamos a conocer el <a href=\"https:\/\/www.cetys.mx\/educon\/programas\/diplomado-en-desarrollo-organizacional\/\">Diplomado en Desarrollo Organizacional<\/a> que ofrece el Departamento de Educaci\u00f3n Continua de CETYS Universidad Campus Mexicali.<br><br><strong>Conoce m\u00e1s aqu\u00ed:<\/strong><br><a href=\"https:\/\/www.cetys.mx\/educon\/programas\/diplomado-en-desarrollo-organizacional\/\">https:\/\/www.cetys.mx\/educon\/programas\/diplomado-en-desarrollo-organizacional\/<\/a><\/p>\n\n\n\n<p><\/p>\n","protected":false},"excerpt":{"rendered":"<p>Fortalecer la motivaci\u00f3n y el compromiso del personal es clave para el \u00e9xito empresarial. Descubre c\u00f3mo crear una cultura organizacional basada en el bienestar, la comunicaci\u00f3n y el reconocimiento que impulse la productividad y el sentido de pertenencia en tu equipo.<\/p>\n","protected":false},"author":1,"featured_media":7765,"comment_status":"open","ping_status":"open","sticky":false,"template":"","format":"standard","meta":{"footnotes":""},"categories":[22,28],"tags":[34],"categoria_programa":[47],"class_list":["post-7764","post","type-post","status-publish","format-standard","has-post-thumbnail","hentry","category-articulos","category-desarrollo-organizacional-y-capital-humano","tag-mexicali","categoria_programa-desarrollo-organizacional-y-capital-humano"],"acf":[],"yoast_head":"<!-- This site is optimized with the Yoast SEO plugin v20.9 - https:\/\/yoast.com\/wordpress\/plugins\/seo\/ -->\n<title>C\u00f3mo fortalecer el compromiso y la motivaci\u00f3n del personal: claves para el \u00e9xito organizacional - CETYS Educaci\u00f3n Continua<\/title>\n<meta name=\"description\" content=\"Fortalecer la motivaci\u00f3n y el compromiso del personal es clave para el \u00e9xito empresarial. Descubre c\u00f3mo crear una cultura organizacional basada en el bienestar, la comunicaci\u00f3n y el reconocimiento que impulse la productividad y el sentido de pertenencia en tu equipo.\" \/>\n<meta name=\"robots\" content=\"index, follow, max-snippet:-1, max-image-preview:large, max-video-preview:-1\" \/>\n<link rel=\"canonical\" href=\"https:\/\/www.cetys.mx\/educon\/como-fortalecer-el-compromiso-y-la-motivacion-del-personal-claves-para-el-exito-organizacional\/\" \/>\n<meta property=\"og:locale\" content=\"es_MX\" \/>\n<meta property=\"og:type\" content=\"article\" \/>\n<meta property=\"og:title\" content=\"C\u00f3mo fortalecer el compromiso y la motivaci\u00f3n del personal: claves para el \u00e9xito organizacional - CETYS Educaci\u00f3n Continua\" \/>\n<meta property=\"og:description\" content=\"Fortalecer la motivaci\u00f3n y el compromiso del personal es clave para el \u00e9xito empresarial. Descubre c\u00f3mo crear una cultura organizacional basada en el bienestar, la comunicaci\u00f3n y el reconocimiento que impulse la productividad y el sentido de pertenencia en tu equipo.\" \/>\n<meta property=\"og:url\" content=\"https:\/\/www.cetys.mx\/educon\/como-fortalecer-el-compromiso-y-la-motivacion-del-personal-claves-para-el-exito-organizacional\/\" \/>\n<meta property=\"og:site_name\" content=\"CETYS Educaci\u00f3n Continua\" \/>\n<meta property=\"article:published_time\" content=\"2025-09-11T23:12:00+00:00\" \/>\n<meta property=\"article:modified_time\" content=\"2025-10-06T22:22:29+00:00\" \/>\n<meta property=\"og:image\" content=\"https:\/\/www.cetys.mx\/educon\/wp-content\/uploads\/2025\/10\/happy-business-team-with-raised-hands-celebrating-their-success-office-scaled.jpg\" \/>\n\t<meta property=\"og:image:width\" content=\"2560\" \/>\n\t<meta property=\"og:image:height\" content=\"1707\" \/>\n\t<meta property=\"og:image:type\" content=\"image\/jpeg\" \/>\n<meta name=\"author\" content=\"CETYS Educaci\u00f3n Continua\" \/>\n<meta name=\"twitter:card\" content=\"summary_large_image\" \/>\n<meta name=\"twitter:label1\" content=\"Escrito por\" \/>\n\t<meta name=\"twitter:data1\" content=\"CETYS Educaci\u00f3n Continua\" \/>\n\t<meta name=\"twitter:label2\" content=\"Tiempo de lectura\" \/>\n\t<meta name=\"twitter:data2\" content=\"3 minutos\" \/>\n<script type=\"application\/ld+json\" class=\"yoast-schema-graph\">{\"@context\":\"https:\/\/schema.org\",\"@graph\":[{\"@type\":\"WebPage\",\"@id\":\"https:\/\/www.cetys.mx\/educon\/como-fortalecer-el-compromiso-y-la-motivacion-del-personal-claves-para-el-exito-organizacional\/\",\"url\":\"https:\/\/www.cetys.mx\/educon\/como-fortalecer-el-compromiso-y-la-motivacion-del-personal-claves-para-el-exito-organizacional\/\",\"name\":\"C\u00f3mo fortalecer el compromiso y la motivaci\u00f3n del personal: claves para el \u00e9xito organizacional - CETYS Educaci\u00f3n Continua\",\"isPartOf\":{\"@id\":\"https:\/\/www.cetys.mx\/educon\/#website\"},\"datePublished\":\"2025-09-11T23:12:00+00:00\",\"dateModified\":\"2025-10-06T22:22:29+00:00\",\"author\":{\"@id\":\"https:\/\/www.cetys.mx\/educon\/#\/schema\/person\/bab052cbfde2c12e18f3cc3fd3fa1f6b\"},\"description\":\"Fortalecer la motivaci\u00f3n y el compromiso del personal es clave para el \u00e9xito empresarial. Descubre c\u00f3mo crear una cultura organizacional basada en el bienestar, la comunicaci\u00f3n y el reconocimiento que impulse la productividad y el sentido de pertenencia en tu equipo.\",\"breadcrumb\":{\"@id\":\"https:\/\/www.cetys.mx\/educon\/como-fortalecer-el-compromiso-y-la-motivacion-del-personal-claves-para-el-exito-organizacional\/#breadcrumb\"},\"inLanguage\":\"es\",\"potentialAction\":[{\"@type\":\"ReadAction\",\"target\":[\"https:\/\/www.cetys.mx\/educon\/como-fortalecer-el-compromiso-y-la-motivacion-del-personal-claves-para-el-exito-organizacional\/\"]}]},{\"@type\":\"BreadcrumbList\",\"@id\":\"https:\/\/www.cetys.mx\/educon\/como-fortalecer-el-compromiso-y-la-motivacion-del-personal-claves-para-el-exito-organizacional\/#breadcrumb\",\"itemListElement\":[{\"@type\":\"ListItem\",\"position\":1,\"name\":\"Home\",\"item\":\"https:\/\/www.cetys.mx\/educon\/\"},{\"@type\":\"ListItem\",\"position\":2,\"name\":\"C\u00f3mo fortalecer el compromiso y la motivaci\u00f3n del personal: claves para el \u00e9xito organizacional\"}]},{\"@type\":\"WebSite\",\"@id\":\"https:\/\/www.cetys.mx\/educon\/#website\",\"url\":\"https:\/\/www.cetys.mx\/educon\/\",\"name\":\"CETYS Educaci\u00f3n Continua\",\"description\":\"\",\"potentialAction\":[{\"@type\":\"SearchAction\",\"target\":{\"@type\":\"EntryPoint\",\"urlTemplate\":\"https:\/\/www.cetys.mx\/educon\/?s={search_term_string}\"},\"query-input\":\"required name=search_term_string\"}],\"inLanguage\":\"es\"},{\"@type\":\"Person\",\"@id\":\"https:\/\/www.cetys.mx\/educon\/#\/schema\/person\/bab052cbfde2c12e18f3cc3fd3fa1f6b\",\"name\":\"CETYS Educaci\u00f3n Continua\",\"sameAs\":[\"https:\/\/www.cetys.mx\/educon\"],\"url\":\"https:\/\/www.cetys.mx\/educon\/author\/admin\/\"}]}<\/script>\n<!-- \/ Yoast SEO plugin. -->","yoast_head_json":{"title":"C\u00f3mo fortalecer el compromiso y la motivaci\u00f3n del personal: claves para el \u00e9xito organizacional - CETYS Educaci\u00f3n Continua","description":"Fortalecer la motivaci\u00f3n y el compromiso del personal es clave para el \u00e9xito empresarial. Descubre c\u00f3mo crear una cultura organizacional basada en el bienestar, la comunicaci\u00f3n y el reconocimiento que impulse la productividad y el sentido de pertenencia en tu equipo.","robots":{"index":"index","follow":"follow","max-snippet":"max-snippet:-1","max-image-preview":"max-image-preview:large","max-video-preview":"max-video-preview:-1"},"canonical":"https:\/\/www.cetys.mx\/educon\/como-fortalecer-el-compromiso-y-la-motivacion-del-personal-claves-para-el-exito-organizacional\/","og_locale":"es_MX","og_type":"article","og_title":"C\u00f3mo fortalecer el compromiso y la motivaci\u00f3n del personal: claves para el \u00e9xito organizacional - CETYS Educaci\u00f3n Continua","og_description":"Fortalecer la motivaci\u00f3n y el compromiso del personal es clave para el \u00e9xito empresarial. Descubre c\u00f3mo crear una cultura organizacional basada en el bienestar, la comunicaci\u00f3n y el reconocimiento que impulse la productividad y el sentido de pertenencia en tu equipo.","og_url":"https:\/\/www.cetys.mx\/educon\/como-fortalecer-el-compromiso-y-la-motivacion-del-personal-claves-para-el-exito-organizacional\/","og_site_name":"CETYS Educaci\u00f3n Continua","article_published_time":"2025-09-11T23:12:00+00:00","article_modified_time":"2025-10-06T22:22:29+00:00","og_image":[{"width":2560,"height":1707,"url":"https:\/\/www.cetys.mx\/educon\/wp-content\/uploads\/2025\/10\/happy-business-team-with-raised-hands-celebrating-their-success-office-scaled.jpg","type":"image\/jpeg"}],"author":"CETYS Educaci\u00f3n Continua","twitter_card":"summary_large_image","twitter_misc":{"Escrito por":"CETYS Educaci\u00f3n Continua","Tiempo de lectura":"3 minutos"},"schema":{"@context":"https:\/\/schema.org","@graph":[{"@type":"WebPage","@id":"https:\/\/www.cetys.mx\/educon\/como-fortalecer-el-compromiso-y-la-motivacion-del-personal-claves-para-el-exito-organizacional\/","url":"https:\/\/www.cetys.mx\/educon\/como-fortalecer-el-compromiso-y-la-motivacion-del-personal-claves-para-el-exito-organizacional\/","name":"C\u00f3mo fortalecer el compromiso y la motivaci\u00f3n del personal: claves para el \u00e9xito organizacional - CETYS Educaci\u00f3n Continua","isPartOf":{"@id":"https:\/\/www.cetys.mx\/educon\/#website"},"datePublished":"2025-09-11T23:12:00+00:00","dateModified":"2025-10-06T22:22:29+00:00","author":{"@id":"https:\/\/www.cetys.mx\/educon\/#\/schema\/person\/bab052cbfde2c12e18f3cc3fd3fa1f6b"},"description":"Fortalecer la motivaci\u00f3n y el compromiso del personal es clave para el \u00e9xito empresarial. Descubre c\u00f3mo crear una cultura organizacional basada en el bienestar, la comunicaci\u00f3n y el reconocimiento que impulse la productividad y el sentido de pertenencia en tu equipo.","breadcrumb":{"@id":"https:\/\/www.cetys.mx\/educon\/como-fortalecer-el-compromiso-y-la-motivacion-del-personal-claves-para-el-exito-organizacional\/#breadcrumb"},"inLanguage":"es","potentialAction":[{"@type":"ReadAction","target":["https:\/\/www.cetys.mx\/educon\/como-fortalecer-el-compromiso-y-la-motivacion-del-personal-claves-para-el-exito-organizacional\/"]}]},{"@type":"BreadcrumbList","@id":"https:\/\/www.cetys.mx\/educon\/como-fortalecer-el-compromiso-y-la-motivacion-del-personal-claves-para-el-exito-organizacional\/#breadcrumb","itemListElement":[{"@type":"ListItem","position":1,"name":"Home","item":"https:\/\/www.cetys.mx\/educon\/"},{"@type":"ListItem","position":2,"name":"C\u00f3mo fortalecer el compromiso y la motivaci\u00f3n del personal: claves para el \u00e9xito organizacional"}]},{"@type":"WebSite","@id":"https:\/\/www.cetys.mx\/educon\/#website","url":"https:\/\/www.cetys.mx\/educon\/","name":"CETYS Educaci\u00f3n Continua","description":"","potentialAction":[{"@type":"SearchAction","target":{"@type":"EntryPoint","urlTemplate":"https:\/\/www.cetys.mx\/educon\/?s={search_term_string}"},"query-input":"required name=search_term_string"}],"inLanguage":"es"},{"@type":"Person","@id":"https:\/\/www.cetys.mx\/educon\/#\/schema\/person\/bab052cbfde2c12e18f3cc3fd3fa1f6b","name":"CETYS Educaci\u00f3n Continua","sameAs":["https:\/\/www.cetys.mx\/educon"],"url":"https:\/\/www.cetys.mx\/educon\/author\/admin\/"}]}},"_links":{"self":[{"href":"https:\/\/www.cetys.mx\/educon\/wp-json\/wp\/v2\/posts\/7764","targetHints":{"allow":["GET"]}}],"collection":[{"href":"https:\/\/www.cetys.mx\/educon\/wp-json\/wp\/v2\/posts"}],"about":[{"href":"https:\/\/www.cetys.mx\/educon\/wp-json\/wp\/v2\/types\/post"}],"author":[{"embeddable":true,"href":"https:\/\/www.cetys.mx\/educon\/wp-json\/wp\/v2\/users\/1"}],"replies":[{"embeddable":true,"href":"https:\/\/www.cetys.mx\/educon\/wp-json\/wp\/v2\/comments?post=7764"}],"version-history":[{"count":1,"href":"https:\/\/www.cetys.mx\/educon\/wp-json\/wp\/v2\/posts\/7764\/revisions"}],"predecessor-version":[{"id":7766,"href":"https:\/\/www.cetys.mx\/educon\/wp-json\/wp\/v2\/posts\/7764\/revisions\/7766"}],"wp:featuredmedia":[{"embeddable":true,"href":"https:\/\/www.cetys.mx\/educon\/wp-json\/wp\/v2\/media\/7765"}],"wp:attachment":[{"href":"https:\/\/www.cetys.mx\/educon\/wp-json\/wp\/v2\/media?parent=7764"}],"wp:term":[{"taxonomy":"category","embeddable":true,"href":"https:\/\/www.cetys.mx\/educon\/wp-json\/wp\/v2\/categories?post=7764"},{"taxonomy":"post_tag","embeddable":true,"href":"https:\/\/www.cetys.mx\/educon\/wp-json\/wp\/v2\/tags?post=7764"},{"taxonomy":"categoria_programa","embeddable":true,"href":"https:\/\/www.cetys.mx\/educon\/wp-json\/wp\/v2\/categoria_programa?post=7764"}],"curies":[{"name":"wp","href":"https:\/\/api.w.org\/{rel}","templated":true}]}}