{"id":4969,"date":"2021-09-14T15:15:00","date_gmt":"2021-09-14T22:15:00","guid":{"rendered":"https:\/\/www.cetys.mx\/educon\/?p=4969"},"modified":"2021-09-17T16:35:48","modified_gmt":"2021-09-17T23:35:48","slug":"los-ciclos-de-la-organizacion-de-eventos","status":"publish","type":"post","link":"https:\/\/www.cetys.mx\/educon\/los-ciclos-de-la-organizacion-de-eventos\/","title":{"rendered":"Los ciclos de la organizaci\u00f3n de eventos"},"content":{"rendered":"\n<p>Cuando no se cuenta con un plan bien determinado para la planificaci\u00f3n de un evento, podr\u00edas correr serios riesgos de que existan desorganizaciones, no poder alcanzar los objetivos y caos. Seguir la f\u00f3rmula de la planificaci\u00f3n de eventos ser\u00e1 la garant\u00eda de un \u00e9xito rutilante.<\/p>\n\n\n\n<p><strong>Diferentes ciclos y etapas de una organizaci\u00f3n de un evento<\/strong><\/p>\n\n\n\n<p><strong>Investigaci\u00f3n y objetivos:<\/strong> Cada evento es \u00fanico y especial, pero algunos de ellos requerir\u00e1n de una investigaci\u00f3n previa. Existen empresas de organizaci\u00f3n de eventos que deciden saltarse este paso que es important\u00edsimo y que podr\u00eda convertir al evento so\u00f1ado en un desastre de niveles catastr\u00f3ficos.<\/p>\n\n\n\n<p>\u00bfA que hace alusi\u00f3n la investigaci\u00f3n? Existen una serie de preguntas que son claves: \u00bfQu\u00e9? \u00bfQui\u00e9n? \u00bfC\u00f3mo? \u00bfCu\u00e1ndo? \u00bfD\u00f3nde? \u00bfPara qu\u00e9? Y \u00bfCu\u00e1nto? Respondiendo estas 7 preguntas claves, tendr\u00e1s asegurado una buena parte del \u00e9xito.<\/p>\n\n\n\n<p>Cuando se haya concluido la etapa de investigaci\u00f3n, en donde deber\u00e1s entrevistar a las personas implicadas al evento, tendr\u00e1s que documentar cuales son los objetivos y las metas del evento.<\/p>\n\n\n\n<p><strong>Dise\u00f1o del evento:<\/strong> Durante este ciclo, estar\u00e1s reafirmando el plan maestro que vas a seguir para el evento. Aqu\u00ed comenzar\u00e1s por definir cu\u00e1l ser\u00e1 el lugar apropiado que se adapte a las necesidades y tem\u00e1tica del evento. Es importante que se genere una sinergia org\u00e1nica con el personal del lugar para que haya una comunicaci\u00f3n continua y fluida.<\/p>\n\n\n\n<p>Cuando ya dispongas de la locaci\u00f3n del evento, empezar\u00e1s a cumplimentar otra parte de esta fase que es elemental: Tu equipo de trabajo.<\/p>\n\n\n\n<p>Contar con personas de confianza, te brindar\u00e1 la posibilidad de delegar tareas y asumir un rol de administrador sin sentirte agobiado debido a los pormenores del evento.<\/p>\n\n\n\n<p>El plan maestro del evento debe ser minuciosamente detallado para garantizar su \u00e9xito.<\/p>\n\n\n\n<p><strong>Distintivo del evento:<\/strong> Los eventos exitosos que tienen objetivos claros deben ser f\u00e1cilmente identificables. Cuando sabes lo que quiere el anfitri\u00f3n del evento y lo que ir\u00e1n a buscar los invitados, debes preparar un dise\u00f1o espec\u00edfico que asegure un momento memorable.<\/p>\n\n\n\n<p>Pero eso es importante que te destaques, distingas al evento y que lo muestres como lo que ser\u00e1: algo \u00fanico. De esta manera, los asistentes no tendr\u00e1s forma de resistirse a participar de forma activa del evento.<\/p>\n\n\n\n<p>Algunas caracter\u00edsticas que distinguir\u00e1n a tu celebraci\u00f3n podr\u00eda ser nombrar al evento, asignarle un slogan o crear un logotipo; cualquier se\u00f1al que permita asociar de manera autom\u00e1tica el evento, es un gran indicativo de que est\u00e1s yendo por el buen camino.<\/p>\n\n\n\n<p><strong>Planificaci\u00f3n y Coordinaci\u00f3n:<\/strong> Esta etapa b\u00edfida de la organizaci\u00f3n hace referencia a la articulaci\u00f3n del plan con cada uno de los miembros de tu equipo de trabajo y asistentes del evento. El programa del evento, debe establecer de forma clara cada componente de la fiesta, la hora de inicio y fin de cada actividad.<\/p>\n\n\n\n<p>La diferencia entre un especialista en organizaciones de eventos y un amateur, est\u00e1 en la planificaci\u00f3n. Cuando se est\u00e1 preparado para realizar el trabajo, los organizadores de eventos, tienen la capacidad de estar en los m\u00e1s m\u00ednimos detalles llevando el evento a un rotundo \u00e9xito.<\/p>\n\n\n\n<p><strong>Evaluaci\u00f3n del evento:<\/strong> Este ciclo es posterior al evento, cuando el mismo ya se hubo finalizado y viene el momento de la evaluaci\u00f3n. Esto te permitir\u00e1 hacerte de una reputaci\u00f3n, de un nombre y de un camino. \u00bfC\u00f3mo podr\u00edas hacer esta evaluaci\u00f3n? Lo podr\u00edas hacer mediante encuestas en l\u00ednea o en papel a cada persona que haya asistido al evento. Tambi\u00e9n son buenas las reuniones con los miembros del equipo, con el objetivo de saber si cada uno ha alcanzado su objetivo.<\/p>\n\n\n\n<p>El \u00fanico modo que tendr\u00e1s de potenciarte como organizador de eventos es escuchar y trabajar para mejorar y crecer.<\/p>\n\n\n\n<p>Si tienes deseos de especializarte en la organizaci\u00f3n de eventos, en <strong>CETYS Educaci\u00f3n Continua<\/strong> contamos con una de las mejores formaciones del mercado, a trav\u00e9s de nuestro <strong><a href=\"https:\/\/www.cetys.mx\/educon\/programas\/curso-en-planeacion-y-organizacion-de-eventos-sociales\/\">Curso en Planeaci\u00f3n y Organizaci\u00f3n de Eventos Sociales<\/a><\/strong>. Con los conocimientos adquiridos, podr\u00e1s dominar todas las capacidades y habilidades para llevar adelante una adecuada proyecci\u00f3n de todo tipo de eventos sociales.<\/p>\n","protected":false},"excerpt":{"rendered":"<p>Cuando no se cuenta con un plan bien determinado para la planificaci\u00f3n de un evento, podr\u00edas correr serios riesgos de que existan desorganizaciones, no poder alcanzar los objetivos y caos. Seguir la f\u00f3rmula de la planificaci\u00f3n de eventos ser\u00e1 la garant\u00eda de un \u00e9xito rutilante.<\/p>\n","protected":false},"author":1,"featured_media":4970,"comment_status":"open","ping_status":"open","sticky":false,"template":"","format":"standard","meta":{"footnotes":""},"categories":[25,22],"tags":[34],"categoria_programa":[41],"class_list":["post-4969","post","type-post","status-publish","format-standard","has-post-thumbnail","hentry","category-administracion-y-negocios","category-articulos","tag-mexicali","categoria_programa-administracion-y-negocios"],"acf":[],"yoast_head":"<!-- This site is optimized with the Yoast SEO plugin v20.9 - https:\/\/yoast.com\/wordpress\/plugins\/seo\/ -->\n<title>Los ciclos de la organizaci\u00f3n de eventos - CETYS Educaci\u00f3n Continua<\/title>\n<meta name=\"description\" content=\"Cuando no se cuenta con un plan bien determinado para la planificaci\u00f3n de un evento, podr\u00edas correr serios riesgos de que existan desorganizaciones, no poder alcanzar los objetivos y caos. Seguir la f\u00f3rmula de la planificaci\u00f3n de eventos ser\u00e1 la garant\u00eda de un \u00e9xito rutilante.\" \/>\n<meta name=\"robots\" content=\"index, follow, max-snippet:-1, max-image-preview:large, max-video-preview:-1\" \/>\n<link rel=\"canonical\" href=\"https:\/\/www.cetys.mx\/educon\/los-ciclos-de-la-organizacion-de-eventos\/\" \/>\n<meta property=\"og:locale\" content=\"es_MX\" \/>\n<meta property=\"og:type\" content=\"article\" \/>\n<meta property=\"og:title\" content=\"Los ciclos de la organizaci\u00f3n de eventos - CETYS Educaci\u00f3n Continua\" \/>\n<meta property=\"og:description\" content=\"Cuando no se cuenta con un plan bien determinado para la planificaci\u00f3n de un evento, podr\u00edas correr serios riesgos de que existan desorganizaciones, no poder alcanzar los objetivos y caos. Seguir la f\u00f3rmula de la planificaci\u00f3n de eventos ser\u00e1 la garant\u00eda de un \u00e9xito rutilante.\" \/>\n<meta property=\"og:url\" content=\"https:\/\/www.cetys.mx\/educon\/los-ciclos-de-la-organizacion-de-eventos\/\" \/>\n<meta property=\"og:site_name\" content=\"CETYS Educaci\u00f3n Continua\" \/>\n<meta property=\"article:published_time\" content=\"2021-09-14T22:15:00+00:00\" \/>\n<meta property=\"article:modified_time\" content=\"2021-09-17T23:35:48+00:00\" \/>\n<meta property=\"og:image\" content=\"https:\/\/www.cetys.mx\/educon\/wp-content\/uploads\/2021\/09\/event-planning.png\" \/>\n\t<meta property=\"og:image:width\" content=\"1528\" \/>\n\t<meta property=\"og:image:height\" content=\"1011\" \/>\n\t<meta property=\"og:image:type\" content=\"image\/png\" \/>\n<meta name=\"author\" content=\"CETYS Educaci\u00f3n Continua\" \/>\n<meta name=\"twitter:card\" content=\"summary_large_image\" \/>\n<meta name=\"twitter:label1\" content=\"Escrito por\" \/>\n\t<meta name=\"twitter:data1\" content=\"CETYS Educaci\u00f3n Continua\" \/>\n\t<meta name=\"twitter:label2\" content=\"Tiempo de lectura\" \/>\n\t<meta name=\"twitter:data2\" content=\"3 minutos\" \/>\n<script type=\"application\/ld+json\" class=\"yoast-schema-graph\">{\"@context\":\"https:\/\/schema.org\",\"@graph\":[{\"@type\":\"WebPage\",\"@id\":\"https:\/\/www.cetys.mx\/educon\/los-ciclos-de-la-organizacion-de-eventos\/\",\"url\":\"https:\/\/www.cetys.mx\/educon\/los-ciclos-de-la-organizacion-de-eventos\/\",\"name\":\"Los ciclos de la organizaci\u00f3n de eventos - CETYS Educaci\u00f3n Continua\",\"isPartOf\":{\"@id\":\"https:\/\/www.cetys.mx\/educon\/#website\"},\"datePublished\":\"2021-09-14T22:15:00+00:00\",\"dateModified\":\"2021-09-17T23:35:48+00:00\",\"author\":{\"@id\":\"https:\/\/www.cetys.mx\/educon\/#\/schema\/person\/bab052cbfde2c12e18f3cc3fd3fa1f6b\"},\"description\":\"Cuando no se cuenta con un plan bien determinado para la planificaci\u00f3n de un evento, podr\u00edas correr serios riesgos de que existan desorganizaciones, no poder alcanzar los objetivos y caos. Seguir la f\u00f3rmula de la planificaci\u00f3n de eventos ser\u00e1 la garant\u00eda de un \u00e9xito rutilante.\",\"breadcrumb\":{\"@id\":\"https:\/\/www.cetys.mx\/educon\/los-ciclos-de-la-organizacion-de-eventos\/#breadcrumb\"},\"inLanguage\":\"es\",\"potentialAction\":[{\"@type\":\"ReadAction\",\"target\":[\"https:\/\/www.cetys.mx\/educon\/los-ciclos-de-la-organizacion-de-eventos\/\"]}]},{\"@type\":\"BreadcrumbList\",\"@id\":\"https:\/\/www.cetys.mx\/educon\/los-ciclos-de-la-organizacion-de-eventos\/#breadcrumb\",\"itemListElement\":[{\"@type\":\"ListItem\",\"position\":1,\"name\":\"Home\",\"item\":\"https:\/\/www.cetys.mx\/educon\/\"},{\"@type\":\"ListItem\",\"position\":2,\"name\":\"Los ciclos de la organizaci\u00f3n de eventos\"}]},{\"@type\":\"WebSite\",\"@id\":\"https:\/\/www.cetys.mx\/educon\/#website\",\"url\":\"https:\/\/www.cetys.mx\/educon\/\",\"name\":\"CETYS Educaci\u00f3n Continua\",\"description\":\"\",\"potentialAction\":[{\"@type\":\"SearchAction\",\"target\":{\"@type\":\"EntryPoint\",\"urlTemplate\":\"https:\/\/www.cetys.mx\/educon\/?s={search_term_string}\"},\"query-input\":\"required name=search_term_string\"}],\"inLanguage\":\"es\"},{\"@type\":\"Person\",\"@id\":\"https:\/\/www.cetys.mx\/educon\/#\/schema\/person\/bab052cbfde2c12e18f3cc3fd3fa1f6b\",\"name\":\"CETYS Educaci\u00f3n Continua\",\"sameAs\":[\"https:\/\/www.cetys.mx\/educon\"],\"url\":\"https:\/\/www.cetys.mx\/educon\/author\/admin\/\"}]}<\/script>\n<!-- \/ Yoast SEO plugin. -->","yoast_head_json":{"title":"Los ciclos de la organizaci\u00f3n de eventos - CETYS Educaci\u00f3n Continua","description":"Cuando no se cuenta con un plan bien determinado para la planificaci\u00f3n de un evento, podr\u00edas correr serios riesgos de que existan desorganizaciones, no poder alcanzar los objetivos y caos. Seguir la f\u00f3rmula de la planificaci\u00f3n de eventos ser\u00e1 la garant\u00eda de un \u00e9xito rutilante.","robots":{"index":"index","follow":"follow","max-snippet":"max-snippet:-1","max-image-preview":"max-image-preview:large","max-video-preview":"max-video-preview:-1"},"canonical":"https:\/\/www.cetys.mx\/educon\/los-ciclos-de-la-organizacion-de-eventos\/","og_locale":"es_MX","og_type":"article","og_title":"Los ciclos de la organizaci\u00f3n de eventos - CETYS Educaci\u00f3n Continua","og_description":"Cuando no se cuenta con un plan bien determinado para la planificaci\u00f3n de un evento, podr\u00edas correr serios riesgos de que existan desorganizaciones, no poder alcanzar los objetivos y caos. Seguir la f\u00f3rmula de la planificaci\u00f3n de eventos ser\u00e1 la garant\u00eda de un \u00e9xito rutilante.","og_url":"https:\/\/www.cetys.mx\/educon\/los-ciclos-de-la-organizacion-de-eventos\/","og_site_name":"CETYS Educaci\u00f3n Continua","article_published_time":"2021-09-14T22:15:00+00:00","article_modified_time":"2021-09-17T23:35:48+00:00","og_image":[{"width":1528,"height":1011,"url":"https:\/\/www.cetys.mx\/educon\/wp-content\/uploads\/2021\/09\/event-planning.png","type":"image\/png"}],"author":"CETYS Educaci\u00f3n Continua","twitter_card":"summary_large_image","twitter_misc":{"Escrito por":"CETYS Educaci\u00f3n Continua","Tiempo de lectura":"3 minutos"},"schema":{"@context":"https:\/\/schema.org","@graph":[{"@type":"WebPage","@id":"https:\/\/www.cetys.mx\/educon\/los-ciclos-de-la-organizacion-de-eventos\/","url":"https:\/\/www.cetys.mx\/educon\/los-ciclos-de-la-organizacion-de-eventos\/","name":"Los ciclos de la organizaci\u00f3n de eventos - CETYS Educaci\u00f3n Continua","isPartOf":{"@id":"https:\/\/www.cetys.mx\/educon\/#website"},"datePublished":"2021-09-14T22:15:00+00:00","dateModified":"2021-09-17T23:35:48+00:00","author":{"@id":"https:\/\/www.cetys.mx\/educon\/#\/schema\/person\/bab052cbfde2c12e18f3cc3fd3fa1f6b"},"description":"Cuando no se cuenta con un plan bien determinado para la planificaci\u00f3n de un evento, podr\u00edas correr serios riesgos de que existan desorganizaciones, no poder alcanzar los objetivos y caos. Seguir la f\u00f3rmula de la planificaci\u00f3n de eventos ser\u00e1 la garant\u00eda de un \u00e9xito rutilante.","breadcrumb":{"@id":"https:\/\/www.cetys.mx\/educon\/los-ciclos-de-la-organizacion-de-eventos\/#breadcrumb"},"inLanguage":"es","potentialAction":[{"@type":"ReadAction","target":["https:\/\/www.cetys.mx\/educon\/los-ciclos-de-la-organizacion-de-eventos\/"]}]},{"@type":"BreadcrumbList","@id":"https:\/\/www.cetys.mx\/educon\/los-ciclos-de-la-organizacion-de-eventos\/#breadcrumb","itemListElement":[{"@type":"ListItem","position":1,"name":"Home","item":"https:\/\/www.cetys.mx\/educon\/"},{"@type":"ListItem","position":2,"name":"Los ciclos de la organizaci\u00f3n de eventos"}]},{"@type":"WebSite","@id":"https:\/\/www.cetys.mx\/educon\/#website","url":"https:\/\/www.cetys.mx\/educon\/","name":"CETYS Educaci\u00f3n Continua","description":"","potentialAction":[{"@type":"SearchAction","target":{"@type":"EntryPoint","urlTemplate":"https:\/\/www.cetys.mx\/educon\/?s={search_term_string}"},"query-input":"required name=search_term_string"}],"inLanguage":"es"},{"@type":"Person","@id":"https:\/\/www.cetys.mx\/educon\/#\/schema\/person\/bab052cbfde2c12e18f3cc3fd3fa1f6b","name":"CETYS Educaci\u00f3n Continua","sameAs":["https:\/\/www.cetys.mx\/educon"],"url":"https:\/\/www.cetys.mx\/educon\/author\/admin\/"}]}},"_links":{"self":[{"href":"https:\/\/www.cetys.mx\/educon\/wp-json\/wp\/v2\/posts\/4969","targetHints":{"allow":["GET"]}}],"collection":[{"href":"https:\/\/www.cetys.mx\/educon\/wp-json\/wp\/v2\/posts"}],"about":[{"href":"https:\/\/www.cetys.mx\/educon\/wp-json\/wp\/v2\/types\/post"}],"author":[{"embeddable":true,"href":"https:\/\/www.cetys.mx\/educon\/wp-json\/wp\/v2\/users\/1"}],"replies":[{"embeddable":true,"href":"https:\/\/www.cetys.mx\/educon\/wp-json\/wp\/v2\/comments?post=4969"}],"version-history":[{"count":1,"href":"https:\/\/www.cetys.mx\/educon\/wp-json\/wp\/v2\/posts\/4969\/revisions"}],"predecessor-version":[{"id":4971,"href":"https:\/\/www.cetys.mx\/educon\/wp-json\/wp\/v2\/posts\/4969\/revisions\/4971"}],"wp:featuredmedia":[{"embeddable":true,"href":"https:\/\/www.cetys.mx\/educon\/wp-json\/wp\/v2\/media\/4970"}],"wp:attachment":[{"href":"https:\/\/www.cetys.mx\/educon\/wp-json\/wp\/v2\/media?parent=4969"}],"wp:term":[{"taxonomy":"category","embeddable":true,"href":"https:\/\/www.cetys.mx\/educon\/wp-json\/wp\/v2\/categories?post=4969"},{"taxonomy":"post_tag","embeddable":true,"href":"https:\/\/www.cetys.mx\/educon\/wp-json\/wp\/v2\/tags?post=4969"},{"taxonomy":"categoria_programa","embeddable":true,"href":"https:\/\/www.cetys.mx\/educon\/wp-json\/wp\/v2\/categoria_programa?post=4969"}],"curies":[{"name":"wp","href":"https:\/\/api.w.org\/{rel}","templated":true}]}}