{"id":4205,"date":"2021-04-29T20:46:09","date_gmt":"2021-04-30T03:46:09","guid":{"rendered":"https:\/\/www.cetys.mx\/educon\/?p=4205"},"modified":"2021-05-09T08:04:50","modified_gmt":"2021-05-09T15:04:50","slug":"carbohidratos-y-alimentacion-deberias-eliminarlos","status":"publish","type":"post","link":"https:\/\/www.cetys.mx\/educon\/carbohidratos-y-alimentacion-deberias-eliminarlos\/","title":{"rendered":"Carbohidratos y alimentaci\u00f3n: \u00bfDeber\u00edas eliminarlos?"},"content":{"rendered":"\n<p>Temidos por muchos y mitificados por otros tantos, los hidratos de carbono, mejor conocidos como carbohidratos, son parte esencial de los cuerpos de todos los seres vivos, pues se trata de sustancias necesarias para cumplir funciones estructurales y de almacenamiento de energ\u00eda.&nbsp;<\/p>\n\n\n\n<p>Estos nutrientes se encargan de suministrar al cerebro la glucosa necesaria para contar con energ\u00eda y un buen funcionamiento del sistema nervioso.&nbsp;<\/p>\n\n\n\n<p>Pese a su vital funci\u00f3n, com\u00fanmente son asociados con el aumento de peso y la dificultad para perderlo, ocasionando la creaci\u00f3n de mitos en torno a su consumo, explic\u00f3 la Lic. en Nutrici\u00f3n Mar\u00eda Eugenia Herrera Hern\u00e1ndez, instructora del Taller en Nutrici\u00f3n Familiar&nbsp;ofrecido por el depto. de&nbsp;<a href=\"https:\/\/www.cetys.mx\/educon\/programas-de-estudio-mexicali\/\">Educaci\u00f3n Continua de CETYS Universidad Campus Mexicali.<\/a><\/p>\n\n\n\n<p>Aclar\u00f3 que la reducci\u00f3n de peso se logra cumpliendo una dieta equilibrada reducida en kilocalor\u00edas, de acuerdo con una evaluaci\u00f3n nutricional individual, realizada por un nutri\u00f3logo cl\u00ednico.&nbsp;<\/p>\n\n\n\n<blockquote class=\"wp-block-quote is-layout-flow wp-block-quote-is-layout-flow\"><p>\u201cHay diversos planes para reducir de peso que pueden tener una restricci\u00f3n&nbsp; de carbohidratos, en especial los simples. En la actualidad se tiene una variedad de dietas tales como keto, cetog\u00e9nica, ayuno intermitente o cero carbohidratos; esta diversidad siempre debe ser vigilada por un experto en nutrici\u00f3n\u201d.<\/p><\/blockquote>\n\n\n\n<p>Lo mismo ocurre en personas que viven con diabetes mellitus, pues dado su padecimiento cr\u00f3nico, lo recomendable es que guarden una dieta equilibrada en macronutrientes, incluyendo los carbohidratos, los cuales deben ser seleccionados con base en el tratamiento m\u00e9dico personalizado que sigue, tal como sucede en el manejo de insulina o antiglucemiantes.&nbsp;<\/p>\n\n\n\n<blockquote class=\"wp-block-quote is-layout-flow wp-block-quote-is-layout-flow\"><p>\u201cLa mejor opci\u00f3n es llevar control en el \u00edndice y carga gluc\u00e9mica y el conteo de carbohidratos es la mejor t\u00e9cnica de control\u201d.<\/p><\/blockquote>\n\n\n\n<p>En resumen, los carbohidratos son la fuente de energ\u00eda m\u00e1s alta y s\u00f3lo deben prescribirse para su consumo tomando en cuenta los resultados de una evaluaci\u00f3n nutricional bien realizada, se\u00f1al\u00f3 la especialista.&nbsp;<\/p>\n\n\n\n<p>\u00bfQuieres conocer m\u00e1s acerca de los mitos y realidades que rodean a los carbohidratos, y aprender a identificar los elementos de nutrici\u00f3n adecuados para las necesidades de cada persona? L\u00f3gralo en CETYS Universidad. Forma parte de este taller, dirigido a todas las personas interesadas en el saber comer, elegir y tomar decisiones inteligentes al momento, para lograr una alimentaci\u00f3n saludable.<\/p>\n\n\n\n<p>Con la modalidad e-Room, ahora puedes hacerlo desde casa, sin descuidar tu bienestar y aprovechando al m\u00e1ximo las herramientas tecnol\u00f3gicas que permiten asistir a clases en tiempo real, y recibir la asesor\u00eda y acompa\u00f1amiento de tu docente. Consulta&nbsp;<a href=\"https:\/\/www.cetys.mx\/educon\/programas\/taller-en-nutricion-familiar\/\">aqu\u00ed<\/a>&nbsp;los detalles y fechas importantes sobre este taller.<\/p>\n","protected":false},"excerpt":{"rendered":"<p>Pese a su vital funci\u00f3n, los carbohidratos com\u00fanmente son asociados con el aumento de peso y la dificultad para perderlo, ocasionando la creaci\u00f3n de mitos en torno a su consumo.<\/p>\n","protected":false},"author":1,"featured_media":4206,"comment_status":"open","ping_status":"open","sticky":false,"template":"","format":"standard","meta":{"footnotes":""},"categories":[22,33],"tags":[34],"categoria_programa":[52],"class_list":["post-4205","post","type-post","status-publish","format-standard","has-post-thumbnail","hentry","category-articulos","category-salud-y-calidad-de-vida","tag-mexicali","categoria_programa-salud-y-calidad-de-vida"],"acf":[],"yoast_head":"<!-- This site is optimized with the Yoast SEO plugin v20.9 - https:\/\/yoast.com\/wordpress\/plugins\/seo\/ -->\n<title>Carbohidratos y alimentaci\u00f3n: \u00bfDeber\u00edas eliminarlos? - CETYS Educaci\u00f3n Continua<\/title>\n<meta name=\"description\" content=\"Pese a su vital funci\u00f3n, los carbohidratos com\u00fanmente son asociados con el aumento de peso y la dificultad para perderlo, ocasionando la creaci\u00f3n de mitos en torno a su consumo.\" \/>\n<meta name=\"robots\" content=\"index, follow, max-snippet:-1, max-image-preview:large, max-video-preview:-1\" \/>\n<link rel=\"canonical\" href=\"https:\/\/www.cetys.mx\/educon\/carbohidratos-y-alimentacion-deberias-eliminarlos\/\" \/>\n<meta property=\"og:locale\" content=\"es_MX\" \/>\n<meta property=\"og:type\" content=\"article\" \/>\n<meta property=\"og:title\" content=\"Carbohidratos y alimentaci\u00f3n: \u00bfDeber\u00edas eliminarlos? - CETYS Educaci\u00f3n Continua\" \/>\n<meta property=\"og:description\" content=\"Pese a su vital funci\u00f3n, los carbohidratos com\u00fanmente son asociados con el aumento de peso y la dificultad para perderlo, ocasionando la creaci\u00f3n de mitos en torno a su consumo.\" \/>\n<meta property=\"og:url\" content=\"https:\/\/www.cetys.mx\/educon\/carbohidratos-y-alimentacion-deberias-eliminarlos\/\" \/>\n<meta property=\"og:site_name\" content=\"CETYS Educaci\u00f3n Continua\" \/>\n<meta property=\"article:published_time\" content=\"2021-04-30T03:46:09+00:00\" \/>\n<meta property=\"article:modified_time\" content=\"2021-05-09T15:04:50+00:00\" \/>\n<meta property=\"og:image\" content=\"https:\/\/www.cetys.mx\/educon\/wp-content\/uploads\/2021\/04\/Carbohidratos.jpg\" \/>\n\t<meta property=\"og:image:width\" content=\"958\" \/>\n\t<meta property=\"og:image:height\" content=\"637\" \/>\n\t<meta property=\"og:image:type\" content=\"image\/jpeg\" \/>\n<meta name=\"author\" content=\"CETYS Educaci\u00f3n Continua\" \/>\n<meta name=\"twitter:card\" content=\"summary_large_image\" \/>\n<meta name=\"twitter:label1\" content=\"Escrito por\" \/>\n\t<meta name=\"twitter:data1\" content=\"CETYS Educaci\u00f3n Continua\" \/>\n\t<meta name=\"twitter:label2\" content=\"Tiempo de lectura\" \/>\n\t<meta name=\"twitter:data2\" content=\"2 minutos\" \/>\n<script type=\"application\/ld+json\" class=\"yoast-schema-graph\">{\"@context\":\"https:\/\/schema.org\",\"@graph\":[{\"@type\":\"WebPage\",\"@id\":\"https:\/\/www.cetys.mx\/educon\/carbohidratos-y-alimentacion-deberias-eliminarlos\/\",\"url\":\"https:\/\/www.cetys.mx\/educon\/carbohidratos-y-alimentacion-deberias-eliminarlos\/\",\"name\":\"Carbohidratos y alimentaci\u00f3n: \u00bfDeber\u00edas eliminarlos? - CETYS Educaci\u00f3n Continua\",\"isPartOf\":{\"@id\":\"https:\/\/www.cetys.mx\/educon\/#website\"},\"datePublished\":\"2021-04-30T03:46:09+00:00\",\"dateModified\":\"2021-05-09T15:04:50+00:00\",\"author\":{\"@id\":\"https:\/\/www.cetys.mx\/educon\/#\/schema\/person\/bab052cbfde2c12e18f3cc3fd3fa1f6b\"},\"description\":\"Pese a su vital funci\u00f3n, los carbohidratos com\u00fanmente son asociados con el aumento de peso y la dificultad para perderlo, ocasionando la creaci\u00f3n de mitos en torno a su consumo.\",\"breadcrumb\":{\"@id\":\"https:\/\/www.cetys.mx\/educon\/carbohidratos-y-alimentacion-deberias-eliminarlos\/#breadcrumb\"},\"inLanguage\":\"es\",\"potentialAction\":[{\"@type\":\"ReadAction\",\"target\":[\"https:\/\/www.cetys.mx\/educon\/carbohidratos-y-alimentacion-deberias-eliminarlos\/\"]}]},{\"@type\":\"BreadcrumbList\",\"@id\":\"https:\/\/www.cetys.mx\/educon\/carbohidratos-y-alimentacion-deberias-eliminarlos\/#breadcrumb\",\"itemListElement\":[{\"@type\":\"ListItem\",\"position\":1,\"name\":\"Home\",\"item\":\"https:\/\/www.cetys.mx\/educon\/\"},{\"@type\":\"ListItem\",\"position\":2,\"name\":\"Carbohidratos y alimentaci\u00f3n: \u00bfDeber\u00edas eliminarlos?\"}]},{\"@type\":\"WebSite\",\"@id\":\"https:\/\/www.cetys.mx\/educon\/#website\",\"url\":\"https:\/\/www.cetys.mx\/educon\/\",\"name\":\"CETYS Educaci\u00f3n Continua\",\"description\":\"\",\"potentialAction\":[{\"@type\":\"SearchAction\",\"target\":{\"@type\":\"EntryPoint\",\"urlTemplate\":\"https:\/\/www.cetys.mx\/educon\/?s={search_term_string}\"},\"query-input\":\"required name=search_term_string\"}],\"inLanguage\":\"es\"},{\"@type\":\"Person\",\"@id\":\"https:\/\/www.cetys.mx\/educon\/#\/schema\/person\/bab052cbfde2c12e18f3cc3fd3fa1f6b\",\"name\":\"CETYS Educaci\u00f3n Continua\",\"sameAs\":[\"https:\/\/www.cetys.mx\/educon\"],\"url\":\"https:\/\/www.cetys.mx\/educon\/author\/admin\/\"}]}<\/script>\n<!-- \/ Yoast SEO plugin. -->","yoast_head_json":{"title":"Carbohidratos y alimentaci\u00f3n: \u00bfDeber\u00edas eliminarlos? - CETYS Educaci\u00f3n Continua","description":"Pese a su vital funci\u00f3n, los carbohidratos com\u00fanmente son asociados con el aumento de peso y la dificultad para perderlo, ocasionando la creaci\u00f3n de mitos en torno a su consumo.","robots":{"index":"index","follow":"follow","max-snippet":"max-snippet:-1","max-image-preview":"max-image-preview:large","max-video-preview":"max-video-preview:-1"},"canonical":"https:\/\/www.cetys.mx\/educon\/carbohidratos-y-alimentacion-deberias-eliminarlos\/","og_locale":"es_MX","og_type":"article","og_title":"Carbohidratos y alimentaci\u00f3n: \u00bfDeber\u00edas eliminarlos? - CETYS Educaci\u00f3n Continua","og_description":"Pese a su vital funci\u00f3n, los carbohidratos com\u00fanmente son asociados con el aumento de peso y la dificultad para perderlo, ocasionando la creaci\u00f3n de mitos en torno a su consumo.","og_url":"https:\/\/www.cetys.mx\/educon\/carbohidratos-y-alimentacion-deberias-eliminarlos\/","og_site_name":"CETYS Educaci\u00f3n Continua","article_published_time":"2021-04-30T03:46:09+00:00","article_modified_time":"2021-05-09T15:04:50+00:00","og_image":[{"width":958,"height":637,"url":"https:\/\/www.cetys.mx\/educon\/wp-content\/uploads\/2021\/04\/Carbohidratos.jpg","type":"image\/jpeg"}],"author":"CETYS Educaci\u00f3n Continua","twitter_card":"summary_large_image","twitter_misc":{"Escrito por":"CETYS Educaci\u00f3n Continua","Tiempo de lectura":"2 minutos"},"schema":{"@context":"https:\/\/schema.org","@graph":[{"@type":"WebPage","@id":"https:\/\/www.cetys.mx\/educon\/carbohidratos-y-alimentacion-deberias-eliminarlos\/","url":"https:\/\/www.cetys.mx\/educon\/carbohidratos-y-alimentacion-deberias-eliminarlos\/","name":"Carbohidratos y alimentaci\u00f3n: \u00bfDeber\u00edas eliminarlos? - CETYS Educaci\u00f3n Continua","isPartOf":{"@id":"https:\/\/www.cetys.mx\/educon\/#website"},"datePublished":"2021-04-30T03:46:09+00:00","dateModified":"2021-05-09T15:04:50+00:00","author":{"@id":"https:\/\/www.cetys.mx\/educon\/#\/schema\/person\/bab052cbfde2c12e18f3cc3fd3fa1f6b"},"description":"Pese a su vital funci\u00f3n, los carbohidratos com\u00fanmente son asociados con el aumento de peso y la dificultad para perderlo, ocasionando la creaci\u00f3n de mitos en torno a su consumo.","breadcrumb":{"@id":"https:\/\/www.cetys.mx\/educon\/carbohidratos-y-alimentacion-deberias-eliminarlos\/#breadcrumb"},"inLanguage":"es","potentialAction":[{"@type":"ReadAction","target":["https:\/\/www.cetys.mx\/educon\/carbohidratos-y-alimentacion-deberias-eliminarlos\/"]}]},{"@type":"BreadcrumbList","@id":"https:\/\/www.cetys.mx\/educon\/carbohidratos-y-alimentacion-deberias-eliminarlos\/#breadcrumb","itemListElement":[{"@type":"ListItem","position":1,"name":"Home","item":"https:\/\/www.cetys.mx\/educon\/"},{"@type":"ListItem","position":2,"name":"Carbohidratos y alimentaci\u00f3n: \u00bfDeber\u00edas eliminarlos?"}]},{"@type":"WebSite","@id":"https:\/\/www.cetys.mx\/educon\/#website","url":"https:\/\/www.cetys.mx\/educon\/","name":"CETYS Educaci\u00f3n Continua","description":"","potentialAction":[{"@type":"SearchAction","target":{"@type":"EntryPoint","urlTemplate":"https:\/\/www.cetys.mx\/educon\/?s={search_term_string}"},"query-input":"required name=search_term_string"}],"inLanguage":"es"},{"@type":"Person","@id":"https:\/\/www.cetys.mx\/educon\/#\/schema\/person\/bab052cbfde2c12e18f3cc3fd3fa1f6b","name":"CETYS Educaci\u00f3n Continua","sameAs":["https:\/\/www.cetys.mx\/educon"],"url":"https:\/\/www.cetys.mx\/educon\/author\/admin\/"}]}},"_links":{"self":[{"href":"https:\/\/www.cetys.mx\/educon\/wp-json\/wp\/v2\/posts\/4205","targetHints":{"allow":["GET"]}}],"collection":[{"href":"https:\/\/www.cetys.mx\/educon\/wp-json\/wp\/v2\/posts"}],"about":[{"href":"https:\/\/www.cetys.mx\/educon\/wp-json\/wp\/v2\/types\/post"}],"author":[{"embeddable":true,"href":"https:\/\/www.cetys.mx\/educon\/wp-json\/wp\/v2\/users\/1"}],"replies":[{"embeddable":true,"href":"https:\/\/www.cetys.mx\/educon\/wp-json\/wp\/v2\/comments?post=4205"}],"version-history":[{"count":2,"href":"https:\/\/www.cetys.mx\/educon\/wp-json\/wp\/v2\/posts\/4205\/revisions"}],"predecessor-version":[{"id":4598,"href":"https:\/\/www.cetys.mx\/educon\/wp-json\/wp\/v2\/posts\/4205\/revisions\/4598"}],"wp:featuredmedia":[{"embeddable":true,"href":"https:\/\/www.cetys.mx\/educon\/wp-json\/wp\/v2\/media\/4206"}],"wp:attachment":[{"href":"https:\/\/www.cetys.mx\/educon\/wp-json\/wp\/v2\/media?parent=4205"}],"wp:term":[{"taxonomy":"category","embeddable":true,"href":"https:\/\/www.cetys.mx\/educon\/wp-json\/wp\/v2\/categories?post=4205"},{"taxonomy":"post_tag","embeddable":true,"href":"https:\/\/www.cetys.mx\/educon\/wp-json\/wp\/v2\/tags?post=4205"},{"taxonomy":"categoria_programa","embeddable":true,"href":"https:\/\/www.cetys.mx\/educon\/wp-json\/wp\/v2\/categoria_programa?post=4205"}],"curies":[{"name":"wp","href":"https:\/\/api.w.org\/{rel}","templated":true}]}}