{"id":4115,"date":"2021-04-26T09:00:00","date_gmt":"2021-04-26T16:00:00","guid":{"rendered":"https:\/\/www.cetys.mx\/educon\/?p=4115"},"modified":"2022-08-02T15:40:09","modified_gmt":"2022-08-02T22:40:09","slug":"la-depresion-en-los-adolescentes","status":"publish","type":"post","link":"https:\/\/www.cetys.mx\/educon\/la-depresion-en-los-adolescentes\/","title":{"rendered":"La depresi\u00f3n en los adolescentes"},"content":{"rendered":"\n<p>La depresi\u00f3n en los adolescentes es una afecci\u00f3n medica compleja. Cuando hablamos de la depresi\u00f3n, no nos estamos refiriendo meramente a una tristeza fugaz y temporal; sino de sentimientos que se entorpecen y llevan a la desesperanza haci\u00e9ndonos ingresar en un pozo dif\u00edcil de salir.<\/p>\n\n\n\n<p>Cuando esta sensaci\u00f3n te lleva al desamparo dej\u00e1ndote al borde del precipicio, se torna dificultoso llevar una vida normal. La depresi\u00f3n, no solamente desmorona tu vida interna, sino que todo los que ata\u00f1e a tu alrededor se desmorona. En ese momento, la relaci\u00f3n con los amigos empieza a fluctuar, tus d\u00edas de estudios se vuelven tortuosos y poder afrontar el d\u00eda a d\u00eda se vuelve casi imposible.<\/p>\n\n\n\n<p><strong>\u00bfCu\u00e1les son los motivos que generan la depresi\u00f3n adolescente?<\/strong><\/p>\n\n\n\n<p>Si bien no hay una causa o factor que sea el desencadenante de esta patolog\u00eda, existen algunas aristas que pueden ayudar a provocarlo:<\/p>\n\n\n\n<ul class=\"wp-block-list\"><li><strong>Hormonas:<\/strong> sabemos que la adolescencia conlleva un per\u00edodo de grandes cambios, entre ellos se encuentran los hormonales. Esta revoluci\u00f3n que vive el cuerpo puede ayudar a caer en un estado de confusi\u00f3n.<\/li><li><strong>Gen\u00e9tica:<\/strong> en las familias, pueden darse por una predisposici\u00f3n gen\u00e9tica.<\/li><li><strong>Traumas de la ni\u00f1ez:<\/strong> es normal que muchas implicancias que tengan que ver con nuestra psicolog\u00eda la carguemos como una mochila de piedras durante a\u00f1os en nuestros hombros. Algunas intimidaciones vividas, acosos, abusos podr\u00edan ser causantes de depresiones en la adolescencia.<\/li><\/ul>\n\n\n\n<div style=\"height:30px\" aria-hidden=\"true\" class=\"wp-block-spacer\"><\/div>\n\n\n\n<p><strong>\u00bfExiste alguna forma de anticipar que adolescente est\u00e1 en riesgo de padecer depresi\u00f3n?<\/strong><\/p>\n\n\n\n<p>La depresi\u00f3n es una patolog\u00eda que aparece ya sea en la adolescencia, como en el inicio de la vida adulta. De hecho, es una enfermedad que puede aparecer en cualquier momento de nuestras vidas. Puntualmente en los adolescentes, existen algunas caracter\u00edsticas que pueden despertarnos algunas alarmas.<\/p>\n\n\n\n<ul class=\"wp-block-list\"><li>Si padece afecciones de salud mental: ansiedad, trastornos de la alimentaci\u00f3n o bien en los casos de adicciones<\/li><li>En los casos de padecer enfermedades graves como c\u00e1ncer, diabetes o enfermedades cerebrovasculares<\/li><li>Su familia ha padecido conflictos entre sus integrantes durante mucho tiempo<\/li><li>Familiares que haya sufrido enfermedades de caracter\u00edsticas mentales<\/li><li>Lo viene acompa\u00f1ando alg\u00fan tipo de trauma desde la infancia<\/li><li>Tiene problemas con sus compa\u00f1eros de colegio<\/li><\/ul>\n\n\n\n<div style=\"height:30px\" aria-hidden=\"true\" class=\"wp-block-spacer\"><\/div>\n\n\n\n<p><strong>\u00bfQu\u00e9 s\u00edntomas puedo encontrar en las depresiones adolescentes?<\/strong><\/p>\n\n\n\n<p>Cuando creemos que un adolescente esta pasando por un cuadro depresivo, hay algunos s\u00edntomas que podr\u00edan manifestarse: La tristeza, el desamparo, sentirse enfadado, frustrado, desesperanzado y sin motivaciones.<\/p>\n\n\n\n<p><strong>\u00bfC\u00f3mo se diagnostica un estado de depresi\u00f3n adolescente?<\/strong><\/p>\n\n\n\n<p>Primero es necesario que el adolescente pueda identificar que podr\u00eda estar atravesando por un estado depresivo. Luego, es importante que pueda hablar sobre el tema con alguien que le brinde la confianza necesaria y lo pueda ayudar.<\/p>\n\n\n\n<p>Lo importante es acudir a un especialista que, como primera medida, realizar\u00e1 un examen f\u00edsico para descartar un problema de salud que este siendo el motor de la depresi\u00f3n. Confirmando que el estado de salud f\u00edsico sea \u00f3ptimo, se proceder\u00e1 a la interconsulta con un asesor de la salud mental.<\/p>\n\n\n\n<p><strong>\u00bfCu\u00e1les son los tratamientos que podr\u00edan seguirse para contrarrestar la depresi\u00f3n de los adolescentes?<\/strong><\/p>\n\n\n\n<p>Los tratamientos que se suelen utilizar para tratar la depresi\u00f3n en la adolescencia podr\u00edan incluir terapias de conversaci\u00f3n, psicoterapias y medicamentos o sesiones con psic\u00f3logos.<\/p>\n\n\n\n<p>Sin embargo, existen casos en donde los estados depresivos son de mucha severidad y el tratamiento debe ser m\u00e1s estricto.<\/p>\n\n\n\n<p>Los adolescentes con depresiones severas, sueles intentar da\u00f1arse, en este caso es necesario que un tratamiento intensivo en donde se considere la internaci\u00f3n en alg\u00fan nosocomio de forma temporal.<\/p>\n\n\n\n<p>Las patolog\u00edas mentales son afecciones que afectan cada vez m\u00e1s en el d\u00eda a d\u00eda de los adolescentes. En\u00a0<strong><a href=\"https:\/\/www.cetys.mx\/educon\/programas-de-estudio-mexicali\/\">CETYS Educaci\u00f3n Continua<\/a><\/strong>\u00a0te brindaremos las herramientas necesarias, mediante nuestro <strong><a href=\"https:\/\/www.cetys.mx\/educon\/programas\/diplomado-en-inteligencia-emocional-para-adolescentes\/\">Diplomado en Inteligencia Emocional para Adolescentes<\/a><\/strong> para que puedas desempe\u00f1arte exitosamente asistiendo a adolescentes con estas problem\u00e1ticas.<\/p>\n","protected":false},"excerpt":{"rendered":"<p>Cuando hablamos de la depresi\u00f3n, no nos estamos refiriendo meramente a una tristeza fugaz y temporal; sino de sentimientos que se entorpecen y llevan a la desesperanza haci\u00e9ndonos ingresar en un pozo dif\u00edcil de salir.<\/p>\n","protected":false},"author":1,"featured_media":4127,"comment_status":"open","ping_status":"open","sticky":false,"template":"","format":"standard","meta":{"footnotes":""},"categories":[22,32],"tags":[34],"categoria_programa":[51],"class_list":["post-4115","post","type-post","status-publish","format-standard","has-post-thumbnail","hentry","category-articulos","category-psicologia-y-desarrollo-humano","tag-mexicali","categoria_programa-psicologia-y-desarrollo-humano"],"acf":[],"yoast_head":"<!-- This site is optimized with the Yoast SEO plugin v20.9 - https:\/\/yoast.com\/wordpress\/plugins\/seo\/ -->\n<title>La depresi\u00f3n en los adolescentes - CETYS Educaci\u00f3n Continua<\/title>\n<meta name=\"description\" content=\"Cuando hablamos de la depresi\u00f3n, no nos estamos refiriendo meramente a una tristeza fugaz y temporal; sino de sentimientos que se entorpecen y llevan a la desesperanza haci\u00e9ndonos ingresar en un pozo dif\u00edcil de salir.\" \/>\n<meta name=\"robots\" content=\"index, follow, max-snippet:-1, max-image-preview:large, max-video-preview:-1\" \/>\n<link rel=\"canonical\" href=\"https:\/\/www.cetys.mx\/educon\/la-depresion-en-los-adolescentes\/\" \/>\n<meta property=\"og:locale\" content=\"es_MX\" \/>\n<meta property=\"og:type\" content=\"article\" \/>\n<meta property=\"og:title\" content=\"La depresi\u00f3n en los adolescentes - CETYS Educaci\u00f3n Continua\" \/>\n<meta property=\"og:description\" content=\"Cuando hablamos de la depresi\u00f3n, no nos estamos refiriendo meramente a una tristeza fugaz y temporal; sino de sentimientos que se entorpecen y llevan a la desesperanza haci\u00e9ndonos ingresar en un pozo dif\u00edcil de salir.\" \/>\n<meta property=\"og:url\" content=\"https:\/\/www.cetys.mx\/educon\/la-depresion-en-los-adolescentes\/\" \/>\n<meta property=\"og:site_name\" content=\"CETYS Educaci\u00f3n Continua\" \/>\n<meta property=\"article:published_time\" content=\"2021-04-26T16:00:00+00:00\" \/>\n<meta property=\"article:modified_time\" content=\"2022-08-02T22:40:09+00:00\" \/>\n<meta property=\"og:image\" content=\"https:\/\/www.cetys.mx\/educon\/wp-content\/uploads\/2021\/04\/teenage-depression-therapy-hamilton-burlington-online-depression-therapy.jpg\" \/>\n\t<meta property=\"og:image:width\" content=\"1000\" \/>\n\t<meta property=\"og:image:height\" content=\"581\" \/>\n\t<meta property=\"og:image:type\" content=\"image\/jpeg\" \/>\n<meta name=\"author\" content=\"CETYS Educaci\u00f3n Continua\" \/>\n<meta name=\"twitter:card\" content=\"summary_large_image\" \/>\n<meta name=\"twitter:label1\" content=\"Escrito por\" \/>\n\t<meta name=\"twitter:data1\" content=\"CETYS Educaci\u00f3n Continua\" \/>\n\t<meta name=\"twitter:label2\" content=\"Tiempo de lectura\" \/>\n\t<meta name=\"twitter:data2\" content=\"3 minutos\" \/>\n<script type=\"application\/ld+json\" class=\"yoast-schema-graph\">{\"@context\":\"https:\/\/schema.org\",\"@graph\":[{\"@type\":\"WebPage\",\"@id\":\"https:\/\/www.cetys.mx\/educon\/la-depresion-en-los-adolescentes\/\",\"url\":\"https:\/\/www.cetys.mx\/educon\/la-depresion-en-los-adolescentes\/\",\"name\":\"La depresi\u00f3n en los adolescentes - CETYS Educaci\u00f3n Continua\",\"isPartOf\":{\"@id\":\"https:\/\/www.cetys.mx\/educon\/#website\"},\"datePublished\":\"2021-04-26T16:00:00+00:00\",\"dateModified\":\"2022-08-02T22:40:09+00:00\",\"author\":{\"@id\":\"https:\/\/www.cetys.mx\/educon\/#\/schema\/person\/bab052cbfde2c12e18f3cc3fd3fa1f6b\"},\"description\":\"Cuando hablamos de la depresi\u00f3n, no nos estamos refiriendo meramente a una tristeza fugaz y temporal; sino de sentimientos que se entorpecen y llevan a la desesperanza haci\u00e9ndonos ingresar en un pozo dif\u00edcil de salir.\",\"breadcrumb\":{\"@id\":\"https:\/\/www.cetys.mx\/educon\/la-depresion-en-los-adolescentes\/#breadcrumb\"},\"inLanguage\":\"es\",\"potentialAction\":[{\"@type\":\"ReadAction\",\"target\":[\"https:\/\/www.cetys.mx\/educon\/la-depresion-en-los-adolescentes\/\"]}]},{\"@type\":\"BreadcrumbList\",\"@id\":\"https:\/\/www.cetys.mx\/educon\/la-depresion-en-los-adolescentes\/#breadcrumb\",\"itemListElement\":[{\"@type\":\"ListItem\",\"position\":1,\"name\":\"Home\",\"item\":\"https:\/\/www.cetys.mx\/educon\/\"},{\"@type\":\"ListItem\",\"position\":2,\"name\":\"La depresi\u00f3n en los adolescentes\"}]},{\"@type\":\"WebSite\",\"@id\":\"https:\/\/www.cetys.mx\/educon\/#website\",\"url\":\"https:\/\/www.cetys.mx\/educon\/\",\"name\":\"CETYS Educaci\u00f3n Continua\",\"description\":\"\",\"potentialAction\":[{\"@type\":\"SearchAction\",\"target\":{\"@type\":\"EntryPoint\",\"urlTemplate\":\"https:\/\/www.cetys.mx\/educon\/?s={search_term_string}\"},\"query-input\":\"required name=search_term_string\"}],\"inLanguage\":\"es\"},{\"@type\":\"Person\",\"@id\":\"https:\/\/www.cetys.mx\/educon\/#\/schema\/person\/bab052cbfde2c12e18f3cc3fd3fa1f6b\",\"name\":\"CETYS Educaci\u00f3n Continua\",\"sameAs\":[\"https:\/\/www.cetys.mx\/educon\"],\"url\":\"https:\/\/www.cetys.mx\/educon\/author\/admin\/\"}]}<\/script>\n<!-- \/ Yoast SEO plugin. -->","yoast_head_json":{"title":"La depresi\u00f3n en los adolescentes - CETYS Educaci\u00f3n Continua","description":"Cuando hablamos de la depresi\u00f3n, no nos estamos refiriendo meramente a una tristeza fugaz y temporal; sino de sentimientos que se entorpecen y llevan a la desesperanza haci\u00e9ndonos ingresar en un pozo dif\u00edcil de salir.","robots":{"index":"index","follow":"follow","max-snippet":"max-snippet:-1","max-image-preview":"max-image-preview:large","max-video-preview":"max-video-preview:-1"},"canonical":"https:\/\/www.cetys.mx\/educon\/la-depresion-en-los-adolescentes\/","og_locale":"es_MX","og_type":"article","og_title":"La depresi\u00f3n en los adolescentes - CETYS Educaci\u00f3n Continua","og_description":"Cuando hablamos de la depresi\u00f3n, no nos estamos refiriendo meramente a una tristeza fugaz y temporal; sino de sentimientos que se entorpecen y llevan a la desesperanza haci\u00e9ndonos ingresar en un pozo dif\u00edcil de salir.","og_url":"https:\/\/www.cetys.mx\/educon\/la-depresion-en-los-adolescentes\/","og_site_name":"CETYS Educaci\u00f3n Continua","article_published_time":"2021-04-26T16:00:00+00:00","article_modified_time":"2022-08-02T22:40:09+00:00","og_image":[{"width":1000,"height":581,"url":"https:\/\/www.cetys.mx\/educon\/wp-content\/uploads\/2021\/04\/teenage-depression-therapy-hamilton-burlington-online-depression-therapy.jpg","type":"image\/jpeg"}],"author":"CETYS Educaci\u00f3n Continua","twitter_card":"summary_large_image","twitter_misc":{"Escrito por":"CETYS Educaci\u00f3n Continua","Tiempo de lectura":"3 minutos"},"schema":{"@context":"https:\/\/schema.org","@graph":[{"@type":"WebPage","@id":"https:\/\/www.cetys.mx\/educon\/la-depresion-en-los-adolescentes\/","url":"https:\/\/www.cetys.mx\/educon\/la-depresion-en-los-adolescentes\/","name":"La depresi\u00f3n en los adolescentes - CETYS Educaci\u00f3n Continua","isPartOf":{"@id":"https:\/\/www.cetys.mx\/educon\/#website"},"datePublished":"2021-04-26T16:00:00+00:00","dateModified":"2022-08-02T22:40:09+00:00","author":{"@id":"https:\/\/www.cetys.mx\/educon\/#\/schema\/person\/bab052cbfde2c12e18f3cc3fd3fa1f6b"},"description":"Cuando hablamos de la depresi\u00f3n, no nos estamos refiriendo meramente a una tristeza fugaz y temporal; sino de sentimientos que se entorpecen y llevan a la desesperanza haci\u00e9ndonos ingresar en un pozo dif\u00edcil de salir.","breadcrumb":{"@id":"https:\/\/www.cetys.mx\/educon\/la-depresion-en-los-adolescentes\/#breadcrumb"},"inLanguage":"es","potentialAction":[{"@type":"ReadAction","target":["https:\/\/www.cetys.mx\/educon\/la-depresion-en-los-adolescentes\/"]}]},{"@type":"BreadcrumbList","@id":"https:\/\/www.cetys.mx\/educon\/la-depresion-en-los-adolescentes\/#breadcrumb","itemListElement":[{"@type":"ListItem","position":1,"name":"Home","item":"https:\/\/www.cetys.mx\/educon\/"},{"@type":"ListItem","position":2,"name":"La depresi\u00f3n en los adolescentes"}]},{"@type":"WebSite","@id":"https:\/\/www.cetys.mx\/educon\/#website","url":"https:\/\/www.cetys.mx\/educon\/","name":"CETYS Educaci\u00f3n Continua","description":"","potentialAction":[{"@type":"SearchAction","target":{"@type":"EntryPoint","urlTemplate":"https:\/\/www.cetys.mx\/educon\/?s={search_term_string}"},"query-input":"required name=search_term_string"}],"inLanguage":"es"},{"@type":"Person","@id":"https:\/\/www.cetys.mx\/educon\/#\/schema\/person\/bab052cbfde2c12e18f3cc3fd3fa1f6b","name":"CETYS Educaci\u00f3n Continua","sameAs":["https:\/\/www.cetys.mx\/educon"],"url":"https:\/\/www.cetys.mx\/educon\/author\/admin\/"}]}},"_links":{"self":[{"href":"https:\/\/www.cetys.mx\/educon\/wp-json\/wp\/v2\/posts\/4115","targetHints":{"allow":["GET"]}}],"collection":[{"href":"https:\/\/www.cetys.mx\/educon\/wp-json\/wp\/v2\/posts"}],"about":[{"href":"https:\/\/www.cetys.mx\/educon\/wp-json\/wp\/v2\/types\/post"}],"author":[{"embeddable":true,"href":"https:\/\/www.cetys.mx\/educon\/wp-json\/wp\/v2\/users\/1"}],"replies":[{"embeddable":true,"href":"https:\/\/www.cetys.mx\/educon\/wp-json\/wp\/v2\/comments?post=4115"}],"version-history":[{"count":5,"href":"https:\/\/www.cetys.mx\/educon\/wp-json\/wp\/v2\/posts\/4115\/revisions"}],"predecessor-version":[{"id":5605,"href":"https:\/\/www.cetys.mx\/educon\/wp-json\/wp\/v2\/posts\/4115\/revisions\/5605"}],"wp:featuredmedia":[{"embeddable":true,"href":"https:\/\/www.cetys.mx\/educon\/wp-json\/wp\/v2\/media\/4127"}],"wp:attachment":[{"href":"https:\/\/www.cetys.mx\/educon\/wp-json\/wp\/v2\/media?parent=4115"}],"wp:term":[{"taxonomy":"category","embeddable":true,"href":"https:\/\/www.cetys.mx\/educon\/wp-json\/wp\/v2\/categories?post=4115"},{"taxonomy":"post_tag","embeddable":true,"href":"https:\/\/www.cetys.mx\/educon\/wp-json\/wp\/v2\/tags?post=4115"},{"taxonomy":"categoria_programa","embeddable":true,"href":"https:\/\/www.cetys.mx\/educon\/wp-json\/wp\/v2\/categoria_programa?post=4115"}],"curies":[{"name":"wp","href":"https:\/\/api.w.org\/{rel}","templated":true}]}}